{"id":77471,"date":"2013-12-23T15:20:55","date_gmt":"2013-12-23T14:20:55","guid":{"rendered":"http:\/\/www.visit-ulcinj.com\/blog\/?p=77471"},"modified":"2013-12-23T15:23:49","modified_gmt":"2013-12-23T14:23:49","slug":"opstina-ulcinj-javni-oglas","status":"publish","type":"post","link":"https:\/\/www.visit-ulcinj.com\/blog\/2013\/12\/23\/opstina-ulcinj-javni-oglas\/","title":{"rendered":"Op\u0161tina Ulcinj &#8211; Javni Oglas"},"content":{"rendered":"<p><a href=\"http:\/\/www.visit-ulcinj.com\/blog\/wp-content\/uploads\/2013\/12\/Adriatic-Welfare-Mix-Ulcinj-Ulqin-Montenegro.jpg\"><img loading=\"lazy\" class=\"alignleft size-full wp-image-77459\" alt=\"Adriatic Welfare Mix - Ulcinj-Ulqin -Montenegro\" src=\"http:\/\/www.visit-ulcinj.com\/blog\/wp-content\/uploads\/2013\/12\/Adriatic-Welfare-Mix-Ulcinj-Ulqin-Montenegro.jpg\" width=\"508\" height=\"142\" srcset=\"https:\/\/www.visit-ulcinj.com\/blog\/wp-content\/uploads\/2013\/12\/Adriatic-Welfare-Mix-Ulcinj-Ulqin-Montenegro.jpg 508w, https:\/\/www.visit-ulcinj.com\/blog\/wp-content\/uploads\/2013\/12\/Adriatic-Welfare-Mix-Ulcinj-Ulqin-Montenegro-300x83.jpg 300w\" sizes=\"(max-width: 508px) 100vw, 508px\" \/><\/a><a href=\"http:\/\/www.visit-ulcinj.com\/blog\/wp-content\/uploads\/2012\/08\/komuna-ulqinit.png\"><img loading=\"lazy\" class=\"alignleft size-full wp-image-62982\" alt=\"komuna ulqinit\" src=\"http:\/\/www.visit-ulcinj.com\/blog\/wp-content\/uploads\/2012\/08\/komuna-ulqinit.png\" width=\"132\" height=\"157\" \/><\/a>CRNA GORA<br \/>\nMALI I ZI<br \/>\nOP\u0160TINA ULCINJ<br \/>\nKOMUNA E ULQINIT<br \/>\nSekretarijat za privredu i ekonomski razvoj<br \/>\nSekretariati p\u00ebr ekonomi dhe zhvillim ekonomik<br \/>\nUlcinj, 19.12.2013 godine<\/p>\n<p style=\"text-align: center;\"><strong>J A V N I\u00a0 O G L A S<\/strong><\/p>\n<p style=\"text-align: left;\"><strong>(Eksterni saradnik za Adriatic Welfare Mix projekat)<\/strong><br \/>\n<strong> Op\u0161tina Ulcinj, kao korisnik projekta &#8221;Developing and Integrating the Welfare System toward a Welfare Mix System Locally Managed in the Adriatic Area \u2013 ADRIATIC WELFARE MIX (2\u00b0ord.\/0225\/0)&#8221;, koji finansira Evropska unija preko IPA Adriatic fonda, poziva zainteresovane<\/strong><\/p>\n<p style=\"text-align: left;\">kandidate da se prijave za sljede\u0107u radnu poziciju:<br \/>\n&#8211; Eksterni saradnik (ekspert) za Adriatic Welfare Mix projekat 1 izvr\u0161itelj<\/p>\n<p style=\"text-align: left;\">\n<strong>Trajanje anga\u017eovanja: 12 mjeseci sa nepunim radnim vremenom<\/strong><br \/>\nSocijalni sistem je jedna od osnovnih razlika me\u0111u zemljama \u010dlanicama Europske unije i onima na podru\u010dju Jadrana koje to nisu. Model kombinovanih socijalnih politika i programa (tzv. Welfare Mix model) je osnovni model EU zemalja, za razliku od modela dr\u017eavnog socijalnog sistema (tzv. Welfare State), koji je svojstven ne EU zemljama. Glavna na\u010dela Welfare Mix sistema je prebacivanje uloga i funkcija na ni\u017ee institucionalne nivoe, prepoznavanje vrijednosti i uloge porodice kao pru\u017eaoca pomo\u0107i, stvaranje regulatornih mehanizama promovisanja konkurentnosti i tzv. 3D \u2013 deinstitucionalizacija, diverzifikacija i decentralizacija. Adriatic Welfare Mix je usmjeren na promjeni okvira politika, radu na stvarnoj decentralizaciji sistema socijalne pomo\u0107i prema WM modelu, razvoju inovativnih modela socijalnog preduzetni\u0161tva, podr\u0161ci kvalitetnih programa tranzicije mladih iz obrazovanja u svijet rada i pove\u0107anju njihove uklju\u010denosti u dru\u0161tvo i ekonomiju.<\/p>\n<p style=\"text-align: left;\">\nCiljevi projekta su stvoriti prikladan i inovativan regulatorni okvir za lokalni sistem socijalne pomo\u0107i, pove\u0107ati u\u010dinkovitost socijalnih usluga kroz privatno-javno partnerstvo i ve\u0107u uklju\u010denost privatnih pru\u017eatelja usluga (profitnih i neprofitnih), pokrenuti i podr\u017eati socijalne<br \/>\nbiznise kroz uspostavu 2-3 socijalna preduze\u0107a u Tirani i ponudu profesionalne obuke s posebnim naglaskom na mlade u nepovoljnom polo\u017eaju (siroma\u0161ni, mladi koji su isklju\u010deni iz sistema, \u017ertve trgovine ljudima, mladi s kriminalnim i delikventskim dosjeom, itd.) i uspostaviti Jadranski dru\u0161tveni\/socijalni opservatorijum koji \u0107e djelovati zajedno s dr\u017eavnim tijelima u unapre\u0111enju analize i izgradnje socijalnih politika.<\/p>\n<p style=\"text-align: left;\"><strong>O\u010dekivani rezultati su:<\/strong><br \/>\n\u2022 pobolj\u0161ana saradnja jadranskih teritorija na odr\u017eivom razvoju regije;<br \/>\n\u2022 uklju\u010denje svih bitnih stakeholder-a;<br \/>\n\u2022 unapre\u0111enje politika sistema socijalne pomo\u0107i;<br \/>\n\u2022 ostvaren model agencije za pru\u017eanje socijalne pomo\u0107i;<br \/>\n\u2022 izgradnja kapaciteta lokalnih uprava;<br \/>\n\u2022 izgra\u0111en model socijalnog preduze\u0107a kojim \u0107e upravljati mladi u nepovoljnom polo\u017eaju;<br \/>\n\u2022 izgradnja kapaciteta privatnog sektora prema participativnoj kulturi i praksi;<br \/>\n\u2022 izgradnja lokalno specifi\u010dnih modela rje\u0161avanja socijalnih pitanja kroz me\u0111usektorsku saradnju;<br \/>\nOpis posla:<br \/>\nUpravljanje projektom ADRIATIC WELFARE MIX<br \/>\na) Implementacija projektnih aktivnosti saglasno ulozi Op\u0161tina Ulcinj koja je definisana u projektnoj aplikaciji (Application Form);<br \/>\nb) Sprovo\u0111enje tenderskih procedura saglasno PRAG-u;<br \/>\nc) Pripremanje narativnih i finansijskih izvje\u0161taja i komunikacija sa Kancelarijom prvog nivoa kontrole;<br \/>\nd) U\u010destvovanje na sastancima Upravnog odbora i drugim sastancima projekta;<br \/>\ne) Sprovo\u0111enje ostalih procedura koje implementacija EU projekta podrazumijeva;<\/p>\n<p style=\"text-align: left;\"><strong>Kandidat je du\u017ean da ispuni sljede\u0107e uslove:<\/strong><br \/>\n&#8211; Visoka stru\u010dna sprema ili najmanje 3 godine radnog iskustva u oblasti socijalne problematike (posebno u dijelu zapo\u0161ljavanja);<br \/>\n&#8211; Najmanje 2 godine iskustva u upravljanju EU projektima (posebno projekata iz IPA Adriatic fonda);<br \/>\n&#8211; Dobro poznavanje rada na ra\u010dunaru (osnovni MS Office, e-mail i internet);<br \/>\n&#8211; Aktivno znanje Engleskog jezika (napredni pisani i konverzacijski nivo);<br \/>\n&#8211; Znanje Albanskog i Italijanskog jezika je prednost.<\/p>\n<p style=\"text-align: left;\"><strong>Uz prijavu na konkurs kandidati su du\u017eni da dostave:<\/strong><br \/>\n&#8211; CV i prate\u0107e pismo;<br \/>\n&#8211; Ovjerenu fotokopiju diplome ili ovjerenu fotokopiju radne knji\u017eice;<br \/>\n&#8211; Ostalu dokumentaciju koja dokazuje ispunjavanje uslova.<br \/>\nZadnji rok za dostavljanje prijava je ponedjeljak, 30. decembar 2013. godine. Prijave se mogu dostaviti u elektronskoj formi, li\u010dno ili putem po\u0161te na adresu:<\/p>\n<p style=\"text-align: left;\"><strong>Op\u0161tina Ulcinj<\/strong><br \/>\nSekretarijat za privredu i ekonomski razvoj<br \/>\nKancelarija za medjunarodnu saradnju i projekte<br \/>\nBul. Gjergj Kastrioti Skenderbeg bb<br \/>\n85360 Ulcinj, Crna Gora<br \/>\nili:<br \/>\n<strong>E-mail: <a href=\"mailto: arsllan.hajdinaga@ul-gov.me\">arsllan.hajdinaga@ul-gov.me<\/a><\/strong><br \/>\n<strong>Samo kandidati koji pro\u0111u prvi krug ocijenivanja, bi\u0107e pozvani na intervju!<\/strong><\/p>\n","protected":false},"excerpt":{"rendered":"<p>CRNA GORA MALI I ZI OP\u0160TINA ULCINJ KOMUNA E ULQINIT Sekretarijat za privredu i ekonomski razvoj Sekretariati p\u00ebr ekonomi dhe zhvillim ekonomik Ulcinj, 19.12.2013 godine J A V N I\u00a0 O G L A S (Eksterni saradnik za Adriatic Welfare Mix projekat) Op\u0161tina Ulcinj, kao korisnik projekta &#8221;Developing and Integrating the Welfare System toward a [&hellip;]<\/p>\n","protected":false},"author":1,"featured_media":0,"comment_status":"closed","ping_status":"closed","sticky":false,"template":"","format":"standard","meta":{"spay_email":"","jetpack_publicize_message":"","jetpack_is_tweetstorm":false,"jetpack_publicize_feature_enabled":true},"categories":[8337],"tags":[],"jetpack_publicize_connections":[],"yoast_head":"<!-- This site is optimized with the Yoast SEO plugin v19.1 - https:\/\/yoast.com\/wordpress\/plugins\/seo\/ -->\n<title>Op\u0161tina Ulcinj - Javni Oglas - Lajme nga Ulqini<\/title>\n<meta name=\"description\" content=\"CRNA GORA MALI I ZI OP\u0160TINA ULCINJ KOMUNA E ULQINIT Sekretarijat za privredu i ekonomski razvoj Sekretariati p\u00ebr ekonomi dhe zhvillim ekonomik Ulcinj,\" \/>\n<meta name=\"robots\" content=\"index, follow, max-snippet:-1, max-image-preview:large, max-video-preview:-1\" \/>\n<link rel=\"canonical\" href=\"https:\/\/www.visit-ulcinj.com\/blog\/2013\/12\/23\/opstina-ulcinj-javni-oglas\/\" \/>\n<meta property=\"og:locale\" content=\"en_US\" \/>\n<meta property=\"og:type\" content=\"article\" \/>\n<meta property=\"og:title\" content=\"Op\u0161tina Ulcinj - Javni Oglas - Lajme nga Ulqini\" \/>\n<meta property=\"og:description\" content=\"CRNA GORA MALI I ZI OP\u0160TINA ULCINJ KOMUNA E ULQINIT Sekretarijat za privredu i ekonomski razvoj Sekretariati p\u00ebr ekonomi dhe zhvillim ekonomik Ulcinj,\" \/>\n<meta property=\"og:url\" content=\"https:\/\/www.visit-ulcinj.com\/blog\/2013\/12\/23\/opstina-ulcinj-javni-oglas\/\" \/>\n<meta property=\"og:site_name\" content=\"Lajme nga Ulqini\" \/>\n<meta property=\"article:published_time\" content=\"2013-12-23T14:20:55+00:00\" \/>\n<meta property=\"article:modified_time\" content=\"2013-12-23T14:23:49+00:00\" \/>\n<meta property=\"og:image\" content=\"http:\/\/www.visit-ulcinj.com\/blog\/wp-content\/uploads\/2013\/12\/Adriatic-Welfare-Mix-Ulcinj-Ulqin-Montenegro.jpg\" \/>\n<meta name=\"twitter:label1\" content=\"Written by\" \/>\n\t<meta name=\"twitter:data1\" content=\"ulqini\" \/>\n\t<meta name=\"twitter:label2\" content=\"Est. reading time\" \/>\n\t<meta name=\"twitter:data2\" content=\"3 minutes\" \/>\n<script type=\"application\/ld+json\" class=\"yoast-schema-graph\">{\"@context\":\"https:\/\/schema.org\",\"@graph\":[{\"@type\":\"WebSite\",\"@id\":\"https:\/\/www.visit-ulcinj.com\/blog\/#website\",\"url\":\"https:\/\/www.visit-ulcinj.com\/blog\/\",\"name\":\"Lajme nga Ulqini\",\"description\":\"Lajme,Vijesti,Ulqini,Ulqin,Crna Gora,Mali i Zi\",\"potentialAction\":[{\"@type\":\"SearchAction\",\"target\":{\"@type\":\"EntryPoint\",\"urlTemplate\":\"https:\/\/www.visit-ulcinj.com\/blog\/?s={search_term_string}\"},\"query-input\":\"required name=search_term_string\"}],\"inLanguage\":\"en-US\"},{\"@type\":\"ImageObject\",\"inLanguage\":\"en-US\",\"@id\":\"https:\/\/www.visit-ulcinj.com\/blog\/2013\/12\/23\/opstina-ulcinj-javni-oglas\/#primaryimage\",\"url\":\"https:\/\/www.visit-ulcinj.com\/blog\/wp-content\/uploads\/2013\/12\/Adriatic-Welfare-Mix-Ulcinj-Ulqin-Montenegro.jpg\",\"contentUrl\":\"https:\/\/www.visit-ulcinj.com\/blog\/wp-content\/uploads\/2013\/12\/Adriatic-Welfare-Mix-Ulcinj-Ulqin-Montenegro.jpg\",\"width\":508,\"height\":142},{\"@type\":\"WebPage\",\"@id\":\"https:\/\/www.visit-ulcinj.com\/blog\/2013\/12\/23\/opstina-ulcinj-javni-oglas\/#webpage\",\"url\":\"https:\/\/www.visit-ulcinj.com\/blog\/2013\/12\/23\/opstina-ulcinj-javni-oglas\/\",\"name\":\"Op\u0161tina Ulcinj - Javni Oglas - Lajme nga Ulqini\",\"isPartOf\":{\"@id\":\"https:\/\/www.visit-ulcinj.com\/blog\/#website\"},\"primaryImageOfPage\":{\"@id\":\"https:\/\/www.visit-ulcinj.com\/blog\/2013\/12\/23\/opstina-ulcinj-javni-oglas\/#primaryimage\"},\"datePublished\":\"2013-12-23T14:20:55+00:00\",\"dateModified\":\"2013-12-23T14:23:49+00:00\",\"author\":{\"@id\":\"https:\/\/www.visit-ulcinj.com\/blog\/#\/schema\/person\/dcab619c614d3038751c63bc2aadc06d\"},\"description\":\"CRNA GORA MALI I ZI OP\u0160TINA ULCINJ KOMUNA E ULQINIT Sekretarijat za privredu i ekonomski razvoj Sekretariati p\u00ebr ekonomi dhe zhvillim ekonomik Ulcinj,\",\"breadcrumb\":{\"@id\":\"https:\/\/www.visit-ulcinj.com\/blog\/2013\/12\/23\/opstina-ulcinj-javni-oglas\/#breadcrumb\"},\"inLanguage\":\"en-US\",\"potentialAction\":[{\"@type\":\"ReadAction\",\"target\":[\"https:\/\/www.visit-ulcinj.com\/blog\/2013\/12\/23\/opstina-ulcinj-javni-oglas\/\"]}]},{\"@type\":\"BreadcrumbList\",\"@id\":\"https:\/\/www.visit-ulcinj.com\/blog\/2013\/12\/23\/opstina-ulcinj-javni-oglas\/#breadcrumb\",\"itemListElement\":[{\"@type\":\"ListItem\",\"position\":1,\"name\":\"Op\u0161tina Ulcinj &#8211; Javni Oglas\"}]},{\"@type\":\"Person\",\"@id\":\"https:\/\/www.visit-ulcinj.com\/blog\/#\/schema\/person\/dcab619c614d3038751c63bc2aadc06d\",\"name\":\"ulqini\",\"sameAs\":[\"http:\/\/www.visit-ulcinj.com\"],\"url\":\"https:\/\/www.visit-ulcinj.com\/blog\/author\/admin\/\"}]}<\/script>\n<!-- \/ Yoast SEO plugin. -->","yoast_head_json":{"title":"Op\u0161tina Ulcinj - Javni Oglas - Lajme nga Ulqini","description":"CRNA GORA MALI I ZI OP\u0160TINA ULCINJ KOMUNA E ULQINIT Sekretarijat za privredu i ekonomski razvoj Sekretariati p\u00ebr ekonomi dhe zhvillim ekonomik Ulcinj,","robots":{"index":"index","follow":"follow","max-snippet":"max-snippet:-1","max-image-preview":"max-image-preview:large","max-video-preview":"max-video-preview:-1"},"canonical":"https:\/\/www.visit-ulcinj.com\/blog\/2013\/12\/23\/opstina-ulcinj-javni-oglas\/","og_locale":"en_US","og_type":"article","og_title":"Op\u0161tina Ulcinj - Javni Oglas - Lajme nga Ulqini","og_description":"CRNA GORA MALI I ZI OP\u0160TINA ULCINJ KOMUNA E ULQINIT Sekretarijat za privredu i ekonomski razvoj Sekretariati p\u00ebr ekonomi dhe zhvillim ekonomik Ulcinj,","og_url":"https:\/\/www.visit-ulcinj.com\/blog\/2013\/12\/23\/opstina-ulcinj-javni-oglas\/","og_site_name":"Lajme nga Ulqini","article_published_time":"2013-12-23T14:20:55+00:00","article_modified_time":"2013-12-23T14:23:49+00:00","og_image":[{"url":"http:\/\/www.visit-ulcinj.com\/blog\/wp-content\/uploads\/2013\/12\/Adriatic-Welfare-Mix-Ulcinj-Ulqin-Montenegro.jpg"}],"twitter_misc":{"Written by":"ulqini","Est. reading time":"3 minutes"},"schema":{"@context":"https:\/\/schema.org","@graph":[{"@type":"WebSite","@id":"https:\/\/www.visit-ulcinj.com\/blog\/#website","url":"https:\/\/www.visit-ulcinj.com\/blog\/","name":"Lajme nga Ulqini","description":"Lajme,Vijesti,Ulqini,Ulqin,Crna Gora,Mali i Zi","potentialAction":[{"@type":"SearchAction","target":{"@type":"EntryPoint","urlTemplate":"https:\/\/www.visit-ulcinj.com\/blog\/?s={search_term_string}"},"query-input":"required name=search_term_string"}],"inLanguage":"en-US"},{"@type":"ImageObject","inLanguage":"en-US","@id":"https:\/\/www.visit-ulcinj.com\/blog\/2013\/12\/23\/opstina-ulcinj-javni-oglas\/#primaryimage","url":"https:\/\/www.visit-ulcinj.com\/blog\/wp-content\/uploads\/2013\/12\/Adriatic-Welfare-Mix-Ulcinj-Ulqin-Montenegro.jpg","contentUrl":"https:\/\/www.visit-ulcinj.com\/blog\/wp-content\/uploads\/2013\/12\/Adriatic-Welfare-Mix-Ulcinj-Ulqin-Montenegro.jpg","width":508,"height":142},{"@type":"WebPage","@id":"https:\/\/www.visit-ulcinj.com\/blog\/2013\/12\/23\/opstina-ulcinj-javni-oglas\/#webpage","url":"https:\/\/www.visit-ulcinj.com\/blog\/2013\/12\/23\/opstina-ulcinj-javni-oglas\/","name":"Op\u0161tina Ulcinj - Javni Oglas - Lajme nga Ulqini","isPartOf":{"@id":"https:\/\/www.visit-ulcinj.com\/blog\/#website"},"primaryImageOfPage":{"@id":"https:\/\/www.visit-ulcinj.com\/blog\/2013\/12\/23\/opstina-ulcinj-javni-oglas\/#primaryimage"},"datePublished":"2013-12-23T14:20:55+00:00","dateModified":"2013-12-23T14:23:49+00:00","author":{"@id":"https:\/\/www.visit-ulcinj.com\/blog\/#\/schema\/person\/dcab619c614d3038751c63bc2aadc06d"},"description":"CRNA GORA MALI I ZI OP\u0160TINA ULCINJ KOMUNA E ULQINIT Sekretarijat za privredu i ekonomski razvoj Sekretariati p\u00ebr ekonomi dhe zhvillim ekonomik Ulcinj,","breadcrumb":{"@id":"https:\/\/www.visit-ulcinj.com\/blog\/2013\/12\/23\/opstina-ulcinj-javni-oglas\/#breadcrumb"},"inLanguage":"en-US","potentialAction":[{"@type":"ReadAction","target":["https:\/\/www.visit-ulcinj.com\/blog\/2013\/12\/23\/opstina-ulcinj-javni-oglas\/"]}]},{"@type":"BreadcrumbList","@id":"https:\/\/www.visit-ulcinj.com\/blog\/2013\/12\/23\/opstina-ulcinj-javni-oglas\/#breadcrumb","itemListElement":[{"@type":"ListItem","position":1,"name":"Op\u0161tina Ulcinj &#8211; Javni Oglas"}]},{"@type":"Person","@id":"https:\/\/www.visit-ulcinj.com\/blog\/#\/schema\/person\/dcab619c614d3038751c63bc2aadc06d","name":"ulqini","sameAs":["http:\/\/www.visit-ulcinj.com"],"url":"https:\/\/www.visit-ulcinj.com\/blog\/author\/admin\/"}]}},"jetpack_featured_media_url":"","jetpack_sharing_enabled":true,"jetpack_shortlink":"https:\/\/wp.me\/pe6lTn-k9x","_links":{"self":[{"href":"https:\/\/www.visit-ulcinj.com\/blog\/wp-json\/wp\/v2\/posts\/77471"}],"collection":[{"href":"https:\/\/www.visit-ulcinj.com\/blog\/wp-json\/wp\/v2\/posts"}],"about":[{"href":"https:\/\/www.visit-ulcinj.com\/blog\/wp-json\/wp\/v2\/types\/post"}],"author":[{"embeddable":true,"href":"https:\/\/www.visit-ulcinj.com\/blog\/wp-json\/wp\/v2\/users\/1"}],"replies":[{"embeddable":true,"href":"https:\/\/www.visit-ulcinj.com\/blog\/wp-json\/wp\/v2\/comments?post=77471"}],"version-history":[{"count":4,"href":"https:\/\/www.visit-ulcinj.com\/blog\/wp-json\/wp\/v2\/posts\/77471\/revisions"}],"predecessor-version":[{"id":77475,"href":"https:\/\/www.visit-ulcinj.com\/blog\/wp-json\/wp\/v2\/posts\/77471\/revisions\/77475"}],"wp:attachment":[{"href":"https:\/\/www.visit-ulcinj.com\/blog\/wp-json\/wp\/v2\/media?parent=77471"}],"wp:term":[{"taxonomy":"category","embeddable":true,"href":"https:\/\/www.visit-ulcinj.com\/blog\/wp-json\/wp\/v2\/categories?post=77471"},{"taxonomy":"post_tag","embeddable":true,"href":"https:\/\/www.visit-ulcinj.com\/blog\/wp-json\/wp\/v2\/tags?post=77471"}],"curies":[{"name":"wp","href":"https:\/\/api.w.org\/{rel}","templated":true}]}}