{"id":77476,"date":"2013-12-23T17:38:59","date_gmt":"2013-12-23T16:38:59","guid":{"rendered":"http:\/\/www.visit-ulcinj.com\/blog\/?p=77476"},"modified":"2013-12-28T15:39:59","modified_gmt":"2013-12-28T14:39:59","slug":"abazoviqi-flet-shqip-ne-paralamentin-e-malit-te-zi-video","status":"publish","type":"post","link":"https:\/\/www.visit-ulcinj.com\/blog\/2013\/12\/23\/abazoviqi-flet-shqip-ne-paralamentin-e-malit-te-zi-video\/","title":{"rendered":"Abazoviqi flet SHQIP ne parlamentin e Malit t\u00eb Zi &#8211; Video"},"content":{"rendered":"<p><a href=\"http:\/\/www.visit-ulcinj.com\/blog\/wp-content\/uploads\/2013\/12\/Dritan-Abazovic1.jpg\"><img loading=\"lazy\" class=\"alignleft  wp-image-77477\" alt=\"Dritan-Abazovic\" src=\"http:\/\/www.visit-ulcinj.com\/blog\/wp-content\/uploads\/2013\/12\/Dritan-Abazovic1.jpg\" width=\"508\" height=\"336\" \/><\/a>N\u00eb or\u00ebn e kryeministrit t\u00eb Malit t\u00eb Zi, deputeti i Malit t\u00eb Zi Pozitiv Dritan Abazoviq me \u00a0fakte shum\u00eb interesante\u00a0 sot\u00eb gjat\u00eb fjalimit t\u00eb tij n\u00eb parlamentin e Malit t\u00eb Zi ka paraqitur ekonomin e Ulqinit n\u00eb ve\u00e7anti si qyteti me i varf\u00ebr duke pasur krejt resurset natyrore.<\/p>\n<p>Citoj\u00eb: &#8220;Zoti \u00ebsht\u00eb me durimtar\u00ebt, at\u00eb q\u00eb shef delja e shtrier nuk ndodhet shum\u00eb larg!! Ulqini posedon pasuri t\u00eb pa shterrshme t\u00eb resurseve natyrore, por p\u00ebr fat t\u00eb keq \u00ebsht\u00eb Qyteti m\u00eb i varf\u00ebr n\u00eb Mal t\u00eb Zi. N\u00eb qoft\u00eb se autostrada \u00ebsht\u00eb projekt i shekullit, at\u00ebher\u00eb Kriporja \u00ebsht\u00eb tendenc\u00eb hajnije e shekullit!&#8221;<\/p>\n<p><strong>Dritan Abazovic<\/strong><\/p>\n<p><strong>P\u00ebr me tep\u00ebr ju ftojm\u00eb t\u00eb ndiqni Videon<\/strong><\/p>\n<!--YouTube Error: bad URL entered-->\n","protected":false},"excerpt":{"rendered":"<p>N\u00eb or\u00ebn e kryeministrit t\u00eb Malit t\u00eb Zi, deputeti i Malit t\u00eb Zi Pozitiv Dritan Abazoviq me \u00a0fakte shum\u00eb interesante\u00a0 sot\u00eb gjat\u00eb fjalimit t\u00eb tij n\u00eb parlamentin e Malit t\u00eb Zi ka paraqitur ekonomin e Ulqinit n\u00eb ve\u00e7anti si qyteti me i varf\u00ebr duke pasur krejt resurset natyrore. Citoj\u00eb: &#8220;Zoti \u00ebsht\u00eb me durimtar\u00ebt, at\u00eb q\u00eb [&hellip;]<\/p>\n","protected":false},"author":1,"featured_media":0,"comment_status":"closed","ping_status":"closed","sticky":false,"template":"","format":"standard","meta":{"spay_email":"","jetpack_publicize_message":"","jetpack_is_tweetstorm":false,"jetpack_publicize_feature_enabled":true},"categories":[5,1],"tags":[],"jetpack_publicize_connections":[],"yoast_head":"<!-- This site is optimized with the Yoast SEO plugin v19.1 - https:\/\/yoast.com\/wordpress\/plugins\/seo\/ -->\n<title>Abazoviqi flet SHQIP ne parlamentin e Malit t\u00eb Zi - Video - Lajme nga Ulqini<\/title>\n<meta name=\"description\" content=\"N\u00eb or\u00ebn e kryeministrit t\u00eb Malit t\u00eb Zi, deputeti i Malit t\u00eb Zi Pozitiv Dritan Abazoviq me \u00a0fakte shum\u00eb interesante\u00a0 sot\u00eb gjat\u00eb fjalimit t\u00eb tij n\u00eb\" \/>\n<meta name=\"robots\" content=\"index, follow, max-snippet:-1, max-image-preview:large, max-video-preview:-1\" \/>\n<link rel=\"canonical\" href=\"https:\/\/www.visit-ulcinj.com\/blog\/2013\/12\/23\/abazoviqi-flet-shqip-ne-paralamentin-e-malit-te-zi-video\/\" \/>\n<meta property=\"og:locale\" content=\"en_US\" \/>\n<meta property=\"og:type\" content=\"article\" \/>\n<meta property=\"og:title\" content=\"Abazoviqi flet SHQIP ne parlamentin e Malit t\u00eb Zi - Video - Lajme nga Ulqini\" \/>\n<meta property=\"og:description\" content=\"N\u00eb or\u00ebn e kryeministrit t\u00eb Malit t\u00eb Zi, deputeti i Malit t\u00eb Zi Pozitiv Dritan Abazoviq me \u00a0fakte shum\u00eb interesante\u00a0 sot\u00eb gjat\u00eb fjalimit t\u00eb tij n\u00eb\" \/>\n<meta property=\"og:url\" content=\"https:\/\/www.visit-ulcinj.com\/blog\/2013\/12\/23\/abazoviqi-flet-shqip-ne-paralamentin-e-malit-te-zi-video\/\" \/>\n<meta property=\"og:site_name\" content=\"Lajme nga Ulqini\" \/>\n<meta property=\"article:published_time\" content=\"2013-12-23T16:38:59+00:00\" \/>\n<meta property=\"article:modified_time\" content=\"2013-12-28T14:39:59+00:00\" \/>\n<meta property=\"og:image\" content=\"http:\/\/www.visit-ulcinj.com\/blog\/wp-content\/uploads\/2013\/12\/Dritan-Abazovic1.jpg\" \/>\n<meta name=\"twitter:label1\" content=\"Written by\" \/>\n\t<meta name=\"twitter:data1\" content=\"ulqini\" \/>\n\t<meta name=\"twitter:label2\" content=\"Est. reading time\" \/>\n\t<meta name=\"twitter:data2\" content=\"1 minute\" \/>\n<script type=\"application\/ld+json\" class=\"yoast-schema-graph\">{\"@context\":\"https:\/\/schema.org\",\"@graph\":[{\"@type\":\"WebSite\",\"@id\":\"https:\/\/www.visit-ulcinj.com\/blog\/#website\",\"url\":\"https:\/\/www.visit-ulcinj.com\/blog\/\",\"name\":\"Lajme nga Ulqini\",\"description\":\"Lajme,Vijesti,Ulqini,Ulqin,Crna Gora,Mali i Zi\",\"potentialAction\":[{\"@type\":\"SearchAction\",\"target\":{\"@type\":\"EntryPoint\",\"urlTemplate\":\"https:\/\/www.visit-ulcinj.com\/blog\/?s={search_term_string}\"},\"query-input\":\"required name=search_term_string\"}],\"inLanguage\":\"en-US\"},{\"@type\":\"ImageObject\",\"inLanguage\":\"en-US\",\"@id\":\"https:\/\/www.visit-ulcinj.com\/blog\/2013\/12\/23\/abazoviqi-flet-shqip-ne-paralamentin-e-malit-te-zi-video\/#primaryimage\",\"url\":\"https:\/\/www.visit-ulcinj.com\/blog\/wp-content\/uploads\/2013\/12\/Dritan-Abazovic1.jpg\",\"contentUrl\":\"https:\/\/www.visit-ulcinj.com\/blog\/wp-content\/uploads\/2013\/12\/Dritan-Abazovic1.jpg\",\"width\":459,\"height\":336},{\"@type\":\"WebPage\",\"@id\":\"https:\/\/www.visit-ulcinj.com\/blog\/2013\/12\/23\/abazoviqi-flet-shqip-ne-paralamentin-e-malit-te-zi-video\/#webpage\",\"url\":\"https:\/\/www.visit-ulcinj.com\/blog\/2013\/12\/23\/abazoviqi-flet-shqip-ne-paralamentin-e-malit-te-zi-video\/\",\"name\":\"Abazoviqi flet SHQIP ne parlamentin e Malit t\u00eb Zi - Video - Lajme nga Ulqini\",\"isPartOf\":{\"@id\":\"https:\/\/www.visit-ulcinj.com\/blog\/#website\"},\"primaryImageOfPage\":{\"@id\":\"https:\/\/www.visit-ulcinj.com\/blog\/2013\/12\/23\/abazoviqi-flet-shqip-ne-paralamentin-e-malit-te-zi-video\/#primaryimage\"},\"datePublished\":\"2013-12-23T16:38:59+00:00\",\"dateModified\":\"2013-12-28T14:39:59+00:00\",\"author\":{\"@id\":\"https:\/\/www.visit-ulcinj.com\/blog\/#\/schema\/person\/dcab619c614d3038751c63bc2aadc06d\"},\"description\":\"N\u00eb or\u00ebn e kryeministrit t\u00eb Malit t\u00eb Zi, deputeti i Malit t\u00eb Zi Pozitiv Dritan Abazoviq me \u00a0fakte shum\u00eb interesante\u00a0 sot\u00eb gjat\u00eb fjalimit t\u00eb tij n\u00eb\",\"breadcrumb\":{\"@id\":\"https:\/\/www.visit-ulcinj.com\/blog\/2013\/12\/23\/abazoviqi-flet-shqip-ne-paralamentin-e-malit-te-zi-video\/#breadcrumb\"},\"inLanguage\":\"en-US\",\"potentialAction\":[{\"@type\":\"ReadAction\",\"target\":[\"https:\/\/www.visit-ulcinj.com\/blog\/2013\/12\/23\/abazoviqi-flet-shqip-ne-paralamentin-e-malit-te-zi-video\/\"]}]},{\"@type\":\"BreadcrumbList\",\"@id\":\"https:\/\/www.visit-ulcinj.com\/blog\/2013\/12\/23\/abazoviqi-flet-shqip-ne-paralamentin-e-malit-te-zi-video\/#breadcrumb\",\"itemListElement\":[{\"@type\":\"ListItem\",\"position\":1,\"name\":\"Abazoviqi flet SHQIP ne parlamentin e Malit t\u00eb Zi &#8211; Video\"}]},{\"@type\":\"Person\",\"@id\":\"https:\/\/www.visit-ulcinj.com\/blog\/#\/schema\/person\/dcab619c614d3038751c63bc2aadc06d\",\"name\":\"ulqini\",\"sameAs\":[\"http:\/\/www.visit-ulcinj.com\"],\"url\":\"https:\/\/www.visit-ulcinj.com\/blog\/author\/admin\/\"}]}<\/script>\n<!-- \/ Yoast SEO plugin. -->","yoast_head_json":{"title":"Abazoviqi flet SHQIP ne parlamentin e Malit t\u00eb Zi - Video - Lajme nga Ulqini","description":"N\u00eb or\u00ebn e kryeministrit t\u00eb Malit t\u00eb Zi, deputeti i Malit t\u00eb Zi Pozitiv Dritan Abazoviq me \u00a0fakte shum\u00eb interesante\u00a0 sot\u00eb gjat\u00eb fjalimit t\u00eb tij n\u00eb","robots":{"index":"index","follow":"follow","max-snippet":"max-snippet:-1","max-image-preview":"max-image-preview:large","max-video-preview":"max-video-preview:-1"},"canonical":"https:\/\/www.visit-ulcinj.com\/blog\/2013\/12\/23\/abazoviqi-flet-shqip-ne-paralamentin-e-malit-te-zi-video\/","og_locale":"en_US","og_type":"article","og_title":"Abazoviqi flet SHQIP ne parlamentin e Malit t\u00eb Zi - Video - Lajme nga Ulqini","og_description":"N\u00eb or\u00ebn e kryeministrit t\u00eb Malit t\u00eb Zi, deputeti i Malit t\u00eb Zi Pozitiv Dritan Abazoviq me \u00a0fakte shum\u00eb interesante\u00a0 sot\u00eb gjat\u00eb fjalimit t\u00eb tij n\u00eb","og_url":"https:\/\/www.visit-ulcinj.com\/blog\/2013\/12\/23\/abazoviqi-flet-shqip-ne-paralamentin-e-malit-te-zi-video\/","og_site_name":"Lajme nga Ulqini","article_published_time":"2013-12-23T16:38:59+00:00","article_modified_time":"2013-12-28T14:39:59+00:00","og_image":[{"url":"http:\/\/www.visit-ulcinj.com\/blog\/wp-content\/uploads\/2013\/12\/Dritan-Abazovic1.jpg"}],"twitter_misc":{"Written by":"ulqini","Est. reading time":"1 minute"},"schema":{"@context":"https:\/\/schema.org","@graph":[{"@type":"WebSite","@id":"https:\/\/www.visit-ulcinj.com\/blog\/#website","url":"https:\/\/www.visit-ulcinj.com\/blog\/","name":"Lajme nga Ulqini","description":"Lajme,Vijesti,Ulqini,Ulqin,Crna Gora,Mali i Zi","potentialAction":[{"@type":"SearchAction","target":{"@type":"EntryPoint","urlTemplate":"https:\/\/www.visit-ulcinj.com\/blog\/?s={search_term_string}"},"query-input":"required name=search_term_string"}],"inLanguage":"en-US"},{"@type":"ImageObject","inLanguage":"en-US","@id":"https:\/\/www.visit-ulcinj.com\/blog\/2013\/12\/23\/abazoviqi-flet-shqip-ne-paralamentin-e-malit-te-zi-video\/#primaryimage","url":"https:\/\/www.visit-ulcinj.com\/blog\/wp-content\/uploads\/2013\/12\/Dritan-Abazovic1.jpg","contentUrl":"https:\/\/www.visit-ulcinj.com\/blog\/wp-content\/uploads\/2013\/12\/Dritan-Abazovic1.jpg","width":459,"height":336},{"@type":"WebPage","@id":"https:\/\/www.visit-ulcinj.com\/blog\/2013\/12\/23\/abazoviqi-flet-shqip-ne-paralamentin-e-malit-te-zi-video\/#webpage","url":"https:\/\/www.visit-ulcinj.com\/blog\/2013\/12\/23\/abazoviqi-flet-shqip-ne-paralamentin-e-malit-te-zi-video\/","name":"Abazoviqi flet SHQIP ne parlamentin e Malit t\u00eb Zi - Video - Lajme nga Ulqini","isPartOf":{"@id":"https:\/\/www.visit-ulcinj.com\/blog\/#website"},"primaryImageOfPage":{"@id":"https:\/\/www.visit-ulcinj.com\/blog\/2013\/12\/23\/abazoviqi-flet-shqip-ne-paralamentin-e-malit-te-zi-video\/#primaryimage"},"datePublished":"2013-12-23T16:38:59+00:00","dateModified":"2013-12-28T14:39:59+00:00","author":{"@id":"https:\/\/www.visit-ulcinj.com\/blog\/#\/schema\/person\/dcab619c614d3038751c63bc2aadc06d"},"description":"N\u00eb or\u00ebn e kryeministrit t\u00eb Malit t\u00eb Zi, deputeti i Malit t\u00eb Zi Pozitiv Dritan Abazoviq me \u00a0fakte shum\u00eb interesante\u00a0 sot\u00eb gjat\u00eb fjalimit t\u00eb tij n\u00eb","breadcrumb":{"@id":"https:\/\/www.visit-ulcinj.com\/blog\/2013\/12\/23\/abazoviqi-flet-shqip-ne-paralamentin-e-malit-te-zi-video\/#breadcrumb"},"inLanguage":"en-US","potentialAction":[{"@type":"ReadAction","target":["https:\/\/www.visit-ulcinj.com\/blog\/2013\/12\/23\/abazoviqi-flet-shqip-ne-paralamentin-e-malit-te-zi-video\/"]}]},{"@type":"BreadcrumbList","@id":"https:\/\/www.visit-ulcinj.com\/blog\/2013\/12\/23\/abazoviqi-flet-shqip-ne-paralamentin-e-malit-te-zi-video\/#breadcrumb","itemListElement":[{"@type":"ListItem","position":1,"name":"Abazoviqi flet SHQIP ne parlamentin e Malit t\u00eb Zi &#8211; Video"}]},{"@type":"Person","@id":"https:\/\/www.visit-ulcinj.com\/blog\/#\/schema\/person\/dcab619c614d3038751c63bc2aadc06d","name":"ulqini","sameAs":["http:\/\/www.visit-ulcinj.com"],"url":"https:\/\/www.visit-ulcinj.com\/blog\/author\/admin\/"}]}},"jetpack_featured_media_url":"","jetpack_sharing_enabled":true,"jetpack_shortlink":"https:\/\/wp.me\/pe6lTn-k9C","_links":{"self":[{"href":"https:\/\/www.visit-ulcinj.com\/blog\/wp-json\/wp\/v2\/posts\/77476"}],"collection":[{"href":"https:\/\/www.visit-ulcinj.com\/blog\/wp-json\/wp\/v2\/posts"}],"about":[{"href":"https:\/\/www.visit-ulcinj.com\/blog\/wp-json\/wp\/v2\/types\/post"}],"author":[{"embeddable":true,"href":"https:\/\/www.visit-ulcinj.com\/blog\/wp-json\/wp\/v2\/users\/1"}],"replies":[{"embeddable":true,"href":"https:\/\/www.visit-ulcinj.com\/blog\/wp-json\/wp\/v2\/comments?post=77476"}],"version-history":[{"count":4,"href":"https:\/\/www.visit-ulcinj.com\/blog\/wp-json\/wp\/v2\/posts\/77476\/revisions"}],"predecessor-version":[{"id":77486,"href":"https:\/\/www.visit-ulcinj.com\/blog\/wp-json\/wp\/v2\/posts\/77476\/revisions\/77486"}],"wp:attachment":[{"href":"https:\/\/www.visit-ulcinj.com\/blog\/wp-json\/wp\/v2\/media?parent=77476"}],"wp:term":[{"taxonomy":"category","embeddable":true,"href":"https:\/\/www.visit-ulcinj.com\/blog\/wp-json\/wp\/v2\/categories?post=77476"},{"taxonomy":"post_tag","embeddable":true,"href":"https:\/\/www.visit-ulcinj.com\/blog\/wp-json\/wp\/v2\/tags?post=77476"}],"curies":[{"name":"wp","href":"https:\/\/api.w.org\/{rel}","templated":true}]}}