{"id":77487,"date":"2013-12-23T22:37:22","date_gmt":"2013-12-23T21:37:22","guid":{"rendered":"http:\/\/www.visit-ulcinj.com\/blog\/?p=77487"},"modified":"2013-12-23T22:38:00","modified_gmt":"2013-12-23T21:38:00","slug":"gezim-hajdinaga-ne-konferencen-permbyllese-te-akb-se","status":"publish","type":"post","link":"https:\/\/www.visit-ulcinj.com\/blog\/2013\/12\/23\/gezim-hajdinaga-ne-konferencen-permbyllese-te-akb-se\/","title":{"rendered":"G\u00ebzim Hajdinaga n\u00eb konferenc\u00ebn p\u00ebrmbyll\u00ebse t\u00eb AKB-s\u00eb"},"content":{"rendered":"<p><a href=\"http:\/\/www.visit-ulcinj.com\/blog\/wp-content\/uploads\/2013\/12\/G\u00ebzim-Hajdinaga-AKB-Prishtin.jpg\"><img loading=\"lazy\" class=\"alignleft  wp-image-77488\" alt=\"G\u00ebzim Hajdinaga-AKB-Prishtin\" src=\"http:\/\/www.visit-ulcinj.com\/blog\/wp-content\/uploads\/2013\/12\/G\u00ebzim-Hajdinaga-AKB-Prishtin.jpg\" width=\"508\" height=\"360\" \/><\/a>Prishtin\u00eb, 23 dhjetor<\/p>\n<p>N\u00eb konferenc\u00ebn vjetore p\u00ebrmbyll\u00ebse t\u00eb Aleanc\u00ebs Kosovare t\u00eb Bizneseve p\u00ebr vitin 2013 si mysafir\u00eb special ka marr pjes\u00eb edhe G\u00ebzim Hajdinaga, ish kryetar i Komun\u00ebs s\u00eb Ulqinit. Ai ishte n\u00eb mesin e dhjetra bizneseve nga e gjith\u00eb Kosova. Agim Shahini, kryetar I Aleanc\u00ebs Kosovare t\u00eb Bizneseve, e vler\u00ebsoi vitin 2013 si nj\u00eb vit t\u00eb shoq\u00ebruar me disa turbulenca t\u00eb ndryshme ekonomike dhe politike n\u00eb eurozone, por edhe n\u00eb Kosov\u00eb. Sipas tij kjo kriz\u00eb \u00ebsht\u00eb ndier edhe nga bizneset e Kosov\u00ebs dhe qytetar\u00ebt.<\/p>\n<p>Shahini ka dh\u00ebn\u00eb vler\u00ebsime edhe p\u00ebr t\u00eb gjitha fushat e proceset e ndodhura n\u00eb Kosova gjat\u00eb vitit. Ai shtoi se AKB-ja \u00ebsht\u00eb e gatshme tashm\u00eb p\u00ebr sfidat e reja n\u00eb vitin 2014 duke shpresuar q\u00eb t\u00eb gjitha institucionet e Kosov\u00ebs, qoft\u00eb ato ekonomike dhe ato politike, t\u00eb punojn\u00eb me t\u00eb nj\u00ebjtin rit\u00ebm sikur ne, me t\u00eb nj\u00ebjtin pasion dhe angazhim, n\u00eb m\u00ebnyr\u00eb q\u00eb 2014 t\u00eb jet\u00eb nj\u00eb vit i begat\u00eb ekonomik e jo i deklaratave dhe i d\u00ebshirave, por i pun\u00ebs dhe i suksesit.<\/p>\n<p><strong>Besim Toska<\/strong><\/p>\n","protected":false},"excerpt":{"rendered":"<p>Prishtin\u00eb, 23 dhjetor N\u00eb konferenc\u00ebn vjetore p\u00ebrmbyll\u00ebse t\u00eb Aleanc\u00ebs Kosovare t\u00eb Bizneseve p\u00ebr vitin 2013 si mysafir\u00eb special ka marr pjes\u00eb edhe G\u00ebzim Hajdinaga, ish kryetar i Komun\u00ebs s\u00eb Ulqinit. Ai ishte n\u00eb mesin e dhjetra bizneseve nga e gjith\u00eb Kosova. Agim Shahini, kryetar I Aleanc\u00ebs Kosovare t\u00eb Bizneseve, e vler\u00ebsoi vitin 2013 si nj\u00eb [&hellip;]<\/p>\n","protected":false},"author":1,"featured_media":0,"comment_status":"closed","ping_status":"closed","sticky":false,"template":"","format":"standard","meta":{"spay_email":"","jetpack_publicize_message":"","jetpack_is_tweetstorm":false,"jetpack_publicize_feature_enabled":true},"categories":[10],"tags":[],"jetpack_publicize_connections":[],"yoast_head":"<!-- This site is optimized with the Yoast SEO plugin v19.1 - https:\/\/yoast.com\/wordpress\/plugins\/seo\/ -->\n<title>G\u00ebzim Hajdinaga n\u00eb konferenc\u00ebn p\u00ebrmbyll\u00ebse t\u00eb AKB-s\u00eb - Lajme nga Ulqini<\/title>\n<meta name=\"description\" content=\"Prishtin\u00eb, 23 dhjetor N\u00eb konferenc\u00ebn vjetore p\u00ebrmbyll\u00ebse t\u00eb Aleanc\u00ebs Kosovare t\u00eb Bizneseve p\u00ebr vitin 2013 si mysafir\u00eb special ka marr pjes\u00eb edhe G\u00ebzim\" \/>\n<meta name=\"robots\" content=\"index, follow, max-snippet:-1, max-image-preview:large, max-video-preview:-1\" \/>\n<link rel=\"canonical\" href=\"https:\/\/www.visit-ulcinj.com\/blog\/2013\/12\/23\/gezim-hajdinaga-ne-konferencen-permbyllese-te-akb-se\/\" \/>\n<meta property=\"og:locale\" content=\"en_US\" \/>\n<meta property=\"og:type\" content=\"article\" \/>\n<meta property=\"og:title\" content=\"G\u00ebzim Hajdinaga n\u00eb konferenc\u00ebn p\u00ebrmbyll\u00ebse t\u00eb AKB-s\u00eb - Lajme nga Ulqini\" \/>\n<meta property=\"og:description\" content=\"Prishtin\u00eb, 23 dhjetor N\u00eb konferenc\u00ebn vjetore p\u00ebrmbyll\u00ebse t\u00eb Aleanc\u00ebs Kosovare t\u00eb Bizneseve p\u00ebr vitin 2013 si mysafir\u00eb special ka marr pjes\u00eb edhe G\u00ebzim\" \/>\n<meta property=\"og:url\" content=\"https:\/\/www.visit-ulcinj.com\/blog\/2013\/12\/23\/gezim-hajdinaga-ne-konferencen-permbyllese-te-akb-se\/\" \/>\n<meta property=\"og:site_name\" content=\"Lajme nga Ulqini\" \/>\n<meta property=\"article:published_time\" content=\"2013-12-23T21:37:22+00:00\" \/>\n<meta property=\"article:modified_time\" content=\"2013-12-23T21:38:00+00:00\" \/>\n<meta name=\"twitter:label1\" content=\"Written by\" \/>\n\t<meta name=\"twitter:data1\" content=\"ulqini\" \/>\n\t<meta name=\"twitter:label2\" content=\"Est. reading time\" \/>\n\t<meta name=\"twitter:data2\" content=\"1 minute\" \/>\n<script type=\"application\/ld+json\" class=\"yoast-schema-graph\">{\"@context\":\"https:\/\/schema.org\",\"@graph\":[{\"@type\":\"WebSite\",\"@id\":\"https:\/\/www.visit-ulcinj.com\/blog\/#website\",\"url\":\"https:\/\/www.visit-ulcinj.com\/blog\/\",\"name\":\"Lajme nga Ulqini\",\"description\":\"Lajme,Vijesti,Ulqini,Ulqin,Crna Gora,Mali i Zi\",\"potentialAction\":[{\"@type\":\"SearchAction\",\"target\":{\"@type\":\"EntryPoint\",\"urlTemplate\":\"https:\/\/www.visit-ulcinj.com\/blog\/?s={search_term_string}\"},\"query-input\":\"required name=search_term_string\"}],\"inLanguage\":\"en-US\"},{\"@type\":\"WebPage\",\"@id\":\"https:\/\/www.visit-ulcinj.com\/blog\/2013\/12\/23\/gezim-hajdinaga-ne-konferencen-permbyllese-te-akb-se\/#webpage\",\"url\":\"https:\/\/www.visit-ulcinj.com\/blog\/2013\/12\/23\/gezim-hajdinaga-ne-konferencen-permbyllese-te-akb-se\/\",\"name\":\"G\u00ebzim Hajdinaga n\u00eb konferenc\u00ebn p\u00ebrmbyll\u00ebse t\u00eb AKB-s\u00eb - Lajme nga Ulqini\",\"isPartOf\":{\"@id\":\"https:\/\/www.visit-ulcinj.com\/blog\/#website\"},\"datePublished\":\"2013-12-23T21:37:22+00:00\",\"dateModified\":\"2013-12-23T21:38:00+00:00\",\"author\":{\"@id\":\"https:\/\/www.visit-ulcinj.com\/blog\/#\/schema\/person\/dcab619c614d3038751c63bc2aadc06d\"},\"description\":\"Prishtin\u00eb, 23 dhjetor N\u00eb konferenc\u00ebn vjetore p\u00ebrmbyll\u00ebse t\u00eb Aleanc\u00ebs Kosovare t\u00eb Bizneseve p\u00ebr vitin 2013 si mysafir\u00eb special ka marr pjes\u00eb edhe G\u00ebzim\",\"breadcrumb\":{\"@id\":\"https:\/\/www.visit-ulcinj.com\/blog\/2013\/12\/23\/gezim-hajdinaga-ne-konferencen-permbyllese-te-akb-se\/#breadcrumb\"},\"inLanguage\":\"en-US\",\"potentialAction\":[{\"@type\":\"ReadAction\",\"target\":[\"https:\/\/www.visit-ulcinj.com\/blog\/2013\/12\/23\/gezim-hajdinaga-ne-konferencen-permbyllese-te-akb-se\/\"]}]},{\"@type\":\"BreadcrumbList\",\"@id\":\"https:\/\/www.visit-ulcinj.com\/blog\/2013\/12\/23\/gezim-hajdinaga-ne-konferencen-permbyllese-te-akb-se\/#breadcrumb\",\"itemListElement\":[{\"@type\":\"ListItem\",\"position\":1,\"name\":\"G\u00ebzim Hajdinaga n\u00eb konferenc\u00ebn p\u00ebrmbyll\u00ebse t\u00eb AKB-s\u00eb\"}]},{\"@type\":\"Person\",\"@id\":\"https:\/\/www.visit-ulcinj.com\/blog\/#\/schema\/person\/dcab619c614d3038751c63bc2aadc06d\",\"name\":\"ulqini\",\"sameAs\":[\"http:\/\/www.visit-ulcinj.com\"],\"url\":\"https:\/\/www.visit-ulcinj.com\/blog\/author\/admin\/\"}]}<\/script>\n<!-- \/ Yoast SEO plugin. -->","yoast_head_json":{"title":"G\u00ebzim Hajdinaga n\u00eb konferenc\u00ebn p\u00ebrmbyll\u00ebse t\u00eb AKB-s\u00eb - Lajme nga Ulqini","description":"Prishtin\u00eb, 23 dhjetor N\u00eb konferenc\u00ebn vjetore p\u00ebrmbyll\u00ebse t\u00eb Aleanc\u00ebs Kosovare t\u00eb Bizneseve p\u00ebr vitin 2013 si mysafir\u00eb special ka marr pjes\u00eb edhe G\u00ebzim","robots":{"index":"index","follow":"follow","max-snippet":"max-snippet:-1","max-image-preview":"max-image-preview:large","max-video-preview":"max-video-preview:-1"},"canonical":"https:\/\/www.visit-ulcinj.com\/blog\/2013\/12\/23\/gezim-hajdinaga-ne-konferencen-permbyllese-te-akb-se\/","og_locale":"en_US","og_type":"article","og_title":"G\u00ebzim Hajdinaga n\u00eb konferenc\u00ebn p\u00ebrmbyll\u00ebse t\u00eb AKB-s\u00eb - Lajme nga Ulqini","og_description":"Prishtin\u00eb, 23 dhjetor N\u00eb konferenc\u00ebn vjetore p\u00ebrmbyll\u00ebse t\u00eb Aleanc\u00ebs Kosovare t\u00eb Bizneseve p\u00ebr vitin 2013 si mysafir\u00eb special ka marr pjes\u00eb edhe G\u00ebzim","og_url":"https:\/\/www.visit-ulcinj.com\/blog\/2013\/12\/23\/gezim-hajdinaga-ne-konferencen-permbyllese-te-akb-se\/","og_site_name":"Lajme nga Ulqini","article_published_time":"2013-12-23T21:37:22+00:00","article_modified_time":"2013-12-23T21:38:00+00:00","twitter_misc":{"Written by":"ulqini","Est. reading time":"1 minute"},"schema":{"@context":"https:\/\/schema.org","@graph":[{"@type":"WebSite","@id":"https:\/\/www.visit-ulcinj.com\/blog\/#website","url":"https:\/\/www.visit-ulcinj.com\/blog\/","name":"Lajme nga Ulqini","description":"Lajme,Vijesti,Ulqini,Ulqin,Crna Gora,Mali i Zi","potentialAction":[{"@type":"SearchAction","target":{"@type":"EntryPoint","urlTemplate":"https:\/\/www.visit-ulcinj.com\/blog\/?s={search_term_string}"},"query-input":"required name=search_term_string"}],"inLanguage":"en-US"},{"@type":"WebPage","@id":"https:\/\/www.visit-ulcinj.com\/blog\/2013\/12\/23\/gezim-hajdinaga-ne-konferencen-permbyllese-te-akb-se\/#webpage","url":"https:\/\/www.visit-ulcinj.com\/blog\/2013\/12\/23\/gezim-hajdinaga-ne-konferencen-permbyllese-te-akb-se\/","name":"G\u00ebzim Hajdinaga n\u00eb konferenc\u00ebn p\u00ebrmbyll\u00ebse t\u00eb AKB-s\u00eb - Lajme nga Ulqini","isPartOf":{"@id":"https:\/\/www.visit-ulcinj.com\/blog\/#website"},"datePublished":"2013-12-23T21:37:22+00:00","dateModified":"2013-12-23T21:38:00+00:00","author":{"@id":"https:\/\/www.visit-ulcinj.com\/blog\/#\/schema\/person\/dcab619c614d3038751c63bc2aadc06d"},"description":"Prishtin\u00eb, 23 dhjetor N\u00eb konferenc\u00ebn vjetore p\u00ebrmbyll\u00ebse t\u00eb Aleanc\u00ebs Kosovare t\u00eb Bizneseve p\u00ebr vitin 2013 si mysafir\u00eb special ka marr pjes\u00eb edhe G\u00ebzim","breadcrumb":{"@id":"https:\/\/www.visit-ulcinj.com\/blog\/2013\/12\/23\/gezim-hajdinaga-ne-konferencen-permbyllese-te-akb-se\/#breadcrumb"},"inLanguage":"en-US","potentialAction":[{"@type":"ReadAction","target":["https:\/\/www.visit-ulcinj.com\/blog\/2013\/12\/23\/gezim-hajdinaga-ne-konferencen-permbyllese-te-akb-se\/"]}]},{"@type":"BreadcrumbList","@id":"https:\/\/www.visit-ulcinj.com\/blog\/2013\/12\/23\/gezim-hajdinaga-ne-konferencen-permbyllese-te-akb-se\/#breadcrumb","itemListElement":[{"@type":"ListItem","position":1,"name":"G\u00ebzim Hajdinaga n\u00eb konferenc\u00ebn p\u00ebrmbyll\u00ebse t\u00eb AKB-s\u00eb"}]},{"@type":"Person","@id":"https:\/\/www.visit-ulcinj.com\/blog\/#\/schema\/person\/dcab619c614d3038751c63bc2aadc06d","name":"ulqini","sameAs":["http:\/\/www.visit-ulcinj.com"],"url":"https:\/\/www.visit-ulcinj.com\/blog\/author\/admin\/"}]}},"jetpack_featured_media_url":"","jetpack_sharing_enabled":true,"jetpack_shortlink":"https:\/\/wp.me\/pe6lTn-k9N","_links":{"self":[{"href":"https:\/\/www.visit-ulcinj.com\/blog\/wp-json\/wp\/v2\/posts\/77487"}],"collection":[{"href":"https:\/\/www.visit-ulcinj.com\/blog\/wp-json\/wp\/v2\/posts"}],"about":[{"href":"https:\/\/www.visit-ulcinj.com\/blog\/wp-json\/wp\/v2\/types\/post"}],"author":[{"embeddable":true,"href":"https:\/\/www.visit-ulcinj.com\/blog\/wp-json\/wp\/v2\/users\/1"}],"replies":[{"embeddable":true,"href":"https:\/\/www.visit-ulcinj.com\/blog\/wp-json\/wp\/v2\/comments?post=77487"}],"version-history":[{"count":2,"href":"https:\/\/www.visit-ulcinj.com\/blog\/wp-json\/wp\/v2\/posts\/77487\/revisions"}],"predecessor-version":[{"id":77490,"href":"https:\/\/www.visit-ulcinj.com\/blog\/wp-json\/wp\/v2\/posts\/77487\/revisions\/77490"}],"wp:attachment":[{"href":"https:\/\/www.visit-ulcinj.com\/blog\/wp-json\/wp\/v2\/media?parent=77487"}],"wp:term":[{"taxonomy":"category","embeddable":true,"href":"https:\/\/www.visit-ulcinj.com\/blog\/wp-json\/wp\/v2\/categories?post=77487"},{"taxonomy":"post_tag","embeddable":true,"href":"https:\/\/www.visit-ulcinj.com\/blog\/wp-json\/wp\/v2\/tags?post=77487"}],"curies":[{"name":"wp","href":"https:\/\/api.w.org\/{rel}","templated":true}]}}