{"id":77491,"date":"2013-12-24T07:57:24","date_gmt":"2013-12-24T06:57:24","guid":{"rendered":"http:\/\/www.visit-ulcinj.com\/blog\/?p=77491"},"modified":"2013-12-27T08:06:25","modified_gmt":"2013-12-27T07:06:25","slug":"urime-festat-e-krishtlindjes-udsh-ja","status":"publish","type":"post","link":"https:\/\/www.visit-ulcinj.com\/blog\/2013\/12\/24\/urime-festat-e-krishtlindjes-udsh-ja\/","title":{"rendered":"Urime Festat e Krishtlindjes &#8211; UDSH-ja"},"content":{"rendered":"<h3><a href=\"http:\/\/www.visit-ulcinj.com\/blog\/wp-content\/uploads\/2013\/12\/UDSH-logo.jpg\"><img loading=\"lazy\" class=\"alignleft  wp-image-77494\" alt=\"UDSH-logo\" src=\"http:\/\/www.visit-ulcinj.com\/blog\/wp-content\/uploads\/2013\/12\/UDSH-logo.jpg\" width=\"508\" height=\"400\" \/><\/a> UNIONI DEMOKRATIK I SHQIPTAR\u00cbVE<\/h3>\n<h3>DEMOKRATSKA UNIJA ALBANACA<\/h3>\n<h3><strong> THE DEMOCRATIC UNION OF ALBANIANS <\/strong><\/h3>\n<p>ULQIN, m\u00eb 24 dhjetor 2013<\/p>\n<p>&nbsp;<\/p>\n<p>&nbsp;<\/p>\n<p style=\"text-align: center;\"><strong>Kumtes\u00eb<\/strong><\/p>\n<p>&nbsp;<\/p>\n<p>Me rastin e fest\u00ebs s\u00eb Krishtlindjeve , kryetari i Unionit Demokratik t\u00eb Shqiptar\u00ebve, z.Memed Zenka, n\u00eb em\u00ebr t\u00eb partis\u00eb dhe n\u00eb emrin e tij personal i p\u00ebrg\u00ebzon\u00a0 t\u00eb gjith\u00eb besimtar\u00ebt katolik, duke iu uruar sh\u00ebndet t\u00eb mir\u00eb, g\u00ebzime familjare dhe lumturi n\u00eb jet\u00eb.<\/p>\n<p>Kjo fest\u00eb, le t\u00eb na sh\u00ebrbej\u00eb n\u00eb forcimin e dashuris\u00eb p\u00ebr njeri-tjetrin dhe kultivimin e toleranc\u00ebs, si vler\u00eb e demokracis\u00eb p\u00ebr ne dhe brezat qe do t\u00eb vijn\u00eb.<\/p>\n<p>Andaj, le t\u00eb jet\u00eb kjo fest\u00eb e bashkimit dhe toleranc\u00ebs n\u00eb mes\u00a0 njer\u00ebzve, fest\u00eb e pajtimit dhe qet\u00ebsimit shpirt\u00ebror.<\/p>\n<p>Uroj q\u00eb paqja, begatia dhe prosperiteti le t\u00eb ndri\u00e7ojn\u00eb t\u00eb gjith\u00eb besimtar\u00ebt, kudo q\u00eb jan\u00eb.<\/p>\n<p>&nbsp;<\/p>\n<p><strong>\u00a0 G\u00ebzuar fest\u00ebn e Krishtlindjes !<\/strong><\/p>\n<p>&nbsp;<\/p>\n<p>&nbsp;<\/p>\n<p>Sh\u00ebrbimi informativ i UDSH-s\u00eb<br \/>\n<a href=\"http:\/\/www.visit-ulcinj.com\/blog\/wp-content\/uploads\/2011\/12\/gezuar-krishtlindjen.jpg\"><img loading=\"lazy\" class=\"alignleft size-full wp-image-54856\" title=\"gezuar krishtlindjen\" alt=\"\" src=\"http:\/\/www.visit-ulcinj.com\/blog\/wp-content\/uploads\/2011\/12\/gezuar-krishtlindjen.jpg\" width=\"508\" height=\"300\" \/><\/a><\/p>\n","protected":false},"excerpt":{"rendered":"<p>UNIONI DEMOKRATIK I SHQIPTAR\u00cbVE DEMOKRATSKA UNIJA ALBANACA THE DEMOCRATIC UNION OF ALBANIANS ULQIN, m\u00eb 24 dhjetor 2013 &nbsp; &nbsp; Kumtes\u00eb &nbsp; Me rastin e fest\u00ebs s\u00eb Krishtlindjeve , kryetari i Unionit Demokratik t\u00eb Shqiptar\u00ebve, z.Memed Zenka, n\u00eb em\u00ebr t\u00eb partis\u00eb dhe n\u00eb emrin e tij personal i p\u00ebrg\u00ebzon\u00a0 t\u00eb gjith\u00eb besimtar\u00ebt katolik, duke iu uruar [&hellip;]<\/p>\n","protected":false},"author":1,"featured_media":0,"comment_status":"closed","ping_status":"closed","sticky":false,"template":"","format":"standard","meta":{"spay_email":"","jetpack_publicize_message":"","jetpack_is_tweetstorm":false,"jetpack_publicize_feature_enabled":true},"categories":[8],"tags":[],"jetpack_publicize_connections":[],"yoast_head":"<!-- This site is optimized with the Yoast SEO plugin v19.1 - https:\/\/yoast.com\/wordpress\/plugins\/seo\/ -->\n<title>Urime Festat e Krishtlindjes - UDSH-ja - Lajme nga Ulqini<\/title>\n<meta name=\"description\" content=\"UNIONI DEMOKRATIK I SHQIPTAR\u00cbVE DEMOKRATSKA UNIJA ALBANACA THE DEMOCRATIC UNION OF ALBANIANS ULQIN, m\u00eb 24 dhjetor 2013 &nbsp; &nbsp; Kumtes\u00eb &nbsp; Me\" \/>\n<meta name=\"robots\" content=\"index, follow, max-snippet:-1, max-image-preview:large, max-video-preview:-1\" \/>\n<link rel=\"canonical\" href=\"https:\/\/www.visit-ulcinj.com\/blog\/2013\/12\/24\/urime-festat-e-krishtlindjes-udsh-ja\/\" \/>\n<meta property=\"og:locale\" content=\"en_US\" \/>\n<meta property=\"og:type\" content=\"article\" \/>\n<meta property=\"og:title\" content=\"Urime Festat e Krishtlindjes - UDSH-ja - Lajme nga Ulqini\" \/>\n<meta property=\"og:description\" content=\"UNIONI DEMOKRATIK I SHQIPTAR\u00cbVE DEMOKRATSKA UNIJA ALBANACA THE DEMOCRATIC UNION OF ALBANIANS ULQIN, m\u00eb 24 dhjetor 2013 &nbsp; &nbsp; Kumtes\u00eb &nbsp; Me\" \/>\n<meta property=\"og:url\" content=\"https:\/\/www.visit-ulcinj.com\/blog\/2013\/12\/24\/urime-festat-e-krishtlindjes-udsh-ja\/\" \/>\n<meta property=\"og:site_name\" content=\"Lajme nga Ulqini\" \/>\n<meta property=\"article:published_time\" content=\"2013-12-24T06:57:24+00:00\" \/>\n<meta property=\"article:modified_time\" content=\"2013-12-27T07:06:25+00:00\" \/>\n<meta property=\"og:image\" content=\"http:\/\/www.visit-ulcinj.com\/blog\/wp-content\/uploads\/2013\/12\/UDSH-logo.jpg\" \/>\n<meta name=\"twitter:label1\" content=\"Written by\" \/>\n\t<meta name=\"twitter:data1\" content=\"ulqini\" \/>\n\t<meta name=\"twitter:label2\" content=\"Est. reading time\" \/>\n\t<meta name=\"twitter:data2\" content=\"1 minute\" \/>\n<script type=\"application\/ld+json\" class=\"yoast-schema-graph\">{\"@context\":\"https:\/\/schema.org\",\"@graph\":[{\"@type\":\"WebSite\",\"@id\":\"https:\/\/www.visit-ulcinj.com\/blog\/#website\",\"url\":\"https:\/\/www.visit-ulcinj.com\/blog\/\",\"name\":\"Lajme nga Ulqini\",\"description\":\"Lajme,Vijesti,Ulqini,Ulqin,Crna Gora,Mali i Zi\",\"potentialAction\":[{\"@type\":\"SearchAction\",\"target\":{\"@type\":\"EntryPoint\",\"urlTemplate\":\"https:\/\/www.visit-ulcinj.com\/blog\/?s={search_term_string}\"},\"query-input\":\"required name=search_term_string\"}],\"inLanguage\":\"en-US\"},{\"@type\":\"ImageObject\",\"inLanguage\":\"en-US\",\"@id\":\"https:\/\/www.visit-ulcinj.com\/blog\/2013\/12\/24\/urime-festat-e-krishtlindjes-udsh-ja\/#primaryimage\",\"url\":\"https:\/\/www.visit-ulcinj.com\/blog\/wp-content\/uploads\/2013\/12\/UDSH-logo.jpg\",\"contentUrl\":\"https:\/\/www.visit-ulcinj.com\/blog\/wp-content\/uploads\/2013\/12\/UDSH-logo.jpg\",\"width\":960,\"height\":892},{\"@type\":\"WebPage\",\"@id\":\"https:\/\/www.visit-ulcinj.com\/blog\/2013\/12\/24\/urime-festat-e-krishtlindjes-udsh-ja\/#webpage\",\"url\":\"https:\/\/www.visit-ulcinj.com\/blog\/2013\/12\/24\/urime-festat-e-krishtlindjes-udsh-ja\/\",\"name\":\"Urime Festat e Krishtlindjes - UDSH-ja - Lajme nga Ulqini\",\"isPartOf\":{\"@id\":\"https:\/\/www.visit-ulcinj.com\/blog\/#website\"},\"primaryImageOfPage\":{\"@id\":\"https:\/\/www.visit-ulcinj.com\/blog\/2013\/12\/24\/urime-festat-e-krishtlindjes-udsh-ja\/#primaryimage\"},\"datePublished\":\"2013-12-24T06:57:24+00:00\",\"dateModified\":\"2013-12-27T07:06:25+00:00\",\"author\":{\"@id\":\"https:\/\/www.visit-ulcinj.com\/blog\/#\/schema\/person\/dcab619c614d3038751c63bc2aadc06d\"},\"description\":\"UNIONI DEMOKRATIK I SHQIPTAR\u00cbVE DEMOKRATSKA UNIJA ALBANACA THE DEMOCRATIC UNION OF ALBANIANS ULQIN, m\u00eb 24 dhjetor 2013 &nbsp; &nbsp; Kumtes\u00eb &nbsp; Me\",\"breadcrumb\":{\"@id\":\"https:\/\/www.visit-ulcinj.com\/blog\/2013\/12\/24\/urime-festat-e-krishtlindjes-udsh-ja\/#breadcrumb\"},\"inLanguage\":\"en-US\",\"potentialAction\":[{\"@type\":\"ReadAction\",\"target\":[\"https:\/\/www.visit-ulcinj.com\/blog\/2013\/12\/24\/urime-festat-e-krishtlindjes-udsh-ja\/\"]}]},{\"@type\":\"BreadcrumbList\",\"@id\":\"https:\/\/www.visit-ulcinj.com\/blog\/2013\/12\/24\/urime-festat-e-krishtlindjes-udsh-ja\/#breadcrumb\",\"itemListElement\":[{\"@type\":\"ListItem\",\"position\":1,\"name\":\"Urime Festat e Krishtlindjes &#8211; UDSH-ja\"}]},{\"@type\":\"Person\",\"@id\":\"https:\/\/www.visit-ulcinj.com\/blog\/#\/schema\/person\/dcab619c614d3038751c63bc2aadc06d\",\"name\":\"ulqini\",\"sameAs\":[\"http:\/\/www.visit-ulcinj.com\"],\"url\":\"https:\/\/www.visit-ulcinj.com\/blog\/author\/admin\/\"}]}<\/script>\n<!-- \/ Yoast SEO plugin. -->","yoast_head_json":{"title":"Urime Festat e Krishtlindjes - UDSH-ja - Lajme nga Ulqini","description":"UNIONI DEMOKRATIK I SHQIPTAR\u00cbVE DEMOKRATSKA UNIJA ALBANACA THE DEMOCRATIC UNION OF ALBANIANS ULQIN, m\u00eb 24 dhjetor 2013 &nbsp; &nbsp; Kumtes\u00eb &nbsp; Me","robots":{"index":"index","follow":"follow","max-snippet":"max-snippet:-1","max-image-preview":"max-image-preview:large","max-video-preview":"max-video-preview:-1"},"canonical":"https:\/\/www.visit-ulcinj.com\/blog\/2013\/12\/24\/urime-festat-e-krishtlindjes-udsh-ja\/","og_locale":"en_US","og_type":"article","og_title":"Urime Festat e Krishtlindjes - UDSH-ja - Lajme nga Ulqini","og_description":"UNIONI DEMOKRATIK I SHQIPTAR\u00cbVE DEMOKRATSKA UNIJA ALBANACA THE DEMOCRATIC UNION OF ALBANIANS ULQIN, m\u00eb 24 dhjetor 2013 &nbsp; &nbsp; Kumtes\u00eb &nbsp; Me","og_url":"https:\/\/www.visit-ulcinj.com\/blog\/2013\/12\/24\/urime-festat-e-krishtlindjes-udsh-ja\/","og_site_name":"Lajme nga Ulqini","article_published_time":"2013-12-24T06:57:24+00:00","article_modified_time":"2013-12-27T07:06:25+00:00","og_image":[{"url":"http:\/\/www.visit-ulcinj.com\/blog\/wp-content\/uploads\/2013\/12\/UDSH-logo.jpg"}],"twitter_misc":{"Written by":"ulqini","Est. reading time":"1 minute"},"schema":{"@context":"https:\/\/schema.org","@graph":[{"@type":"WebSite","@id":"https:\/\/www.visit-ulcinj.com\/blog\/#website","url":"https:\/\/www.visit-ulcinj.com\/blog\/","name":"Lajme nga Ulqini","description":"Lajme,Vijesti,Ulqini,Ulqin,Crna Gora,Mali i Zi","potentialAction":[{"@type":"SearchAction","target":{"@type":"EntryPoint","urlTemplate":"https:\/\/www.visit-ulcinj.com\/blog\/?s={search_term_string}"},"query-input":"required name=search_term_string"}],"inLanguage":"en-US"},{"@type":"ImageObject","inLanguage":"en-US","@id":"https:\/\/www.visit-ulcinj.com\/blog\/2013\/12\/24\/urime-festat-e-krishtlindjes-udsh-ja\/#primaryimage","url":"https:\/\/www.visit-ulcinj.com\/blog\/wp-content\/uploads\/2013\/12\/UDSH-logo.jpg","contentUrl":"https:\/\/www.visit-ulcinj.com\/blog\/wp-content\/uploads\/2013\/12\/UDSH-logo.jpg","width":960,"height":892},{"@type":"WebPage","@id":"https:\/\/www.visit-ulcinj.com\/blog\/2013\/12\/24\/urime-festat-e-krishtlindjes-udsh-ja\/#webpage","url":"https:\/\/www.visit-ulcinj.com\/blog\/2013\/12\/24\/urime-festat-e-krishtlindjes-udsh-ja\/","name":"Urime Festat e Krishtlindjes - UDSH-ja - Lajme nga Ulqini","isPartOf":{"@id":"https:\/\/www.visit-ulcinj.com\/blog\/#website"},"primaryImageOfPage":{"@id":"https:\/\/www.visit-ulcinj.com\/blog\/2013\/12\/24\/urime-festat-e-krishtlindjes-udsh-ja\/#primaryimage"},"datePublished":"2013-12-24T06:57:24+00:00","dateModified":"2013-12-27T07:06:25+00:00","author":{"@id":"https:\/\/www.visit-ulcinj.com\/blog\/#\/schema\/person\/dcab619c614d3038751c63bc2aadc06d"},"description":"UNIONI DEMOKRATIK I SHQIPTAR\u00cbVE DEMOKRATSKA UNIJA ALBANACA THE DEMOCRATIC UNION OF ALBANIANS ULQIN, m\u00eb 24 dhjetor 2013 &nbsp; &nbsp; Kumtes\u00eb &nbsp; Me","breadcrumb":{"@id":"https:\/\/www.visit-ulcinj.com\/blog\/2013\/12\/24\/urime-festat-e-krishtlindjes-udsh-ja\/#breadcrumb"},"inLanguage":"en-US","potentialAction":[{"@type":"ReadAction","target":["https:\/\/www.visit-ulcinj.com\/blog\/2013\/12\/24\/urime-festat-e-krishtlindjes-udsh-ja\/"]}]},{"@type":"BreadcrumbList","@id":"https:\/\/www.visit-ulcinj.com\/blog\/2013\/12\/24\/urime-festat-e-krishtlindjes-udsh-ja\/#breadcrumb","itemListElement":[{"@type":"ListItem","position":1,"name":"Urime Festat e Krishtlindjes &#8211; UDSH-ja"}]},{"@type":"Person","@id":"https:\/\/www.visit-ulcinj.com\/blog\/#\/schema\/person\/dcab619c614d3038751c63bc2aadc06d","name":"ulqini","sameAs":["http:\/\/www.visit-ulcinj.com"],"url":"https:\/\/www.visit-ulcinj.com\/blog\/author\/admin\/"}]}},"jetpack_featured_media_url":"","jetpack_sharing_enabled":true,"jetpack_shortlink":"https:\/\/wp.me\/pe6lTn-k9R","_links":{"self":[{"href":"https:\/\/www.visit-ulcinj.com\/blog\/wp-json\/wp\/v2\/posts\/77491"}],"collection":[{"href":"https:\/\/www.visit-ulcinj.com\/blog\/wp-json\/wp\/v2\/posts"}],"about":[{"href":"https:\/\/www.visit-ulcinj.com\/blog\/wp-json\/wp\/v2\/types\/post"}],"author":[{"embeddable":true,"href":"https:\/\/www.visit-ulcinj.com\/blog\/wp-json\/wp\/v2\/users\/1"}],"replies":[{"embeddable":true,"href":"https:\/\/www.visit-ulcinj.com\/blog\/wp-json\/wp\/v2\/comments?post=77491"}],"version-history":[{"count":4,"href":"https:\/\/www.visit-ulcinj.com\/blog\/wp-json\/wp\/v2\/posts\/77491\/revisions"}],"predecessor-version":[{"id":77613,"href":"https:\/\/www.visit-ulcinj.com\/blog\/wp-json\/wp\/v2\/posts\/77491\/revisions\/77613"}],"wp:attachment":[{"href":"https:\/\/www.visit-ulcinj.com\/blog\/wp-json\/wp\/v2\/media?parent=77491"}],"wp:term":[{"taxonomy":"category","embeddable":true,"href":"https:\/\/www.visit-ulcinj.com\/blog\/wp-json\/wp\/v2\/categories?post=77491"},{"taxonomy":"post_tag","embeddable":true,"href":"https:\/\/www.visit-ulcinj.com\/blog\/wp-json\/wp\/v2\/tags?post=77491"}],"curies":[{"name":"wp","href":"https:\/\/api.w.org\/{rel}","templated":true}]}}