{"id":77523,"date":"2013-12-24T14:58:28","date_gmt":"2013-12-24T13:58:28","guid":{"rendered":"http:\/\/www.visit-ulcinj.com\/blog\/?p=77523"},"modified":"2013-12-27T08:05:40","modified_gmt":"2013-12-27T07:05:40","slug":"komuna-ulqinit-gezuar-krishtlindjet","status":"publish","type":"post","link":"https:\/\/www.visit-ulcinj.com\/blog\/2013\/12\/24\/komuna-ulqinit-gezuar-krishtlindjet\/","title":{"rendered":"Komuna Ulqinit &#8211; G\u00ebzuar Krishtlindjet"},"content":{"rendered":"<p><a href=\"http:\/\/www.visit-ulcinj.com\/blog\/wp-content\/uploads\/2013\/12\/gezuarkrishtlindjet-ulqini.jpg\"><img loading=\"lazy\" class=\"alignleft  wp-image-77524\" alt=\"gezuarkrishtlindjet-ulqini\" src=\"http:\/\/www.visit-ulcinj.com\/blog\/wp-content\/uploads\/2013\/12\/gezuarkrishtlindjet-ulqini.jpg\" width=\"508\" height=\"400\" \/><\/a>M\u00eb lejoni q\u00eb n\u00eb emrin tim personal dhe n\u00eb em\u00ebr t\u00eb Komun\u00ebs s\u00eb Ulqinit, t\u00eb gjith\u00eb besimtar\u00ebve krishter\u00eb tju uroj fest\u00ebn e Krishtlindjes.<\/p>\n<p>Kjo fest\u00eb e shenjt\u00eb \u00ebsht\u00eb simbol i fuqish\u00ebm i Rilindjes s\u00eb besimit n\u00eb ideale madhore, i p\u00ebrkushtimit ndaj vlerave shpirt\u00ebrore, i thellimit t\u00eb dashuris\u00eb ndaj nj\u00ebri \u2013 tjetrit.<\/p>\n<p>Le t\u00eb jet\u00eb ky edhe nj\u00eb rast p\u00ebr t\u00eb shpalosur ndjenjat e dashuris\u00eb, t\u00eb respektit, t\u00eb harmonis\u00eb dhe t\u00eb vullnetit t\u00eb qytetar\u00ebve tan\u00eb p\u00ebr t\u00eb sjell\u00eb edhe m\u00eb shum\u00eb lumturi, paqe dhe mbar\u00ebsi n\u00eb familjet tuaja.<\/p>\n<p>Me d\u00ebshirat m\u00eb t\u00eb sinqerta p\u00ebr m\u00eb shum\u00eb mir\u00ebsi, dashuri e mir\u00ebqenie, bashk\u00ebqytetar\u00ebve t\u00eb konfesionit katolik ju uroj Krishtlindjet.<\/p>\n<p>Urime!<\/p>\n<p>&nbsp;<\/p>\n<p><strong>Kryetari i Komun\u00ebs<\/strong><\/p>\n<p><strong>Nazif Cungu<\/strong><\/p>\n","protected":false},"excerpt":{"rendered":"<p>M\u00eb lejoni q\u00eb n\u00eb emrin tim personal dhe n\u00eb em\u00ebr t\u00eb Komun\u00ebs s\u00eb Ulqinit, t\u00eb gjith\u00eb besimtar\u00ebve krishter\u00eb tju uroj fest\u00ebn e Krishtlindjes. Kjo fest\u00eb e shenjt\u00eb \u00ebsht\u00eb simbol i fuqish\u00ebm i Rilindjes s\u00eb besimit n\u00eb ideale madhore, i p\u00ebrkushtimit ndaj vlerave shpirt\u00ebrore, i thellimit t\u00eb dashuris\u00eb ndaj nj\u00ebri \u2013 tjetrit. Le t\u00eb jet\u00eb ky [&hellip;]<\/p>\n","protected":false},"author":1,"featured_media":0,"comment_status":"closed","ping_status":"closed","sticky":false,"template":"","format":"standard","meta":{"spay_email":"","jetpack_publicize_message":"","jetpack_is_tweetstorm":false,"jetpack_publicize_feature_enabled":true},"categories":[8],"tags":[],"jetpack_publicize_connections":[],"yoast_head":"<!-- This site is optimized with the Yoast SEO plugin v19.1 - https:\/\/yoast.com\/wordpress\/plugins\/seo\/ -->\n<title>Komuna Ulqinit - G\u00ebzuar Krishtlindjet - Lajme nga Ulqini<\/title>\n<meta name=\"description\" content=\"M\u00eb lejoni q\u00eb n\u00eb emrin tim personal dhe n\u00eb em\u00ebr t\u00eb Komun\u00ebs s\u00eb Ulqinit, t\u00eb gjith\u00eb besimtar\u00ebve krishter\u00eb tju uroj fest\u00ebn e Krishtlindjes. Kjo fest\u00eb e shenjt\u00eb\" \/>\n<meta name=\"robots\" content=\"index, follow, max-snippet:-1, max-image-preview:large, max-video-preview:-1\" \/>\n<link rel=\"canonical\" href=\"https:\/\/www.visit-ulcinj.com\/blog\/2013\/12\/24\/komuna-ulqinit-gezuar-krishtlindjet\/\" \/>\n<meta property=\"og:locale\" content=\"en_US\" \/>\n<meta property=\"og:type\" content=\"article\" \/>\n<meta property=\"og:title\" content=\"Komuna Ulqinit - G\u00ebzuar Krishtlindjet - Lajme nga Ulqini\" \/>\n<meta property=\"og:description\" content=\"M\u00eb lejoni q\u00eb n\u00eb emrin tim personal dhe n\u00eb em\u00ebr t\u00eb Komun\u00ebs s\u00eb Ulqinit, t\u00eb gjith\u00eb besimtar\u00ebve krishter\u00eb tju uroj fest\u00ebn e Krishtlindjes. Kjo fest\u00eb e shenjt\u00eb\" \/>\n<meta property=\"og:url\" content=\"https:\/\/www.visit-ulcinj.com\/blog\/2013\/12\/24\/komuna-ulqinit-gezuar-krishtlindjet\/\" \/>\n<meta property=\"og:site_name\" content=\"Lajme nga Ulqini\" \/>\n<meta property=\"article:published_time\" content=\"2013-12-24T13:58:28+00:00\" \/>\n<meta property=\"article:modified_time\" content=\"2013-12-27T07:05:40+00:00\" \/>\n<meta property=\"og:image\" content=\"http:\/\/www.visit-ulcinj.com\/blog\/wp-content\/uploads\/2013\/12\/gezuarkrishtlindjet-ulqini.jpg\" \/>\n<meta name=\"twitter:label1\" content=\"Written by\" \/>\n\t<meta name=\"twitter:data1\" content=\"ulqini\" \/>\n\t<meta name=\"twitter:label2\" content=\"Est. reading time\" \/>\n\t<meta name=\"twitter:data2\" content=\"1 minute\" \/>\n<script type=\"application\/ld+json\" class=\"yoast-schema-graph\">{\"@context\":\"https:\/\/schema.org\",\"@graph\":[{\"@type\":\"WebSite\",\"@id\":\"https:\/\/www.visit-ulcinj.com\/blog\/#website\",\"url\":\"https:\/\/www.visit-ulcinj.com\/blog\/\",\"name\":\"Lajme nga Ulqini\",\"description\":\"Lajme,Vijesti,Ulqini,Ulqin,Crna Gora,Mali i Zi\",\"potentialAction\":[{\"@type\":\"SearchAction\",\"target\":{\"@type\":\"EntryPoint\",\"urlTemplate\":\"https:\/\/www.visit-ulcinj.com\/blog\/?s={search_term_string}\"},\"query-input\":\"required name=search_term_string\"}],\"inLanguage\":\"en-US\"},{\"@type\":\"ImageObject\",\"inLanguage\":\"en-US\",\"@id\":\"https:\/\/www.visit-ulcinj.com\/blog\/2013\/12\/24\/komuna-ulqinit-gezuar-krishtlindjet\/#primaryimage\",\"url\":\"https:\/\/www.visit-ulcinj.com\/blog\/wp-content\/uploads\/2013\/12\/gezuarkrishtlindjet-ulqini.jpg\",\"contentUrl\":\"https:\/\/www.visit-ulcinj.com\/blog\/wp-content\/uploads\/2013\/12\/gezuarkrishtlindjet-ulqini.jpg\",\"width\":488,\"height\":499},{\"@type\":\"WebPage\",\"@id\":\"https:\/\/www.visit-ulcinj.com\/blog\/2013\/12\/24\/komuna-ulqinit-gezuar-krishtlindjet\/#webpage\",\"url\":\"https:\/\/www.visit-ulcinj.com\/blog\/2013\/12\/24\/komuna-ulqinit-gezuar-krishtlindjet\/\",\"name\":\"Komuna Ulqinit - G\u00ebzuar Krishtlindjet - Lajme nga Ulqini\",\"isPartOf\":{\"@id\":\"https:\/\/www.visit-ulcinj.com\/blog\/#website\"},\"primaryImageOfPage\":{\"@id\":\"https:\/\/www.visit-ulcinj.com\/blog\/2013\/12\/24\/komuna-ulqinit-gezuar-krishtlindjet\/#primaryimage\"},\"datePublished\":\"2013-12-24T13:58:28+00:00\",\"dateModified\":\"2013-12-27T07:05:40+00:00\",\"author\":{\"@id\":\"https:\/\/www.visit-ulcinj.com\/blog\/#\/schema\/person\/dcab619c614d3038751c63bc2aadc06d\"},\"description\":\"M\u00eb lejoni q\u00eb n\u00eb emrin tim personal dhe n\u00eb em\u00ebr t\u00eb Komun\u00ebs s\u00eb Ulqinit, t\u00eb gjith\u00eb besimtar\u00ebve krishter\u00eb tju uroj fest\u00ebn e Krishtlindjes. Kjo fest\u00eb e shenjt\u00eb\",\"breadcrumb\":{\"@id\":\"https:\/\/www.visit-ulcinj.com\/blog\/2013\/12\/24\/komuna-ulqinit-gezuar-krishtlindjet\/#breadcrumb\"},\"inLanguage\":\"en-US\",\"potentialAction\":[{\"@type\":\"ReadAction\",\"target\":[\"https:\/\/www.visit-ulcinj.com\/blog\/2013\/12\/24\/komuna-ulqinit-gezuar-krishtlindjet\/\"]}]},{\"@type\":\"BreadcrumbList\",\"@id\":\"https:\/\/www.visit-ulcinj.com\/blog\/2013\/12\/24\/komuna-ulqinit-gezuar-krishtlindjet\/#breadcrumb\",\"itemListElement\":[{\"@type\":\"ListItem\",\"position\":1,\"name\":\"Komuna Ulqinit &#8211; G\u00ebzuar Krishtlindjet\"}]},{\"@type\":\"Person\",\"@id\":\"https:\/\/www.visit-ulcinj.com\/blog\/#\/schema\/person\/dcab619c614d3038751c63bc2aadc06d\",\"name\":\"ulqini\",\"sameAs\":[\"http:\/\/www.visit-ulcinj.com\"],\"url\":\"https:\/\/www.visit-ulcinj.com\/blog\/author\/admin\/\"}]}<\/script>\n<!-- \/ Yoast SEO plugin. -->","yoast_head_json":{"title":"Komuna Ulqinit - G\u00ebzuar Krishtlindjet - Lajme nga Ulqini","description":"M\u00eb lejoni q\u00eb n\u00eb emrin tim personal dhe n\u00eb em\u00ebr t\u00eb Komun\u00ebs s\u00eb Ulqinit, t\u00eb gjith\u00eb besimtar\u00ebve krishter\u00eb tju uroj fest\u00ebn e Krishtlindjes. Kjo fest\u00eb e shenjt\u00eb","robots":{"index":"index","follow":"follow","max-snippet":"max-snippet:-1","max-image-preview":"max-image-preview:large","max-video-preview":"max-video-preview:-1"},"canonical":"https:\/\/www.visit-ulcinj.com\/blog\/2013\/12\/24\/komuna-ulqinit-gezuar-krishtlindjet\/","og_locale":"en_US","og_type":"article","og_title":"Komuna Ulqinit - G\u00ebzuar Krishtlindjet - Lajme nga Ulqini","og_description":"M\u00eb lejoni q\u00eb n\u00eb emrin tim personal dhe n\u00eb em\u00ebr t\u00eb Komun\u00ebs s\u00eb Ulqinit, t\u00eb gjith\u00eb besimtar\u00ebve krishter\u00eb tju uroj fest\u00ebn e Krishtlindjes. Kjo fest\u00eb e shenjt\u00eb","og_url":"https:\/\/www.visit-ulcinj.com\/blog\/2013\/12\/24\/komuna-ulqinit-gezuar-krishtlindjet\/","og_site_name":"Lajme nga Ulqini","article_published_time":"2013-12-24T13:58:28+00:00","article_modified_time":"2013-12-27T07:05:40+00:00","og_image":[{"url":"http:\/\/www.visit-ulcinj.com\/blog\/wp-content\/uploads\/2013\/12\/gezuarkrishtlindjet-ulqini.jpg"}],"twitter_misc":{"Written by":"ulqini","Est. reading time":"1 minute"},"schema":{"@context":"https:\/\/schema.org","@graph":[{"@type":"WebSite","@id":"https:\/\/www.visit-ulcinj.com\/blog\/#website","url":"https:\/\/www.visit-ulcinj.com\/blog\/","name":"Lajme nga Ulqini","description":"Lajme,Vijesti,Ulqini,Ulqin,Crna Gora,Mali i Zi","potentialAction":[{"@type":"SearchAction","target":{"@type":"EntryPoint","urlTemplate":"https:\/\/www.visit-ulcinj.com\/blog\/?s={search_term_string}"},"query-input":"required name=search_term_string"}],"inLanguage":"en-US"},{"@type":"ImageObject","inLanguage":"en-US","@id":"https:\/\/www.visit-ulcinj.com\/blog\/2013\/12\/24\/komuna-ulqinit-gezuar-krishtlindjet\/#primaryimage","url":"https:\/\/www.visit-ulcinj.com\/blog\/wp-content\/uploads\/2013\/12\/gezuarkrishtlindjet-ulqini.jpg","contentUrl":"https:\/\/www.visit-ulcinj.com\/blog\/wp-content\/uploads\/2013\/12\/gezuarkrishtlindjet-ulqini.jpg","width":488,"height":499},{"@type":"WebPage","@id":"https:\/\/www.visit-ulcinj.com\/blog\/2013\/12\/24\/komuna-ulqinit-gezuar-krishtlindjet\/#webpage","url":"https:\/\/www.visit-ulcinj.com\/blog\/2013\/12\/24\/komuna-ulqinit-gezuar-krishtlindjet\/","name":"Komuna Ulqinit - G\u00ebzuar Krishtlindjet - Lajme nga Ulqini","isPartOf":{"@id":"https:\/\/www.visit-ulcinj.com\/blog\/#website"},"primaryImageOfPage":{"@id":"https:\/\/www.visit-ulcinj.com\/blog\/2013\/12\/24\/komuna-ulqinit-gezuar-krishtlindjet\/#primaryimage"},"datePublished":"2013-12-24T13:58:28+00:00","dateModified":"2013-12-27T07:05:40+00:00","author":{"@id":"https:\/\/www.visit-ulcinj.com\/blog\/#\/schema\/person\/dcab619c614d3038751c63bc2aadc06d"},"description":"M\u00eb lejoni q\u00eb n\u00eb emrin tim personal dhe n\u00eb em\u00ebr t\u00eb Komun\u00ebs s\u00eb Ulqinit, t\u00eb gjith\u00eb besimtar\u00ebve krishter\u00eb tju uroj fest\u00ebn e Krishtlindjes. Kjo fest\u00eb e shenjt\u00eb","breadcrumb":{"@id":"https:\/\/www.visit-ulcinj.com\/blog\/2013\/12\/24\/komuna-ulqinit-gezuar-krishtlindjet\/#breadcrumb"},"inLanguage":"en-US","potentialAction":[{"@type":"ReadAction","target":["https:\/\/www.visit-ulcinj.com\/blog\/2013\/12\/24\/komuna-ulqinit-gezuar-krishtlindjet\/"]}]},{"@type":"BreadcrumbList","@id":"https:\/\/www.visit-ulcinj.com\/blog\/2013\/12\/24\/komuna-ulqinit-gezuar-krishtlindjet\/#breadcrumb","itemListElement":[{"@type":"ListItem","position":1,"name":"Komuna Ulqinit &#8211; G\u00ebzuar Krishtlindjet"}]},{"@type":"Person","@id":"https:\/\/www.visit-ulcinj.com\/blog\/#\/schema\/person\/dcab619c614d3038751c63bc2aadc06d","name":"ulqini","sameAs":["http:\/\/www.visit-ulcinj.com"],"url":"https:\/\/www.visit-ulcinj.com\/blog\/author\/admin\/"}]}},"jetpack_featured_media_url":"","jetpack_sharing_enabled":true,"jetpack_shortlink":"https:\/\/wp.me\/pe6lTn-kan","_links":{"self":[{"href":"https:\/\/www.visit-ulcinj.com\/blog\/wp-json\/wp\/v2\/posts\/77523"}],"collection":[{"href":"https:\/\/www.visit-ulcinj.com\/blog\/wp-json\/wp\/v2\/posts"}],"about":[{"href":"https:\/\/www.visit-ulcinj.com\/blog\/wp-json\/wp\/v2\/types\/post"}],"author":[{"embeddable":true,"href":"https:\/\/www.visit-ulcinj.com\/blog\/wp-json\/wp\/v2\/users\/1"}],"replies":[{"embeddable":true,"href":"https:\/\/www.visit-ulcinj.com\/blog\/wp-json\/wp\/v2\/comments?post=77523"}],"version-history":[{"count":2,"href":"https:\/\/www.visit-ulcinj.com\/blog\/wp-json\/wp\/v2\/posts\/77523\/revisions"}],"predecessor-version":[{"id":77526,"href":"https:\/\/www.visit-ulcinj.com\/blog\/wp-json\/wp\/v2\/posts\/77523\/revisions\/77526"}],"wp:attachment":[{"href":"https:\/\/www.visit-ulcinj.com\/blog\/wp-json\/wp\/v2\/media?parent=77523"}],"wp:term":[{"taxonomy":"category","embeddable":true,"href":"https:\/\/www.visit-ulcinj.com\/blog\/wp-json\/wp\/v2\/categories?post=77523"},{"taxonomy":"post_tag","embeddable":true,"href":"https:\/\/www.visit-ulcinj.com\/blog\/wp-json\/wp\/v2\/tags?post=77523"}],"curies":[{"name":"wp","href":"https:\/\/api.w.org\/{rel}","templated":true}]}}