{"id":77527,"date":"2013-12-24T15:28:05","date_gmt":"2013-12-24T14:28:05","guid":{"rendered":"http:\/\/www.visit-ulcinj.com\/blog\/?p=77527"},"modified":"2013-12-24T15:28:05","modified_gmt":"2013-12-24T14:28:05","slug":"nika-varri-balozit-te-detit-duhet-te-jete-ne-ane-te-malit","status":"publish","type":"post","link":"https:\/\/www.visit-ulcinj.com\/blog\/2013\/12\/24\/nika-varri-balozit-te-detit-duhet-te-jete-ne-ane-te-malit\/","title":{"rendered":"Nika: Varri i Balozit t\u00eb detit duhet t\u00eb jet\u00eb n\u00eb An\u00eb t\u00eb Malit"},"content":{"rendered":"<p><b><i><a href=\"http:\/\/www.visit-ulcinj.com\/blog\/wp-content\/uploads\/2013\/12\/bajloziizivsgjergjelezalia.gif\"><img loading=\"lazy\" class=\"alignleft  wp-image-77528\" alt=\"bajloziizivsgjergjelezalia\" src=\"http:\/\/www.visit-ulcinj.com\/blog\/wp-content\/uploads\/2013\/12\/bajloziizivsgjergjelezalia.gif\" width=\"508\" height=\"360\" \/><\/a>Shkruan Muhamet Nika<\/i><\/b><\/p>\n<p>Ballafaqimi me kulturat e tjer\u00ebve n\u00eb l\u00ebmin e studimeve folklorike ka nxjerr\u00eb n\u00eb pah narcizmin nacional gjat\u00eb studimit. Andaj duke e \u00e7muar k\u00ebt\u00eb si pun\u00eb t\u00eb d\u00ebmshme p\u00ebr shkenc\u00ebn\u00a0 themi se trajtimi real \u00ebsht\u00eb pun\u00eb m\u00eb me mend. Ne k\u00ebtu do t\u00eb trajtojm\u00eb nj\u00eb problem ashtu si paraqitet n\u00eb fotografin\u00eb reale t\u00eb ngjarjeve . Pa marr\u00eb para sysh at\u00eb se dikujt mund \u00a0t\u00eb mos i p\u00eblqej ky trajtim \u00a0dhe t\u2019i duket narcizoiz\u00ebm&#8230;<\/p>\n<p><b><i><span style=\"text-decoration: underline;\">Bajlozi apo balozi, figur\u00eb e rapsodive popullore shqiptare; p\u00ebrfytyrohej si nj\u00eb vigan, i cili vinte nga deti dhe b\u00ebnte t\u00eb k\u00ebqija. Fillimisht fjala ka patur kuptimin e ambasadorit. Ngandonj\u00ebher\u00eb ngat\u00ebrrohet me Arapin a Harapin<\/span><\/i><\/b><b><i>. <\/i><\/b><\/p>\n<p>Duke i u kthyer problemit t\u00eb heroit Ana Malas, zbuloj k\u00ebtu nj\u00eb rr\u00ebfim- legjend\u00eb vendase tep\u00ebr interesante,q\u00eb cek\u00ebm e \u00a0q\u00eb thot\u00eb se\u00a0 edhe varri i bajlozit t\u00eb detit, q\u00eb njihet n\u00eb k\u00ebng\u00ebt legjendare shqiptare,\u00a0 besohet\u00a0 t\u00eb jet\u00eb\u00a0 n\u00eb An\u00eb t\u00eb Malit. K\u00ebnga , bajlozin, e njeh me emrin \u2013 HARAPI I ZI, me q\u00eb p\u00ebr bajlozin\u00a0 fol\u00ebm m\u00eb her\u00ebt, k\u00ebtu do shk\u00ebputur vargjet e k\u00ebng\u00ebs:<\/p>\n<p>HARAPI\u00a0 N\u2019AN\u00cb T\u00cb MALIT\/ <b><i>Nji harap qi paska dal \/ shum hara\u00e7 n\u2019popull me marr\/&#8230;&#8230;&#8230;Pak nen majen e Selmanit\/ met harapi n\u2019fush tmejdanit\/\u00a0 met harapi ne ket ven-Bojk Kosiq e me gjith Mill\/ Nji ket vend te gjith e din\/ ka do tjer qe e din ma\/ Harapi vorrin ku e ka\/ e dijn gjith prej nji kti shpatit\/ ku thirret\u00a0 : \u201eVORRI HARAPIT\u201c\/ ktu asht shkru me gjak te ti\/ Ven i shejt me shum ransi\/ Ana Malit viton n\u2019 mejdan\/ e nStamoll- o nami shkan&#8230;<\/i><\/b><\/p>\n<p><b><i>\u00a0K\u010dnga u mblodh, nga\u00a0 Shaban Osmanaj dhe botoi Artclub.<\/i><\/b><\/p>\n<p><b><i>\u00a0<\/i><\/b><br \/>\n<!--Dailymotion error: bad or missing ID--><\/p>\n","protected":false},"excerpt":{"rendered":"<p>Shkruan Muhamet Nika Ballafaqimi me kulturat e tjer\u00ebve n\u00eb l\u00ebmin e studimeve folklorike ka nxjerr\u00eb n\u00eb pah narcizmin nacional gjat\u00eb studimit. Andaj duke e \u00e7muar k\u00ebt\u00eb si pun\u00eb t\u00eb d\u00ebmshme p\u00ebr shkenc\u00ebn\u00a0 themi se trajtimi real \u00ebsht\u00eb pun\u00eb m\u00eb me mend. Ne k\u00ebtu do t\u00eb trajtojm\u00eb nj\u00eb problem ashtu si paraqitet n\u00eb fotografin\u00eb reale t\u00eb [&hellip;]<\/p>\n","protected":false},"author":1,"featured_media":0,"comment_status":"closed","ping_status":"closed","sticky":false,"template":"","format":"standard","meta":{"spay_email":"","jetpack_publicize_message":"","jetpack_is_tweetstorm":false,"jetpack_publicize_feature_enabled":true},"categories":[14249],"tags":[],"jetpack_publicize_connections":[],"yoast_head":"<!-- This site is optimized with the Yoast SEO plugin v19.1 - https:\/\/yoast.com\/wordpress\/plugins\/seo\/ -->\n<title>Nika: Varri i Balozit t\u00eb detit duhet t\u00eb jet\u00eb n\u00eb An\u00eb t\u00eb Malit - Lajme nga Ulqini<\/title>\n<meta name=\"description\" content=\"Shkruan Muhamet Nika Ballafaqimi me kulturat e tjer\u00ebve n\u00eb l\u00ebmin e studimeve folklorike ka nxjerr\u00eb n\u00eb pah narcizmin nacional gjat\u00eb studimit. Andaj duke e\" \/>\n<meta name=\"robots\" content=\"index, follow, max-snippet:-1, max-image-preview:large, max-video-preview:-1\" \/>\n<link rel=\"canonical\" href=\"https:\/\/www.visit-ulcinj.com\/blog\/2013\/12\/24\/nika-varri-balozit-te-detit-duhet-te-jete-ne-ane-te-malit\/\" \/>\n<meta property=\"og:locale\" content=\"en_US\" \/>\n<meta property=\"og:type\" content=\"article\" \/>\n<meta property=\"og:title\" content=\"Nika: Varri i Balozit t\u00eb detit duhet t\u00eb jet\u00eb n\u00eb An\u00eb t\u00eb Malit - Lajme nga Ulqini\" \/>\n<meta property=\"og:description\" content=\"Shkruan Muhamet Nika Ballafaqimi me kulturat e tjer\u00ebve n\u00eb l\u00ebmin e studimeve folklorike ka nxjerr\u00eb n\u00eb pah narcizmin nacional gjat\u00eb studimit. Andaj duke e\" \/>\n<meta property=\"og:url\" content=\"https:\/\/www.visit-ulcinj.com\/blog\/2013\/12\/24\/nika-varri-balozit-te-detit-duhet-te-jete-ne-ane-te-malit\/\" \/>\n<meta property=\"og:site_name\" content=\"Lajme nga Ulqini\" \/>\n<meta property=\"article:published_time\" content=\"2013-12-24T14:28:05+00:00\" \/>\n<meta property=\"og:image\" content=\"http:\/\/www.visit-ulcinj.com\/blog\/wp-content\/uploads\/2013\/12\/bajloziizivsgjergjelezalia.gif\" \/>\n<meta name=\"twitter:label1\" content=\"Written by\" \/>\n\t<meta name=\"twitter:data1\" content=\"ulqini\" \/>\n\t<meta name=\"twitter:label2\" content=\"Est. reading time\" \/>\n\t<meta name=\"twitter:data2\" content=\"2 minutes\" \/>\n<script type=\"application\/ld+json\" class=\"yoast-schema-graph\">{\"@context\":\"https:\/\/schema.org\",\"@graph\":[{\"@type\":\"WebSite\",\"@id\":\"https:\/\/www.visit-ulcinj.com\/blog\/#website\",\"url\":\"https:\/\/www.visit-ulcinj.com\/blog\/\",\"name\":\"Lajme nga Ulqini\",\"description\":\"Lajme,Vijesti,Ulqini,Ulqin,Crna Gora,Mali i Zi\",\"potentialAction\":[{\"@type\":\"SearchAction\",\"target\":{\"@type\":\"EntryPoint\",\"urlTemplate\":\"https:\/\/www.visit-ulcinj.com\/blog\/?s={search_term_string}\"},\"query-input\":\"required name=search_term_string\"}],\"inLanguage\":\"en-US\"},{\"@type\":\"ImageObject\",\"inLanguage\":\"en-US\",\"@id\":\"https:\/\/www.visit-ulcinj.com\/blog\/2013\/12\/24\/nika-varri-balozit-te-detit-duhet-te-jete-ne-ane-te-malit\/#primaryimage\",\"url\":\"https:\/\/www.visit-ulcinj.com\/blog\/wp-content\/uploads\/2013\/12\/bajloziizivsgjergjelezalia.gif\",\"contentUrl\":\"https:\/\/www.visit-ulcinj.com\/blog\/wp-content\/uploads\/2013\/12\/bajloziizivsgjergjelezalia.gif\",\"width\":805,\"height\":568},{\"@type\":\"WebPage\",\"@id\":\"https:\/\/www.visit-ulcinj.com\/blog\/2013\/12\/24\/nika-varri-balozit-te-detit-duhet-te-jete-ne-ane-te-malit\/#webpage\",\"url\":\"https:\/\/www.visit-ulcinj.com\/blog\/2013\/12\/24\/nika-varri-balozit-te-detit-duhet-te-jete-ne-ane-te-malit\/\",\"name\":\"Nika: Varri i Balozit t\u00eb detit duhet t\u00eb jet\u00eb n\u00eb An\u00eb t\u00eb Malit - Lajme nga Ulqini\",\"isPartOf\":{\"@id\":\"https:\/\/www.visit-ulcinj.com\/blog\/#website\"},\"primaryImageOfPage\":{\"@id\":\"https:\/\/www.visit-ulcinj.com\/blog\/2013\/12\/24\/nika-varri-balozit-te-detit-duhet-te-jete-ne-ane-te-malit\/#primaryimage\"},\"datePublished\":\"2013-12-24T14:28:05+00:00\",\"dateModified\":\"2013-12-24T14:28:05+00:00\",\"author\":{\"@id\":\"https:\/\/www.visit-ulcinj.com\/blog\/#\/schema\/person\/dcab619c614d3038751c63bc2aadc06d\"},\"description\":\"Shkruan Muhamet Nika Ballafaqimi me kulturat e tjer\u00ebve n\u00eb l\u00ebmin e studimeve folklorike ka nxjerr\u00eb n\u00eb pah narcizmin nacional gjat\u00eb studimit. Andaj duke e\",\"breadcrumb\":{\"@id\":\"https:\/\/www.visit-ulcinj.com\/blog\/2013\/12\/24\/nika-varri-balozit-te-detit-duhet-te-jete-ne-ane-te-malit\/#breadcrumb\"},\"inLanguage\":\"en-US\",\"potentialAction\":[{\"@type\":\"ReadAction\",\"target\":[\"https:\/\/www.visit-ulcinj.com\/blog\/2013\/12\/24\/nika-varri-balozit-te-detit-duhet-te-jete-ne-ane-te-malit\/\"]}]},{\"@type\":\"BreadcrumbList\",\"@id\":\"https:\/\/www.visit-ulcinj.com\/blog\/2013\/12\/24\/nika-varri-balozit-te-detit-duhet-te-jete-ne-ane-te-malit\/#breadcrumb\",\"itemListElement\":[{\"@type\":\"ListItem\",\"position\":1,\"name\":\"Nika: Varri i Balozit t\u00eb detit duhet t\u00eb jet\u00eb n\u00eb An\u00eb t\u00eb Malit\"}]},{\"@type\":\"Person\",\"@id\":\"https:\/\/www.visit-ulcinj.com\/blog\/#\/schema\/person\/dcab619c614d3038751c63bc2aadc06d\",\"name\":\"ulqini\",\"sameAs\":[\"http:\/\/www.visit-ulcinj.com\"],\"url\":\"https:\/\/www.visit-ulcinj.com\/blog\/author\/admin\/\"}]}<\/script>\n<!-- \/ Yoast SEO plugin. -->","yoast_head_json":{"title":"Nika: Varri i Balozit t\u00eb detit duhet t\u00eb jet\u00eb n\u00eb An\u00eb t\u00eb Malit - Lajme nga Ulqini","description":"Shkruan Muhamet Nika Ballafaqimi me kulturat e tjer\u00ebve n\u00eb l\u00ebmin e studimeve folklorike ka nxjerr\u00eb n\u00eb pah narcizmin nacional gjat\u00eb studimit. Andaj duke e","robots":{"index":"index","follow":"follow","max-snippet":"max-snippet:-1","max-image-preview":"max-image-preview:large","max-video-preview":"max-video-preview:-1"},"canonical":"https:\/\/www.visit-ulcinj.com\/blog\/2013\/12\/24\/nika-varri-balozit-te-detit-duhet-te-jete-ne-ane-te-malit\/","og_locale":"en_US","og_type":"article","og_title":"Nika: Varri i Balozit t\u00eb detit duhet t\u00eb jet\u00eb n\u00eb An\u00eb t\u00eb Malit - Lajme nga Ulqini","og_description":"Shkruan Muhamet Nika Ballafaqimi me kulturat e tjer\u00ebve n\u00eb l\u00ebmin e studimeve folklorike ka nxjerr\u00eb n\u00eb pah narcizmin nacional gjat\u00eb studimit. Andaj duke e","og_url":"https:\/\/www.visit-ulcinj.com\/blog\/2013\/12\/24\/nika-varri-balozit-te-detit-duhet-te-jete-ne-ane-te-malit\/","og_site_name":"Lajme nga Ulqini","article_published_time":"2013-12-24T14:28:05+00:00","og_image":[{"url":"http:\/\/www.visit-ulcinj.com\/blog\/wp-content\/uploads\/2013\/12\/bajloziizivsgjergjelezalia.gif"}],"twitter_misc":{"Written by":"ulqini","Est. reading time":"2 minutes"},"schema":{"@context":"https:\/\/schema.org","@graph":[{"@type":"WebSite","@id":"https:\/\/www.visit-ulcinj.com\/blog\/#website","url":"https:\/\/www.visit-ulcinj.com\/blog\/","name":"Lajme nga Ulqini","description":"Lajme,Vijesti,Ulqini,Ulqin,Crna Gora,Mali i Zi","potentialAction":[{"@type":"SearchAction","target":{"@type":"EntryPoint","urlTemplate":"https:\/\/www.visit-ulcinj.com\/blog\/?s={search_term_string}"},"query-input":"required name=search_term_string"}],"inLanguage":"en-US"},{"@type":"ImageObject","inLanguage":"en-US","@id":"https:\/\/www.visit-ulcinj.com\/blog\/2013\/12\/24\/nika-varri-balozit-te-detit-duhet-te-jete-ne-ane-te-malit\/#primaryimage","url":"https:\/\/www.visit-ulcinj.com\/blog\/wp-content\/uploads\/2013\/12\/bajloziizivsgjergjelezalia.gif","contentUrl":"https:\/\/www.visit-ulcinj.com\/blog\/wp-content\/uploads\/2013\/12\/bajloziizivsgjergjelezalia.gif","width":805,"height":568},{"@type":"WebPage","@id":"https:\/\/www.visit-ulcinj.com\/blog\/2013\/12\/24\/nika-varri-balozit-te-detit-duhet-te-jete-ne-ane-te-malit\/#webpage","url":"https:\/\/www.visit-ulcinj.com\/blog\/2013\/12\/24\/nika-varri-balozit-te-detit-duhet-te-jete-ne-ane-te-malit\/","name":"Nika: Varri i Balozit t\u00eb detit duhet t\u00eb jet\u00eb n\u00eb An\u00eb t\u00eb Malit - Lajme nga Ulqini","isPartOf":{"@id":"https:\/\/www.visit-ulcinj.com\/blog\/#website"},"primaryImageOfPage":{"@id":"https:\/\/www.visit-ulcinj.com\/blog\/2013\/12\/24\/nika-varri-balozit-te-detit-duhet-te-jete-ne-ane-te-malit\/#primaryimage"},"datePublished":"2013-12-24T14:28:05+00:00","dateModified":"2013-12-24T14:28:05+00:00","author":{"@id":"https:\/\/www.visit-ulcinj.com\/blog\/#\/schema\/person\/dcab619c614d3038751c63bc2aadc06d"},"description":"Shkruan Muhamet Nika Ballafaqimi me kulturat e tjer\u00ebve n\u00eb l\u00ebmin e studimeve folklorike ka nxjerr\u00eb n\u00eb pah narcizmin nacional gjat\u00eb studimit. Andaj duke e","breadcrumb":{"@id":"https:\/\/www.visit-ulcinj.com\/blog\/2013\/12\/24\/nika-varri-balozit-te-detit-duhet-te-jete-ne-ane-te-malit\/#breadcrumb"},"inLanguage":"en-US","potentialAction":[{"@type":"ReadAction","target":["https:\/\/www.visit-ulcinj.com\/blog\/2013\/12\/24\/nika-varri-balozit-te-detit-duhet-te-jete-ne-ane-te-malit\/"]}]},{"@type":"BreadcrumbList","@id":"https:\/\/www.visit-ulcinj.com\/blog\/2013\/12\/24\/nika-varri-balozit-te-detit-duhet-te-jete-ne-ane-te-malit\/#breadcrumb","itemListElement":[{"@type":"ListItem","position":1,"name":"Nika: Varri i Balozit t\u00eb detit duhet t\u00eb jet\u00eb n\u00eb An\u00eb t\u00eb Malit"}]},{"@type":"Person","@id":"https:\/\/www.visit-ulcinj.com\/blog\/#\/schema\/person\/dcab619c614d3038751c63bc2aadc06d","name":"ulqini","sameAs":["http:\/\/www.visit-ulcinj.com"],"url":"https:\/\/www.visit-ulcinj.com\/blog\/author\/admin\/"}]}},"jetpack_featured_media_url":"","jetpack_sharing_enabled":true,"jetpack_shortlink":"https:\/\/wp.me\/pe6lTn-kar","_links":{"self":[{"href":"https:\/\/www.visit-ulcinj.com\/blog\/wp-json\/wp\/v2\/posts\/77527"}],"collection":[{"href":"https:\/\/www.visit-ulcinj.com\/blog\/wp-json\/wp\/v2\/posts"}],"about":[{"href":"https:\/\/www.visit-ulcinj.com\/blog\/wp-json\/wp\/v2\/types\/post"}],"author":[{"embeddable":true,"href":"https:\/\/www.visit-ulcinj.com\/blog\/wp-json\/wp\/v2\/users\/1"}],"replies":[{"embeddable":true,"href":"https:\/\/www.visit-ulcinj.com\/blog\/wp-json\/wp\/v2\/comments?post=77527"}],"version-history":[{"count":1,"href":"https:\/\/www.visit-ulcinj.com\/blog\/wp-json\/wp\/v2\/posts\/77527\/revisions"}],"predecessor-version":[{"id":77529,"href":"https:\/\/www.visit-ulcinj.com\/blog\/wp-json\/wp\/v2\/posts\/77527\/revisions\/77529"}],"wp:attachment":[{"href":"https:\/\/www.visit-ulcinj.com\/blog\/wp-json\/wp\/v2\/media?parent=77527"}],"wp:term":[{"taxonomy":"category","embeddable":true,"href":"https:\/\/www.visit-ulcinj.com\/blog\/wp-json\/wp\/v2\/categories?post=77527"},{"taxonomy":"post_tag","embeddable":true,"href":"https:\/\/www.visit-ulcinj.com\/blog\/wp-json\/wp\/v2\/tags?post=77527"}],"curies":[{"name":"wp","href":"https:\/\/api.w.org\/{rel}","templated":true}]}}