{"id":77534,"date":"2013-12-25T01:31:59","date_gmt":"2013-12-25T00:31:59","guid":{"rendered":"http:\/\/www.visit-ulcinj.com\/blog\/?p=77534"},"modified":"2013-12-25T15:21:41","modified_gmt":"2013-12-25T14:21:41","slug":"knsh-ja-urime-festa-e-krishtlindjeve-3","status":"publish","type":"post","link":"https:\/\/www.visit-ulcinj.com\/blog\/2013\/12\/25\/knsh-ja-urime-festa-e-krishtlindjeve-3\/","title":{"rendered":"KNSH-ja:  Urime festa e krishtlindjeve"},"content":{"rendered":"<p><strong><a href=\"http:\/\/www.visit-ulcinj.com\/blog\/wp-content\/uploads\/2010\/11\/K\u00cbSHILLI-NACIONAL-I-SHQIPTAR\u00cbVE-N\u00cb-MALIN-E-ZI.jpg\"><img loading=\"lazy\" class=\"alignleft size-medium wp-image-39757\" title=\"K\u00cbSHILLI NACIONAL I SHQIPTAR\u00cbVE N\u00cb MALIN E ZI\" alt=\"\" src=\"http:\/\/www.visit-ulcinj.com\/blog\/wp-content\/uploads\/2010\/11\/K\u00cbSHILLI-NACIONAL-I-SHQIPTAR\u00cbVE-N\u00cb-MALIN-E-ZI-300x133.jpg\" width=\"300\" height=\"133\" srcset=\"https:\/\/www.visit-ulcinj.com\/blog\/wp-content\/uploads\/2010\/11\/K\u00cbSHILLI-NACIONAL-I-SHQIPTAR\u00cbVE-N\u00cb-MALIN-E-ZI-300x133.jpg 300w, https:\/\/www.visit-ulcinj.com\/blog\/wp-content\/uploads\/2010\/11\/K\u00cbSHILLI-NACIONAL-I-SHQIPTAR\u00cbVE-N\u00cb-MALIN-E-ZI.jpg 318w\" sizes=\"(max-width: 300px) 100vw, 300px\" \/><\/a>K\u00cbSHILLI NACIONAL I SHQIPTAR\u00cbVE N\u00cb MALIN E ZI<br \/>\n<\/strong><\/p>\n<p><strong>NACIONALNI SAVJET ALBANACA U CRNOJ GORI<br \/>\n<\/strong><\/p>\n<p><strong>ALBANIAN NATIONAL COUNCIL IN MONTENEGRO<br \/>\n<\/strong><\/p>\n<p>&nbsp;<\/p>\n<p>&nbsp;<\/p>\n<p>Nr.76\/13<\/p>\n<p>Ulqin, me 24.12.2013<\/p>\n<p>&nbsp;<\/p>\n<p style=\"text-align: center;\"><strong>\u00a0 Urimi p\u00ebr Krishtlindje<\/strong><\/p>\n<p>&nbsp;<\/p>\n<p>Me rastin festes s\u00eb madhe t\u00eb Krishtlindjes, ne emer te K\u00ebshillit Nacional t\u00eb Shqiptar\u00ebve n\u00eb Mal t\u00eb Zi dhe n\u00eb emrin tim personal, ju p\u00ebrcjell urimet m\u00eb t\u00eb sinqerta\u00a0\u00a0 Arqipeshkvit\u00a0 te Tivarit, Imzot Zef Gashit, Ipeshkvit te Kotorit Imzot Ilija Janjiq , si dhe te gjithe klerik\u00ebve dhe besimtareve t\u00eb konfesionit katolik.<\/p>\n<p>Ju uroj q\u00eb k\u00ebt\u00eb fest\u00eb ta kaloni n\u00eb harmoni dhe begati familjare dhe miq\u00ebsore, me sh\u00ebndet dhe mir\u00ebkuptim t\u00eb plot\u00eb.<\/p>\n<p>G\u00ebzuar dhe p\u00ebr shum\u00eb mot!<br \/>\n<strong><br \/>\nGenci Nimanbegu,<\/strong><\/p>\n<p><strong>Kryetar i K\u00ebshillit Nacional t\u00eb Shqiptar\u00ebve<\/strong><\/p>\n<p><img loading=\"lazy\" class=\"alignleft\" title=\"URIME KRISHLINDJET NGA KNSH-JA\" alt=\"\" src=\"http:\/\/www.visit-ulcinj.com\/blog\/wp-content\/uploads\/2013\/12\/b6f6_gezuarkershendellat19-1.gif\" width=\"500\" height=\"400\" \/><\/p>\n","protected":false},"excerpt":{"rendered":"<p>K\u00cbSHILLI NACIONAL I SHQIPTAR\u00cbVE N\u00cb MALIN E ZI NACIONALNI SAVJET ALBANACA U CRNOJ GORI ALBANIAN NATIONAL COUNCIL IN MONTENEGRO &nbsp; &nbsp; Nr.76\/13 Ulqin, me 24.12.2013 &nbsp; \u00a0 Urimi p\u00ebr Krishtlindje &nbsp; Me rastin festes s\u00eb madhe t\u00eb Krishtlindjes, ne emer te K\u00ebshillit Nacional t\u00eb Shqiptar\u00ebve n\u00eb Mal t\u00eb Zi dhe n\u00eb emrin tim personal, ju [&hellip;]<\/p>\n","protected":false},"author":1,"featured_media":0,"comment_status":"closed","ping_status":"closed","sticky":false,"template":"","format":"standard","meta":{"spay_email":"","jetpack_publicize_message":"","jetpack_is_tweetstorm":false,"jetpack_publicize_feature_enabled":true},"categories":[6950],"tags":[],"jetpack_publicize_connections":[],"yoast_head":"<!-- This site is optimized with the Yoast SEO plugin v19.1 - https:\/\/yoast.com\/wordpress\/plugins\/seo\/ -->\n<title>KNSH-ja: Urime festa e krishtlindjeve - Lajme nga Ulqini<\/title>\n<meta name=\"description\" content=\"K\u00cbSHILLI NACIONAL I SHQIPTAR\u00cbVE N\u00cb MALIN E ZI NACIONALNI SAVJET ALBANACA U CRNOJ GORI ALBANIAN NATIONAL COUNCIL IN MONTENEGRO &nbsp; &nbsp; Nr.76\/13\" \/>\n<meta name=\"robots\" content=\"index, follow, max-snippet:-1, max-image-preview:large, max-video-preview:-1\" \/>\n<link rel=\"canonical\" href=\"https:\/\/www.visit-ulcinj.com\/blog\/2013\/12\/25\/knsh-ja-urime-festa-e-krishtlindjeve-3\/\" \/>\n<meta property=\"og:locale\" content=\"en_US\" \/>\n<meta property=\"og:type\" content=\"article\" \/>\n<meta property=\"og:title\" content=\"KNSH-ja: Urime festa e krishtlindjeve - Lajme nga Ulqini\" \/>\n<meta property=\"og:description\" content=\"K\u00cbSHILLI NACIONAL I SHQIPTAR\u00cbVE N\u00cb MALIN E ZI NACIONALNI SAVJET ALBANACA U CRNOJ GORI ALBANIAN NATIONAL COUNCIL IN MONTENEGRO &nbsp; &nbsp; Nr.76\/13\" \/>\n<meta property=\"og:url\" content=\"https:\/\/www.visit-ulcinj.com\/blog\/2013\/12\/25\/knsh-ja-urime-festa-e-krishtlindjeve-3\/\" \/>\n<meta property=\"og:site_name\" content=\"Lajme nga Ulqini\" \/>\n<meta property=\"article:published_time\" content=\"2013-12-25T00:31:59+00:00\" \/>\n<meta property=\"article:modified_time\" content=\"2013-12-25T14:21:41+00:00\" \/>\n<meta property=\"og:image\" content=\"http:\/\/www.visit-ulcinj.com\/blog\/wp-content\/uploads\/2013\/12\/b6f6_gezuarkershendellat19-1.gif\" \/>\n<meta name=\"twitter:label1\" content=\"Written by\" \/>\n\t<meta name=\"twitter:data1\" content=\"ulqini\" \/>\n\t<meta name=\"twitter:label2\" content=\"Est. reading time\" \/>\n\t<meta name=\"twitter:data2\" content=\"1 minute\" \/>\n<script type=\"application\/ld+json\" class=\"yoast-schema-graph\">{\"@context\":\"https:\/\/schema.org\",\"@graph\":[{\"@type\":\"WebSite\",\"@id\":\"https:\/\/www.visit-ulcinj.com\/blog\/#website\",\"url\":\"https:\/\/www.visit-ulcinj.com\/blog\/\",\"name\":\"Lajme nga Ulqini\",\"description\":\"Lajme,Vijesti,Ulqini,Ulqin,Crna Gora,Mali i Zi\",\"potentialAction\":[{\"@type\":\"SearchAction\",\"target\":{\"@type\":\"EntryPoint\",\"urlTemplate\":\"https:\/\/www.visit-ulcinj.com\/blog\/?s={search_term_string}\"},\"query-input\":\"required name=search_term_string\"}],\"inLanguage\":\"en-US\"},{\"@type\":\"ImageObject\",\"inLanguage\":\"en-US\",\"@id\":\"https:\/\/www.visit-ulcinj.com\/blog\/2013\/12\/25\/knsh-ja-urime-festa-e-krishtlindjeve-3\/#primaryimage\",\"url\":\"https:\/\/www.visit-ulcinj.com\/blog\/wp-content\/uploads\/2013\/12\/b6f6_gezuarkershendellat19-1.gif\",\"contentUrl\":\"https:\/\/www.visit-ulcinj.com\/blog\/wp-content\/uploads\/2013\/12\/b6f6_gezuarkershendellat19-1.gif\",\"width\":500,\"height\":400},{\"@type\":\"WebPage\",\"@id\":\"https:\/\/www.visit-ulcinj.com\/blog\/2013\/12\/25\/knsh-ja-urime-festa-e-krishtlindjeve-3\/#webpage\",\"url\":\"https:\/\/www.visit-ulcinj.com\/blog\/2013\/12\/25\/knsh-ja-urime-festa-e-krishtlindjeve-3\/\",\"name\":\"KNSH-ja: Urime festa e krishtlindjeve - Lajme nga Ulqini\",\"isPartOf\":{\"@id\":\"https:\/\/www.visit-ulcinj.com\/blog\/#website\"},\"primaryImageOfPage\":{\"@id\":\"https:\/\/www.visit-ulcinj.com\/blog\/2013\/12\/25\/knsh-ja-urime-festa-e-krishtlindjeve-3\/#primaryimage\"},\"datePublished\":\"2013-12-25T00:31:59+00:00\",\"dateModified\":\"2013-12-25T14:21:41+00:00\",\"author\":{\"@id\":\"https:\/\/www.visit-ulcinj.com\/blog\/#\/schema\/person\/dcab619c614d3038751c63bc2aadc06d\"},\"description\":\"K\u00cbSHILLI NACIONAL I SHQIPTAR\u00cbVE N\u00cb MALIN E ZI NACIONALNI SAVJET ALBANACA U CRNOJ GORI ALBANIAN NATIONAL COUNCIL IN MONTENEGRO &nbsp; &nbsp; Nr.76\/13\",\"breadcrumb\":{\"@id\":\"https:\/\/www.visit-ulcinj.com\/blog\/2013\/12\/25\/knsh-ja-urime-festa-e-krishtlindjeve-3\/#breadcrumb\"},\"inLanguage\":\"en-US\",\"potentialAction\":[{\"@type\":\"ReadAction\",\"target\":[\"https:\/\/www.visit-ulcinj.com\/blog\/2013\/12\/25\/knsh-ja-urime-festa-e-krishtlindjeve-3\/\"]}]},{\"@type\":\"BreadcrumbList\",\"@id\":\"https:\/\/www.visit-ulcinj.com\/blog\/2013\/12\/25\/knsh-ja-urime-festa-e-krishtlindjeve-3\/#breadcrumb\",\"itemListElement\":[{\"@type\":\"ListItem\",\"position\":1,\"name\":\"KNSH-ja: Urime festa e krishtlindjeve\"}]},{\"@type\":\"Person\",\"@id\":\"https:\/\/www.visit-ulcinj.com\/blog\/#\/schema\/person\/dcab619c614d3038751c63bc2aadc06d\",\"name\":\"ulqini\",\"sameAs\":[\"http:\/\/www.visit-ulcinj.com\"],\"url\":\"https:\/\/www.visit-ulcinj.com\/blog\/author\/admin\/\"}]}<\/script>\n<!-- \/ Yoast SEO plugin. -->","yoast_head_json":{"title":"KNSH-ja: Urime festa e krishtlindjeve - Lajme nga Ulqini","description":"K\u00cbSHILLI NACIONAL I SHQIPTAR\u00cbVE N\u00cb MALIN E ZI NACIONALNI SAVJET ALBANACA U CRNOJ GORI ALBANIAN NATIONAL COUNCIL IN MONTENEGRO &nbsp; &nbsp; Nr.76\/13","robots":{"index":"index","follow":"follow","max-snippet":"max-snippet:-1","max-image-preview":"max-image-preview:large","max-video-preview":"max-video-preview:-1"},"canonical":"https:\/\/www.visit-ulcinj.com\/blog\/2013\/12\/25\/knsh-ja-urime-festa-e-krishtlindjeve-3\/","og_locale":"en_US","og_type":"article","og_title":"KNSH-ja: Urime festa e krishtlindjeve - Lajme nga Ulqini","og_description":"K\u00cbSHILLI NACIONAL I SHQIPTAR\u00cbVE N\u00cb MALIN E ZI NACIONALNI SAVJET ALBANACA U CRNOJ GORI ALBANIAN NATIONAL COUNCIL IN MONTENEGRO &nbsp; &nbsp; Nr.76\/13","og_url":"https:\/\/www.visit-ulcinj.com\/blog\/2013\/12\/25\/knsh-ja-urime-festa-e-krishtlindjeve-3\/","og_site_name":"Lajme nga Ulqini","article_published_time":"2013-12-25T00:31:59+00:00","article_modified_time":"2013-12-25T14:21:41+00:00","og_image":[{"url":"http:\/\/www.visit-ulcinj.com\/blog\/wp-content\/uploads\/2013\/12\/b6f6_gezuarkershendellat19-1.gif"}],"twitter_misc":{"Written by":"ulqini","Est. reading time":"1 minute"},"schema":{"@context":"https:\/\/schema.org","@graph":[{"@type":"WebSite","@id":"https:\/\/www.visit-ulcinj.com\/blog\/#website","url":"https:\/\/www.visit-ulcinj.com\/blog\/","name":"Lajme nga Ulqini","description":"Lajme,Vijesti,Ulqini,Ulqin,Crna Gora,Mali i Zi","potentialAction":[{"@type":"SearchAction","target":{"@type":"EntryPoint","urlTemplate":"https:\/\/www.visit-ulcinj.com\/blog\/?s={search_term_string}"},"query-input":"required name=search_term_string"}],"inLanguage":"en-US"},{"@type":"ImageObject","inLanguage":"en-US","@id":"https:\/\/www.visit-ulcinj.com\/blog\/2013\/12\/25\/knsh-ja-urime-festa-e-krishtlindjeve-3\/#primaryimage","url":"https:\/\/www.visit-ulcinj.com\/blog\/wp-content\/uploads\/2013\/12\/b6f6_gezuarkershendellat19-1.gif","contentUrl":"https:\/\/www.visit-ulcinj.com\/blog\/wp-content\/uploads\/2013\/12\/b6f6_gezuarkershendellat19-1.gif","width":500,"height":400},{"@type":"WebPage","@id":"https:\/\/www.visit-ulcinj.com\/blog\/2013\/12\/25\/knsh-ja-urime-festa-e-krishtlindjeve-3\/#webpage","url":"https:\/\/www.visit-ulcinj.com\/blog\/2013\/12\/25\/knsh-ja-urime-festa-e-krishtlindjeve-3\/","name":"KNSH-ja: Urime festa e krishtlindjeve - Lajme nga Ulqini","isPartOf":{"@id":"https:\/\/www.visit-ulcinj.com\/blog\/#website"},"primaryImageOfPage":{"@id":"https:\/\/www.visit-ulcinj.com\/blog\/2013\/12\/25\/knsh-ja-urime-festa-e-krishtlindjeve-3\/#primaryimage"},"datePublished":"2013-12-25T00:31:59+00:00","dateModified":"2013-12-25T14:21:41+00:00","author":{"@id":"https:\/\/www.visit-ulcinj.com\/blog\/#\/schema\/person\/dcab619c614d3038751c63bc2aadc06d"},"description":"K\u00cbSHILLI NACIONAL I SHQIPTAR\u00cbVE N\u00cb MALIN E ZI NACIONALNI SAVJET ALBANACA U CRNOJ GORI ALBANIAN NATIONAL COUNCIL IN MONTENEGRO &nbsp; &nbsp; Nr.76\/13","breadcrumb":{"@id":"https:\/\/www.visit-ulcinj.com\/blog\/2013\/12\/25\/knsh-ja-urime-festa-e-krishtlindjeve-3\/#breadcrumb"},"inLanguage":"en-US","potentialAction":[{"@type":"ReadAction","target":["https:\/\/www.visit-ulcinj.com\/blog\/2013\/12\/25\/knsh-ja-urime-festa-e-krishtlindjeve-3\/"]}]},{"@type":"BreadcrumbList","@id":"https:\/\/www.visit-ulcinj.com\/blog\/2013\/12\/25\/knsh-ja-urime-festa-e-krishtlindjeve-3\/#breadcrumb","itemListElement":[{"@type":"ListItem","position":1,"name":"KNSH-ja: Urime festa e krishtlindjeve"}]},{"@type":"Person","@id":"https:\/\/www.visit-ulcinj.com\/blog\/#\/schema\/person\/dcab619c614d3038751c63bc2aadc06d","name":"ulqini","sameAs":["http:\/\/www.visit-ulcinj.com"],"url":"https:\/\/www.visit-ulcinj.com\/blog\/author\/admin\/"}]}},"jetpack_featured_media_url":"","jetpack_sharing_enabled":true,"jetpack_shortlink":"https:\/\/wp.me\/pe6lTn-kay","_links":{"self":[{"href":"https:\/\/www.visit-ulcinj.com\/blog\/wp-json\/wp\/v2\/posts\/77534"}],"collection":[{"href":"https:\/\/www.visit-ulcinj.com\/blog\/wp-json\/wp\/v2\/posts"}],"about":[{"href":"https:\/\/www.visit-ulcinj.com\/blog\/wp-json\/wp\/v2\/types\/post"}],"author":[{"embeddable":true,"href":"https:\/\/www.visit-ulcinj.com\/blog\/wp-json\/wp\/v2\/users\/1"}],"replies":[{"embeddable":true,"href":"https:\/\/www.visit-ulcinj.com\/blog\/wp-json\/wp\/v2\/comments?post=77534"}],"version-history":[{"count":2,"href":"https:\/\/www.visit-ulcinj.com\/blog\/wp-json\/wp\/v2\/posts\/77534\/revisions"}],"predecessor-version":[{"id":77538,"href":"https:\/\/www.visit-ulcinj.com\/blog\/wp-json\/wp\/v2\/posts\/77534\/revisions\/77538"}],"wp:attachment":[{"href":"https:\/\/www.visit-ulcinj.com\/blog\/wp-json\/wp\/v2\/media?parent=77534"}],"wp:term":[{"taxonomy":"category","embeddable":true,"href":"https:\/\/www.visit-ulcinj.com\/blog\/wp-json\/wp\/v2\/categories?post=77534"},{"taxonomy":"post_tag","embeddable":true,"href":"https:\/\/www.visit-ulcinj.com\/blog\/wp-json\/wp\/v2\/tags?post=77534"}],"curies":[{"name":"wp","href":"https:\/\/api.w.org\/{rel}","templated":true}]}}