{"id":77543,"date":"2013-12-25T15:44:02","date_gmt":"2013-12-25T14:44:02","guid":{"rendered":"http:\/\/www.visit-ulcinj.com\/blog\/?p=77543"},"modified":"2013-12-25T15:44:02","modified_gmt":"2013-12-25T14:44:02","slug":"predizborna-slika-ulcinja-svi-kazu-da-ce-biti-u-vlasti","status":"publish","type":"post","link":"https:\/\/www.visit-ulcinj.com\/blog\/2013\/12\/25\/predizborna-slika-ulcinja-svi-kazu-da-ce-biti-u-vlasti\/","title":{"rendered":"Predizborna slika Ulcinja: Svi ka\u017eu da \u0107e biti u vlasti"},"content":{"rendered":"<div>\n<p><strong><em><a href=\"http:\/\/www.visit-ulcinj.com\/blog\/wp-content\/uploads\/2013\/12\/PARTIT-POLITIKE-ULQIN-1.jpg\"><img loading=\"lazy\" class=\"alignleft  wp-image-77114\" alt=\"PARTIT-POLITIKE-ULQIN-1\" src=\"http:\/\/www.visit-ulcinj.com\/blog\/wp-content\/uploads\/2013\/12\/PARTIT-POLITIKE-ULQIN-1.jpg\" width=\"508\" height=\"400\" \/><\/a>Gotovo sve partije u Ulcinju najavljuju samostalan nastup na izborima 26. januara 2014. godine. Jo\u0161 nijedna stranka nije predala izbornu listu, iako rok isti\u010de 31. decembra<\/em><\/strong><\/p>\n<p><strong>Pi\u0161e:\u00a0<\/strong><strong>Ana \u017divanovi\u0107<\/strong><\/p>\n<p><strong>ULCINJ \u2013 Iako se rok za dostavljanje izbornih lista za odbornike Op\u0161tinskoj izbornoj komisiji zavr\u0161ava 31. decembra teku\u0107e godine, nijedna partija koja planira u\u010de\u0161\u0107e na izborima jo\u0161 uvijek nije dostavila svoju listu. Gotovo sve partije \u0107e to u\u010diniti, kao \u0161to je ve\u0107 ustaljena praksa, pred istek ovog roka. Partije su najavile pozitivnu kampanju, ali i o\u0161tar odgovor svakome ko to bude zaslu\u017eio.<\/strong><\/p>\n<p>Pravo na medijsko pra\u0107enje u predizbornoj kampanji po\u010dinje od dana potvr\u0111ivanja izborne liste, a predizborna \u0107utnja po\u010dinje 24. januara 2014. godine u 24 \u010dasa. Dakle, iako zvani\u010dna medijska kampanja jo\u0161 nije po\u010dela, u najju\u017enijem gradu se ipak mo\u017ee osjetiti predizborna napetost u atmosferi. <strong><\/strong><\/p>\n<p>Vanredna sjednica Skup\u0161tine op\u0161tine Ulcinj, na kojoj bi trebalo donijeti odluku o broju odbornika u budu\u0107em sazivu lokalnog parlamenta i odluku o privremenom finansiranju op\u0161tine, zakazana je za petak, 27. decembra.\u00a0 Do dogovora o ovom zasijedanju maltene se do\u0161lo preko konferencija za medije.<\/p>\n<p>&#8211; U pitanju je nesporazum. Ova ta\u010dka je ve\u0107 bila na dnevnom redu, ali je povu\u010dena. I nakon usvajanja nove odluke broj odbornika u lokalnom parlamentu se ne\u0107e pove\u0107ati niti smanjiti, jer nije do\u0161lo do bitnije promjene u broju bira\u010da. Stvar je formalno-pravne prirode i tome ne treba davati zna\u010daj \u2013 rekao je Pobjedi predsjednik op\u0161tine Ulcinj Nazif Cungu.<\/p>\n<p><strong>Forca jo\u0161 nije odlu\u010dila<\/strong><\/p>\n<p>Vladaju\u0107a partija Forca, na \u010dijem je on \u010delu, jo\u0161 uvijek nema odluku o tome da li na izbore izlazi samostalno ili sa nekim u koaliciji.<strong><\/strong><\/p>\n<p>&#8211; Kao najja\u010da partija u Ulcinju na predstoje\u0107im izborima o\u010dekujemo dobar rezultat. Nemamo jo\u0161 uvijek precizniju procjenu o mogu\u0107em rezultatu izbora, ali znamo da smo dobro pozicionirani u bira\u010dkom tijelu. Na prethodnim izborima smo osvojili 11 mandata. O\u010dekujemo da ponovimo ovaj uspjeh, pa mo\u017eda i vi\u0161e od toga\u00a0 \u2013 rekao je Cungu.<\/p>\n<p>U SDP-u su najavili pozitivnu kampanju sa sloganom \u201eMo\u017eemo bolje\u201c.<\/p>\n<p>&#8211; Nadamo se da \u0107emo biti dio vlasti u koaliciji sa partnerima sa kojima budemo mogli da realizujemo na\u0161 program. U prostorno-planskoj dokumentaciji je za ove dvije godine, koliko smo vodili taj resor, ura\u0111eno vi\u0161e nego u posljednjih 20 godina. Smatramo da \u0107emo ovaj put imati ve\u0107u podr\u0161ku, jer je na\u0161 najve\u0107i kapital na ovim izborima to \u0161to smo sve ostvarili \u0161to smo obe\u0107ali \u2013 rekao je Pobjedi Selim Resulbegovi\u0107, \u0161ef ulcinjskog SDP-a.<\/p>\n<p><strong>DPS samostalno<\/strong><\/p>\n<p>Opozicioni DPS tako\u0111e izlazi samostalno na izbore.<\/p>\n<p>&#8211; Vodi\u0107emo pozitivnu kampanju, ali svakome ko \u201edaje faulove\u201c \u0107emo o\u0161tro odgovoriti. O\u010dekujemo da \u0107emo na vlast u\u0107i na velika vrata. Mislimo da treba da Ulcinju vratimo sjaj. O\u010dekujemo preko 3000 glasova, \u0161to je oko 10 mandata \u2013 rekao je Pobjedi Ljoro Nreki\u0107, \u0161ef ulcinjskog DPS-a.<\/p>\n<p>Demokratska unija Albanaca, iz koje se u me\u0111uvremenu izdvojila Demokratska partija Fatmira \u0110eke, a koja je na prethodnim izborima u koaliciji sa PPD-om osvojila 10 mandata, na izbore ovaj put najvjerovatnije izlazi samostalno.<\/p>\n<p>&#8211; O ovome \u010dekamo odluku glavnog organa. Optimisti smo kada je rije\u010d o zbirnom rezultatu i o\u010dekujemo oko pet odborni\u010dkih mjesta. Kampanja koju \u0107emo voditi bi\u0107e pozitivna, ali kriti\u010dki usmjerena na sada\u0161nju vlast. Vjerujem da \u0107emo nakon ovih izbora ponovo biti dio vlasti \u2013 rekao je Pobjedi Mehmet Zenka, predsjednik DUA.<\/p>\n<p><strong>Podsje\u0107anje<\/strong><strong><\/strong><\/p>\n<p>Podsje\u0107amo, do raspisivanja izbora u Ulcinju je do\u0161lo nakon \u0161to je na vanrednoj sjednici Skup\u0161tine op\u0161tine u novembru jednoglasno usvojena odluka o skra\u0107enju mandata odbornicima lokalnog parlamenta. Ovu inicijativu podnio je op\u0161tinski odbor DPS-a, a podr\u017eao je 21 odbornik.<\/p>\n<p>Raspored mandata odbornicina nakon posljednjih\u00a0 izbora u Ulcinju odr\u017eanih u oktobru 2010. godine bio je sljede\u0107i: Forca 11 odborni\u010dkih mjesta, DUA-PDP 10, DPS sedam, koalicija Bolji Ulcinj-bolja Crna Gora dva, SDP dva i Perspektiva jedan. Za formiranje parlamentarne ve\u0107ine bilo je potrebno 17 odborni\u010dkih mjesta.<\/p>\n<p>Prvu vlast nakon oktobarskih izbora \u010dinile su partije DPS i koalicija DUA-PDP, a izdvajanjem Demokratske partije Fatmira \u0110eke iz partije Demokratske unije Albanaca, i DPS i DUA su postale opozicione stranke nakon prekompozicije vlasti koja se dogodila u avgustu 2011. Od tada su vlast u Ulcinju vr\u0161ile partije Forca, SDP, Perspektiva i\u00a0 Demokratska partija.<\/p>\n<p>Kriza u vladaju\u0107oj koaliciji o\u010digledna je od jula. Tada je do\u0161lo do raskola u vladaju\u0107oj koaliciji i do te\u0161kih optu\u017ebi izme\u0111u \u010delnika Force Nazifa Cungua i \u010delnika ulcinjskog SDP-a Selima Resulbegovi\u0107a. Nakon sjednice u julu, lokalni parlament nije zasijedao vi\u0161e od 100 dana.<\/p>\n<p><strong>Izvor: Pobjeda<\/strong><\/p>\n<\/div>\n","protected":false},"excerpt":{"rendered":"<p>Gotovo sve partije u Ulcinju najavljuju samostalan nastup na izborima 26. januara 2014. godine. Jo\u0161 nijedna stranka nije predala izbornu listu, iako rok isti\u010de 31. decembra Pi\u0161e:\u00a0Ana \u017divanovi\u0107 ULCINJ \u2013 Iako se rok za dostavljanje izbornih lista za odbornike Op\u0161tinskoj izbornoj komisiji zavr\u0161ava 31. decembra teku\u0107e godine, nijedna partija koja planira u\u010de\u0161\u0107e na izborima jo\u0161 [&hellip;]<\/p>\n","protected":false},"author":1,"featured_media":0,"comment_status":"closed","ping_status":"closed","sticky":false,"template":"","format":"standard","meta":{"spay_email":"","jetpack_publicize_message":"","jetpack_is_tweetstorm":false,"jetpack_publicize_feature_enabled":true},"categories":[8337],"tags":[],"jetpack_publicize_connections":[],"yoast_head":"<!-- This site is optimized with the Yoast SEO plugin v19.1 - https:\/\/yoast.com\/wordpress\/plugins\/seo\/ -->\n<title>Predizborna slika Ulcinja: Svi ka\u017eu da \u0107e biti u vlasti - Lajme nga Ulqini<\/title>\n<meta name=\"description\" content=\"Gotovo sve partije u Ulcinju najavljuju samostalan nastup na izborima 26. januara 2014. godine. Jo\u0161 nijedna stranka nije predala izbornu listu, iako rok\" \/>\n<meta name=\"robots\" content=\"index, follow, max-snippet:-1, max-image-preview:large, max-video-preview:-1\" \/>\n<link rel=\"canonical\" href=\"https:\/\/www.visit-ulcinj.com\/blog\/2013\/12\/25\/predizborna-slika-ulcinja-svi-kazu-da-ce-biti-u-vlasti\/\" \/>\n<meta property=\"og:locale\" content=\"en_US\" \/>\n<meta property=\"og:type\" content=\"article\" \/>\n<meta property=\"og:title\" content=\"Predizborna slika Ulcinja: Svi ka\u017eu da \u0107e biti u vlasti - Lajme nga Ulqini\" \/>\n<meta property=\"og:description\" content=\"Gotovo sve partije u Ulcinju najavljuju samostalan nastup na izborima 26. januara 2014. godine. Jo\u0161 nijedna stranka nije predala izbornu listu, iako rok\" \/>\n<meta property=\"og:url\" content=\"https:\/\/www.visit-ulcinj.com\/blog\/2013\/12\/25\/predizborna-slika-ulcinja-svi-kazu-da-ce-biti-u-vlasti\/\" \/>\n<meta property=\"og:site_name\" content=\"Lajme nga Ulqini\" \/>\n<meta property=\"article:published_time\" content=\"2013-12-25T14:44:02+00:00\" \/>\n<meta property=\"og:image\" content=\"http:\/\/www.visit-ulcinj.com\/blog\/wp-content\/uploads\/2013\/12\/PARTIT-POLITIKE-ULQIN-1.jpg\" \/>\n<meta name=\"twitter:label1\" content=\"Written by\" \/>\n\t<meta name=\"twitter:data1\" content=\"ulqini\" \/>\n\t<meta name=\"twitter:label2\" content=\"Est. reading time\" \/>\n\t<meta name=\"twitter:data2\" content=\"4 minutes\" \/>\n<script type=\"application\/ld+json\" class=\"yoast-schema-graph\">{\"@context\":\"https:\/\/schema.org\",\"@graph\":[{\"@type\":\"WebSite\",\"@id\":\"https:\/\/www.visit-ulcinj.com\/blog\/#website\",\"url\":\"https:\/\/www.visit-ulcinj.com\/blog\/\",\"name\":\"Lajme nga Ulqini\",\"description\":\"Lajme,Vijesti,Ulqini,Ulqin,Crna Gora,Mali i Zi\",\"potentialAction\":[{\"@type\":\"SearchAction\",\"target\":{\"@type\":\"EntryPoint\",\"urlTemplate\":\"https:\/\/www.visit-ulcinj.com\/blog\/?s={search_term_string}\"},\"query-input\":\"required name=search_term_string\"}],\"inLanguage\":\"en-US\"},{\"@type\":\"ImageObject\",\"inLanguage\":\"en-US\",\"@id\":\"https:\/\/www.visit-ulcinj.com\/blog\/2013\/12\/25\/predizborna-slika-ulcinja-svi-kazu-da-ce-biti-u-vlasti\/#primaryimage\",\"url\":\"https:\/\/www.visit-ulcinj.com\/blog\/wp-content\/uploads\/2013\/12\/PARTIT-POLITIKE-ULQIN-1.jpg\",\"contentUrl\":\"https:\/\/www.visit-ulcinj.com\/blog\/wp-content\/uploads\/2013\/12\/PARTIT-POLITIKE-ULQIN-1.jpg\",\"width\":486,\"height\":402},{\"@type\":\"WebPage\",\"@id\":\"https:\/\/www.visit-ulcinj.com\/blog\/2013\/12\/25\/predizborna-slika-ulcinja-svi-kazu-da-ce-biti-u-vlasti\/#webpage\",\"url\":\"https:\/\/www.visit-ulcinj.com\/blog\/2013\/12\/25\/predizborna-slika-ulcinja-svi-kazu-da-ce-biti-u-vlasti\/\",\"name\":\"Predizborna slika Ulcinja: Svi ka\u017eu da \u0107e biti u vlasti - Lajme nga Ulqini\",\"isPartOf\":{\"@id\":\"https:\/\/www.visit-ulcinj.com\/blog\/#website\"},\"primaryImageOfPage\":{\"@id\":\"https:\/\/www.visit-ulcinj.com\/blog\/2013\/12\/25\/predizborna-slika-ulcinja-svi-kazu-da-ce-biti-u-vlasti\/#primaryimage\"},\"datePublished\":\"2013-12-25T14:44:02+00:00\",\"dateModified\":\"2013-12-25T14:44:02+00:00\",\"author\":{\"@id\":\"https:\/\/www.visit-ulcinj.com\/blog\/#\/schema\/person\/dcab619c614d3038751c63bc2aadc06d\"},\"description\":\"Gotovo sve partije u Ulcinju najavljuju samostalan nastup na izborima 26. januara 2014. godine. Jo\u0161 nijedna stranka nije predala izbornu listu, iako rok\",\"breadcrumb\":{\"@id\":\"https:\/\/www.visit-ulcinj.com\/blog\/2013\/12\/25\/predizborna-slika-ulcinja-svi-kazu-da-ce-biti-u-vlasti\/#breadcrumb\"},\"inLanguage\":\"en-US\",\"potentialAction\":[{\"@type\":\"ReadAction\",\"target\":[\"https:\/\/www.visit-ulcinj.com\/blog\/2013\/12\/25\/predizborna-slika-ulcinja-svi-kazu-da-ce-biti-u-vlasti\/\"]}]},{\"@type\":\"BreadcrumbList\",\"@id\":\"https:\/\/www.visit-ulcinj.com\/blog\/2013\/12\/25\/predizborna-slika-ulcinja-svi-kazu-da-ce-biti-u-vlasti\/#breadcrumb\",\"itemListElement\":[{\"@type\":\"ListItem\",\"position\":1,\"name\":\"Predizborna slika Ulcinja: Svi ka\u017eu da \u0107e biti u vlasti\"}]},{\"@type\":\"Person\",\"@id\":\"https:\/\/www.visit-ulcinj.com\/blog\/#\/schema\/person\/dcab619c614d3038751c63bc2aadc06d\",\"name\":\"ulqini\",\"sameAs\":[\"http:\/\/www.visit-ulcinj.com\"],\"url\":\"https:\/\/www.visit-ulcinj.com\/blog\/author\/admin\/\"}]}<\/script>\n<!-- \/ Yoast SEO plugin. -->","yoast_head_json":{"title":"Predizborna slika Ulcinja: Svi ka\u017eu da \u0107e biti u vlasti - Lajme nga Ulqini","description":"Gotovo sve partije u Ulcinju najavljuju samostalan nastup na izborima 26. januara 2014. godine. Jo\u0161 nijedna stranka nije predala izbornu listu, iako rok","robots":{"index":"index","follow":"follow","max-snippet":"max-snippet:-1","max-image-preview":"max-image-preview:large","max-video-preview":"max-video-preview:-1"},"canonical":"https:\/\/www.visit-ulcinj.com\/blog\/2013\/12\/25\/predizborna-slika-ulcinja-svi-kazu-da-ce-biti-u-vlasti\/","og_locale":"en_US","og_type":"article","og_title":"Predizborna slika Ulcinja: Svi ka\u017eu da \u0107e biti u vlasti - Lajme nga Ulqini","og_description":"Gotovo sve partije u Ulcinju najavljuju samostalan nastup na izborima 26. januara 2014. godine. Jo\u0161 nijedna stranka nije predala izbornu listu, iako rok","og_url":"https:\/\/www.visit-ulcinj.com\/blog\/2013\/12\/25\/predizborna-slika-ulcinja-svi-kazu-da-ce-biti-u-vlasti\/","og_site_name":"Lajme nga Ulqini","article_published_time":"2013-12-25T14:44:02+00:00","og_image":[{"url":"http:\/\/www.visit-ulcinj.com\/blog\/wp-content\/uploads\/2013\/12\/PARTIT-POLITIKE-ULQIN-1.jpg"}],"twitter_misc":{"Written by":"ulqini","Est. reading time":"4 minutes"},"schema":{"@context":"https:\/\/schema.org","@graph":[{"@type":"WebSite","@id":"https:\/\/www.visit-ulcinj.com\/blog\/#website","url":"https:\/\/www.visit-ulcinj.com\/blog\/","name":"Lajme nga Ulqini","description":"Lajme,Vijesti,Ulqini,Ulqin,Crna Gora,Mali i Zi","potentialAction":[{"@type":"SearchAction","target":{"@type":"EntryPoint","urlTemplate":"https:\/\/www.visit-ulcinj.com\/blog\/?s={search_term_string}"},"query-input":"required name=search_term_string"}],"inLanguage":"en-US"},{"@type":"ImageObject","inLanguage":"en-US","@id":"https:\/\/www.visit-ulcinj.com\/blog\/2013\/12\/25\/predizborna-slika-ulcinja-svi-kazu-da-ce-biti-u-vlasti\/#primaryimage","url":"https:\/\/www.visit-ulcinj.com\/blog\/wp-content\/uploads\/2013\/12\/PARTIT-POLITIKE-ULQIN-1.jpg","contentUrl":"https:\/\/www.visit-ulcinj.com\/blog\/wp-content\/uploads\/2013\/12\/PARTIT-POLITIKE-ULQIN-1.jpg","width":486,"height":402},{"@type":"WebPage","@id":"https:\/\/www.visit-ulcinj.com\/blog\/2013\/12\/25\/predizborna-slika-ulcinja-svi-kazu-da-ce-biti-u-vlasti\/#webpage","url":"https:\/\/www.visit-ulcinj.com\/blog\/2013\/12\/25\/predizborna-slika-ulcinja-svi-kazu-da-ce-biti-u-vlasti\/","name":"Predizborna slika Ulcinja: Svi ka\u017eu da \u0107e biti u vlasti - Lajme nga Ulqini","isPartOf":{"@id":"https:\/\/www.visit-ulcinj.com\/blog\/#website"},"primaryImageOfPage":{"@id":"https:\/\/www.visit-ulcinj.com\/blog\/2013\/12\/25\/predizborna-slika-ulcinja-svi-kazu-da-ce-biti-u-vlasti\/#primaryimage"},"datePublished":"2013-12-25T14:44:02+00:00","dateModified":"2013-12-25T14:44:02+00:00","author":{"@id":"https:\/\/www.visit-ulcinj.com\/blog\/#\/schema\/person\/dcab619c614d3038751c63bc2aadc06d"},"description":"Gotovo sve partije u Ulcinju najavljuju samostalan nastup na izborima 26. januara 2014. godine. Jo\u0161 nijedna stranka nije predala izbornu listu, iako rok","breadcrumb":{"@id":"https:\/\/www.visit-ulcinj.com\/blog\/2013\/12\/25\/predizborna-slika-ulcinja-svi-kazu-da-ce-biti-u-vlasti\/#breadcrumb"},"inLanguage":"en-US","potentialAction":[{"@type":"ReadAction","target":["https:\/\/www.visit-ulcinj.com\/blog\/2013\/12\/25\/predizborna-slika-ulcinja-svi-kazu-da-ce-biti-u-vlasti\/"]}]},{"@type":"BreadcrumbList","@id":"https:\/\/www.visit-ulcinj.com\/blog\/2013\/12\/25\/predizborna-slika-ulcinja-svi-kazu-da-ce-biti-u-vlasti\/#breadcrumb","itemListElement":[{"@type":"ListItem","position":1,"name":"Predizborna slika Ulcinja: Svi ka\u017eu da \u0107e biti u vlasti"}]},{"@type":"Person","@id":"https:\/\/www.visit-ulcinj.com\/blog\/#\/schema\/person\/dcab619c614d3038751c63bc2aadc06d","name":"ulqini","sameAs":["http:\/\/www.visit-ulcinj.com"],"url":"https:\/\/www.visit-ulcinj.com\/blog\/author\/admin\/"}]}},"jetpack_featured_media_url":"","jetpack_sharing_enabled":true,"jetpack_shortlink":"https:\/\/wp.me\/pe6lTn-kaH","_links":{"self":[{"href":"https:\/\/www.visit-ulcinj.com\/blog\/wp-json\/wp\/v2\/posts\/77543"}],"collection":[{"href":"https:\/\/www.visit-ulcinj.com\/blog\/wp-json\/wp\/v2\/posts"}],"about":[{"href":"https:\/\/www.visit-ulcinj.com\/blog\/wp-json\/wp\/v2\/types\/post"}],"author":[{"embeddable":true,"href":"https:\/\/www.visit-ulcinj.com\/blog\/wp-json\/wp\/v2\/users\/1"}],"replies":[{"embeddable":true,"href":"https:\/\/www.visit-ulcinj.com\/blog\/wp-json\/wp\/v2\/comments?post=77543"}],"version-history":[{"count":1,"href":"https:\/\/www.visit-ulcinj.com\/blog\/wp-json\/wp\/v2\/posts\/77543\/revisions"}],"predecessor-version":[{"id":77546,"href":"https:\/\/www.visit-ulcinj.com\/blog\/wp-json\/wp\/v2\/posts\/77543\/revisions\/77546"}],"wp:attachment":[{"href":"https:\/\/www.visit-ulcinj.com\/blog\/wp-json\/wp\/v2\/media?parent=77543"}],"wp:term":[{"taxonomy":"category","embeddable":true,"href":"https:\/\/www.visit-ulcinj.com\/blog\/wp-json\/wp\/v2\/categories?post=77543"},{"taxonomy":"post_tag","embeddable":true,"href":"https:\/\/www.visit-ulcinj.com\/blog\/wp-json\/wp\/v2\/tags?post=77543"}],"curies":[{"name":"wp","href":"https:\/\/api.w.org\/{rel}","templated":true}]}}