{"id":77550,"date":"2013-12-25T16:02:39","date_gmt":"2013-12-25T15:02:39","guid":{"rendered":"http:\/\/www.visit-ulcinj.com\/blog\/?p=77550"},"modified":"2013-12-25T16:03:13","modified_gmt":"2013-12-25T15:03:13","slug":"strajk-gladu-muzeja-ulcinja","status":"publish","type":"post","link":"https:\/\/www.visit-ulcinj.com\/blog\/2013\/12\/25\/strajk-gladu-muzeja-ulcinja\/","title":{"rendered":"&#8220;\u0160trajk gla\u0111u&#8221; muzeja Ulcinja + Foto"},"content":{"rendered":"<p><a href=\"http:\/\/www.visit-ulcinj.com\/blog\/wp-content\/uploads\/2013\/12\/Strajk-Muzeja-Ulcinja.jpg\"><img loading=\"lazy\" class=\"alignleft  wp-image-77551\" alt=\"Strajk-Muzeja-Ulcinja\" src=\"http:\/\/www.visit-ulcinj.com\/blog\/wp-content\/uploads\/2013\/12\/Strajk-Muzeja-Ulcinja.jpg\" width=\"508\" height=\"360\" \/><\/a>Samo \u010detvoro njih je sasvim slu\u010dajno danas oko 11 sati, zalutalo do kapije tzv. muzeja na &#8220;Trgu robova&#8221; kod nas u Starom gradu. Naravno, zatvorena kapija i natpis &#8220;\u0160trajk&#8221;, pa ispod toga jo\u0161 jedan, jo\u0161 neobi\u010dniji i jo\u0161 \u010dudniji, &#8220;\u0160trajk gla\u0111u&#8221;. \u010cudno je to ovih dana, za sve rijetke goste, koji dolaze da se dive, kamenu, i starim majstorima koji su taj kamen oblikovali stole\u0107ima. Ova se scena desila u momentu dok sam ja prolazio, me\u0111utim, vjerovatno je lijepo vrijeme\u00a0privuklo jo\u0161 nekoga da se popne i do nas gore.<\/p>\n<p><a href=\"http:\/\/www.visit-ulcinj.com\/blog\/wp-content\/uploads\/2013\/12\/Strajk-Muzeja-Ulcinja-1.jpg\"><img loading=\"lazy\" class=\"alignleft  wp-image-77552\" alt=\"Strajk-Muzeja-Ulcinja-1\" src=\"http:\/\/www.visit-ulcinj.com\/blog\/wp-content\/uploads\/2013\/12\/Strajk-Muzeja-Ulcinja-1.jpg\" width=\"508\" height=\"360\" \/><\/a><br \/>\nGospoda koja &#8220;\u0161trajkuju&#8221; nemaju puno osje\u0107aja za ovaj dio na\u0161eg grada, jer nijedan nije ro\u0111en tu, ali je nama \u017eiteljima Starog grada, bilo neobi\u010dno da se nekoliko dana nagledamo tih natpisa, i zatvorenih vrata. Bilo je nekih prijedloga da silom otvorimo kapiju, kako bi gosti slobodno ulazili u ovaj dio Starog grada, me\u0111utim, bojim se, da bi se spustili na njihov nivo, a to nijesmo smjeli dozvoliti.<br \/>\n\u010cuo sam da su prekinuli, \u0161trajk, jer su im ispla\u0107eni li\u010dni dohodci, ne &#8220;zarade&#8221;, \u0161to je dobro. Iskreno se nadam, da \u0107e ih novac kona\u010dno &#8220;stimulisati&#8221; da se bolje organizuju i da rade.<br \/>\nGostima i rijetkim turistima, koji su ovih dana dolazili i nailazili na zatvorene kapije ovog dijela Starog grada, se ja kao prvi \u010dovjek Starog grada, iskreno duboko izvinjavam&#8230;.<\/p>\n<p><a href=\"https:\/\/www.facebook.com\/photo.php?fbid=10202765521283346&amp;set=pcb.10202765773569653&amp;type=1&amp;theater\" target=\"_blank\"><strong>Ismet Karamanaga Facebook<\/strong><\/a><\/p>\n<p><a href=\"http:\/\/www.visit-ulcinj.com\/blog\/wp-content\/uploads\/2013\/12\/Strajk-Muzeja-Ulcinja-2.jpg\"><img loading=\"lazy\" class=\"alignleft  wp-image-77553\" alt=\"Strajk-Muzeja-Ulcinja-2\" src=\"http:\/\/www.visit-ulcinj.com\/blog\/wp-content\/uploads\/2013\/12\/Strajk-Muzeja-Ulcinja-2.jpg\" width=\"508\" height=\"360\" \/><\/a> <a href=\"http:\/\/www.visit-ulcinj.com\/blog\/wp-content\/uploads\/2013\/12\/Strajk-Muzeja-Ulcinja-3.jpg\"><img loading=\"lazy\" class=\"alignleft  wp-image-77554\" alt=\"Strajk-Muzeja-Ulcinja-3\" src=\"http:\/\/www.visit-ulcinj.com\/blog\/wp-content\/uploads\/2013\/12\/Strajk-Muzeja-Ulcinja-3.jpg\" width=\"509\" height=\"360\" \/><\/a> <a href=\"http:\/\/www.visit-ulcinj.com\/blog\/wp-content\/uploads\/2013\/12\/Strajk-Muzeja-Ulcinja-4.jpg\"><img loading=\"lazy\" class=\"alignleft  wp-image-77555\" alt=\"Strajk-Muzeja-Ulcinja-4\" src=\"http:\/\/www.visit-ulcinj.com\/blog\/wp-content\/uploads\/2013\/12\/Strajk-Muzeja-Ulcinja-4.jpg\" width=\"508\" height=\"360\" \/><\/a><\/p>\n","protected":false},"excerpt":{"rendered":"<p>Samo \u010detvoro njih je sasvim slu\u010dajno danas oko 11 sati, zalutalo do kapije tzv. muzeja na &#8220;Trgu robova&#8221; kod nas u Starom gradu. Naravno, zatvorena kapija i natpis &#8220;\u0160trajk&#8221;, pa ispod toga jo\u0161 jedan, jo\u0161 neobi\u010dniji i jo\u0161 \u010dudniji, &#8220;\u0160trajk gla\u0111u&#8221;. \u010cudno je to ovih dana, za sve rijetke goste, koji dolaze da se dive, [&hellip;]<\/p>\n","protected":false},"author":1,"featured_media":0,"comment_status":"closed","ping_status":"closed","sticky":false,"template":"","format":"standard","meta":{"spay_email":"","jetpack_publicize_message":"","jetpack_is_tweetstorm":false,"jetpack_publicize_feature_enabled":true},"categories":[8337],"tags":[],"jetpack_publicize_connections":[],"yoast_head":"<!-- This site is optimized with the Yoast SEO plugin v19.1 - https:\/\/yoast.com\/wordpress\/plugins\/seo\/ -->\n<title>&quot;\u0160trajk gla\u0111u&quot; muzeja Ulcinja + Foto - Lajme nga Ulqini<\/title>\n<meta name=\"description\" content=\"Samo \u010detvoro njih je sasvim slu\u010dajno danas oko 11 sati, zalutalo do kapije tzv. muzeja na &quot;Trgu robova&quot; kod nas u Starom gradu. Naravno, zatvorena kapija\" \/>\n<meta name=\"robots\" content=\"index, follow, max-snippet:-1, max-image-preview:large, max-video-preview:-1\" \/>\n<link rel=\"canonical\" href=\"https:\/\/www.visit-ulcinj.com\/blog\/2013\/12\/25\/strajk-gladu-muzeja-ulcinja\/\" \/>\n<meta property=\"og:locale\" content=\"en_US\" \/>\n<meta property=\"og:type\" content=\"article\" \/>\n<meta property=\"og:title\" content=\"&quot;\u0160trajk gla\u0111u&quot; muzeja Ulcinja + Foto - Lajme nga Ulqini\" \/>\n<meta property=\"og:description\" content=\"Samo \u010detvoro njih je sasvim slu\u010dajno danas oko 11 sati, zalutalo do kapije tzv. muzeja na &quot;Trgu robova&quot; kod nas u Starom gradu. Naravno, zatvorena kapija\" \/>\n<meta property=\"og:url\" content=\"https:\/\/www.visit-ulcinj.com\/blog\/2013\/12\/25\/strajk-gladu-muzeja-ulcinja\/\" \/>\n<meta property=\"og:site_name\" content=\"Lajme nga Ulqini\" \/>\n<meta property=\"article:published_time\" content=\"2013-12-25T15:02:39+00:00\" \/>\n<meta property=\"article:modified_time\" content=\"2013-12-25T15:03:13+00:00\" \/>\n<meta property=\"og:image\" content=\"http:\/\/www.visit-ulcinj.com\/blog\/wp-content\/uploads\/2013\/12\/Strajk-Muzeja-Ulcinja.jpg\" \/>\n<meta name=\"twitter:label1\" content=\"Written by\" \/>\n\t<meta name=\"twitter:data1\" content=\"ulqini\" \/>\n\t<meta name=\"twitter:label2\" content=\"Est. reading time\" \/>\n\t<meta name=\"twitter:data2\" content=\"1 minute\" \/>\n<script type=\"application\/ld+json\" class=\"yoast-schema-graph\">{\"@context\":\"https:\/\/schema.org\",\"@graph\":[{\"@type\":\"WebSite\",\"@id\":\"https:\/\/www.visit-ulcinj.com\/blog\/#website\",\"url\":\"https:\/\/www.visit-ulcinj.com\/blog\/\",\"name\":\"Lajme nga Ulqini\",\"description\":\"Lajme,Vijesti,Ulqini,Ulqin,Crna Gora,Mali i Zi\",\"potentialAction\":[{\"@type\":\"SearchAction\",\"target\":{\"@type\":\"EntryPoint\",\"urlTemplate\":\"https:\/\/www.visit-ulcinj.com\/blog\/?s={search_term_string}\"},\"query-input\":\"required name=search_term_string\"}],\"inLanguage\":\"en-US\"},{\"@type\":\"ImageObject\",\"inLanguage\":\"en-US\",\"@id\":\"https:\/\/www.visit-ulcinj.com\/blog\/2013\/12\/25\/strajk-gladu-muzeja-ulcinja\/#primaryimage\",\"url\":\"https:\/\/www.visit-ulcinj.com\/blog\/wp-content\/uploads\/2013\/12\/Strajk-Muzeja-Ulcinja.jpg\",\"contentUrl\":\"https:\/\/www.visit-ulcinj.com\/blog\/wp-content\/uploads\/2013\/12\/Strajk-Muzeja-Ulcinja.jpg\",\"width\":960,\"height\":720},{\"@type\":\"WebPage\",\"@id\":\"https:\/\/www.visit-ulcinj.com\/blog\/2013\/12\/25\/strajk-gladu-muzeja-ulcinja\/#webpage\",\"url\":\"https:\/\/www.visit-ulcinj.com\/blog\/2013\/12\/25\/strajk-gladu-muzeja-ulcinja\/\",\"name\":\"\\\"\u0160trajk gla\u0111u\\\" muzeja Ulcinja + Foto - Lajme nga Ulqini\",\"isPartOf\":{\"@id\":\"https:\/\/www.visit-ulcinj.com\/blog\/#website\"},\"primaryImageOfPage\":{\"@id\":\"https:\/\/www.visit-ulcinj.com\/blog\/2013\/12\/25\/strajk-gladu-muzeja-ulcinja\/#primaryimage\"},\"datePublished\":\"2013-12-25T15:02:39+00:00\",\"dateModified\":\"2013-12-25T15:03:13+00:00\",\"author\":{\"@id\":\"https:\/\/www.visit-ulcinj.com\/blog\/#\/schema\/person\/dcab619c614d3038751c63bc2aadc06d\"},\"description\":\"Samo \u010detvoro njih je sasvim slu\u010dajno danas oko 11 sati, zalutalo do kapije tzv. muzeja na \\\"Trgu robova\\\" kod nas u Starom gradu. Naravno, zatvorena kapija\",\"breadcrumb\":{\"@id\":\"https:\/\/www.visit-ulcinj.com\/blog\/2013\/12\/25\/strajk-gladu-muzeja-ulcinja\/#breadcrumb\"},\"inLanguage\":\"en-US\",\"potentialAction\":[{\"@type\":\"ReadAction\",\"target\":[\"https:\/\/www.visit-ulcinj.com\/blog\/2013\/12\/25\/strajk-gladu-muzeja-ulcinja\/\"]}]},{\"@type\":\"BreadcrumbList\",\"@id\":\"https:\/\/www.visit-ulcinj.com\/blog\/2013\/12\/25\/strajk-gladu-muzeja-ulcinja\/#breadcrumb\",\"itemListElement\":[{\"@type\":\"ListItem\",\"position\":1,\"name\":\"&#8220;\u0160trajk gla\u0111u&#8221; muzeja Ulcinja + Foto\"}]},{\"@type\":\"Person\",\"@id\":\"https:\/\/www.visit-ulcinj.com\/blog\/#\/schema\/person\/dcab619c614d3038751c63bc2aadc06d\",\"name\":\"ulqini\",\"sameAs\":[\"http:\/\/www.visit-ulcinj.com\"],\"url\":\"https:\/\/www.visit-ulcinj.com\/blog\/author\/admin\/\"}]}<\/script>\n<!-- \/ Yoast SEO plugin. -->","yoast_head_json":{"title":"\"\u0160trajk gla\u0111u\" muzeja Ulcinja + Foto - Lajme nga Ulqini","description":"Samo \u010detvoro njih je sasvim slu\u010dajno danas oko 11 sati, zalutalo do kapije tzv. muzeja na \"Trgu robova\" kod nas u Starom gradu. Naravno, zatvorena kapija","robots":{"index":"index","follow":"follow","max-snippet":"max-snippet:-1","max-image-preview":"max-image-preview:large","max-video-preview":"max-video-preview:-1"},"canonical":"https:\/\/www.visit-ulcinj.com\/blog\/2013\/12\/25\/strajk-gladu-muzeja-ulcinja\/","og_locale":"en_US","og_type":"article","og_title":"\"\u0160trajk gla\u0111u\" muzeja Ulcinja + Foto - Lajme nga Ulqini","og_description":"Samo \u010detvoro njih je sasvim slu\u010dajno danas oko 11 sati, zalutalo do kapije tzv. muzeja na \"Trgu robova\" kod nas u Starom gradu. Naravno, zatvorena kapija","og_url":"https:\/\/www.visit-ulcinj.com\/blog\/2013\/12\/25\/strajk-gladu-muzeja-ulcinja\/","og_site_name":"Lajme nga Ulqini","article_published_time":"2013-12-25T15:02:39+00:00","article_modified_time":"2013-12-25T15:03:13+00:00","og_image":[{"url":"http:\/\/www.visit-ulcinj.com\/blog\/wp-content\/uploads\/2013\/12\/Strajk-Muzeja-Ulcinja.jpg"}],"twitter_misc":{"Written by":"ulqini","Est. reading time":"1 minute"},"schema":{"@context":"https:\/\/schema.org","@graph":[{"@type":"WebSite","@id":"https:\/\/www.visit-ulcinj.com\/blog\/#website","url":"https:\/\/www.visit-ulcinj.com\/blog\/","name":"Lajme nga Ulqini","description":"Lajme,Vijesti,Ulqini,Ulqin,Crna Gora,Mali i Zi","potentialAction":[{"@type":"SearchAction","target":{"@type":"EntryPoint","urlTemplate":"https:\/\/www.visit-ulcinj.com\/blog\/?s={search_term_string}"},"query-input":"required name=search_term_string"}],"inLanguage":"en-US"},{"@type":"ImageObject","inLanguage":"en-US","@id":"https:\/\/www.visit-ulcinj.com\/blog\/2013\/12\/25\/strajk-gladu-muzeja-ulcinja\/#primaryimage","url":"https:\/\/www.visit-ulcinj.com\/blog\/wp-content\/uploads\/2013\/12\/Strajk-Muzeja-Ulcinja.jpg","contentUrl":"https:\/\/www.visit-ulcinj.com\/blog\/wp-content\/uploads\/2013\/12\/Strajk-Muzeja-Ulcinja.jpg","width":960,"height":720},{"@type":"WebPage","@id":"https:\/\/www.visit-ulcinj.com\/blog\/2013\/12\/25\/strajk-gladu-muzeja-ulcinja\/#webpage","url":"https:\/\/www.visit-ulcinj.com\/blog\/2013\/12\/25\/strajk-gladu-muzeja-ulcinja\/","name":"\"\u0160trajk gla\u0111u\" muzeja Ulcinja + Foto - Lajme nga Ulqini","isPartOf":{"@id":"https:\/\/www.visit-ulcinj.com\/blog\/#website"},"primaryImageOfPage":{"@id":"https:\/\/www.visit-ulcinj.com\/blog\/2013\/12\/25\/strajk-gladu-muzeja-ulcinja\/#primaryimage"},"datePublished":"2013-12-25T15:02:39+00:00","dateModified":"2013-12-25T15:03:13+00:00","author":{"@id":"https:\/\/www.visit-ulcinj.com\/blog\/#\/schema\/person\/dcab619c614d3038751c63bc2aadc06d"},"description":"Samo \u010detvoro njih je sasvim slu\u010dajno danas oko 11 sati, zalutalo do kapije tzv. muzeja na \"Trgu robova\" kod nas u Starom gradu. Naravno, zatvorena kapija","breadcrumb":{"@id":"https:\/\/www.visit-ulcinj.com\/blog\/2013\/12\/25\/strajk-gladu-muzeja-ulcinja\/#breadcrumb"},"inLanguage":"en-US","potentialAction":[{"@type":"ReadAction","target":["https:\/\/www.visit-ulcinj.com\/blog\/2013\/12\/25\/strajk-gladu-muzeja-ulcinja\/"]}]},{"@type":"BreadcrumbList","@id":"https:\/\/www.visit-ulcinj.com\/blog\/2013\/12\/25\/strajk-gladu-muzeja-ulcinja\/#breadcrumb","itemListElement":[{"@type":"ListItem","position":1,"name":"&#8220;\u0160trajk gla\u0111u&#8221; muzeja Ulcinja + Foto"}]},{"@type":"Person","@id":"https:\/\/www.visit-ulcinj.com\/blog\/#\/schema\/person\/dcab619c614d3038751c63bc2aadc06d","name":"ulqini","sameAs":["http:\/\/www.visit-ulcinj.com"],"url":"https:\/\/www.visit-ulcinj.com\/blog\/author\/admin\/"}]}},"jetpack_featured_media_url":"","jetpack_sharing_enabled":true,"jetpack_shortlink":"https:\/\/wp.me\/pe6lTn-kaO","_links":{"self":[{"href":"https:\/\/www.visit-ulcinj.com\/blog\/wp-json\/wp\/v2\/posts\/77550"}],"collection":[{"href":"https:\/\/www.visit-ulcinj.com\/blog\/wp-json\/wp\/v2\/posts"}],"about":[{"href":"https:\/\/www.visit-ulcinj.com\/blog\/wp-json\/wp\/v2\/types\/post"}],"author":[{"embeddable":true,"href":"https:\/\/www.visit-ulcinj.com\/blog\/wp-json\/wp\/v2\/users\/1"}],"replies":[{"embeddable":true,"href":"https:\/\/www.visit-ulcinj.com\/blog\/wp-json\/wp\/v2\/comments?post=77550"}],"version-history":[{"count":2,"href":"https:\/\/www.visit-ulcinj.com\/blog\/wp-json\/wp\/v2\/posts\/77550\/revisions"}],"predecessor-version":[{"id":77557,"href":"https:\/\/www.visit-ulcinj.com\/blog\/wp-json\/wp\/v2\/posts\/77550\/revisions\/77557"}],"wp:attachment":[{"href":"https:\/\/www.visit-ulcinj.com\/blog\/wp-json\/wp\/v2\/media?parent=77550"}],"wp:term":[{"taxonomy":"category","embeddable":true,"href":"https:\/\/www.visit-ulcinj.com\/blog\/wp-json\/wp\/v2\/categories?post=77550"},{"taxonomy":"post_tag","embeddable":true,"href":"https:\/\/www.visit-ulcinj.com\/blog\/wp-json\/wp\/v2\/tags?post=77550"}],"curies":[{"name":"wp","href":"https:\/\/api.w.org\/{rel}","templated":true}]}}