{"id":7756,"date":"2008-12-27T15:34:17","date_gmt":"2008-12-27T14:34:17","guid":{"rendered":"http:\/\/www.visit-ulcinj.com\/blog\/?p=7756"},"modified":"2008-12-27T17:05:11","modified_gmt":"2008-12-27T16:05:11","slug":"forca-gezuar-vitin-e-ri-2009","status":"publish","type":"post","link":"https:\/\/www.visit-ulcinj.com\/blog\/2008\/12\/27\/forca-gezuar-vitin-e-ri-2009\/","title":{"rendered":"Forca: G\u00ebzuar vitin e ri 2009!"},"content":{"rendered":"<p><a href=\"http:\/\/www.visit-ulcinj.com\/blog\/wp-content\/uploads\/2008\/12\/srecna-nova-godina.png\"><img loading=\"lazy\" class=\"alignleft size-full wp-image-7757\" title=\"srecna-nova-godina\" src=\"http:\/\/www.visit-ulcinj.com\/blog\/wp-content\/uploads\/2008\/12\/srecna-nova-godina.png\" alt=\"srecna-nova-godina\" width=\"500\" height=\"375\" srcset=\"https:\/\/www.visit-ulcinj.com\/blog\/wp-content\/uploads\/2008\/12\/srecna-nova-godina.png 500w, https:\/\/www.visit-ulcinj.com\/blog\/wp-content\/uploads\/2008\/12\/srecna-nova-godina-300x225.png 300w\" sizes=\"(max-width: 500px) 100vw, 500px\" \/><\/a><strong><\/strong><\/p>\n<p><strong>Gjithe shqiptar\u00ebve kudo q\u00eb gjinden n\u00eb Bot\u00eb, Forca e Re Demokratike ju uron, G\u00ebzuar vitin e ri 2009.<\/strong><br \/>\nLe t\u00eb jet\u00eb p\u00ebr t\u00eb gjith\u00eb ky vit, viti i sukseve dhe endrrave t\u00eb parealizuara ne jeten e tyre.<br \/>\nSretna Nova godina!,Bonne ann\u00e9e!,Happy new year!,Feliz Ano Novo!,??????????? ?????? ????!,\u00a1Feliz a\u00f1o nuevo!,????,?????????????,Ein gutes neues Jahr!,Szcz??liwego Nowego Roku!,Boldog \u00faj \u00e9vet!,Gelukkig nieuwjaar!,La Mul?i Ani!,?yi seneler \/ Yeni y?l?n?z kutlu olsun ,Gott Nytt \u00c5r!,Buon anno!,Onnellista uutta vuotta!,??? ????!,Godt nytt \u00e5r!,\u0160tastn\u00fd nov\u00fd rok,??? ???? ???? ! ,???????????? ? ??????????? ??????,\u0160?astn\u00fd nov\u00fd rok! ,Godt nyt\u00e5r!,Feli?an novjaron!,Sre?no novo leto,Feli\u00e7 Any Nou!,G\u00ebzuar vitin e ri!,Sre?na Nova Godina!,Bliain \u00far faoi sh\u00e9an is faoi mhaise duit duit,uut aastat!,?????????????????,???? ??? ????? ??,???????? ???? ??????!,Feliz Ano Novo ,Gle\u00f0ilegt n\u00fdtt \u00e1r! ,Gelukkige nuwe jaar,Gott n\u00fdggj\u00e1r,??? ?? ?????! ,?????? ???? ??????! ,Sretna Nova godina! ,Tezze iliniz yahsi olsun,Laim?gu Jauno Gadu!,? ????? ?????,Selamat Tahun Baru,?????????????,Manigong bagong taon!,Bloavez mad ! ,Folle lok en seine!.<\/p>\n<p><strong>Lajme nga Ulqini<\/strong><\/p>\n","protected":false},"excerpt":{"rendered":"<p>Gjithe shqiptar\u00ebve kudo q\u00eb gjinden n\u00eb Bot\u00eb, Forca e Re Demokratike ju uron, G\u00ebzuar vitin e ri 2009. Le t\u00eb jet\u00eb p\u00ebr t\u00eb gjith\u00eb ky vit, viti i sukseve dhe endrrave t\u00eb parealizuara ne jeten e tyre. Sretna Nova godina!,Bonne ann\u00e9e!,Happy new year!,Feliz Ano Novo!,??????????? ?????? ????!,\u00a1Feliz a\u00f1o nuevo!,????,?????????????,Ein gutes neues Jahr!,Szcz??liwego Nowego Roku!,Boldog \u00faj [&hellip;]<\/p>\n","protected":false},"author":1,"featured_media":0,"comment_status":"open","ping_status":"closed","sticky":false,"template":"","format":"standard","meta":{"spay_email":"","jetpack_publicize_message":"","jetpack_is_tweetstorm":false,"jetpack_publicize_feature_enabled":true},"categories":[11],"tags":[117,672,5450],"jetpack_publicize_connections":[],"yoast_head":"<!-- This site is optimized with the Yoast SEO plugin v19.1 - https:\/\/yoast.com\/wordpress\/plugins\/seo\/ -->\n<title>Forca: G\u00ebzuar vitin e ri 2009! - Lajme nga Ulqini<\/title>\n<meta name=\"description\" content=\"Gjithe shqiptar\u00ebve kudo q\u00eb gjinden n\u00eb Bot\u00eb, Forca e Re Demokratike ju uron, G\u00ebzuar vitin e ri 2009. Le t\u00eb jet\u00eb p\u00ebr t\u00eb gjith\u00eb ky vit, viti i sukseve dhe\" \/>\n<meta name=\"robots\" content=\"index, follow, max-snippet:-1, max-image-preview:large, max-video-preview:-1\" \/>\n<link rel=\"canonical\" href=\"https:\/\/www.visit-ulcinj.com\/blog\/2008\/12\/27\/forca-gezuar-vitin-e-ri-2009\/\" \/>\n<meta property=\"og:locale\" content=\"en_US\" \/>\n<meta property=\"og:type\" content=\"article\" \/>\n<meta property=\"og:title\" content=\"Forca: G\u00ebzuar vitin e ri 2009! - Lajme nga Ulqini\" \/>\n<meta property=\"og:description\" content=\"Gjithe shqiptar\u00ebve kudo q\u00eb gjinden n\u00eb Bot\u00eb, Forca e Re Demokratike ju uron, G\u00ebzuar vitin e ri 2009. Le t\u00eb jet\u00eb p\u00ebr t\u00eb gjith\u00eb ky vit, viti i sukseve dhe\" \/>\n<meta property=\"og:url\" content=\"https:\/\/www.visit-ulcinj.com\/blog\/2008\/12\/27\/forca-gezuar-vitin-e-ri-2009\/\" \/>\n<meta property=\"og:site_name\" content=\"Lajme nga Ulqini\" \/>\n<meta property=\"article:published_time\" content=\"2008-12-27T14:34:17+00:00\" \/>\n<meta property=\"article:modified_time\" content=\"2008-12-27T16:05:11+00:00\" \/>\n<meta property=\"og:image\" content=\"http:\/\/www.visit-ulcinj.com\/blog\/wp-content\/uploads\/2008\/12\/srecna-nova-godina.png\" \/>\n<meta name=\"twitter:label1\" content=\"Written by\" \/>\n\t<meta name=\"twitter:data1\" content=\"ulqini\" \/>\n\t<meta name=\"twitter:label2\" content=\"Est. reading time\" \/>\n\t<meta name=\"twitter:data2\" content=\"1 minute\" \/>\n<script type=\"application\/ld+json\" class=\"yoast-schema-graph\">{\"@context\":\"https:\/\/schema.org\",\"@graph\":[{\"@type\":\"WebSite\",\"@id\":\"https:\/\/www.visit-ulcinj.com\/blog\/#website\",\"url\":\"https:\/\/www.visit-ulcinj.com\/blog\/\",\"name\":\"Lajme nga Ulqini\",\"description\":\"Lajme,Vijesti,Ulqini,Ulqin,Crna Gora,Mali i Zi\",\"potentialAction\":[{\"@type\":\"SearchAction\",\"target\":{\"@type\":\"EntryPoint\",\"urlTemplate\":\"https:\/\/www.visit-ulcinj.com\/blog\/?s={search_term_string}\"},\"query-input\":\"required name=search_term_string\"}],\"inLanguage\":\"en-US\"},{\"@type\":\"ImageObject\",\"inLanguage\":\"en-US\",\"@id\":\"https:\/\/www.visit-ulcinj.com\/blog\/2008\/12\/27\/forca-gezuar-vitin-e-ri-2009\/#primaryimage\",\"url\":\"https:\/\/www.visit-ulcinj.com\/blog\/wp-content\/uploads\/2008\/12\/srecna-nova-godina.png\",\"contentUrl\":\"https:\/\/www.visit-ulcinj.com\/blog\/wp-content\/uploads\/2008\/12\/srecna-nova-godina.png\",\"width\":\"500\",\"height\":\"375\"},{\"@type\":\"WebPage\",\"@id\":\"https:\/\/www.visit-ulcinj.com\/blog\/2008\/12\/27\/forca-gezuar-vitin-e-ri-2009\/#webpage\",\"url\":\"https:\/\/www.visit-ulcinj.com\/blog\/2008\/12\/27\/forca-gezuar-vitin-e-ri-2009\/\",\"name\":\"Forca: G\u00ebzuar vitin e ri 2009! - Lajme nga Ulqini\",\"isPartOf\":{\"@id\":\"https:\/\/www.visit-ulcinj.com\/blog\/#website\"},\"primaryImageOfPage\":{\"@id\":\"https:\/\/www.visit-ulcinj.com\/blog\/2008\/12\/27\/forca-gezuar-vitin-e-ri-2009\/#primaryimage\"},\"datePublished\":\"2008-12-27T14:34:17+00:00\",\"dateModified\":\"2008-12-27T16:05:11+00:00\",\"author\":{\"@id\":\"https:\/\/www.visit-ulcinj.com\/blog\/#\/schema\/person\/dcab619c614d3038751c63bc2aadc06d\"},\"description\":\"Gjithe shqiptar\u00ebve kudo q\u00eb gjinden n\u00eb Bot\u00eb, Forca e Re Demokratike ju uron, G\u00ebzuar vitin e ri 2009. Le t\u00eb jet\u00eb p\u00ebr t\u00eb gjith\u00eb ky vit, viti i sukseve dhe\",\"breadcrumb\":{\"@id\":\"https:\/\/www.visit-ulcinj.com\/blog\/2008\/12\/27\/forca-gezuar-vitin-e-ri-2009\/#breadcrumb\"},\"inLanguage\":\"en-US\",\"potentialAction\":[{\"@type\":\"ReadAction\",\"target\":[\"https:\/\/www.visit-ulcinj.com\/blog\/2008\/12\/27\/forca-gezuar-vitin-e-ri-2009\/\"]}]},{\"@type\":\"BreadcrumbList\",\"@id\":\"https:\/\/www.visit-ulcinj.com\/blog\/2008\/12\/27\/forca-gezuar-vitin-e-ri-2009\/#breadcrumb\",\"itemListElement\":[{\"@type\":\"ListItem\",\"position\":1,\"name\":\"Forca: G\u00ebzuar vitin e ri 2009!\"}]},{\"@type\":\"Person\",\"@id\":\"https:\/\/www.visit-ulcinj.com\/blog\/#\/schema\/person\/dcab619c614d3038751c63bc2aadc06d\",\"name\":\"ulqini\",\"sameAs\":[\"http:\/\/www.visit-ulcinj.com\"],\"url\":\"https:\/\/www.visit-ulcinj.com\/blog\/author\/admin\/\"}]}<\/script>\n<!-- \/ Yoast SEO plugin. -->","yoast_head_json":{"title":"Forca: G\u00ebzuar vitin e ri 2009! - Lajme nga Ulqini","description":"Gjithe shqiptar\u00ebve kudo q\u00eb gjinden n\u00eb Bot\u00eb, Forca e Re Demokratike ju uron, G\u00ebzuar vitin e ri 2009. Le t\u00eb jet\u00eb p\u00ebr t\u00eb gjith\u00eb ky vit, viti i sukseve dhe","robots":{"index":"index","follow":"follow","max-snippet":"max-snippet:-1","max-image-preview":"max-image-preview:large","max-video-preview":"max-video-preview:-1"},"canonical":"https:\/\/www.visit-ulcinj.com\/blog\/2008\/12\/27\/forca-gezuar-vitin-e-ri-2009\/","og_locale":"en_US","og_type":"article","og_title":"Forca: G\u00ebzuar vitin e ri 2009! - Lajme nga Ulqini","og_description":"Gjithe shqiptar\u00ebve kudo q\u00eb gjinden n\u00eb Bot\u00eb, Forca e Re Demokratike ju uron, G\u00ebzuar vitin e ri 2009. Le t\u00eb jet\u00eb p\u00ebr t\u00eb gjith\u00eb ky vit, viti i sukseve dhe","og_url":"https:\/\/www.visit-ulcinj.com\/blog\/2008\/12\/27\/forca-gezuar-vitin-e-ri-2009\/","og_site_name":"Lajme nga Ulqini","article_published_time":"2008-12-27T14:34:17+00:00","article_modified_time":"2008-12-27T16:05:11+00:00","og_image":[{"url":"http:\/\/www.visit-ulcinj.com\/blog\/wp-content\/uploads\/2008\/12\/srecna-nova-godina.png"}],"twitter_misc":{"Written by":"ulqini","Est. reading time":"1 minute"},"schema":{"@context":"https:\/\/schema.org","@graph":[{"@type":"WebSite","@id":"https:\/\/www.visit-ulcinj.com\/blog\/#website","url":"https:\/\/www.visit-ulcinj.com\/blog\/","name":"Lajme nga Ulqini","description":"Lajme,Vijesti,Ulqini,Ulqin,Crna Gora,Mali i Zi","potentialAction":[{"@type":"SearchAction","target":{"@type":"EntryPoint","urlTemplate":"https:\/\/www.visit-ulcinj.com\/blog\/?s={search_term_string}"},"query-input":"required name=search_term_string"}],"inLanguage":"en-US"},{"@type":"ImageObject","inLanguage":"en-US","@id":"https:\/\/www.visit-ulcinj.com\/blog\/2008\/12\/27\/forca-gezuar-vitin-e-ri-2009\/#primaryimage","url":"https:\/\/www.visit-ulcinj.com\/blog\/wp-content\/uploads\/2008\/12\/srecna-nova-godina.png","contentUrl":"https:\/\/www.visit-ulcinj.com\/blog\/wp-content\/uploads\/2008\/12\/srecna-nova-godina.png","width":"500","height":"375"},{"@type":"WebPage","@id":"https:\/\/www.visit-ulcinj.com\/blog\/2008\/12\/27\/forca-gezuar-vitin-e-ri-2009\/#webpage","url":"https:\/\/www.visit-ulcinj.com\/blog\/2008\/12\/27\/forca-gezuar-vitin-e-ri-2009\/","name":"Forca: G\u00ebzuar vitin e ri 2009! - Lajme nga Ulqini","isPartOf":{"@id":"https:\/\/www.visit-ulcinj.com\/blog\/#website"},"primaryImageOfPage":{"@id":"https:\/\/www.visit-ulcinj.com\/blog\/2008\/12\/27\/forca-gezuar-vitin-e-ri-2009\/#primaryimage"},"datePublished":"2008-12-27T14:34:17+00:00","dateModified":"2008-12-27T16:05:11+00:00","author":{"@id":"https:\/\/www.visit-ulcinj.com\/blog\/#\/schema\/person\/dcab619c614d3038751c63bc2aadc06d"},"description":"Gjithe shqiptar\u00ebve kudo q\u00eb gjinden n\u00eb Bot\u00eb, Forca e Re Demokratike ju uron, G\u00ebzuar vitin e ri 2009. Le t\u00eb jet\u00eb p\u00ebr t\u00eb gjith\u00eb ky vit, viti i sukseve dhe","breadcrumb":{"@id":"https:\/\/www.visit-ulcinj.com\/blog\/2008\/12\/27\/forca-gezuar-vitin-e-ri-2009\/#breadcrumb"},"inLanguage":"en-US","potentialAction":[{"@type":"ReadAction","target":["https:\/\/www.visit-ulcinj.com\/blog\/2008\/12\/27\/forca-gezuar-vitin-e-ri-2009\/"]}]},{"@type":"BreadcrumbList","@id":"https:\/\/www.visit-ulcinj.com\/blog\/2008\/12\/27\/forca-gezuar-vitin-e-ri-2009\/#breadcrumb","itemListElement":[{"@type":"ListItem","position":1,"name":"Forca: G\u00ebzuar vitin e ri 2009!"}]},{"@type":"Person","@id":"https:\/\/www.visit-ulcinj.com\/blog\/#\/schema\/person\/dcab619c614d3038751c63bc2aadc06d","name":"ulqini","sameAs":["http:\/\/www.visit-ulcinj.com"],"url":"https:\/\/www.visit-ulcinj.com\/blog\/author\/admin\/"}]}},"jetpack_featured_media_url":"","jetpack_sharing_enabled":true,"jetpack_shortlink":"https:\/\/wp.me\/pe6lTn-216","_links":{"self":[{"href":"https:\/\/www.visit-ulcinj.com\/blog\/wp-json\/wp\/v2\/posts\/7756"}],"collection":[{"href":"https:\/\/www.visit-ulcinj.com\/blog\/wp-json\/wp\/v2\/posts"}],"about":[{"href":"https:\/\/www.visit-ulcinj.com\/blog\/wp-json\/wp\/v2\/types\/post"}],"author":[{"embeddable":true,"href":"https:\/\/www.visit-ulcinj.com\/blog\/wp-json\/wp\/v2\/users\/1"}],"replies":[{"embeddable":true,"href":"https:\/\/www.visit-ulcinj.com\/blog\/wp-json\/wp\/v2\/comments?post=7756"}],"version-history":[{"count":0,"href":"https:\/\/www.visit-ulcinj.com\/blog\/wp-json\/wp\/v2\/posts\/7756\/revisions"}],"wp:attachment":[{"href":"https:\/\/www.visit-ulcinj.com\/blog\/wp-json\/wp\/v2\/media?parent=7756"}],"wp:term":[{"taxonomy":"category","embeddable":true,"href":"https:\/\/www.visit-ulcinj.com\/blog\/wp-json\/wp\/v2\/categories?post=7756"},{"taxonomy":"post_tag","embeddable":true,"href":"https:\/\/www.visit-ulcinj.com\/blog\/wp-json\/wp\/v2\/tags?post=7756"}],"curies":[{"name":"wp","href":"https:\/\/api.w.org\/{rel}","templated":true}]}}