{"id":77566,"date":"2013-12-25T16:41:04","date_gmt":"2013-12-25T15:41:04","guid":{"rendered":"http:\/\/www.visit-ulcinj.com\/blog\/?p=77566"},"modified":"2013-12-28T08:50:24","modified_gmt":"2013-12-28T07:50:24","slug":"silver-korda-bejte-per-dritan-abazin","status":"publish","type":"post","link":"https:\/\/www.visit-ulcinj.com\/blog\/2013\/12\/25\/silver-korda-bejte-per-dritan-abazin\/","title":{"rendered":"Silver Korda bejte p\u00ebr Dritan Abazin"},"content":{"rendered":"<p><strong><a href=\"http:\/\/www.visit-ulcinj.com\/blog\/wp-content\/uploads\/2013\/12\/Silver-Korda.jpg\"><img loading=\"lazy\" class=\"alignleft  wp-image-77567\" alt=\"Silver Korda\" src=\"http:\/\/www.visit-ulcinj.com\/blog\/wp-content\/uploads\/2013\/12\/Silver-Korda.jpg\" width=\"508\" height=\"400\" \/><\/a>P\u00ebr datlindjen e Dritan Abazit<\/strong><\/p>\n<p>Drita-ni Ulqinit<\/p>\n<p>N\u00eb \u00e7erdhen e kulshedrave nuk tu dridh\u00eb asnji her\u00eb zani-<br \/>\nas at\u00ebher\u00eb kur t\u00eb b\u00ebrtiti i xhungll\u00ebs -Tarzani!<\/p>\n<p>N\u00eb Olimp politik\u00eb t\u00eb Ballkanit ve\u00e7 je ngrit\u00eb-<br \/>\nedhe Bashkis\u00eb Europiane ti ke me i ba drit\u00eb!<\/p>\n<p>Parlamenti i Zi, plet me serdara dhe knjaza-<br \/>\nti me fjal\u00eb t\u00eb matuna, ata ve\u00e7 me fraza!<\/p>\n<p>Ti e ke meritu nji shtet p\u00ebrs\u00ebmarit-<br \/>\ne ja ku n\u00eb vend Gamarit, i bijn samarit!<\/p>\n<p>Edhe piunat lokal simas direktivave t\u00eb Mretit-<br \/>\nme ligje t\u00eb dhun\u00ebshme ia shtin t\u00eb zez\u00ebn Detit!<\/p>\n<p>Ti, q\u00eb shk\u00eblqen si Drita n\u00eb terr-<br \/>\nje i rethumun vet\u00ebm me sherr!<\/p>\n<p>Tek pa i mush njizet e tet\u00eb-<br \/>\nje si plaktush e i gjan\u00eb si det`<\/p>\n<p>Allahu t\u00eb rujt edhe 100 vite-<br \/>\nkrenar, fisnik edhe me rite<\/p>\n<p>Tesh njizet vite Ulqinak`t votojn Knjazin-<br \/>\nka ardh\u00eb epoka p\u00ebr DRITAN ABAZIN!!!<\/p>\n<p>Urime p\u00ebr Dat\u00eblindjen e njizet e tet\u00eb-<br \/>\ni MADHI isht\u00eb me ty, ti s`je kurr\u00eb vet\u00eb!!!<\/p>\n","protected":false},"excerpt":{"rendered":"<p>P\u00ebr datlindjen e Dritan Abazit Drita-ni Ulqinit N\u00eb \u00e7erdhen e kulshedrave nuk tu dridh\u00eb asnji her\u00eb zani- as at\u00ebher\u00eb kur t\u00eb b\u00ebrtiti i xhungll\u00ebs -Tarzani! N\u00eb Olimp politik\u00eb t\u00eb Ballkanit ve\u00e7 je ngrit\u00eb- edhe Bashkis\u00eb Europiane ti ke me i ba drit\u00eb! Parlamenti i Zi, plet me serdara dhe knjaza- ti me fjal\u00eb t\u00eb matuna, [&hellip;]<\/p>\n","protected":false},"author":1,"featured_media":0,"comment_status":"closed","ping_status":"closed","sticky":false,"template":"","format":"standard","meta":{"spay_email":"","jetpack_publicize_message":"","jetpack_is_tweetstorm":false,"jetpack_publicize_feature_enabled":true},"categories":[1,12],"tags":[],"jetpack_publicize_connections":[],"yoast_head":"<!-- This site is optimized with the Yoast SEO plugin v19.1 - https:\/\/yoast.com\/wordpress\/plugins\/seo\/ -->\n<title>Silver Korda bejte p\u00ebr Dritan Abazin - Lajme nga Ulqini<\/title>\n<meta name=\"description\" content=\"P\u00ebr datlindjen e Dritan Abazit Drita-ni Ulqinit N\u00eb \u00e7erdhen e kulshedrave nuk tu dridh\u00eb asnji her\u00eb zani- as at\u00ebher\u00eb kur t\u00eb b\u00ebrtiti i xhungll\u00ebs -Tarzani! N\u00eb\" \/>\n<meta name=\"robots\" content=\"index, follow, max-snippet:-1, max-image-preview:large, max-video-preview:-1\" \/>\n<link rel=\"canonical\" href=\"https:\/\/www.visit-ulcinj.com\/blog\/2013\/12\/25\/silver-korda-bejte-per-dritan-abazin\/\" \/>\n<meta property=\"og:locale\" content=\"en_US\" \/>\n<meta property=\"og:type\" content=\"article\" \/>\n<meta property=\"og:title\" content=\"Silver Korda bejte p\u00ebr Dritan Abazin - Lajme nga Ulqini\" \/>\n<meta property=\"og:description\" content=\"P\u00ebr datlindjen e Dritan Abazit Drita-ni Ulqinit N\u00eb \u00e7erdhen e kulshedrave nuk tu dridh\u00eb asnji her\u00eb zani- as at\u00ebher\u00eb kur t\u00eb b\u00ebrtiti i xhungll\u00ebs -Tarzani! N\u00eb\" \/>\n<meta property=\"og:url\" content=\"https:\/\/www.visit-ulcinj.com\/blog\/2013\/12\/25\/silver-korda-bejte-per-dritan-abazin\/\" \/>\n<meta property=\"og:site_name\" content=\"Lajme nga Ulqini\" \/>\n<meta property=\"article:published_time\" content=\"2013-12-25T15:41:04+00:00\" \/>\n<meta property=\"article:modified_time\" content=\"2013-12-28T07:50:24+00:00\" \/>\n<meta property=\"og:image\" content=\"http:\/\/www.visit-ulcinj.com\/blog\/wp-content\/uploads\/2013\/12\/Silver-Korda.jpg\" \/>\n<meta name=\"twitter:label1\" content=\"Written by\" \/>\n\t<meta name=\"twitter:data1\" content=\"ulqini\" \/>\n\t<meta name=\"twitter:label2\" content=\"Est. reading time\" \/>\n\t<meta name=\"twitter:data2\" content=\"1 minute\" \/>\n<script type=\"application\/ld+json\" class=\"yoast-schema-graph\">{\"@context\":\"https:\/\/schema.org\",\"@graph\":[{\"@type\":\"WebSite\",\"@id\":\"https:\/\/www.visit-ulcinj.com\/blog\/#website\",\"url\":\"https:\/\/www.visit-ulcinj.com\/blog\/\",\"name\":\"Lajme nga Ulqini\",\"description\":\"Lajme,Vijesti,Ulqini,Ulqin,Crna Gora,Mali i Zi\",\"potentialAction\":[{\"@type\":\"SearchAction\",\"target\":{\"@type\":\"EntryPoint\",\"urlTemplate\":\"https:\/\/www.visit-ulcinj.com\/blog\/?s={search_term_string}\"},\"query-input\":\"required name=search_term_string\"}],\"inLanguage\":\"en-US\"},{\"@type\":\"ImageObject\",\"inLanguage\":\"en-US\",\"@id\":\"https:\/\/www.visit-ulcinj.com\/blog\/2013\/12\/25\/silver-korda-bejte-per-dritan-abazin\/#primaryimage\",\"url\":\"https:\/\/www.visit-ulcinj.com\/blog\/wp-content\/uploads\/2013\/12\/Silver-Korda.jpg\",\"contentUrl\":\"https:\/\/www.visit-ulcinj.com\/blog\/wp-content\/uploads\/2013\/12\/Silver-Korda.jpg\",\"width\":640,\"height\":640},{\"@type\":\"WebPage\",\"@id\":\"https:\/\/www.visit-ulcinj.com\/blog\/2013\/12\/25\/silver-korda-bejte-per-dritan-abazin\/#webpage\",\"url\":\"https:\/\/www.visit-ulcinj.com\/blog\/2013\/12\/25\/silver-korda-bejte-per-dritan-abazin\/\",\"name\":\"Silver Korda bejte p\u00ebr Dritan Abazin - Lajme nga Ulqini\",\"isPartOf\":{\"@id\":\"https:\/\/www.visit-ulcinj.com\/blog\/#website\"},\"primaryImageOfPage\":{\"@id\":\"https:\/\/www.visit-ulcinj.com\/blog\/2013\/12\/25\/silver-korda-bejte-per-dritan-abazin\/#primaryimage\"},\"datePublished\":\"2013-12-25T15:41:04+00:00\",\"dateModified\":\"2013-12-28T07:50:24+00:00\",\"author\":{\"@id\":\"https:\/\/www.visit-ulcinj.com\/blog\/#\/schema\/person\/dcab619c614d3038751c63bc2aadc06d\"},\"description\":\"P\u00ebr datlindjen e Dritan Abazit Drita-ni Ulqinit N\u00eb \u00e7erdhen e kulshedrave nuk tu dridh\u00eb asnji her\u00eb zani- as at\u00ebher\u00eb kur t\u00eb b\u00ebrtiti i xhungll\u00ebs -Tarzani! N\u00eb\",\"breadcrumb\":{\"@id\":\"https:\/\/www.visit-ulcinj.com\/blog\/2013\/12\/25\/silver-korda-bejte-per-dritan-abazin\/#breadcrumb\"},\"inLanguage\":\"en-US\",\"potentialAction\":[{\"@type\":\"ReadAction\",\"target\":[\"https:\/\/www.visit-ulcinj.com\/blog\/2013\/12\/25\/silver-korda-bejte-per-dritan-abazin\/\"]}]},{\"@type\":\"BreadcrumbList\",\"@id\":\"https:\/\/www.visit-ulcinj.com\/blog\/2013\/12\/25\/silver-korda-bejte-per-dritan-abazin\/#breadcrumb\",\"itemListElement\":[{\"@type\":\"ListItem\",\"position\":1,\"name\":\"Silver Korda bejte p\u00ebr Dritan Abazin\"}]},{\"@type\":\"Person\",\"@id\":\"https:\/\/www.visit-ulcinj.com\/blog\/#\/schema\/person\/dcab619c614d3038751c63bc2aadc06d\",\"name\":\"ulqini\",\"sameAs\":[\"http:\/\/www.visit-ulcinj.com\"],\"url\":\"https:\/\/www.visit-ulcinj.com\/blog\/author\/admin\/\"}]}<\/script>\n<!-- \/ Yoast SEO plugin. -->","yoast_head_json":{"title":"Silver Korda bejte p\u00ebr Dritan Abazin - Lajme nga Ulqini","description":"P\u00ebr datlindjen e Dritan Abazit Drita-ni Ulqinit N\u00eb \u00e7erdhen e kulshedrave nuk tu dridh\u00eb asnji her\u00eb zani- as at\u00ebher\u00eb kur t\u00eb b\u00ebrtiti i xhungll\u00ebs -Tarzani! N\u00eb","robots":{"index":"index","follow":"follow","max-snippet":"max-snippet:-1","max-image-preview":"max-image-preview:large","max-video-preview":"max-video-preview:-1"},"canonical":"https:\/\/www.visit-ulcinj.com\/blog\/2013\/12\/25\/silver-korda-bejte-per-dritan-abazin\/","og_locale":"en_US","og_type":"article","og_title":"Silver Korda bejte p\u00ebr Dritan Abazin - Lajme nga Ulqini","og_description":"P\u00ebr datlindjen e Dritan Abazit Drita-ni Ulqinit N\u00eb \u00e7erdhen e kulshedrave nuk tu dridh\u00eb asnji her\u00eb zani- as at\u00ebher\u00eb kur t\u00eb b\u00ebrtiti i xhungll\u00ebs -Tarzani! N\u00eb","og_url":"https:\/\/www.visit-ulcinj.com\/blog\/2013\/12\/25\/silver-korda-bejte-per-dritan-abazin\/","og_site_name":"Lajme nga Ulqini","article_published_time":"2013-12-25T15:41:04+00:00","article_modified_time":"2013-12-28T07:50:24+00:00","og_image":[{"url":"http:\/\/www.visit-ulcinj.com\/blog\/wp-content\/uploads\/2013\/12\/Silver-Korda.jpg"}],"twitter_misc":{"Written by":"ulqini","Est. reading time":"1 minute"},"schema":{"@context":"https:\/\/schema.org","@graph":[{"@type":"WebSite","@id":"https:\/\/www.visit-ulcinj.com\/blog\/#website","url":"https:\/\/www.visit-ulcinj.com\/blog\/","name":"Lajme nga Ulqini","description":"Lajme,Vijesti,Ulqini,Ulqin,Crna Gora,Mali i Zi","potentialAction":[{"@type":"SearchAction","target":{"@type":"EntryPoint","urlTemplate":"https:\/\/www.visit-ulcinj.com\/blog\/?s={search_term_string}"},"query-input":"required name=search_term_string"}],"inLanguage":"en-US"},{"@type":"ImageObject","inLanguage":"en-US","@id":"https:\/\/www.visit-ulcinj.com\/blog\/2013\/12\/25\/silver-korda-bejte-per-dritan-abazin\/#primaryimage","url":"https:\/\/www.visit-ulcinj.com\/blog\/wp-content\/uploads\/2013\/12\/Silver-Korda.jpg","contentUrl":"https:\/\/www.visit-ulcinj.com\/blog\/wp-content\/uploads\/2013\/12\/Silver-Korda.jpg","width":640,"height":640},{"@type":"WebPage","@id":"https:\/\/www.visit-ulcinj.com\/blog\/2013\/12\/25\/silver-korda-bejte-per-dritan-abazin\/#webpage","url":"https:\/\/www.visit-ulcinj.com\/blog\/2013\/12\/25\/silver-korda-bejte-per-dritan-abazin\/","name":"Silver Korda bejte p\u00ebr Dritan Abazin - Lajme nga Ulqini","isPartOf":{"@id":"https:\/\/www.visit-ulcinj.com\/blog\/#website"},"primaryImageOfPage":{"@id":"https:\/\/www.visit-ulcinj.com\/blog\/2013\/12\/25\/silver-korda-bejte-per-dritan-abazin\/#primaryimage"},"datePublished":"2013-12-25T15:41:04+00:00","dateModified":"2013-12-28T07:50:24+00:00","author":{"@id":"https:\/\/www.visit-ulcinj.com\/blog\/#\/schema\/person\/dcab619c614d3038751c63bc2aadc06d"},"description":"P\u00ebr datlindjen e Dritan Abazit Drita-ni Ulqinit N\u00eb \u00e7erdhen e kulshedrave nuk tu dridh\u00eb asnji her\u00eb zani- as at\u00ebher\u00eb kur t\u00eb b\u00ebrtiti i xhungll\u00ebs -Tarzani! N\u00eb","breadcrumb":{"@id":"https:\/\/www.visit-ulcinj.com\/blog\/2013\/12\/25\/silver-korda-bejte-per-dritan-abazin\/#breadcrumb"},"inLanguage":"en-US","potentialAction":[{"@type":"ReadAction","target":["https:\/\/www.visit-ulcinj.com\/blog\/2013\/12\/25\/silver-korda-bejte-per-dritan-abazin\/"]}]},{"@type":"BreadcrumbList","@id":"https:\/\/www.visit-ulcinj.com\/blog\/2013\/12\/25\/silver-korda-bejte-per-dritan-abazin\/#breadcrumb","itemListElement":[{"@type":"ListItem","position":1,"name":"Silver Korda bejte p\u00ebr Dritan Abazin"}]},{"@type":"Person","@id":"https:\/\/www.visit-ulcinj.com\/blog\/#\/schema\/person\/dcab619c614d3038751c63bc2aadc06d","name":"ulqini","sameAs":["http:\/\/www.visit-ulcinj.com"],"url":"https:\/\/www.visit-ulcinj.com\/blog\/author\/admin\/"}]}},"jetpack_featured_media_url":"","jetpack_sharing_enabled":true,"jetpack_shortlink":"https:\/\/wp.me\/pe6lTn-kb4","_links":{"self":[{"href":"https:\/\/www.visit-ulcinj.com\/blog\/wp-json\/wp\/v2\/posts\/77566"}],"collection":[{"href":"https:\/\/www.visit-ulcinj.com\/blog\/wp-json\/wp\/v2\/posts"}],"about":[{"href":"https:\/\/www.visit-ulcinj.com\/blog\/wp-json\/wp\/v2\/types\/post"}],"author":[{"embeddable":true,"href":"https:\/\/www.visit-ulcinj.com\/blog\/wp-json\/wp\/v2\/users\/1"}],"replies":[{"embeddable":true,"href":"https:\/\/www.visit-ulcinj.com\/blog\/wp-json\/wp\/v2\/comments?post=77566"}],"version-history":[{"count":2,"href":"https:\/\/www.visit-ulcinj.com\/blog\/wp-json\/wp\/v2\/posts\/77566\/revisions"}],"predecessor-version":[{"id":77569,"href":"https:\/\/www.visit-ulcinj.com\/blog\/wp-json\/wp\/v2\/posts\/77566\/revisions\/77569"}],"wp:attachment":[{"href":"https:\/\/www.visit-ulcinj.com\/blog\/wp-json\/wp\/v2\/media?parent=77566"}],"wp:term":[{"taxonomy":"category","embeddable":true,"href":"https:\/\/www.visit-ulcinj.com\/blog\/wp-json\/wp\/v2\/categories?post=77566"},{"taxonomy":"post_tag","embeddable":true,"href":"https:\/\/www.visit-ulcinj.com\/blog\/wp-json\/wp\/v2\/tags?post=77566"}],"curies":[{"name":"wp","href":"https:\/\/api.w.org\/{rel}","templated":true}]}}