{"id":77576,"date":"2013-12-26T08:43:50","date_gmt":"2013-12-26T07:43:50","guid":{"rendered":"http:\/\/www.visit-ulcinj.com\/blog\/?p=77576"},"modified":"2013-12-26T08:43:50","modified_gmt":"2013-12-26T07:43:50","slug":"komuna-e-ulqinit-shembull-per-komunat-e-tjera-ne-mal-te-zi","status":"publish","type":"post","link":"https:\/\/www.visit-ulcinj.com\/blog\/2013\/12\/26\/komuna-e-ulqinit-shembull-per-komunat-e-tjera-ne-mal-te-zi\/","title":{"rendered":"Komuna e Ulqinit shembull p\u00ebr komunat e tjera n\u00eb Mal t\u00eb Zi"},"content":{"rendered":"<p><a href=\"http:\/\/www.visit-ulcinj.com\/blog\/wp-content\/uploads\/2013\/12\/Opstina-Ulcinj-OEBS-Montenegro.jpg\"><img loading=\"lazy\" class=\"alignleft  wp-image-77559\" alt=\"Opstina-Ulcinj-OEBS-Montenegro\" src=\"http:\/\/www.visit-ulcinj.com\/blog\/wp-content\/uploads\/2013\/12\/Opstina-Ulcinj-OEBS-Montenegro.jpg\" width=\"508\" height=\"360\" \/><\/a>Zyr\u00ebs p\u00ebr bashk\u00ebpunim dhe marr\u00ebdh\u00ebnie nd\u00ebrkomb\u00ebtare t\u00eb Komun\u00ebs s\u00eb Ulqinit i \u00ebsht\u00eb dor\u00ebzuar pllakati &#8220;Praktika m\u00eb e mir\u00eb n\u00eb vet\u00ebqeverisjen lokale n\u00eb Mal t\u00eb Zi n\u00eb vitin 2013&#8221; p\u00ebr fush\u00ebn tematike &#8220;P\u00ebrgatitja dhe realizimi i projekteve t\u00eb financuara nga fondet e BE&#8221;.<\/p>\n<p><a href=\"http:\/\/www.visit-ulcinj.com\/blog\/wp-content\/uploads\/2013\/12\/Nazif-Cungu-OEBS-Montenegro-1.jpg\"><img loading=\"lazy\" class=\"alignleft  wp-image-77561\" alt=\"Nazif Cungu-OEBS-Montenegro-1\" src=\"http:\/\/www.visit-ulcinj.com\/blog\/wp-content\/uploads\/2013\/12\/Nazif-Cungu-OEBS-Montenegro-1.jpg\" width=\"508\" height=\"360\" \/><\/a><br \/>\nProgrami &#8220;Praktika m\u00eb e mir\u00eb n\u00eb vet\u00ebqeverisjen lokale n\u00eb Mal t\u00eb Zi&#8221;, si pjes\u00eb e programit m\u00eb t\u00eb gjer\u00eb t\u00eb forcimit t\u00eb kapaciteteve t\u00eb administrat\u00ebs lokale t\u00eb Mal t\u00eb Zi, e zbaton Bashk\u00ebsia e komunave t\u00eb Malit t\u00eb Zi n\u00eb bashk\u00ebpunim me Ministrin\u00eb e pun\u00ebve t\u00eb brendshme t\u00eb Malit t\u00eb Zi dhe misionit t\u00eb OSBE \u2013 s\u00eb n\u00eb Mal t\u00eb Zi.<\/p>\n<p><a href=\"http:\/\/www.visit-ulcinj.com\/blog\/wp-content\/uploads\/2013\/12\/Nazif-Cungu-OEBS-Montenegro-1.jpg\"><img loading=\"lazy\" class=\"alignleft  wp-image-77561\" alt=\"Nazif Cungu-OEBS-Montenegro-1\" src=\"http:\/\/www.visit-ulcinj.com\/blog\/wp-content\/uploads\/2013\/12\/Nazif-Cungu-OEBS-Montenegro-1.jpg\" width=\"508\" height=\"360\" \/><\/a><br \/>\nKy \u00ebsht\u00eb viti i gjasht\u00eb me radh\u00eb q\u00eb praktika m\u00eb e mir\u00eb e vet\u00ebqeverisjes lokale shqyrtohet dhe shp\u00ebrblehet. T\u00eb pranishmit, n\u00eb em\u00ebr t\u00eb gjitha komunave t\u00eb shp\u00ebrblyera i ka p\u00ebrsh\u00ebndetur kryetari i Komun\u00ebs s\u00eb Ulqinit z. Nazif Cungu. Kryetari Cungu theksoj q\u00eb programi &#8220;Praktika m\u00eb e mir\u00eb&#8221; p\u00ebrfundimisht e ka arsyetuar objektivin e vet, sepse e ka nxitur frym\u00ebn e gar\u00ebs dhe konkurrimin nd\u00ebrmjet komunave dhe me k\u00ebt\u00eb ka krijuar mund\u00ebsin\u00eb q\u00eb t\u00eb m\u00ebsojm\u00eb nga nj\u00ebri tjetri.<\/p>\n<p><a href=\"http:\/\/www.visit-ulcinj.com\/blog\/wp-content\/uploads\/2013\/12\/Nazif-Cungu-OEBS-Montenegro.jpg\"><img loading=\"lazy\" class=\"alignleft  wp-image-77560\" alt=\"Nazif Cungu-OEBS-Montenegro\" src=\"http:\/\/www.visit-ulcinj.com\/blog\/wp-content\/uploads\/2013\/12\/Nazif-Cungu-OEBS-Montenegro.jpg\" width=\"508\" height=\"360\" \/><\/a><br \/>\nKryetari Cungu ve\u00e7mas u ndal n\u00eb rolin e Komun\u00ebs s\u00eb Ulqinit n\u00eb k\u00ebt\u00eb program \u2013 &#8220;Mua si kryetar i Komun\u00ebs s\u00eb Ulqinit shum\u00eb m\u00eb g\u00ebzon fakti q\u00eb edhe ne k\u00ebt\u00eb vit jemi n\u00eb shoq\u00ebrin\u00eb e m\u00eb t\u00eb mir\u00ebve. Komuna e Ulqinit p\u00ebr her\u00eb t\u00eb par\u00eb konkurroj dhe fitoi shp\u00ebrblimin. Me k\u00ebt\u00eb \u00ebsht\u00eb v\u00ebrtetuar drejt\u00ebsia e vendimit p\u00ebr formimin e zyr\u00ebs p\u00ebr marr\u00ebdh\u00ebnie nd\u00ebrkomb\u00ebtare dhe projekte dhe se ekipi i ri \u00ebsht\u00eb i p\u00ebrgatitur p\u00ebr projekte dhe sfida t\u00eb reja&#8221;.<\/p>\n<p><a href=\"http:\/\/www.visit-ulcinj.com\/blog\/wp-content\/uploads\/2013\/12\/Nazif-Cungu-OEBS-Montenegro-2.jpg\"><img loading=\"lazy\" class=\"alignleft  wp-image-77562\" alt=\"Nazif Cungu-OEBS-Montenegro-2\" src=\"http:\/\/www.visit-ulcinj.com\/blog\/wp-content\/uploads\/2013\/12\/Nazif-Cungu-OEBS-Montenegro-2.jpg\" width=\"508\" height=\"360\" \/><\/a><br \/>\nN\u00eb em\u00ebr t\u00eb organizatorit t\u00eb ceremonis\u00eb solemne t\u00eb ndarjes s\u00eb \u00e7mimeve, t\u00eb pranishm\u00ebve ju \u00ebsht\u00eb drejtuar Alyn Roberts, u.d. t\u00eb shefit t\u00eb Misionit t\u00eb OSBE \u2013 s\u00eb n\u00eb Mal t\u00eb Zi, Jadranka Vojinoviq, sekretar shtet\u00ebror i Ministris\u00eb s\u00eb pun\u00ebve t\u00eb brendshme dhe Refik Bojaxhiq, Sekretar gjeneral i Bashk\u00ebsis\u00eb s\u00eb komunave t\u00eb Malit t\u00eb Zi.<\/p>\n<p><a href=\"http:\/\/www.visit-ulcinj.com\/blog\/wp-content\/uploads\/2013\/12\/Arsllan-Hajdinaga-kordinator.jpg\"><img loading=\"lazy\" class=\"alignleft  wp-image-77563\" alt=\"Arsllan-Hajdinaga-kordinator\" src=\"http:\/\/www.visit-ulcinj.com\/blog\/wp-content\/uploads\/2013\/12\/Arsllan-Hajdinaga-kordinator.jpg\" width=\"508\" height=\"360\" \/><\/a><br \/>\nPraktik\u00ebn e Komun\u00ebs s\u00eb ulqinit &#8220;THEMELIMI DHE FUNKSIONIMI I ZYR\u00cbS P\u00cbR BASHK\u00cbPUNIM ND\u00cbRKOMB\u00cbTAR DHE PROJEKTE&#8221; e prezantoi Arsllan Hajdinaga, Koordinator i zyr\u00ebs.<\/p>\n","protected":false},"excerpt":{"rendered":"<p>Zyr\u00ebs p\u00ebr bashk\u00ebpunim dhe marr\u00ebdh\u00ebnie nd\u00ebrkomb\u00ebtare t\u00eb Komun\u00ebs s\u00eb Ulqinit i \u00ebsht\u00eb dor\u00ebzuar pllakati &#8220;Praktika m\u00eb e mir\u00eb n\u00eb vet\u00ebqeverisjen lokale n\u00eb Mal t\u00eb Zi n\u00eb vitin 2013&#8221; p\u00ebr fush\u00ebn tematike &#8220;P\u00ebrgatitja dhe realizimi i projekteve t\u00eb financuara nga fondet e BE&#8221;. Programi &#8220;Praktika m\u00eb e mir\u00eb n\u00eb vet\u00ebqeverisjen lokale n\u00eb Mal t\u00eb Zi&#8221;, si [&hellip;]<\/p>\n","protected":false},"author":1,"featured_media":0,"comment_status":"closed","ping_status":"closed","sticky":false,"template":"","format":"standard","meta":{"spay_email":"","jetpack_publicize_message":"","jetpack_is_tweetstorm":false,"jetpack_publicize_feature_enabled":true},"categories":[11],"tags":[],"jetpack_publicize_connections":[],"yoast_head":"<!-- This site is optimized with the Yoast SEO plugin v19.1 - https:\/\/yoast.com\/wordpress\/plugins\/seo\/ -->\n<title>Komuna e Ulqinit shembull p\u00ebr komunat e tjera n\u00eb Mal t\u00eb Zi - Lajme nga Ulqini<\/title>\n<meta name=\"description\" content=\"Zyr\u00ebs p\u00ebr bashk\u00ebpunim dhe marr\u00ebdh\u00ebnie nd\u00ebrkomb\u00ebtare t\u00eb Komun\u00ebs s\u00eb Ulqinit i \u00ebsht\u00eb dor\u00ebzuar pllakati &quot;Praktika m\u00eb e mir\u00eb n\u00eb vet\u00ebqeverisjen lokale n\u00eb Mal t\u00eb\" \/>\n<meta name=\"robots\" content=\"index, follow, max-snippet:-1, max-image-preview:large, max-video-preview:-1\" \/>\n<link rel=\"canonical\" href=\"https:\/\/www.visit-ulcinj.com\/blog\/2013\/12\/26\/komuna-e-ulqinit-shembull-per-komunat-e-tjera-ne-mal-te-zi\/\" \/>\n<meta property=\"og:locale\" content=\"en_US\" \/>\n<meta property=\"og:type\" content=\"article\" \/>\n<meta property=\"og:title\" content=\"Komuna e Ulqinit shembull p\u00ebr komunat e tjera n\u00eb Mal t\u00eb Zi - Lajme nga Ulqini\" \/>\n<meta property=\"og:description\" content=\"Zyr\u00ebs p\u00ebr bashk\u00ebpunim dhe marr\u00ebdh\u00ebnie nd\u00ebrkomb\u00ebtare t\u00eb Komun\u00ebs s\u00eb Ulqinit i \u00ebsht\u00eb dor\u00ebzuar pllakati &quot;Praktika m\u00eb e mir\u00eb n\u00eb vet\u00ebqeverisjen lokale n\u00eb Mal t\u00eb\" \/>\n<meta property=\"og:url\" content=\"https:\/\/www.visit-ulcinj.com\/blog\/2013\/12\/26\/komuna-e-ulqinit-shembull-per-komunat-e-tjera-ne-mal-te-zi\/\" \/>\n<meta property=\"og:site_name\" content=\"Lajme nga Ulqini\" \/>\n<meta property=\"article:published_time\" content=\"2013-12-26T07:43:50+00:00\" \/>\n<meta property=\"og:image\" content=\"http:\/\/www.visit-ulcinj.com\/blog\/wp-content\/uploads\/2013\/12\/Opstina-Ulcinj-OEBS-Montenegro.jpg\" \/>\n<meta name=\"twitter:label1\" content=\"Written by\" \/>\n\t<meta name=\"twitter:data1\" content=\"ulqini\" \/>\n\t<meta name=\"twitter:label2\" content=\"Est. reading time\" \/>\n\t<meta name=\"twitter:data2\" content=\"2 minutes\" \/>\n<script type=\"application\/ld+json\" class=\"yoast-schema-graph\">{\"@context\":\"https:\/\/schema.org\",\"@graph\":[{\"@type\":\"WebSite\",\"@id\":\"https:\/\/www.visit-ulcinj.com\/blog\/#website\",\"url\":\"https:\/\/www.visit-ulcinj.com\/blog\/\",\"name\":\"Lajme nga Ulqini\",\"description\":\"Lajme,Vijesti,Ulqini,Ulqin,Crna Gora,Mali i Zi\",\"potentialAction\":[{\"@type\":\"SearchAction\",\"target\":{\"@type\":\"EntryPoint\",\"urlTemplate\":\"https:\/\/www.visit-ulcinj.com\/blog\/?s={search_term_string}\"},\"query-input\":\"required name=search_term_string\"}],\"inLanguage\":\"en-US\"},{\"@type\":\"ImageObject\",\"inLanguage\":\"en-US\",\"@id\":\"https:\/\/www.visit-ulcinj.com\/blog\/2013\/12\/26\/komuna-e-ulqinit-shembull-per-komunat-e-tjera-ne-mal-te-zi\/#primaryimage\",\"url\":\"https:\/\/www.visit-ulcinj.com\/blog\/wp-content\/uploads\/2013\/12\/Opstina-Ulcinj-OEBS-Montenegro.jpg\",\"contentUrl\":\"https:\/\/www.visit-ulcinj.com\/blog\/wp-content\/uploads\/2013\/12\/Opstina-Ulcinj-OEBS-Montenegro.jpg\",\"width\":640,\"height\":424},{\"@type\":\"WebPage\",\"@id\":\"https:\/\/www.visit-ulcinj.com\/blog\/2013\/12\/26\/komuna-e-ulqinit-shembull-per-komunat-e-tjera-ne-mal-te-zi\/#webpage\",\"url\":\"https:\/\/www.visit-ulcinj.com\/blog\/2013\/12\/26\/komuna-e-ulqinit-shembull-per-komunat-e-tjera-ne-mal-te-zi\/\",\"name\":\"Komuna e Ulqinit shembull p\u00ebr komunat e tjera n\u00eb Mal t\u00eb Zi - Lajme nga Ulqini\",\"isPartOf\":{\"@id\":\"https:\/\/www.visit-ulcinj.com\/blog\/#website\"},\"primaryImageOfPage\":{\"@id\":\"https:\/\/www.visit-ulcinj.com\/blog\/2013\/12\/26\/komuna-e-ulqinit-shembull-per-komunat-e-tjera-ne-mal-te-zi\/#primaryimage\"},\"datePublished\":\"2013-12-26T07:43:50+00:00\",\"dateModified\":\"2013-12-26T07:43:50+00:00\",\"author\":{\"@id\":\"https:\/\/www.visit-ulcinj.com\/blog\/#\/schema\/person\/dcab619c614d3038751c63bc2aadc06d\"},\"description\":\"Zyr\u00ebs p\u00ebr bashk\u00ebpunim dhe marr\u00ebdh\u00ebnie nd\u00ebrkomb\u00ebtare t\u00eb Komun\u00ebs s\u00eb Ulqinit i \u00ebsht\u00eb dor\u00ebzuar pllakati \\\"Praktika m\u00eb e mir\u00eb n\u00eb vet\u00ebqeverisjen lokale n\u00eb Mal t\u00eb\",\"breadcrumb\":{\"@id\":\"https:\/\/www.visit-ulcinj.com\/blog\/2013\/12\/26\/komuna-e-ulqinit-shembull-per-komunat-e-tjera-ne-mal-te-zi\/#breadcrumb\"},\"inLanguage\":\"en-US\",\"potentialAction\":[{\"@type\":\"ReadAction\",\"target\":[\"https:\/\/www.visit-ulcinj.com\/blog\/2013\/12\/26\/komuna-e-ulqinit-shembull-per-komunat-e-tjera-ne-mal-te-zi\/\"]}]},{\"@type\":\"BreadcrumbList\",\"@id\":\"https:\/\/www.visit-ulcinj.com\/blog\/2013\/12\/26\/komuna-e-ulqinit-shembull-per-komunat-e-tjera-ne-mal-te-zi\/#breadcrumb\",\"itemListElement\":[{\"@type\":\"ListItem\",\"position\":1,\"name\":\"Komuna e Ulqinit shembull p\u00ebr komunat e tjera n\u00eb Mal t\u00eb Zi\"}]},{\"@type\":\"Person\",\"@id\":\"https:\/\/www.visit-ulcinj.com\/blog\/#\/schema\/person\/dcab619c614d3038751c63bc2aadc06d\",\"name\":\"ulqini\",\"sameAs\":[\"http:\/\/www.visit-ulcinj.com\"],\"url\":\"https:\/\/www.visit-ulcinj.com\/blog\/author\/admin\/\"}]}<\/script>\n<!-- \/ Yoast SEO plugin. -->","yoast_head_json":{"title":"Komuna e Ulqinit shembull p\u00ebr komunat e tjera n\u00eb Mal t\u00eb Zi - Lajme nga Ulqini","description":"Zyr\u00ebs p\u00ebr bashk\u00ebpunim dhe marr\u00ebdh\u00ebnie nd\u00ebrkomb\u00ebtare t\u00eb Komun\u00ebs s\u00eb Ulqinit i \u00ebsht\u00eb dor\u00ebzuar pllakati \"Praktika m\u00eb e mir\u00eb n\u00eb vet\u00ebqeverisjen lokale n\u00eb Mal t\u00eb","robots":{"index":"index","follow":"follow","max-snippet":"max-snippet:-1","max-image-preview":"max-image-preview:large","max-video-preview":"max-video-preview:-1"},"canonical":"https:\/\/www.visit-ulcinj.com\/blog\/2013\/12\/26\/komuna-e-ulqinit-shembull-per-komunat-e-tjera-ne-mal-te-zi\/","og_locale":"en_US","og_type":"article","og_title":"Komuna e Ulqinit shembull p\u00ebr komunat e tjera n\u00eb Mal t\u00eb Zi - Lajme nga Ulqini","og_description":"Zyr\u00ebs p\u00ebr bashk\u00ebpunim dhe marr\u00ebdh\u00ebnie nd\u00ebrkomb\u00ebtare t\u00eb Komun\u00ebs s\u00eb Ulqinit i \u00ebsht\u00eb dor\u00ebzuar pllakati \"Praktika m\u00eb e mir\u00eb n\u00eb vet\u00ebqeverisjen lokale n\u00eb Mal t\u00eb","og_url":"https:\/\/www.visit-ulcinj.com\/blog\/2013\/12\/26\/komuna-e-ulqinit-shembull-per-komunat-e-tjera-ne-mal-te-zi\/","og_site_name":"Lajme nga Ulqini","article_published_time":"2013-12-26T07:43:50+00:00","og_image":[{"url":"http:\/\/www.visit-ulcinj.com\/blog\/wp-content\/uploads\/2013\/12\/Opstina-Ulcinj-OEBS-Montenegro.jpg"}],"twitter_misc":{"Written by":"ulqini","Est. reading time":"2 minutes"},"schema":{"@context":"https:\/\/schema.org","@graph":[{"@type":"WebSite","@id":"https:\/\/www.visit-ulcinj.com\/blog\/#website","url":"https:\/\/www.visit-ulcinj.com\/blog\/","name":"Lajme nga Ulqini","description":"Lajme,Vijesti,Ulqini,Ulqin,Crna Gora,Mali i Zi","potentialAction":[{"@type":"SearchAction","target":{"@type":"EntryPoint","urlTemplate":"https:\/\/www.visit-ulcinj.com\/blog\/?s={search_term_string}"},"query-input":"required name=search_term_string"}],"inLanguage":"en-US"},{"@type":"ImageObject","inLanguage":"en-US","@id":"https:\/\/www.visit-ulcinj.com\/blog\/2013\/12\/26\/komuna-e-ulqinit-shembull-per-komunat-e-tjera-ne-mal-te-zi\/#primaryimage","url":"https:\/\/www.visit-ulcinj.com\/blog\/wp-content\/uploads\/2013\/12\/Opstina-Ulcinj-OEBS-Montenegro.jpg","contentUrl":"https:\/\/www.visit-ulcinj.com\/blog\/wp-content\/uploads\/2013\/12\/Opstina-Ulcinj-OEBS-Montenegro.jpg","width":640,"height":424},{"@type":"WebPage","@id":"https:\/\/www.visit-ulcinj.com\/blog\/2013\/12\/26\/komuna-e-ulqinit-shembull-per-komunat-e-tjera-ne-mal-te-zi\/#webpage","url":"https:\/\/www.visit-ulcinj.com\/blog\/2013\/12\/26\/komuna-e-ulqinit-shembull-per-komunat-e-tjera-ne-mal-te-zi\/","name":"Komuna e Ulqinit shembull p\u00ebr komunat e tjera n\u00eb Mal t\u00eb Zi - Lajme nga Ulqini","isPartOf":{"@id":"https:\/\/www.visit-ulcinj.com\/blog\/#website"},"primaryImageOfPage":{"@id":"https:\/\/www.visit-ulcinj.com\/blog\/2013\/12\/26\/komuna-e-ulqinit-shembull-per-komunat-e-tjera-ne-mal-te-zi\/#primaryimage"},"datePublished":"2013-12-26T07:43:50+00:00","dateModified":"2013-12-26T07:43:50+00:00","author":{"@id":"https:\/\/www.visit-ulcinj.com\/blog\/#\/schema\/person\/dcab619c614d3038751c63bc2aadc06d"},"description":"Zyr\u00ebs p\u00ebr bashk\u00ebpunim dhe marr\u00ebdh\u00ebnie nd\u00ebrkomb\u00ebtare t\u00eb Komun\u00ebs s\u00eb Ulqinit i \u00ebsht\u00eb dor\u00ebzuar pllakati \"Praktika m\u00eb e mir\u00eb n\u00eb vet\u00ebqeverisjen lokale n\u00eb Mal t\u00eb","breadcrumb":{"@id":"https:\/\/www.visit-ulcinj.com\/blog\/2013\/12\/26\/komuna-e-ulqinit-shembull-per-komunat-e-tjera-ne-mal-te-zi\/#breadcrumb"},"inLanguage":"en-US","potentialAction":[{"@type":"ReadAction","target":["https:\/\/www.visit-ulcinj.com\/blog\/2013\/12\/26\/komuna-e-ulqinit-shembull-per-komunat-e-tjera-ne-mal-te-zi\/"]}]},{"@type":"BreadcrumbList","@id":"https:\/\/www.visit-ulcinj.com\/blog\/2013\/12\/26\/komuna-e-ulqinit-shembull-per-komunat-e-tjera-ne-mal-te-zi\/#breadcrumb","itemListElement":[{"@type":"ListItem","position":1,"name":"Komuna e Ulqinit shembull p\u00ebr komunat e tjera n\u00eb Mal t\u00eb Zi"}]},{"@type":"Person","@id":"https:\/\/www.visit-ulcinj.com\/blog\/#\/schema\/person\/dcab619c614d3038751c63bc2aadc06d","name":"ulqini","sameAs":["http:\/\/www.visit-ulcinj.com"],"url":"https:\/\/www.visit-ulcinj.com\/blog\/author\/admin\/"}]}},"jetpack_featured_media_url":"","jetpack_sharing_enabled":true,"jetpack_shortlink":"https:\/\/wp.me\/pe6lTn-kbe","_links":{"self":[{"href":"https:\/\/www.visit-ulcinj.com\/blog\/wp-json\/wp\/v2\/posts\/77576"}],"collection":[{"href":"https:\/\/www.visit-ulcinj.com\/blog\/wp-json\/wp\/v2\/posts"}],"about":[{"href":"https:\/\/www.visit-ulcinj.com\/blog\/wp-json\/wp\/v2\/types\/post"}],"author":[{"embeddable":true,"href":"https:\/\/www.visit-ulcinj.com\/blog\/wp-json\/wp\/v2\/users\/1"}],"replies":[{"embeddable":true,"href":"https:\/\/www.visit-ulcinj.com\/blog\/wp-json\/wp\/v2\/comments?post=77576"}],"version-history":[{"count":1,"href":"https:\/\/www.visit-ulcinj.com\/blog\/wp-json\/wp\/v2\/posts\/77576\/revisions"}],"predecessor-version":[{"id":77577,"href":"https:\/\/www.visit-ulcinj.com\/blog\/wp-json\/wp\/v2\/posts\/77576\/revisions\/77577"}],"wp:attachment":[{"href":"https:\/\/www.visit-ulcinj.com\/blog\/wp-json\/wp\/v2\/media?parent=77576"}],"wp:term":[{"taxonomy":"category","embeddable":true,"href":"https:\/\/www.visit-ulcinj.com\/blog\/wp-json\/wp\/v2\/categories?post=77576"},{"taxonomy":"post_tag","embeddable":true,"href":"https:\/\/www.visit-ulcinj.com\/blog\/wp-json\/wp\/v2\/tags?post=77576"}],"curies":[{"name":"wp","href":"https:\/\/api.w.org\/{rel}","templated":true}]}}