{"id":77581,"date":"2013-12-26T16:39:19","date_gmt":"2013-12-26T15:39:19","guid":{"rendered":"http:\/\/www.visit-ulcinj.com\/blog\/?p=77581"},"modified":"2013-12-28T08:50:42","modified_gmt":"2013-12-28T07:50:42","slug":"nika-perse-abazoviqi-nuk-ia-tha-te-gjitha-gjukanoviqit-ne-parlament","status":"publish","type":"post","link":"https:\/\/www.visit-ulcinj.com\/blog\/2013\/12\/26\/nika-perse-abazoviqi-nuk-ia-tha-te-gjitha-gjukanoviqit-ne-parlament\/","title":{"rendered":"Nika: P\u00ebrse Abazoviqi nuk ia tha t\u00eb gjitha Gjukanoviqit n\u00eb parlament&#8230;."},"content":{"rendered":"<p><b><a href=\"http:\/\/www.visit-ulcinj.com\/blog\/wp-content\/uploads\/2013\/12\/Dritan-Abazovic2.jpg\"><img loading=\"lazy\" class=\"alignleft  wp-image-77582\" alt=\"Dritan-Abazovic\" src=\"http:\/\/www.visit-ulcinj.com\/blog\/wp-content\/uploads\/2013\/12\/Dritan-Abazovic2.jpg\" width=\"508\" height=\"360\" \/><\/a>Shkruan Muhamet Nika<\/b><\/p>\n<p>Edhe pse \u00a0p\u00ebr ata , t\u00eb cil\u00ebt , jan\u00eb m\u00ebsuar, q\u00eb gj\u00ebrat , t\u2019i\u00a0 shikojn\u00eb nga k\u00ebndi, i Abazoviqit \u00a0, \u00a0mund t\u00eb duket se \u00e7do gj\u00eb shkoi n\u00eb rregull, \u00a0gjat\u00eb debatit me kryeministrin, \u00a0me gjith\u00eb at\u00eb, ai, sipas nesh, \u00a0nuk i shtroi gj\u00ebrat , ashtu si\u00e7 duhej&#8230;Nd\u00ebrsa, p\u00ebr gjith\u00eb k\u00ebt\u00eb, \u00a0mbetet \u00e7\u00ebshtje e hapur , t\u00eb\u00a0 dihet: Athua ai ,\u00a0 nuk diti , apo nuk deshi&#8230;.Nisur, nga detajet e p\u00ebrmendura, \u00a0gjat\u00eb debatit, p\u00ebr privatizimin d\u00ebshtues n\u00eb Ulqin, q\u00eb ai nxori, nuk mund t\u00eb thuhet se kemi t\u00eb b\u00ebjm\u00eb me nj\u00eb mos dije?!<\/p>\n<p><b><i>Historiku i problemit t\u00eb privatizimit n\u00eb Mal t\u00eb Zi dhe\u00a0 n\u00eb Ulqin<\/i><\/b><\/p>\n<p>Mendojm\u00eb q\u00eb n\u00eb fillim t\u00eb debatit t\u00eb vet, Abazoviqi, duhet t\u00eb t\u00ebrhiqte v\u00ebrejtjen \u00a0p\u00ebr nj\u00eb fakt , q\u00eb me siguri, \u00a0opinioni \u00a0ulqinak dhe ai malazias nuk e din\u00eb , \u00a0mjerisht as sot, \u00a0e \u00a0q\u00eb \u00ebsht\u00eb, se nga 22 komunat n\u00eb Mal t\u00eb Zi, vet\u00ebm komuna e Ulqinit, mbeti\u00a0 pa hisen e saj\u00a0 e cila \u00a0i takonte gjat\u00eb procesit t\u00eb privatizimit t\u00eb pa ligjsh\u00ebm t\u00eb ish nd\u00ebrmarrjeve komuniste\u00a0 n\u00eb Ulqin&#8230;?!!! Dhe \u00a0q\u00eb p\u00ebr k\u00ebt\u00eb padrejt\u00ebsi t\u00eb madhe\u00a0\u00a0 e cila iu b\u00eb komun\u00ebs s\u00eb at\u00ebhershme, ai bashk\u00eb me partin\u00eb e tij dhe gjith\u00eb t\u00eb tjer\u00ebt, do t\u00eb padis\u00eb kryeministrin Gjukanoviq dhe vet\u00eb \u00a0shtetin n\u00eb Gjykat\u00ebn e Hag\u00ebs. N\u00eb k\u00ebt\u00eb drejtim , ta z\u00ebm\u00eb, ai, \u00a0duhej t\u00eb cekte, q\u00eb pas konsultave t\u00eb gj\u00ebra edhe \u00a0\u00a0me K\u00ebshillin Nacional t\u00eb Shqiptar\u00ebve, an\u00ebtar\u00eb i t\u00eb cilit \u00ebsht\u00eb me funksion, do t\u00eb formonin nj\u00eb grup ekspert\u00ebsh t\u00eb drejt\u00ebsis\u00eb nd\u00ebrkomb\u00ebtare, nga e gjith\u00eb hap\u00ebsira shqiptare , i cili, do t\u00eb kishte p\u00ebr detyr\u00eb, t\u00eb mbroj\u00eb \u00a0\u00e7\u00ebshtjen e pla\u00e7kitjes s\u00eb pasuris\u00eb , q\u00eb u b\u00eb n\u00eb k\u00ebt\u00eb koh\u00eb, nga kryeministri , Gjukanoviq, nga se ai , kryesonte me procesin e privatizimit&#8230;<\/p>\n<p>T\u00eb kujtojm\u00eb, q\u00eb p\u00ebr pranim t\u00eb menj\u00ebhersh\u00ebm t\u00eb pavar\u00ebsis\u00eb, s\u00eb Malit\u00a0 t\u00eb Zi, Gjukanoviq, e kish kusht dhe \u00a0iu desh t\u00eb fus nj\u00eb norm\u00eb ligjore n\u00eb kushtetut\u00ebn\u00a0 e shtetit t\u00eb ardhsh\u00ebm , \u00a0e\u00a0 cila e obligon shtetin , para qytetar\u00ebve t\u00eb vet, n\u00eb momentin, \u00a0kur thot\u00eb: P\u00ebr qytetar\u00ebt e Malit t\u00eb Zi, vlejn\u00eb rregullat e vendit dhe ligjet nd\u00ebrkomb\u00ebtare. Ligjet nd\u00ebrkomb\u00ebtare, kan\u00eb p\u00ebrpar\u00ebsi n\u00eb krahasim me ata t\u00eb vendit.<\/p>\n<p><b><i>\u00c7far\u00eb e k\u00ebshilluan per\u00ebndimor\u00ebt premijerin Gjukanoviq&#8230;?!!!<\/i><\/b><\/p>\n<p>N\u00eb koh\u00ebn, kur u hetua , se \u00a0i p\u00eblciti , boshti i qerres s\u00eb luft\u00ebs \u00a0Millosheviqit,\u00a0 dhe q\u00eb u dha sinjal i qart\u00eb, se bota, nuk do ta lejoj\u00eb gjat\u00eb, t\u00eb \u201c laj\u00a0 lesh\u00a0 n\u00eb shqiptar\u00ebt dhe n\u00eb t\u00eb tjer\u00ebt\u201d, Gjukanoviq, po duket e hetoi i pari, se\u00a0 kish ardhur koha t\u00eb k\u00ebrcente nga qerrja e tij, n\u00eb se\u00a0 nuk d\u00ebshironte \u00a0ta paguaj \u00a0me kok\u00eb. Nj\u00eb gj\u00eb t\u00eb till\u00eb , Presidenti Bullatoviq, nuk po e kuptonte ose nuk kish guxim ta b\u00ebnte. Pasi\u00a0 Gjukanoviq, nisi koordinimin me per\u00ebndimoret, atij, \u00a0po duket,iu desh t\u00eb\u00a0 pranoj\u00eb sugjerimet e tyre\u00a0 se si\u00a0 duhet t\u00eb\u00a0 sillet me\u00a0 ekonomin\u00eb socialiste t\u00eb shtetit, pra edhe t\u00eb asaj ulqinake. K\u00ebshilla e per\u00ebndimor\u00ebve, ish\u00a0 e qart\u00eb, dhe u tha se pasurin\u00eb socialiste, \u00a0duhet t\u2019iu ndaj\u00eb\u00a0 njer\u00ebzve, q\u00eb kan\u00eb afinitet p\u00ebr biznis dhe q\u00eb ndoshta, mund t\u00eb b\u00ebnin ristrukturimin e saj. Kurse p\u00ebr\u00a0 ekonomin\u00eb n\u00eb zonat me potencial turistik- m\u00eb von\u00eb MORSKO DOBRO, duhej tu jipte sha(n)sin e privatizimit edhe biznesit ( kapitalit) t\u00eb huaj, \u00a0SEPSE ATJE ISH NJ\u00cb VLER\u00cb \u00a0T\u00cb MADHE?! Si duket, Gjukanoviqit, nuk i parap\u00eblqei shum\u00eb kjo skem\u00eb, dhe u p\u00ebrcaktua, q\u00eb pasurin\u00eb shoq\u00ebrore komuniste , ta ndaj\u00eb me t\u00eb af\u00ebrmit dhe kumarit\u00eb e vet n\u00eb form\u00eb\u201cShi\u0107ari\u201c- kujto shprehjen malazeze, p\u00ebr pla\u00e7k\u00ebn e luft\u00ebs , q\u00eb\u00a0 \u00ebsht\u00eb :\u201c \u0161i\u0107ariti ne\u0161to\u201c!! Shorti, p\u00ebr t\u00eb privatizuar- si \u201e\u0161i\u0107ar\u201c n\u00eb \u00a0\u00a0objektin m\u00eb t\u00eb r\u00ebnd\u00ebsish\u00ebm ekonomik t\u00eb Ulqinit &#8211; \u201e Sollan\u00ebn\u201c, si duket i takoi, kumbarit, t\u00eb tij Baroviq, \u00a0por q\u00eb u pa, se ai, si shum\u00eb\u00a0 \u201ekumari \u201e tjer\u00eb, nuk kish lidhje me biznesin.\u00a0 E gjith\u00eb pasuria, e \u201efalur\u201c, \u00a0k\u00ebtij biznismeni kontraverz, \u00a0i p\u00ebrfundoi si \u201ehipotek\u00eb\u201cbankare, p\u00ebr kredit\u00eb e marra n\u00eb em\u00ebr t\u00eb kripores. Aktualisht ,\u00a0 nd\u00ebrmarrja, \u00a0nuk\u00a0 ka kurr\u00eb gj\u00eb t\u00eb vet\u00ebn n\u00eb katast\u00ebr.<\/p>\n<p>Nga ana e tjet\u00ebr, amosfera e luft\u00ebs , n\u00eb t\u00eb cil\u00ebn gjendje u krye privatizimi, nuk lejonte kurr\u00ebfar\u00eb hap\u00ebsire, q\u00eb pushteti lokal i koh\u00ebs n\u00eb Ulqin, t\u00eb paraqitej, p\u00ebr t\u00eb k\u00ebrkuar hisen e vet, \u00a0sepse shqiptar\u00ebve,politika e koh\u00ebs, jo q\u00eb u garantonte tok\u00ebn, por u k\u00ebrcnonte edhe kok\u00ebn. Rrug\u00ebve t\u00eb Ulqinit, militant\u00eb t\u00eb luft\u00ebs antishqiptare, q\u00eb nxitej at\u00ebher\u00eb, lirsh\u00ebm k\u00ebndonin k\u00ebng\u00ebn\u201c Slobodane \/ samo kreni\/ do Tirane svi smo spremni\/Slobodane, samo reci, leti\u0107emo kao meci&#8230;.\u201c \u00cbsht\u00eb tep\u00ebr e v\u00ebshtir\u00eb, q\u00eb n\u00eb k\u00ebt\u00eb koh\u00eb,\u00a0 t\u00eb d\u00ebshtimit t\u00eb privatizimit, t\u00eb akuzohet tej mase, pushteti i Ulqinit t\u00eb at\u00ebhersh\u00ebm,\u00a0 q\u00eb e kish LD n\u00eb MZ, edhe pse pa dyshim q\u00eb i ka l\u00ebshimet e veta.<\/p>\n<p><b><i>A\u00a0 i bie q\u00eb n\u00eb Ulqin , nga kjo koh\u00eb , n\u00eb aspektin ekonomik \u00a0t\u00eb\u00a0 ket\u00eb \u201e profitera lufte\u201c<\/i><\/b><\/p>\n<p><b><i>\u00a0<\/i><\/b>Gjithashtu, Abazoviq, duhej si deputet , t\u00eb\u201c gjente\u00a0 \u00a0guxim\u201c e t\u00eb ve\u00e7onte,\u00a0 se \u00a0<b><i>\u00a0<\/i><\/b>pasi\u00a0 pushteti i at\u00ebhersh\u00ebm lokal, n\u00eb Ulqin, reagoi me nj\u00eb z\u00eb t\u00eb zbritur, rreth privatizimit&#8230;, n\u00eb qytet, filluan edhe u paraqit\u00ebn, disa z\u00ebra(faktor\u00eb tjer\u00eb) , n\u00eb shoq\u00ebrin\u00eb e at\u00ebhershme ulqinake , t\u00eb cil\u00ebt nuk e parap\u00eblqenin\u00a0 fort, politik\u00ebn e bojkotit t\u00eb pushtetit vendor ndaj \u00a0privatizimit , dhe filluan ta\u00a0 akuzojn\u00eb at\u00eb , si \u00a0\u201ekoh\u00eb e shkuar\u201c,\u00a0 e si \u201et\u00eb prapambetur me patriotizmin e vet\u201c&#8230;.?!! \u00a0Ata propagandonin, q\u00eb kish ardhur \u201evakti i ekonomis\u00eb\u201c, dhe k\u00ebshtu, filluan, t\u2019i ofrohen partis\u00eb n\u00eb pushtet, duke pla\u00e7kitur bashk\u00eb me te , objektet m\u00eb pak t\u00eb r\u00ebnd\u00ebsishme, \u00a0n\u00eb zon\u00ebn \u00a0kontinentale t\u00eb qytetit, por q\u00eb u dhan\u00eb mund\u00ebsin\u00eb \u00a0atyre, t\u00eb vinin te milion\u00ebt e par\u00eb, kuptohet, jo krejt\u00eb t\u00eb ligjsh\u00ebm. \u2013 Fatos Nanoa, thoshte; \u00a0\u201eVet\u00ebm mos\u00a0 m\u00eb pyesni p\u00ebr milionat e par\u00eb si do t\u2019i fitoj,- s\u00eb milion\u00ebve t\u00eb dyt\u00eb, pa problem iu paguaj \u00a0edhe tatimin\u201c-\u201e PDV-n\u00eb\u201c.S\u2019ka\u00a0 pik\u00eb dyshimi ,q\u00eb kjo , \u00a0politik\u00eb e till\u00eb, kish filluar , t\u2019i p\u00eblqente edhe kryeministrit, i cili , n\u00eb vend t\u00eb\u00a0 Bardhit, t\u00eb prapambetur, dhe q\u00eb rreth procesit t\u00eb privatizimit, p\u00ebrkrahte politik\u00ebn e Bullatoviqit,\u00a0 i cili \u00a0ish kund\u00ebr privatizimit- Kryeministrit, u tha:\u00a0 &#8211;\u00a0 Se i p\u00eblqenin do shqiptar\u00eb tjer\u00eb q\u00eb nuk i pengonte problemi i shqiptimit t\u00eb germ\u00ebs s\u00eb 36, t\u00eb alfabetit &#8211; germ\u00ebs \u201eDH\u201c, si\u00e7 b\u00ebnte, \u00a0ta z\u00ebm\u00eb,\u00a0 z. Bardhi, dhe q\u00eb , po\u201c t\u00eb ish puna p\u00ebr t\u00eb\u00a0 shitur di\u00e7 me tok\u201c, mund ta shkruanin \u00a0, pa hezitim, edhe k\u00ebshtu \u201e \u0161itet me tok\u201c&#8230;?!!!<\/p>\n<p><b><i>Nj\u00eb rekomandim&#8230;<\/i><\/b><\/p>\n<p>Shikuar realisht, deputet\u00ebt shqiptar\u00eb, deri m\u00eb sot, kan\u00eb \u00e7el\u00eb vet\u00ebm probleme nacionale , n\u00eb parlamentin e Malit t\u00eb Zi. Ata , ndoshta me t\u00eb drejt\u00eb, nuk\u00a0 i kishin p\u00ebr most\u00ebr, \u00e7iftet e deputet\u00ebve tjer\u00eb, q\u00eb merreshin \u00a0edhe me probleme sociale t\u00eb shoq\u00ebris\u00eb, si p\u00ebr shembull, Medojeviqi dhe Mandiqi. \u00a0Por me sa duket, nuk do t\u00eb ishte keq, q\u00eb edhe ata , t\u00eb ken\u00eb \u00a0\u201cMandiqin \u201c apo \u201cMedojeviqin\u201d e vet dhe q\u00eb ,ky rol, i shkon \u201cp\u00ebr bukuri\u201d Abazoviqit. Kurse, nga ana e tij, Abazoviq,\u00a0 n\u00eb\u00a0 se d\u00ebshiron t\u00eb nd\u00ebrroj\u00eb nj\u00eb \u00e7ik\u00eb\u00a0 kurs, duke qitur, n\u00eb pah elementet nacionale\u00a0 nga k\u00ebndi i tij, mbi ata \u00a0\u00a0qytetare, pun\u00eb e cila, pa dyshim, nuk mund t\u2019i mohohet as kujt, \u00a0sepse gjithkush ka t\u00eb drejt\u00eb\u00a0 t\u00eb\u00a0 nd\u00ebrroj\u00eb &#8230;?! Ai duhet t\u00eb\u00a0 nd\u00ebrmarr\u00eb me subjektin e vet nj\u00eb seri masash n\u00eb parlament, p\u00ebr t\u00eb bindur, qytetar\u00ebt, se ajo , q\u00eb ai , potencon , \u201cnuk \u00ebsht\u00eb vet\u00ebm floskul\u00eb demagogjike , p\u00ebr poena politik\u00eb\u201d, si\u00e7 ve\u00e7oi, vet\u00eb ai, \u00a0n\u00eb fillim t\u00eb bised\u00ebs, por q\u00eb \u00ebsht\u00eb nj\u00eb pun\u00eb e nj\u00ebmend t\u00eb. Nga ky k\u00ebnd, do t\u00eb duhej, sa m\u00eb par\u00eb t\u00eb p\u00ebrgatitet \u00a0, dokumentacioni p\u00ebr padi t\u00eb shtetit n\u00eb Hag\u00eb, \u00a0rreth problemit q\u00eb\u00a0 ceku, \u00a0n\u00eb parlament \u00a0dhe nj\u00ebkoh\u00ebsisht, me partin\u00eb e vet, t\u00eb p\u00ebrgatis\u00eb ligjin , \u00a0kund\u00ebr\u00a0 \u201cprofiterave t\u00eb luft\u00ebs\u201d \u2013 milionave t\u00eb \u00a0par\u00eb, \u00a0t\u00eb fituar, n\u00eb koh\u00eb lufte. Ligji duhet t\u00eb cek\u00eb, se ,p\u00ebr ato \u00a0\u00a0t\u00eb holla,\u00a0 \u00a0mbi t\u00eb cilat, nisur nga\u00a0 \u00a0\u201cbaza \u00a0e t\u00eb dh\u00ebnave\u201d shtet\u00ebrore fiskale , \u00a0nuk del\u00a0\u00a0 q\u00eb \u00a0\u00a0\u00ebsht\u00eb paguar PDV-JA\u201d me nj\u00ebher\u00eb tu merret tatimi me\u00a0 nd\u00ebrhyrje t\u00eb shtetit&#8230;.<\/p>\n<p>Na duket, q\u00eb n\u00eb k\u00ebt\u00eb drejtim, shqiptar\u00ebt, n\u00eb Mal t\u00eb Zi, n\u00eb se vonohen , n\u00eb hapjen e \u00e7\u00ebshtjeve, mund t\u2019i gjej\u00eb ndera e \u00e7am\u00ebve n\u00eb Greqi, t\u00eb cil\u00ebt, po mundohen t\u00eb hapin \u00e7\u00ebshtjen e vet, pasi Greqia, \u00a0ve\u00e7\u00a0 ishte\u00a0 b\u00ebr\u00eb\u00a0 partnere e Bashkimit Evropian. Kujdes, si po sille(n)mi\u00a0 rrug\u00ebve t\u00eb Brukselit&#8230;.? Koha \u00ebsht\u00eb shpat\u00eb, n\u00ebse ti nuk e pret, t\u00eb pret ajo ty, porosiste profeti \u00a0i fundit, \u00a0Muhameti \u00a0a.s&#8230;?!!!<\/p>\n","protected":false},"excerpt":{"rendered":"<p>Shkruan Muhamet Nika Edhe pse \u00a0p\u00ebr ata , t\u00eb cil\u00ebt , jan\u00eb m\u00ebsuar, q\u00eb gj\u00ebrat , t\u2019i\u00a0 shikojn\u00eb nga k\u00ebndi, i Abazoviqit \u00a0, \u00a0mund t\u00eb duket se \u00e7do gj\u00eb shkoi n\u00eb rregull, \u00a0gjat\u00eb debatit me kryeministrin, \u00a0me gjith\u00eb at\u00eb, ai, sipas nesh, \u00a0nuk i shtroi gj\u00ebrat , ashtu si\u00e7 duhej&#8230;Nd\u00ebrsa, p\u00ebr gjith\u00eb k\u00ebt\u00eb, \u00a0mbetet \u00e7\u00ebshtje [&hellip;]<\/p>\n","protected":false},"author":1,"featured_media":0,"comment_status":"closed","ping_status":"closed","sticky":false,"template":"","format":"standard","meta":{"spay_email":"","jetpack_publicize_message":"","jetpack_is_tweetstorm":false,"jetpack_publicize_feature_enabled":true},"categories":[1,14249],"tags":[],"jetpack_publicize_connections":[],"yoast_head":"<!-- This site is optimized with the Yoast SEO plugin v19.1 - https:\/\/yoast.com\/wordpress\/plugins\/seo\/ -->\n<title>Nika: P\u00ebrse Abazoviqi nuk ia tha t\u00eb gjitha Gjukanoviqit n\u00eb parlament.... - Lajme nga Ulqini<\/title>\n<meta name=\"description\" content=\"Shkruan Muhamet Nika Edhe pse \u00a0p\u00ebr ata , t\u00eb cil\u00ebt , jan\u00eb m\u00ebsuar, q\u00eb gj\u00ebrat , t\u2019i\u00a0 shikojn\u00eb nga k\u00ebndi, i Abazoviqit \u00a0, \u00a0mund t\u00eb duket se \u00e7do gj\u00eb shkoi n\u00eb\" \/>\n<meta name=\"robots\" content=\"index, follow, max-snippet:-1, max-image-preview:large, max-video-preview:-1\" \/>\n<link rel=\"canonical\" href=\"https:\/\/www.visit-ulcinj.com\/blog\/2013\/12\/26\/nika-perse-abazoviqi-nuk-ia-tha-te-gjitha-gjukanoviqit-ne-parlament\/\" \/>\n<meta property=\"og:locale\" content=\"en_US\" \/>\n<meta property=\"og:type\" content=\"article\" \/>\n<meta property=\"og:title\" content=\"Nika: P\u00ebrse Abazoviqi nuk ia tha t\u00eb gjitha Gjukanoviqit n\u00eb parlament.... - Lajme nga Ulqini\" \/>\n<meta property=\"og:description\" content=\"Shkruan Muhamet Nika Edhe pse \u00a0p\u00ebr ata , t\u00eb cil\u00ebt , jan\u00eb m\u00ebsuar, q\u00eb gj\u00ebrat , t\u2019i\u00a0 shikojn\u00eb nga k\u00ebndi, i Abazoviqit \u00a0, \u00a0mund t\u00eb duket se \u00e7do gj\u00eb shkoi n\u00eb\" \/>\n<meta property=\"og:url\" content=\"https:\/\/www.visit-ulcinj.com\/blog\/2013\/12\/26\/nika-perse-abazoviqi-nuk-ia-tha-te-gjitha-gjukanoviqit-ne-parlament\/\" \/>\n<meta property=\"og:site_name\" content=\"Lajme nga Ulqini\" \/>\n<meta property=\"article:published_time\" content=\"2013-12-26T15:39:19+00:00\" \/>\n<meta property=\"article:modified_time\" content=\"2013-12-28T07:50:42+00:00\" \/>\n<meta property=\"og:image\" content=\"http:\/\/www.visit-ulcinj.com\/blog\/wp-content\/uploads\/2013\/12\/Dritan-Abazovic2.jpg\" \/>\n<meta name=\"twitter:label1\" content=\"Written by\" \/>\n\t<meta name=\"twitter:data1\" content=\"ulqini\" \/>\n\t<meta name=\"twitter:label2\" content=\"Est. reading time\" \/>\n\t<meta name=\"twitter:data2\" content=\"8 minutes\" \/>\n<script type=\"application\/ld+json\" class=\"yoast-schema-graph\">{\"@context\":\"https:\/\/schema.org\",\"@graph\":[{\"@type\":\"WebSite\",\"@id\":\"https:\/\/www.visit-ulcinj.com\/blog\/#website\",\"url\":\"https:\/\/www.visit-ulcinj.com\/blog\/\",\"name\":\"Lajme nga Ulqini\",\"description\":\"Lajme,Vijesti,Ulqini,Ulqin,Crna Gora,Mali i Zi\",\"potentialAction\":[{\"@type\":\"SearchAction\",\"target\":{\"@type\":\"EntryPoint\",\"urlTemplate\":\"https:\/\/www.visit-ulcinj.com\/blog\/?s={search_term_string}\"},\"query-input\":\"required name=search_term_string\"}],\"inLanguage\":\"en-US\"},{\"@type\":\"ImageObject\",\"inLanguage\":\"en-US\",\"@id\":\"https:\/\/www.visit-ulcinj.com\/blog\/2013\/12\/26\/nika-perse-abazoviqi-nuk-ia-tha-te-gjitha-gjukanoviqit-ne-parlament\/#primaryimage\",\"url\":\"https:\/\/www.visit-ulcinj.com\/blog\/wp-content\/uploads\/2013\/12\/Dritan-Abazovic2.jpg\",\"contentUrl\":\"https:\/\/www.visit-ulcinj.com\/blog\/wp-content\/uploads\/2013\/12\/Dritan-Abazovic2.jpg\",\"width\":720,\"height\":546},{\"@type\":\"WebPage\",\"@id\":\"https:\/\/www.visit-ulcinj.com\/blog\/2013\/12\/26\/nika-perse-abazoviqi-nuk-ia-tha-te-gjitha-gjukanoviqit-ne-parlament\/#webpage\",\"url\":\"https:\/\/www.visit-ulcinj.com\/blog\/2013\/12\/26\/nika-perse-abazoviqi-nuk-ia-tha-te-gjitha-gjukanoviqit-ne-parlament\/\",\"name\":\"Nika: P\u00ebrse Abazoviqi nuk ia tha t\u00eb gjitha Gjukanoviqit n\u00eb parlament.... - Lajme nga Ulqini\",\"isPartOf\":{\"@id\":\"https:\/\/www.visit-ulcinj.com\/blog\/#website\"},\"primaryImageOfPage\":{\"@id\":\"https:\/\/www.visit-ulcinj.com\/blog\/2013\/12\/26\/nika-perse-abazoviqi-nuk-ia-tha-te-gjitha-gjukanoviqit-ne-parlament\/#primaryimage\"},\"datePublished\":\"2013-12-26T15:39:19+00:00\",\"dateModified\":\"2013-12-28T07:50:42+00:00\",\"author\":{\"@id\":\"https:\/\/www.visit-ulcinj.com\/blog\/#\/schema\/person\/dcab619c614d3038751c63bc2aadc06d\"},\"description\":\"Shkruan Muhamet Nika Edhe pse \u00a0p\u00ebr ata , t\u00eb cil\u00ebt , jan\u00eb m\u00ebsuar, q\u00eb gj\u00ebrat , t\u2019i\u00a0 shikojn\u00eb nga k\u00ebndi, i Abazoviqit \u00a0, \u00a0mund t\u00eb duket se \u00e7do gj\u00eb shkoi n\u00eb\",\"breadcrumb\":{\"@id\":\"https:\/\/www.visit-ulcinj.com\/blog\/2013\/12\/26\/nika-perse-abazoviqi-nuk-ia-tha-te-gjitha-gjukanoviqit-ne-parlament\/#breadcrumb\"},\"inLanguage\":\"en-US\",\"potentialAction\":[{\"@type\":\"ReadAction\",\"target\":[\"https:\/\/www.visit-ulcinj.com\/blog\/2013\/12\/26\/nika-perse-abazoviqi-nuk-ia-tha-te-gjitha-gjukanoviqit-ne-parlament\/\"]}]},{\"@type\":\"BreadcrumbList\",\"@id\":\"https:\/\/www.visit-ulcinj.com\/blog\/2013\/12\/26\/nika-perse-abazoviqi-nuk-ia-tha-te-gjitha-gjukanoviqit-ne-parlament\/#breadcrumb\",\"itemListElement\":[{\"@type\":\"ListItem\",\"position\":1,\"name\":\"Nika: P\u00ebrse Abazoviqi nuk ia tha t\u00eb gjitha Gjukanoviqit n\u00eb parlament&#8230;.\"}]},{\"@type\":\"Person\",\"@id\":\"https:\/\/www.visit-ulcinj.com\/blog\/#\/schema\/person\/dcab619c614d3038751c63bc2aadc06d\",\"name\":\"ulqini\",\"sameAs\":[\"http:\/\/www.visit-ulcinj.com\"],\"url\":\"https:\/\/www.visit-ulcinj.com\/blog\/author\/admin\/\"}]}<\/script>\n<!-- \/ Yoast SEO plugin. -->","yoast_head_json":{"title":"Nika: P\u00ebrse Abazoviqi nuk ia tha t\u00eb gjitha Gjukanoviqit n\u00eb parlament.... - Lajme nga Ulqini","description":"Shkruan Muhamet Nika Edhe pse \u00a0p\u00ebr ata , t\u00eb cil\u00ebt , jan\u00eb m\u00ebsuar, q\u00eb gj\u00ebrat , t\u2019i\u00a0 shikojn\u00eb nga k\u00ebndi, i Abazoviqit \u00a0, \u00a0mund t\u00eb duket se \u00e7do gj\u00eb shkoi n\u00eb","robots":{"index":"index","follow":"follow","max-snippet":"max-snippet:-1","max-image-preview":"max-image-preview:large","max-video-preview":"max-video-preview:-1"},"canonical":"https:\/\/www.visit-ulcinj.com\/blog\/2013\/12\/26\/nika-perse-abazoviqi-nuk-ia-tha-te-gjitha-gjukanoviqit-ne-parlament\/","og_locale":"en_US","og_type":"article","og_title":"Nika: P\u00ebrse Abazoviqi nuk ia tha t\u00eb gjitha Gjukanoviqit n\u00eb parlament.... - Lajme nga Ulqini","og_description":"Shkruan Muhamet Nika Edhe pse \u00a0p\u00ebr ata , t\u00eb cil\u00ebt , jan\u00eb m\u00ebsuar, q\u00eb gj\u00ebrat , t\u2019i\u00a0 shikojn\u00eb nga k\u00ebndi, i Abazoviqit \u00a0, \u00a0mund t\u00eb duket se \u00e7do gj\u00eb shkoi n\u00eb","og_url":"https:\/\/www.visit-ulcinj.com\/blog\/2013\/12\/26\/nika-perse-abazoviqi-nuk-ia-tha-te-gjitha-gjukanoviqit-ne-parlament\/","og_site_name":"Lajme nga Ulqini","article_published_time":"2013-12-26T15:39:19+00:00","article_modified_time":"2013-12-28T07:50:42+00:00","og_image":[{"url":"http:\/\/www.visit-ulcinj.com\/blog\/wp-content\/uploads\/2013\/12\/Dritan-Abazovic2.jpg"}],"twitter_misc":{"Written by":"ulqini","Est. reading time":"8 minutes"},"schema":{"@context":"https:\/\/schema.org","@graph":[{"@type":"WebSite","@id":"https:\/\/www.visit-ulcinj.com\/blog\/#website","url":"https:\/\/www.visit-ulcinj.com\/blog\/","name":"Lajme nga Ulqini","description":"Lajme,Vijesti,Ulqini,Ulqin,Crna Gora,Mali i Zi","potentialAction":[{"@type":"SearchAction","target":{"@type":"EntryPoint","urlTemplate":"https:\/\/www.visit-ulcinj.com\/blog\/?s={search_term_string}"},"query-input":"required name=search_term_string"}],"inLanguage":"en-US"},{"@type":"ImageObject","inLanguage":"en-US","@id":"https:\/\/www.visit-ulcinj.com\/blog\/2013\/12\/26\/nika-perse-abazoviqi-nuk-ia-tha-te-gjitha-gjukanoviqit-ne-parlament\/#primaryimage","url":"https:\/\/www.visit-ulcinj.com\/blog\/wp-content\/uploads\/2013\/12\/Dritan-Abazovic2.jpg","contentUrl":"https:\/\/www.visit-ulcinj.com\/blog\/wp-content\/uploads\/2013\/12\/Dritan-Abazovic2.jpg","width":720,"height":546},{"@type":"WebPage","@id":"https:\/\/www.visit-ulcinj.com\/blog\/2013\/12\/26\/nika-perse-abazoviqi-nuk-ia-tha-te-gjitha-gjukanoviqit-ne-parlament\/#webpage","url":"https:\/\/www.visit-ulcinj.com\/blog\/2013\/12\/26\/nika-perse-abazoviqi-nuk-ia-tha-te-gjitha-gjukanoviqit-ne-parlament\/","name":"Nika: P\u00ebrse Abazoviqi nuk ia tha t\u00eb gjitha Gjukanoviqit n\u00eb parlament.... - Lajme nga Ulqini","isPartOf":{"@id":"https:\/\/www.visit-ulcinj.com\/blog\/#website"},"primaryImageOfPage":{"@id":"https:\/\/www.visit-ulcinj.com\/blog\/2013\/12\/26\/nika-perse-abazoviqi-nuk-ia-tha-te-gjitha-gjukanoviqit-ne-parlament\/#primaryimage"},"datePublished":"2013-12-26T15:39:19+00:00","dateModified":"2013-12-28T07:50:42+00:00","author":{"@id":"https:\/\/www.visit-ulcinj.com\/blog\/#\/schema\/person\/dcab619c614d3038751c63bc2aadc06d"},"description":"Shkruan Muhamet Nika Edhe pse \u00a0p\u00ebr ata , t\u00eb cil\u00ebt , jan\u00eb m\u00ebsuar, q\u00eb gj\u00ebrat , t\u2019i\u00a0 shikojn\u00eb nga k\u00ebndi, i Abazoviqit \u00a0, \u00a0mund t\u00eb duket se \u00e7do gj\u00eb shkoi n\u00eb","breadcrumb":{"@id":"https:\/\/www.visit-ulcinj.com\/blog\/2013\/12\/26\/nika-perse-abazoviqi-nuk-ia-tha-te-gjitha-gjukanoviqit-ne-parlament\/#breadcrumb"},"inLanguage":"en-US","potentialAction":[{"@type":"ReadAction","target":["https:\/\/www.visit-ulcinj.com\/blog\/2013\/12\/26\/nika-perse-abazoviqi-nuk-ia-tha-te-gjitha-gjukanoviqit-ne-parlament\/"]}]},{"@type":"BreadcrumbList","@id":"https:\/\/www.visit-ulcinj.com\/blog\/2013\/12\/26\/nika-perse-abazoviqi-nuk-ia-tha-te-gjitha-gjukanoviqit-ne-parlament\/#breadcrumb","itemListElement":[{"@type":"ListItem","position":1,"name":"Nika: P\u00ebrse Abazoviqi nuk ia tha t\u00eb gjitha Gjukanoviqit n\u00eb parlament&#8230;."}]},{"@type":"Person","@id":"https:\/\/www.visit-ulcinj.com\/blog\/#\/schema\/person\/dcab619c614d3038751c63bc2aadc06d","name":"ulqini","sameAs":["http:\/\/www.visit-ulcinj.com"],"url":"https:\/\/www.visit-ulcinj.com\/blog\/author\/admin\/"}]}},"jetpack_featured_media_url":"","jetpack_sharing_enabled":true,"jetpack_shortlink":"https:\/\/wp.me\/pe6lTn-kbj","_links":{"self":[{"href":"https:\/\/www.visit-ulcinj.com\/blog\/wp-json\/wp\/v2\/posts\/77581"}],"collection":[{"href":"https:\/\/www.visit-ulcinj.com\/blog\/wp-json\/wp\/v2\/posts"}],"about":[{"href":"https:\/\/www.visit-ulcinj.com\/blog\/wp-json\/wp\/v2\/types\/post"}],"author":[{"embeddable":true,"href":"https:\/\/www.visit-ulcinj.com\/blog\/wp-json\/wp\/v2\/users\/1"}],"replies":[{"embeddable":true,"href":"https:\/\/www.visit-ulcinj.com\/blog\/wp-json\/wp\/v2\/comments?post=77581"}],"version-history":[{"count":1,"href":"https:\/\/www.visit-ulcinj.com\/blog\/wp-json\/wp\/v2\/posts\/77581\/revisions"}],"predecessor-version":[{"id":77583,"href":"https:\/\/www.visit-ulcinj.com\/blog\/wp-json\/wp\/v2\/posts\/77581\/revisions\/77583"}],"wp:attachment":[{"href":"https:\/\/www.visit-ulcinj.com\/blog\/wp-json\/wp\/v2\/media?parent=77581"}],"wp:term":[{"taxonomy":"category","embeddable":true,"href":"https:\/\/www.visit-ulcinj.com\/blog\/wp-json\/wp\/v2\/categories?post=77581"},{"taxonomy":"post_tag","embeddable":true,"href":"https:\/\/www.visit-ulcinj.com\/blog\/wp-json\/wp\/v2\/tags?post=77581"}],"curies":[{"name":"wp","href":"https:\/\/api.w.org\/{rel}","templated":true}]}}