{"id":77590,"date":"2013-12-26T18:28:43","date_gmt":"2013-12-26T17:28:43","guid":{"rendered":"http:\/\/www.visit-ulcinj.com\/blog\/?p=77590"},"modified":"2013-12-26T18:29:48","modified_gmt":"2013-12-26T17:29:48","slug":"moto-djeda-mrazevi-ulcinj-2013-u-centru-za-djecu-sirena-foto","status":"publish","type":"post","link":"https:\/\/www.visit-ulcinj.com\/blog\/2013\/12\/26\/moto-djeda-mrazevi-ulcinj-2013-u-centru-za-djecu-sirena-foto\/","title":{"rendered":"Moto Djeda Mrazevi Ulcinj 2013 u centru za djecu Sirena + Foto"},"content":{"rendered":"<p><strong><a href=\"http:\/\/www.visit-ulcinj.com\/blog\/wp-content\/uploads\/2013\/12\/Moto-Djeda-Mrazevi-Ulcinj-2013.jpg\"><img loading=\"lazy\" class=\"alignleft  wp-image-77591\" alt=\"Moto Djeda Mrazevi Ulcinj 2013\" src=\"http:\/\/www.visit-ulcinj.com\/blog\/wp-content\/uploads\/2013\/12\/Moto-Djeda-Mrazevi-Ulcinj-2013.jpg\" width=\"508\" height=\"360\" \/><\/a>Moto Djeda Mrazevi Ulcinj 2013 &#8211; MK PIRATES<\/strong><\/p>\n<p>Savjet mladih Demokratske partije socijalista Ulcinja i Mk Pirates u susret dolaze\u0107im novogodi\u0161njim praznicima organizovao je posjetu dnevnom centru za djecu i omladinu sa posebnim potrebama \u201cSirena\u201d. Omladina DPS-a provela je dan u dru\u017eenju i igri sa djecom iz centra i tom prilikom mali\u0161ane su obradovali novogodi\u0161njim paketi\u0107ima i velikim brojem igra\u010daka.<\/p>\n<p>U \u017eelji da svima ovi novogodi\u0161nji praznici proteknu u \u0161to boljem raspolo\u017eenju i da osmjeh sa lica djece ne nestaje trudimo se i trudi\u0107emo se da ovakvih i sli\u010dnih aktivnosti bude \u0161to vi\u0161e,\u00a0kazala je predsjednica Savjeta mladih DPS Ulcinj Deniza Hodzi\u0107.<\/p>\n<p><strong>Izvor: DPS<\/strong><\/p>\n\n\t\t<style type=\"text\/css\">\n\t\t\t#gallery-1 {\n\t\t\t\tmargin: auto;\n\t\t\t}\n\t\t\t#gallery-1 .gallery-item {\n\t\t\t\tfloat: left;\n\t\t\t\tmargin-top: 10px;\n\t\t\t\ttext-align: center;\n\t\t\t\twidth: 33%;\n\t\t\t}\n\t\t\t#gallery-1 img {\n\t\t\t\tborder: 2px solid #cfcfcf;\n\t\t\t}\n\t\t\t#gallery-1 .gallery-caption {\n\t\t\t\tmargin-left: 0;\n\t\t\t}\n\t\t\t\/* see gallery_shortcode() in wp-includes\/media.php *\/\n\t\t<\/style>\n\t\t<div id='gallery-1' class='gallery galleryid-77590 gallery-columns-3 gallery-size-thumbnail'><dl class='gallery-item'>\n\t\t\t<dt class='gallery-icon landscape'>\n\t\t\t\t<a href='https:\/\/www.visit-ulcinj.com\/blog\/2013\/12\/26\/moto-djeda-mrazevi-ulcinj-2013-u-centru-za-djecu-sirena-foto\/moto-djeda-mrazevi-ulcinj-2013-mk-pirates-10\/'><img width=\"150\" height=\"150\" src=\"https:\/\/www.visit-ulcinj.com\/blog\/wp-content\/uploads\/2013\/12\/Moto-Djeda-Mrazevi-Ulcinj-2013-MK-PIRATES-10-150x150.jpg\" class=\"attachment-thumbnail size-thumbnail\" alt=\"\" loading=\"lazy\" \/><\/a>\n\t\t\t<\/dt><\/dl><dl class='gallery-item'>\n\t\t\t<dt class='gallery-icon landscape'>\n\t\t\t\t<a href='https:\/\/www.visit-ulcinj.com\/blog\/2013\/12\/26\/moto-djeda-mrazevi-ulcinj-2013-u-centru-za-djecu-sirena-foto\/moto-djeda-mrazevi-ulcinj-2013-mk-pirates-9\/'><img width=\"150\" height=\"150\" src=\"https:\/\/www.visit-ulcinj.com\/blog\/wp-content\/uploads\/2013\/12\/Moto-Djeda-Mrazevi-Ulcinj-2013-MK-PIRATES-9-150x150.jpg\" class=\"attachment-thumbnail size-thumbnail\" alt=\"\" loading=\"lazy\" \/><\/a>\n\t\t\t<\/dt><\/dl><dl class='gallery-item'>\n\t\t\t<dt class='gallery-icon landscape'>\n\t\t\t\t<a href='https:\/\/www.visit-ulcinj.com\/blog\/2013\/12\/26\/moto-djeda-mrazevi-ulcinj-2013-u-centru-za-djecu-sirena-foto\/moto-djeda-mrazevi-ulcinj-2013-mk-pirates-8\/'><img width=\"150\" height=\"150\" src=\"https:\/\/www.visit-ulcinj.com\/blog\/wp-content\/uploads\/2013\/12\/Moto-Djeda-Mrazevi-Ulcinj-2013-MK-PIRATES-8-150x150.jpg\" class=\"attachment-thumbnail size-thumbnail\" alt=\"\" loading=\"lazy\" \/><\/a>\n\t\t\t<\/dt><\/dl><br style=\"clear: both\" \/><dl class='gallery-item'>\n\t\t\t<dt class='gallery-icon landscape'>\n\t\t\t\t<a href='https:\/\/www.visit-ulcinj.com\/blog\/2013\/12\/26\/moto-djeda-mrazevi-ulcinj-2013-u-centru-za-djecu-sirena-foto\/moto-djeda-mrazevi-ulcinj-2013-mk-pirates-7\/'><img width=\"150\" height=\"150\" src=\"https:\/\/www.visit-ulcinj.com\/blog\/wp-content\/uploads\/2013\/12\/Moto-Djeda-Mrazevi-Ulcinj-2013-MK-PIRATES-7-150x150.jpg\" class=\"attachment-thumbnail size-thumbnail\" alt=\"\" loading=\"lazy\" \/><\/a>\n\t\t\t<\/dt><\/dl><dl class='gallery-item'>\n\t\t\t<dt class='gallery-icon landscape'>\n\t\t\t\t<a href='https:\/\/www.visit-ulcinj.com\/blog\/2013\/12\/26\/moto-djeda-mrazevi-ulcinj-2013-u-centru-za-djecu-sirena-foto\/moto-djeda-mrazevi-ulcinj-2013-mk-pirates-6\/'><img width=\"150\" height=\"150\" src=\"https:\/\/www.visit-ulcinj.com\/blog\/wp-content\/uploads\/2013\/12\/Moto-Djeda-Mrazevi-Ulcinj-2013-MK-PIRATES-6-150x150.jpg\" class=\"attachment-thumbnail size-thumbnail\" alt=\"\" loading=\"lazy\" \/><\/a>\n\t\t\t<\/dt><\/dl><dl class='gallery-item'>\n\t\t\t<dt class='gallery-icon landscape'>\n\t\t\t\t<a href='https:\/\/www.visit-ulcinj.com\/blog\/2013\/12\/26\/moto-djeda-mrazevi-ulcinj-2013-u-centru-za-djecu-sirena-foto\/moto-djeda-mrazevi-ulcinj-2013-mk-pirates-5\/'><img width=\"150\" height=\"150\" src=\"https:\/\/www.visit-ulcinj.com\/blog\/wp-content\/uploads\/2013\/12\/Moto-Djeda-Mrazevi-Ulcinj-2013-MK-PIRATES-5-150x150.jpg\" class=\"attachment-thumbnail size-thumbnail\" alt=\"\" loading=\"lazy\" \/><\/a>\n\t\t\t<\/dt><\/dl><br style=\"clear: both\" \/><dl class='gallery-item'>\n\t\t\t<dt class='gallery-icon landscape'>\n\t\t\t\t<a href='https:\/\/www.visit-ulcinj.com\/blog\/2013\/12\/26\/moto-djeda-mrazevi-ulcinj-2013-u-centru-za-djecu-sirena-foto\/moto-djeda-mrazevi-ulcinj-2013-mk-pirates-4\/'><img width=\"150\" height=\"150\" src=\"https:\/\/www.visit-ulcinj.com\/blog\/wp-content\/uploads\/2013\/12\/Moto-Djeda-Mrazevi-Ulcinj-2013-MK-PIRATES-4-150x150.jpg\" class=\"attachment-thumbnail size-thumbnail\" alt=\"\" loading=\"lazy\" \/><\/a>\n\t\t\t<\/dt><\/dl><dl class='gallery-item'>\n\t\t\t<dt class='gallery-icon landscape'>\n\t\t\t\t<a href='https:\/\/www.visit-ulcinj.com\/blog\/2013\/12\/26\/moto-djeda-mrazevi-ulcinj-2013-u-centru-za-djecu-sirena-foto\/moto-djeda-mrazevi-ulcinj-2013-mk-pirates-3\/'><img width=\"150\" height=\"150\" src=\"https:\/\/www.visit-ulcinj.com\/blog\/wp-content\/uploads\/2013\/12\/Moto-Djeda-Mrazevi-Ulcinj-2013-MK-PIRATES-3-150x150.jpg\" class=\"attachment-thumbnail size-thumbnail\" alt=\"\" loading=\"lazy\" \/><\/a>\n\t\t\t<\/dt><\/dl><dl class='gallery-item'>\n\t\t\t<dt class='gallery-icon landscape'>\n\t\t\t\t<a href='https:\/\/www.visit-ulcinj.com\/blog\/2013\/12\/26\/moto-djeda-mrazevi-ulcinj-2013-u-centru-za-djecu-sirena-foto\/moto-djeda-mrazevi-ulcinj-2013-mk-pirates-2\/'><img width=\"150\" height=\"150\" src=\"https:\/\/www.visit-ulcinj.com\/blog\/wp-content\/uploads\/2013\/12\/Moto-Djeda-Mrazevi-Ulcinj-2013-MK-PIRATES-2-150x150.jpg\" class=\"attachment-thumbnail size-thumbnail\" alt=\"\" loading=\"lazy\" \/><\/a>\n\t\t\t<\/dt><\/dl><br style=\"clear: both\" \/><dl class='gallery-item'>\n\t\t\t<dt class='gallery-icon landscape'>\n\t\t\t\t<a href='https:\/\/www.visit-ulcinj.com\/blog\/2013\/12\/26\/moto-djeda-mrazevi-ulcinj-2013-u-centru-za-djecu-sirena-foto\/moto-djeda-mrazevi-ulcinj-2013-mk-pirates-1\/'><img width=\"150\" height=\"150\" src=\"https:\/\/www.visit-ulcinj.com\/blog\/wp-content\/uploads\/2013\/12\/Moto-Djeda-Mrazevi-Ulcinj-2013-MK-PIRATES-1-150x150.jpg\" class=\"attachment-thumbnail size-thumbnail\" alt=\"\" loading=\"lazy\" \/><\/a>\n\t\t\t<\/dt><\/dl><dl class='gallery-item'>\n\t\t\t<dt class='gallery-icon landscape'>\n\t\t\t\t<a href='https:\/\/www.visit-ulcinj.com\/blog\/2013\/12\/26\/moto-djeda-mrazevi-ulcinj-2013-u-centru-za-djecu-sirena-foto\/moto-djeda-mrazevi-ulcinj-2013-mk-pirates\/'><img width=\"150\" height=\"150\" src=\"https:\/\/www.visit-ulcinj.com\/blog\/wp-content\/uploads\/2013\/12\/Moto-Djeda-Mrazevi-Ulcinj-2013-MK-PIRATES-150x150.jpg\" class=\"attachment-thumbnail size-thumbnail\" alt=\"\" loading=\"lazy\" \/><\/a>\n\t\t\t<\/dt><\/dl><dl class='gallery-item'>\n\t\t\t<dt class='gallery-icon landscape'>\n\t\t\t\t<a href='https:\/\/www.visit-ulcinj.com\/blog\/2013\/12\/26\/savjet-mladih-ulcinja-u-posjeti-dnevnom-centru\/savjet-mladih-dps-a-ulcinj-2\/'><img width=\"150\" height=\"150\" src=\"https:\/\/www.visit-ulcinj.com\/blog\/wp-content\/uploads\/2013\/12\/Savjet-Mladih-Dps-a-Ulcinj-150x150.jpg\" class=\"attachment-thumbnail size-thumbnail\" alt=\"\" loading=\"lazy\" \/><\/a>\n\t\t\t<\/dt><\/dl><br style=\"clear: both\" \/>\n\t\t<\/div>\n\n","protected":false},"excerpt":{"rendered":"<p>Moto Djeda Mrazevi Ulcinj 2013 &#8211; MK PIRATES Savjet mladih Demokratske partije socijalista Ulcinja i Mk Pirates u susret dolaze\u0107im novogodi\u0161njim praznicima organizovao je posjetu dnevnom centru za djecu i omladinu sa posebnim potrebama \u201cSirena\u201d. Omladina DPS-a provela je dan u dru\u017eenju i igri sa djecom iz centra i tom prilikom mali\u0161ane su obradovali novogodi\u0161njim [&hellip;]<\/p>\n","protected":false},"author":1,"featured_media":0,"comment_status":"closed","ping_status":"closed","sticky":false,"template":"","format":"standard","meta":{"spay_email":"","jetpack_publicize_message":"","jetpack_is_tweetstorm":false,"jetpack_publicize_feature_enabled":true},"categories":[8337],"tags":[],"jetpack_publicize_connections":[],"yoast_head":"<!-- This site is optimized with the Yoast SEO plugin v19.1 - https:\/\/yoast.com\/wordpress\/plugins\/seo\/ -->\n<title>Moto Djeda Mrazevi Ulcinj 2013 u centru za djecu Sirena + Foto - Lajme nga Ulqini<\/title>\n<meta name=\"description\" content=\"Moto Djeda Mrazevi Ulcinj 2013 - MK PIRATES Savjet mladih Demokratske partije socijalista Ulcinja i Mk Pirates u susret dolaze\u0107im novogodi\u0161njim praznicima\" \/>\n<meta name=\"robots\" content=\"index, follow, max-snippet:-1, max-image-preview:large, max-video-preview:-1\" \/>\n<link rel=\"canonical\" href=\"https:\/\/www.visit-ulcinj.com\/blog\/2013\/12\/26\/moto-djeda-mrazevi-ulcinj-2013-u-centru-za-djecu-sirena-foto\/\" \/>\n<meta property=\"og:locale\" content=\"en_US\" \/>\n<meta property=\"og:type\" content=\"article\" \/>\n<meta property=\"og:title\" content=\"Moto Djeda Mrazevi Ulcinj 2013 u centru za djecu Sirena + Foto - Lajme nga Ulqini\" \/>\n<meta property=\"og:description\" content=\"Moto Djeda Mrazevi Ulcinj 2013 - MK PIRATES Savjet mladih Demokratske partije socijalista Ulcinja i Mk Pirates u susret dolaze\u0107im novogodi\u0161njim praznicima\" \/>\n<meta property=\"og:url\" content=\"https:\/\/www.visit-ulcinj.com\/blog\/2013\/12\/26\/moto-djeda-mrazevi-ulcinj-2013-u-centru-za-djecu-sirena-foto\/\" \/>\n<meta property=\"og:site_name\" content=\"Lajme nga Ulqini\" \/>\n<meta property=\"article:published_time\" content=\"2013-12-26T17:28:43+00:00\" \/>\n<meta property=\"article:modified_time\" content=\"2013-12-26T17:29:48+00:00\" \/>\n<meta property=\"og:image\" content=\"https:\/\/www.visit-ulcinj.com\/blog\/wp-content\/uploads\/2013\/12\/Moto-Djeda-Mrazevi-Ulcinj-2013-MK-PIRATES-10-150x150.jpg\" \/>\n<meta name=\"twitter:label1\" content=\"Written by\" \/>\n\t<meta name=\"twitter:data1\" content=\"ulqini\" \/>\n\t<meta name=\"twitter:label2\" content=\"Est. reading time\" \/>\n\t<meta name=\"twitter:data2\" content=\"1 minute\" \/>\n<script type=\"application\/ld+json\" class=\"yoast-schema-graph\">{\"@context\":\"https:\/\/schema.org\",\"@graph\":[{\"@type\":\"WebSite\",\"@id\":\"https:\/\/www.visit-ulcinj.com\/blog\/#website\",\"url\":\"https:\/\/www.visit-ulcinj.com\/blog\/\",\"name\":\"Lajme nga Ulqini\",\"description\":\"Lajme,Vijesti,Ulqini,Ulqin,Crna Gora,Mali i Zi\",\"potentialAction\":[{\"@type\":\"SearchAction\",\"target\":{\"@type\":\"EntryPoint\",\"urlTemplate\":\"https:\/\/www.visit-ulcinj.com\/blog\/?s={search_term_string}\"},\"query-input\":\"required name=search_term_string\"}],\"inLanguage\":\"en-US\"},{\"@type\":\"ImageObject\",\"inLanguage\":\"en-US\",\"@id\":\"https:\/\/www.visit-ulcinj.com\/blog\/2013\/12\/26\/moto-djeda-mrazevi-ulcinj-2013-u-centru-za-djecu-sirena-foto\/#primaryimage\",\"url\":\"https:\/\/www.visit-ulcinj.com\/blog\/wp-content\/uploads\/2013\/12\/Moto-Djeda-Mrazevi-Ulcinj-2013.jpg\",\"contentUrl\":\"https:\/\/www.visit-ulcinj.com\/blog\/wp-content\/uploads\/2013\/12\/Moto-Djeda-Mrazevi-Ulcinj-2013.jpg\",\"width\":960,\"height\":643},{\"@type\":\"WebPage\",\"@id\":\"https:\/\/www.visit-ulcinj.com\/blog\/2013\/12\/26\/moto-djeda-mrazevi-ulcinj-2013-u-centru-za-djecu-sirena-foto\/#webpage\",\"url\":\"https:\/\/www.visit-ulcinj.com\/blog\/2013\/12\/26\/moto-djeda-mrazevi-ulcinj-2013-u-centru-za-djecu-sirena-foto\/\",\"name\":\"Moto Djeda Mrazevi Ulcinj 2013 u centru za djecu Sirena + Foto - Lajme nga Ulqini\",\"isPartOf\":{\"@id\":\"https:\/\/www.visit-ulcinj.com\/blog\/#website\"},\"primaryImageOfPage\":{\"@id\":\"https:\/\/www.visit-ulcinj.com\/blog\/2013\/12\/26\/moto-djeda-mrazevi-ulcinj-2013-u-centru-za-djecu-sirena-foto\/#primaryimage\"},\"datePublished\":\"2013-12-26T17:28:43+00:00\",\"dateModified\":\"2013-12-26T17:29:48+00:00\",\"author\":{\"@id\":\"https:\/\/www.visit-ulcinj.com\/blog\/#\/schema\/person\/dcab619c614d3038751c63bc2aadc06d\"},\"description\":\"Moto Djeda Mrazevi Ulcinj 2013 - MK PIRATES Savjet mladih Demokratske partije socijalista Ulcinja i Mk Pirates u susret dolaze\u0107im novogodi\u0161njim praznicima\",\"breadcrumb\":{\"@id\":\"https:\/\/www.visit-ulcinj.com\/blog\/2013\/12\/26\/moto-djeda-mrazevi-ulcinj-2013-u-centru-za-djecu-sirena-foto\/#breadcrumb\"},\"inLanguage\":\"en-US\",\"potentialAction\":[{\"@type\":\"ReadAction\",\"target\":[\"https:\/\/www.visit-ulcinj.com\/blog\/2013\/12\/26\/moto-djeda-mrazevi-ulcinj-2013-u-centru-za-djecu-sirena-foto\/\"]}]},{\"@type\":\"BreadcrumbList\",\"@id\":\"https:\/\/www.visit-ulcinj.com\/blog\/2013\/12\/26\/moto-djeda-mrazevi-ulcinj-2013-u-centru-za-djecu-sirena-foto\/#breadcrumb\",\"itemListElement\":[{\"@type\":\"ListItem\",\"position\":1,\"name\":\"Moto Djeda Mrazevi Ulcinj 2013 u centru za djecu Sirena + Foto\"}]},{\"@type\":\"Person\",\"@id\":\"https:\/\/www.visit-ulcinj.com\/blog\/#\/schema\/person\/dcab619c614d3038751c63bc2aadc06d\",\"name\":\"ulqini\",\"sameAs\":[\"http:\/\/www.visit-ulcinj.com\"],\"url\":\"https:\/\/www.visit-ulcinj.com\/blog\/author\/admin\/\"}]}<\/script>\n<!-- \/ Yoast SEO plugin. -->","yoast_head_json":{"title":"Moto Djeda Mrazevi Ulcinj 2013 u centru za djecu Sirena + Foto - Lajme nga Ulqini","description":"Moto Djeda Mrazevi Ulcinj 2013 - MK PIRATES Savjet mladih Demokratske partije socijalista Ulcinja i Mk Pirates u susret dolaze\u0107im novogodi\u0161njim praznicima","robots":{"index":"index","follow":"follow","max-snippet":"max-snippet:-1","max-image-preview":"max-image-preview:large","max-video-preview":"max-video-preview:-1"},"canonical":"https:\/\/www.visit-ulcinj.com\/blog\/2013\/12\/26\/moto-djeda-mrazevi-ulcinj-2013-u-centru-za-djecu-sirena-foto\/","og_locale":"en_US","og_type":"article","og_title":"Moto Djeda Mrazevi Ulcinj 2013 u centru za djecu Sirena + Foto - Lajme nga Ulqini","og_description":"Moto Djeda Mrazevi Ulcinj 2013 - MK PIRATES Savjet mladih Demokratske partije socijalista Ulcinja i Mk Pirates u susret dolaze\u0107im novogodi\u0161njim praznicima","og_url":"https:\/\/www.visit-ulcinj.com\/blog\/2013\/12\/26\/moto-djeda-mrazevi-ulcinj-2013-u-centru-za-djecu-sirena-foto\/","og_site_name":"Lajme nga Ulqini","article_published_time":"2013-12-26T17:28:43+00:00","article_modified_time":"2013-12-26T17:29:48+00:00","og_image":[{"url":"https:\/\/www.visit-ulcinj.com\/blog\/wp-content\/uploads\/2013\/12\/Moto-Djeda-Mrazevi-Ulcinj-2013-MK-PIRATES-10-150x150.jpg"}],"twitter_misc":{"Written by":"ulqini","Est. reading time":"1 minute"},"schema":{"@context":"https:\/\/schema.org","@graph":[{"@type":"WebSite","@id":"https:\/\/www.visit-ulcinj.com\/blog\/#website","url":"https:\/\/www.visit-ulcinj.com\/blog\/","name":"Lajme nga Ulqini","description":"Lajme,Vijesti,Ulqini,Ulqin,Crna Gora,Mali i Zi","potentialAction":[{"@type":"SearchAction","target":{"@type":"EntryPoint","urlTemplate":"https:\/\/www.visit-ulcinj.com\/blog\/?s={search_term_string}"},"query-input":"required name=search_term_string"}],"inLanguage":"en-US"},{"@type":"ImageObject","inLanguage":"en-US","@id":"https:\/\/www.visit-ulcinj.com\/blog\/2013\/12\/26\/moto-djeda-mrazevi-ulcinj-2013-u-centru-za-djecu-sirena-foto\/#primaryimage","url":"https:\/\/www.visit-ulcinj.com\/blog\/wp-content\/uploads\/2013\/12\/Moto-Djeda-Mrazevi-Ulcinj-2013.jpg","contentUrl":"https:\/\/www.visit-ulcinj.com\/blog\/wp-content\/uploads\/2013\/12\/Moto-Djeda-Mrazevi-Ulcinj-2013.jpg","width":960,"height":643},{"@type":"WebPage","@id":"https:\/\/www.visit-ulcinj.com\/blog\/2013\/12\/26\/moto-djeda-mrazevi-ulcinj-2013-u-centru-za-djecu-sirena-foto\/#webpage","url":"https:\/\/www.visit-ulcinj.com\/blog\/2013\/12\/26\/moto-djeda-mrazevi-ulcinj-2013-u-centru-za-djecu-sirena-foto\/","name":"Moto Djeda Mrazevi Ulcinj 2013 u centru za djecu Sirena + Foto - Lajme nga Ulqini","isPartOf":{"@id":"https:\/\/www.visit-ulcinj.com\/blog\/#website"},"primaryImageOfPage":{"@id":"https:\/\/www.visit-ulcinj.com\/blog\/2013\/12\/26\/moto-djeda-mrazevi-ulcinj-2013-u-centru-za-djecu-sirena-foto\/#primaryimage"},"datePublished":"2013-12-26T17:28:43+00:00","dateModified":"2013-12-26T17:29:48+00:00","author":{"@id":"https:\/\/www.visit-ulcinj.com\/blog\/#\/schema\/person\/dcab619c614d3038751c63bc2aadc06d"},"description":"Moto Djeda Mrazevi Ulcinj 2013 - MK PIRATES Savjet mladih Demokratske partije socijalista Ulcinja i Mk Pirates u susret dolaze\u0107im novogodi\u0161njim praznicima","breadcrumb":{"@id":"https:\/\/www.visit-ulcinj.com\/blog\/2013\/12\/26\/moto-djeda-mrazevi-ulcinj-2013-u-centru-za-djecu-sirena-foto\/#breadcrumb"},"inLanguage":"en-US","potentialAction":[{"@type":"ReadAction","target":["https:\/\/www.visit-ulcinj.com\/blog\/2013\/12\/26\/moto-djeda-mrazevi-ulcinj-2013-u-centru-za-djecu-sirena-foto\/"]}]},{"@type":"BreadcrumbList","@id":"https:\/\/www.visit-ulcinj.com\/blog\/2013\/12\/26\/moto-djeda-mrazevi-ulcinj-2013-u-centru-za-djecu-sirena-foto\/#breadcrumb","itemListElement":[{"@type":"ListItem","position":1,"name":"Moto Djeda Mrazevi Ulcinj 2013 u centru za djecu Sirena + Foto"}]},{"@type":"Person","@id":"https:\/\/www.visit-ulcinj.com\/blog\/#\/schema\/person\/dcab619c614d3038751c63bc2aadc06d","name":"ulqini","sameAs":["http:\/\/www.visit-ulcinj.com"],"url":"https:\/\/www.visit-ulcinj.com\/blog\/author\/admin\/"}]}},"jetpack_featured_media_url":"","jetpack_sharing_enabled":true,"jetpack_shortlink":"https:\/\/wp.me\/pe6lTn-kbs","_links":{"self":[{"href":"https:\/\/www.visit-ulcinj.com\/blog\/wp-json\/wp\/v2\/posts\/77590"}],"collection":[{"href":"https:\/\/www.visit-ulcinj.com\/blog\/wp-json\/wp\/v2\/posts"}],"about":[{"href":"https:\/\/www.visit-ulcinj.com\/blog\/wp-json\/wp\/v2\/types\/post"}],"author":[{"embeddable":true,"href":"https:\/\/www.visit-ulcinj.com\/blog\/wp-json\/wp\/v2\/users\/1"}],"replies":[{"embeddable":true,"href":"https:\/\/www.visit-ulcinj.com\/blog\/wp-json\/wp\/v2\/comments?post=77590"}],"version-history":[{"count":1,"href":"https:\/\/www.visit-ulcinj.com\/blog\/wp-json\/wp\/v2\/posts\/77590\/revisions"}],"predecessor-version":[{"id":77603,"href":"https:\/\/www.visit-ulcinj.com\/blog\/wp-json\/wp\/v2\/posts\/77590\/revisions\/77603"}],"wp:attachment":[{"href":"https:\/\/www.visit-ulcinj.com\/blog\/wp-json\/wp\/v2\/media?parent=77590"}],"wp:term":[{"taxonomy":"category","embeddable":true,"href":"https:\/\/www.visit-ulcinj.com\/blog\/wp-json\/wp\/v2\/categories?post=77590"},{"taxonomy":"post_tag","embeddable":true,"href":"https:\/\/www.visit-ulcinj.com\/blog\/wp-json\/wp\/v2\/tags?post=77590"}],"curies":[{"name":"wp","href":"https:\/\/api.w.org\/{rel}","templated":true}]}}