{"id":776,"date":"2008-03-05T14:26:41","date_gmt":"2008-03-05T19:26:41","guid":{"rendered":"http:\/\/www.visit-ulcinj.com\/blog\/2008\/03\/05\/mali-i-zi-me-pasaporta-elektronike\/"},"modified":"2008-03-05T14:26:41","modified_gmt":"2008-03-05T19:26:41","slug":"mali-i-zi-me-pasaporta-elektronike","status":"publish","type":"post","link":"https:\/\/www.visit-ulcinj.com\/blog\/2008\/03\/05\/mali-i-zi-me-pasaporta-elektronike\/","title":{"rendered":"Mali i Zi me pasaporta elektronike"},"content":{"rendered":"<p><a href=\"http:\/\/www.visit-ulcinj.com\/blog\/wp-content\/uploads\/2008\/03\/osman-subasic.jpg\" rel=\"lightbox[pics-1204745032]\" title=\"Osman Suba\u0161i?\"><img loading=\"lazy\" src=\"http:\/\/www.visit-ulcinj.com\/blog\/wp-content\/uploads\/2008\/03\/osman-subasic.thumbnail.jpg\" alt=\"Osman Suba\u0161i?\" align=\"left\" height=\"150\" width=\"200\" \/><\/a>Sipas z\u00ebvend\u00ebsit t\u00eb ndihm\u00ebs-ministrit t\u00eb Pun\u00ebve t\u00eb Brendshme,Osman Subasic, b\u00ebhet fjal\u00eb p\u00ebr dokumente elektronike udh\u00ebtimi q\u00eb \u00ebsht\u00eb e pamundur t\u00eb falsifikohen ose keqp\u00ebrdoren. \u201cT\u00eb drejt\u00ebn n\u00eb pasaport\u00eb do ta ken\u00eb t\u00eb gjith\u00eb qytetar\u00ebt malazez\u00eb. Me p\u00ebrjashtim t\u00eb ndonj\u00eb qytetari t\u00eb d\u00ebnuar me burg ose ndaj t\u00eb cilit ushtrohet procedur\u00eb penale. Procedura p\u00ebr dh\u00ebnien e pasaport\u00ebs \u00ebsht\u00eb e shpejt\u00eb, prandaj afati p\u00ebr dh\u00ebnien  e tij, prej momentit t\u00eb dor\u00ebzimit t\u00eb k\u00ebrkes\u00ebs, do t\u00eb jet\u00eb 15 dit\u00eb.Pasaportat i l\u00ebshon MPB, nd\u00ebrkaq k\u00ebrkesa mund t\u00eb b\u00ebhet n\u00eb \u00e7do komun\u00eb, n\u00eb 23 vende t\u00eb Malit t\u00eb Zi, edhe pse ata do t\u00eb l\u00ebshohen vet\u00ebm nga nj\u00eb vend &#8211; nga selia e<br \/>\nMPB n\u00eb Podgoric\u00eb, e q\u00eb edhe paraqet nj\u00eb prej kushteve t\u00eb Komisionit Evropian p\u00ebr liberalizimin e regjimit t\u00eb vizave\u201d, theksoi Subasic, derisa paralajm\u00ebroi se pasaportat e para elektronike pritet t\u00eb l\u00ebshohen n\u00eb prill.<\/p>\n","protected":false},"excerpt":{"rendered":"<p><img loading=\"lazy\" src=\"http:\/\/www.visit-ulcinj.com\/blog\/wp-content\/uploads\/2008\/03\/osman-subasic.thumbnail.jpg\" alt=\"Osman Suba\u0161i?\" align=\"left\" height=\"140\" width=\"140\" \/><\/p>\n","protected":false},"author":1,"featured_media":0,"comment_status":"open","ping_status":"closed","sticky":false,"template":"","format":"standard","meta":{"spay_email":"","jetpack_publicize_message":"","jetpack_is_tweetstorm":false,"jetpack_publicize_feature_enabled":true},"categories":[12],"tags":[],"jetpack_publicize_connections":[],"yoast_head":"<!-- This site is optimized with the Yoast SEO plugin v19.1 - https:\/\/yoast.com\/wordpress\/plugins\/seo\/ -->\n<title>Mali i Zi me pasaporta elektronike - Lajme nga Ulqini<\/title>\n<meta name=\"robots\" content=\"index, follow, max-snippet:-1, max-image-preview:large, max-video-preview:-1\" \/>\n<link rel=\"canonical\" href=\"https:\/\/www.visit-ulcinj.com\/blog\/2008\/03\/05\/mali-i-zi-me-pasaporta-elektronike\/\" \/>\n<meta property=\"og:locale\" content=\"en_US\" \/>\n<meta property=\"og:type\" content=\"article\" \/>\n<meta property=\"og:title\" content=\"Mali i Zi me pasaporta elektronike - Lajme nga Ulqini\" \/>\n<meta property=\"og:url\" content=\"https:\/\/www.visit-ulcinj.com\/blog\/2008\/03\/05\/mali-i-zi-me-pasaporta-elektronike\/\" \/>\n<meta property=\"og:site_name\" content=\"Lajme nga Ulqini\" \/>\n<meta property=\"article:published_time\" content=\"2008-03-05T19:26:41+00:00\" \/>\n<meta property=\"og:image\" content=\"http:\/\/www.visit-ulcinj.com\/blog\/wp-content\/uploads\/2008\/03\/osman-subasic.thumbnail.jpg\" \/>\n<meta name=\"twitter:label1\" content=\"Written by\" \/>\n\t<meta name=\"twitter:data1\" content=\"ulqini\" \/>\n\t<meta name=\"twitter:label2\" content=\"Est. reading time\" \/>\n\t<meta name=\"twitter:data2\" content=\"1 minute\" \/>\n<script type=\"application\/ld+json\" class=\"yoast-schema-graph\">{\"@context\":\"https:\/\/schema.org\",\"@graph\":[{\"@type\":\"WebSite\",\"@id\":\"https:\/\/www.visit-ulcinj.com\/blog\/#website\",\"url\":\"https:\/\/www.visit-ulcinj.com\/blog\/\",\"name\":\"Lajme nga Ulqini\",\"description\":\"Lajme,Vijesti,Ulqini,Ulqin,Crna Gora,Mali i Zi\",\"potentialAction\":[{\"@type\":\"SearchAction\",\"target\":{\"@type\":\"EntryPoint\",\"urlTemplate\":\"https:\/\/www.visit-ulcinj.com\/blog\/?s={search_term_string}\"},\"query-input\":\"required name=search_term_string\"}],\"inLanguage\":\"en-US\"},{\"@type\":\"ImageObject\",\"inLanguage\":\"en-US\",\"@id\":\"https:\/\/www.visit-ulcinj.com\/blog\/2008\/03\/05\/mali-i-zi-me-pasaporta-elektronike\/#primaryimage\",\"url\":\"http:\/\/www.visit-ulcinj.com\/blog\/wp-content\/uploads\/2008\/03\/osman-subasic.thumbnail.jpg\",\"contentUrl\":\"http:\/\/www.visit-ulcinj.com\/blog\/wp-content\/uploads\/2008\/03\/osman-subasic.thumbnail.jpg\"},{\"@type\":\"WebPage\",\"@id\":\"https:\/\/www.visit-ulcinj.com\/blog\/2008\/03\/05\/mali-i-zi-me-pasaporta-elektronike\/#webpage\",\"url\":\"https:\/\/www.visit-ulcinj.com\/blog\/2008\/03\/05\/mali-i-zi-me-pasaporta-elektronike\/\",\"name\":\"Mali i Zi me pasaporta elektronike - Lajme nga Ulqini\",\"isPartOf\":{\"@id\":\"https:\/\/www.visit-ulcinj.com\/blog\/#website\"},\"primaryImageOfPage\":{\"@id\":\"https:\/\/www.visit-ulcinj.com\/blog\/2008\/03\/05\/mali-i-zi-me-pasaporta-elektronike\/#primaryimage\"},\"datePublished\":\"2008-03-05T19:26:41+00:00\",\"dateModified\":\"2008-03-05T19:26:41+00:00\",\"author\":{\"@id\":\"https:\/\/www.visit-ulcinj.com\/blog\/#\/schema\/person\/dcab619c614d3038751c63bc2aadc06d\"},\"breadcrumb\":{\"@id\":\"https:\/\/www.visit-ulcinj.com\/blog\/2008\/03\/05\/mali-i-zi-me-pasaporta-elektronike\/#breadcrumb\"},\"inLanguage\":\"en-US\",\"potentialAction\":[{\"@type\":\"ReadAction\",\"target\":[\"https:\/\/www.visit-ulcinj.com\/blog\/2008\/03\/05\/mali-i-zi-me-pasaporta-elektronike\/\"]}]},{\"@type\":\"BreadcrumbList\",\"@id\":\"https:\/\/www.visit-ulcinj.com\/blog\/2008\/03\/05\/mali-i-zi-me-pasaporta-elektronike\/#breadcrumb\",\"itemListElement\":[{\"@type\":\"ListItem\",\"position\":1,\"name\":\"Mali i Zi me pasaporta elektronike\"}]},{\"@type\":\"Person\",\"@id\":\"https:\/\/www.visit-ulcinj.com\/blog\/#\/schema\/person\/dcab619c614d3038751c63bc2aadc06d\",\"name\":\"ulqini\",\"sameAs\":[\"http:\/\/www.visit-ulcinj.com\"],\"url\":\"https:\/\/www.visit-ulcinj.com\/blog\/author\/admin\/\"}]}<\/script>\n<!-- \/ Yoast SEO plugin. -->","yoast_head_json":{"title":"Mali i Zi me pasaporta elektronike - Lajme nga Ulqini","robots":{"index":"index","follow":"follow","max-snippet":"max-snippet:-1","max-image-preview":"max-image-preview:large","max-video-preview":"max-video-preview:-1"},"canonical":"https:\/\/www.visit-ulcinj.com\/blog\/2008\/03\/05\/mali-i-zi-me-pasaporta-elektronike\/","og_locale":"en_US","og_type":"article","og_title":"Mali i Zi me pasaporta elektronike - Lajme nga Ulqini","og_url":"https:\/\/www.visit-ulcinj.com\/blog\/2008\/03\/05\/mali-i-zi-me-pasaporta-elektronike\/","og_site_name":"Lajme nga Ulqini","article_published_time":"2008-03-05T19:26:41+00:00","og_image":[{"url":"http:\/\/www.visit-ulcinj.com\/blog\/wp-content\/uploads\/2008\/03\/osman-subasic.thumbnail.jpg"}],"twitter_misc":{"Written by":"ulqini","Est. reading time":"1 minute"},"schema":{"@context":"https:\/\/schema.org","@graph":[{"@type":"WebSite","@id":"https:\/\/www.visit-ulcinj.com\/blog\/#website","url":"https:\/\/www.visit-ulcinj.com\/blog\/","name":"Lajme nga Ulqini","description":"Lajme,Vijesti,Ulqini,Ulqin,Crna Gora,Mali i Zi","potentialAction":[{"@type":"SearchAction","target":{"@type":"EntryPoint","urlTemplate":"https:\/\/www.visit-ulcinj.com\/blog\/?s={search_term_string}"},"query-input":"required name=search_term_string"}],"inLanguage":"en-US"},{"@type":"ImageObject","inLanguage":"en-US","@id":"https:\/\/www.visit-ulcinj.com\/blog\/2008\/03\/05\/mali-i-zi-me-pasaporta-elektronike\/#primaryimage","url":"http:\/\/www.visit-ulcinj.com\/blog\/wp-content\/uploads\/2008\/03\/osman-subasic.thumbnail.jpg","contentUrl":"http:\/\/www.visit-ulcinj.com\/blog\/wp-content\/uploads\/2008\/03\/osman-subasic.thumbnail.jpg"},{"@type":"WebPage","@id":"https:\/\/www.visit-ulcinj.com\/blog\/2008\/03\/05\/mali-i-zi-me-pasaporta-elektronike\/#webpage","url":"https:\/\/www.visit-ulcinj.com\/blog\/2008\/03\/05\/mali-i-zi-me-pasaporta-elektronike\/","name":"Mali i Zi me pasaporta elektronike - Lajme nga Ulqini","isPartOf":{"@id":"https:\/\/www.visit-ulcinj.com\/blog\/#website"},"primaryImageOfPage":{"@id":"https:\/\/www.visit-ulcinj.com\/blog\/2008\/03\/05\/mali-i-zi-me-pasaporta-elektronike\/#primaryimage"},"datePublished":"2008-03-05T19:26:41+00:00","dateModified":"2008-03-05T19:26:41+00:00","author":{"@id":"https:\/\/www.visit-ulcinj.com\/blog\/#\/schema\/person\/dcab619c614d3038751c63bc2aadc06d"},"breadcrumb":{"@id":"https:\/\/www.visit-ulcinj.com\/blog\/2008\/03\/05\/mali-i-zi-me-pasaporta-elektronike\/#breadcrumb"},"inLanguage":"en-US","potentialAction":[{"@type":"ReadAction","target":["https:\/\/www.visit-ulcinj.com\/blog\/2008\/03\/05\/mali-i-zi-me-pasaporta-elektronike\/"]}]},{"@type":"BreadcrumbList","@id":"https:\/\/www.visit-ulcinj.com\/blog\/2008\/03\/05\/mali-i-zi-me-pasaporta-elektronike\/#breadcrumb","itemListElement":[{"@type":"ListItem","position":1,"name":"Mali i Zi me pasaporta elektronike"}]},{"@type":"Person","@id":"https:\/\/www.visit-ulcinj.com\/blog\/#\/schema\/person\/dcab619c614d3038751c63bc2aadc06d","name":"ulqini","sameAs":["http:\/\/www.visit-ulcinj.com"],"url":"https:\/\/www.visit-ulcinj.com\/blog\/author\/admin\/"}]}},"jetpack_featured_media_url":"","jetpack_sharing_enabled":true,"jetpack_shortlink":"https:\/\/wp.me\/pe6lTn-cw","_links":{"self":[{"href":"https:\/\/www.visit-ulcinj.com\/blog\/wp-json\/wp\/v2\/posts\/776"}],"collection":[{"href":"https:\/\/www.visit-ulcinj.com\/blog\/wp-json\/wp\/v2\/posts"}],"about":[{"href":"https:\/\/www.visit-ulcinj.com\/blog\/wp-json\/wp\/v2\/types\/post"}],"author":[{"embeddable":true,"href":"https:\/\/www.visit-ulcinj.com\/blog\/wp-json\/wp\/v2\/users\/1"}],"replies":[{"embeddable":true,"href":"https:\/\/www.visit-ulcinj.com\/blog\/wp-json\/wp\/v2\/comments?post=776"}],"version-history":[{"count":0,"href":"https:\/\/www.visit-ulcinj.com\/blog\/wp-json\/wp\/v2\/posts\/776\/revisions"}],"wp:attachment":[{"href":"https:\/\/www.visit-ulcinj.com\/blog\/wp-json\/wp\/v2\/media?parent=776"}],"wp:term":[{"taxonomy":"category","embeddable":true,"href":"https:\/\/www.visit-ulcinj.com\/blog\/wp-json\/wp\/v2\/categories?post=776"},{"taxonomy":"post_tag","embeddable":true,"href":"https:\/\/www.visit-ulcinj.com\/blog\/wp-json\/wp\/v2\/tags?post=776"}],"curies":[{"name":"wp","href":"https:\/\/api.w.org\/{rel}","templated":true}]}}