{"id":7760,"date":"2008-12-27T16:55:05","date_gmt":"2008-12-27T15:55:05","guid":{"rendered":"http:\/\/www.visit-ulcinj.com\/blog\/?p=7760"},"modified":"2009-01-02T14:12:56","modified_gmt":"2009-01-02T13:12:56","slug":"komuna-e-ulqinit-gezuar-vitin-e-ri-2009","status":"publish","type":"post","link":"https:\/\/www.visit-ulcinj.com\/blog\/2008\/12\/27\/komuna-e-ulqinit-gezuar-vitin-e-ri-2009\/","title":{"rendered":"Komuna dhe Kryetari i Ulqinit: G\u00ebzuar Vitin e Ri 2009!"},"content":{"rendered":"<p style=\"text-align: left;\"><a title=\"Sretna Nova godina!,Bonne ann\u00e9e!,Happy new year!,Feliz Ano Novo!,??????????? ?????? ????!,\u00a1Feliz a\u00f1o nuevo!,????,?????????????,Ein gutes neues Jahr!,Szcz??liwego Nowego Roku!,Boldog \u00faj \u00e9vet!,Gelukkig nieuwjaar!,La Mul?i Ani!,?yi seneler \/ Yeni y?l?n?z kutlu olsun ,Gott Nytt \u00c5r!,Buon anno!,Onnellista uutta vuotta!,??? ????!,Godt nytt \u00e5r!,\u0160tastn\u00fd nov\u00fd rok,??? ???? ???? ! ,???????????? ? ??????????? ??????,\u0160?astn\u00fd nov\u00fd rok! ,Godt nyt\u00e5r!,Feli?an novjaron!,Sre?no novo leto,Feli\u00e7 Any Nou!,G\u00ebzuar vitin e ri!,Sre?na Nova Godina!,Bliain \u00far faoi sh\u00e9an is faoi mhaise duit duit,uut aastat!,?????????????????,???? ??? ????? ??,???????? ???? ??????!,Feliz Ano Novo ,Gle\u00f0ilegt n\u00fdtt \u00e1r! ,Gelukkige nuwe jaar,Gott n\u00fdggj\u00e1r,??? ?? ?????! ,?????? ???? ??????! ,Sretna Nova godina! ,Tezze iliniz yahsi olsun,Laim?gu Jauno Gadu!,? ????? ?????,Selamat Tahun Baru,?????????????,Manigong bagong taon!,Bloavez mad ! ,Folle lok en seine!,\" href=\"http:\/\/www.visit-ulcinj.com\/blog\/wp-content\/uploads\/2008\/12\/komuna-e-ulqinit.jpg\"><img loading=\"lazy\" class=\"size-full wp-image-7761 aligncenter\" title=\"komuna-e-ulqinit\" src=\"http:\/\/www.visit-ulcinj.com\/blog\/wp-content\/uploads\/2008\/12\/komuna-e-ulqinit.jpg\" alt=\"komuna-e-ulqinit\" width=\"554\" height=\"416\" srcset=\"https:\/\/www.visit-ulcinj.com\/blog\/wp-content\/uploads\/2008\/12\/komuna-e-ulqinit.jpg 1000w, https:\/\/www.visit-ulcinj.com\/blog\/wp-content\/uploads\/2008\/12\/komuna-e-ulqinit-300x225.jpg 300w\" sizes=\"(max-width: 554px) 100vw, 554px\" \/><\/a><strong>Pranoni urimet m\u00eb t\u00eb p\u00ebrzem\u00ebrta t\u00eb stafit t\u00eb Komun\u00ebs s\u00eb Ulqinit.<br \/>\nG\u00ebzuar Vitin e Ri 2009!<\/strong><br \/>\nLe t\u00eb jet\u00eb ky vit i ri nj\u00eb vit i bekuar q\u00eb sjell sh\u00ebndet, paqe e dashuri n\u00eb jet\u00ebn tuaj dhe t\u00eb familjes suaj.<br \/>\nIu plot\u00ebsofshin t\u00eb gjitha d\u00ebshirat e zemr\u00ebs dhe pa\u00e7i vet\u00ebm gaz e hare n\u00eb jet\u00ebn tuaj.<\/p>\n<p style=\"text-align: left;\"><strong>Stafi i Komun\u00ebs s\u00eb Ulqinit<\/strong><\/p>\n<p style=\"text-align: left;\"><strong><img loading=\"lazy\" class=\"alignleft size-full wp-image-3731\" title=\"gezim-hajdinaga_ulqin\" src=\"http:\/\/www.visit-ulcinj.com\/blog\/wp-content\/uploads\/2008\/09\/gezim-hajdinaga_ulqin.jpg\" alt=\"gezim-hajdinaga_ulqin, Mayor of Ulcinj Gzim Hajdinaga, Gradona?elnik Ulcinja Gzim Hajdinaga,G\u00ebzim Hajdinaga pr\u00e9sident de l\u2019assembl\u00e9e communale d\u2019Ulcinj\/UlqinGzim Hajdinaga pr\u00e9sident de l\u2019assembl\u00e9e communale d\u2019Ulcinj\/Ulqin,?????????????, ????, \u0160tastn\u00fd nov\u00fd rok, \u00a1Feliz a\u00f1o nuevo!, ?yi seneler \/ Yeni y?l?n?z kutlu olsun, ?????????????????, Bliain \u00far faoi sh\u00e9an is faoi mhaise duit duit, Bloavez mad !, Boldog \u00faj \u00e9vet!, Bonne ann\u00e9e!, Buon anno!, Ein gutes neues Jahr!, Feli?an novjaron!, Feli\u00e7 Any Nou!, Feliz Ano Novo!, Folle lok en seine!, G\u00ebzim Hajdinaga Kryetar i Komun\u00ebs s\u00eb Ulqini, G\u00ebzuar vitin e ri!, Gelukkig nieuwjaar!, Gelukkige nuwe jaar, Gle\u00f0ilegt n\u00fdtt \u00e1r!, Godt nyt\u00e5r!, Godt nytt \u00e5r!, Gott n\u00fdggj\u00e1r, Gott Nytt \u00c5r!, Happy new year!, ???????????? ? ??????????? ??????, La Mul?i Ani!, Laim?gu Jauno Gadu!, Manigong bagong taon!, Onnellista uutta vuotta!, ??? ?? ?????!, ??? ???? ???? !, Selamat Tahun Baru, Sre?na Nova Godina!, Sre?no novo leto, Sretna Nova godina!, Szcz??liwego Nowego Roku!, Tezze iliniz yahsi olsun, uut aastat!, ???? ??? ????? ??, ? ????? ?????, ?????? ???? ??????!, ??????????? ?????? ????!, ???????? ???? ??????!, ??? ????!,G\u00ebzim Hajdinaga Kryetar i Komun\u00ebs s\u00eb Ulqinit,\" width=\"552\" height=\"288\" \/><br \/>\n<\/strong><\/p>\n<p style=\"text-align: left;\">\n<p style=\"text-align: left;\">\n<p style=\"text-align: left;\">\n<p style=\"text-align: left;\">\n<p style=\"text-align: left;\">\n<p style=\"text-align: left;\">\n<p style=\"text-align: left;\">\n<p style=\"text-align: left;\">\n<p style=\"text-align: left;\">\n<p style=\"text-align: left;\">\n<p style=\"text-align: left;\"><span style=\"font-size: 10pt; line-height: 115%; font-family: &quot;Arial&quot;,&quot;sans-serif&quot;;\"><strong>G\u00ebzim Hajdinaga<br \/>\nKryetar i Komun\u00ebs s\u00eb Ulqini<\/strong><\/span><\/p>\n<p style=\"text-align: left;\"><!--[if gte mso 9]><xml> <w:WordDocument> <w:View>Normal<\/w:View> <w:Zoom>0<\/w:Zoom> <w:TrackMoves \/> <w:TrackFormatting \/> <w:HyphenationZone>21<\/w:HyphenationZone> <w:PunctuationKerning \/> <w:ValidateAgainstSchemas \/> <w:SaveIfXMLInvalid>false<\/w:SaveIfXMLInvalid> <w:IgnoreMixedContent>false<\/w:IgnoreMixedContent> <w:AlwaysShowPlaceholderText>false<\/w:AlwaysShowPlaceholderText> <w:DoNotPromoteQF \/> <w:LidThemeOther>FR-CH<\/w:LidThemeOther> <w:LidThemeAsian>X-NONE<\/w:LidThemeAsian> <w:LidThemeComplexScript>X-NONE<\/w:LidThemeComplexScript> <w:Compatibility> <w:BreakWrappedTables \/> <w:SnapToGridInCell \/> <w:WrapTextWithPunct \/> <w:UseAsianBreakRules \/> <w:DontGrowAutofit \/> <w:SplitPgBreakAndParaMark \/> <w:DontVertAlignCellWithSp \/> <w:DontBreakConstrainedForcedTables \/> <w:DontVertAlignInTxbx \/> <w:Word11KerningPairs \/> <w:CachedColBalance \/> <\/w:Compatibility> <w:BrowserLevel>MicrosoftInternetExplorer4<\/w:BrowserLevel> <m:mathPr> <m:mathFont m:val=\"Cambria Math\" \/> <m:brkBin m:val=\"before\" \/> <m:brkBinSub m:val=\" \" \/> <m:smallFrac m:val=\"off\" \/> <m:dispDef \/> <m:lMargin m:val=\"0\" \/> <m:rMargin m:val=\"0\" \/> <m:defJc m:val=\"centerGroup\" \/> <m:wrapIndent m:val=\"1440\" \/> <m:intLim m:val=\"subSup\" \/> <m:naryLim m:val=\"undOvr\" \/> <\/m:mathPr><\/w:WordDocument> <\/xml><![endif]--><!--[if gte mso 9]><xml> <w:LatentStyles DefLockedState=\"false\" DefUnhideWhenUsed=\"true\"   DefSemiHidden=\"true\" DefQFormat=\"false\" DefPriority=\"99\"   LatentStyleCount=\"267\"> <w:LsdException Locked=\"false\" Priority=\"0\" SemiHidden=\"false\"    UnhideWhenUsed=\"false\" QFormat=\"true\" Name=\"Normal\" \/> <w:LsdException Locked=\"false\" Priority=\"9\" SemiHidden=\"false\"    UnhideWhenUsed=\"false\" QFormat=\"true\" Name=\"heading 1\" \/> <w:LsdException Locked=\"false\" Priority=\"9\" QFormat=\"true\" Name=\"heading 2\" \/> <w:LsdException Locked=\"false\" Priority=\"9\" QFormat=\"true\" Name=\"heading 3\" \/> <w:LsdException Locked=\"false\" Priority=\"9\" QFormat=\"true\" Name=\"heading 4\" \/> <w:LsdException Locked=\"false\" Priority=\"9\" QFormat=\"true\" Name=\"heading 5\" \/> <w:LsdException Locked=\"false\" Priority=\"9\" QFormat=\"true\" Name=\"heading 6\" \/> <w:LsdException Locked=\"false\" Priority=\"9\" QFormat=\"true\" Name=\"heading 7\" \/> <w:LsdException Locked=\"false\" Priority=\"9\" QFormat=\"true\" Name=\"heading 8\" \/> <w:LsdException Locked=\"false\" Priority=\"9\" QFormat=\"true\" Name=\"heading 9\" \/> <w:LsdException Locked=\"false\" Priority=\"39\" Name=\"toc 1\" \/> <w:LsdException Locked=\"false\" Priority=\"39\" Name=\"toc 2\" \/> <w:LsdException Locked=\"false\" Priority=\"39\" Name=\"toc 3\" \/> <w:LsdException Locked=\"false\" Priority=\"39\" Name=\"toc 4\" \/> <w:LsdException Locked=\"false\" Priority=\"39\" Name=\"toc 5\" \/> <w:LsdException Locked=\"false\" Priority=\"39\" Name=\"toc 6\" \/> <w:LsdException Locked=\"false\" Priority=\"39\" Name=\"toc 7\" \/> <w:LsdException Locked=\"false\" Priority=\"39\" Name=\"toc 8\" \/> <w:LsdException Locked=\"false\" Priority=\"39\" Name=\"toc 9\" \/> <w:LsdException Locked=\"false\" Priority=\"35\" QFormat=\"true\" Name=\"caption\" \/> <w:LsdException Locked=\"false\" Priority=\"10\" SemiHidden=\"false\"    UnhideWhenUsed=\"false\" QFormat=\"true\" Name=\"Title\" \/> <w:LsdException Locked=\"false\" Priority=\"1\" Name=\"Default Paragraph Font\" \/> <w:LsdException Locked=\"false\" Priority=\"11\" SemiHidden=\"false\"    UnhideWhenUsed=\"false\" QFormat=\"true\" Name=\"Subtitle\" \/> <w:LsdException Locked=\"false\" Priority=\"22\" SemiHidden=\"false\"    UnhideWhenUsed=\"false\" QFormat=\"true\" Name=\"Strong\" \/> <w:LsdException Locked=\"false\" Priority=\"20\" SemiHidden=\"false\"    UnhideWhenUsed=\"false\" QFormat=\"true\" Name=\"Emphasis\" \/> <w:LsdException Locked=\"false\" Priority=\"59\" SemiHidden=\"false\"    UnhideWhenUsed=\"false\" Name=\"Table Grid\" \/> <w:LsdException Locked=\"false\" UnhideWhenUsed=\"false\" Name=\"Placeholder Text\" \/> <w:LsdException Locked=\"false\" Priority=\"1\" SemiHidden=\"false\"    UnhideWhenUsed=\"false\" QFormat=\"true\" Name=\"No Spacing\" \/> <w:LsdException Locked=\"false\" Priority=\"60\" SemiHidden=\"false\"    UnhideWhenUsed=\"false\" Name=\"Light Shading\" \/> <w:LsdException Locked=\"false\" Priority=\"61\" SemiHidden=\"false\"    UnhideWhenUsed=\"false\" Name=\"Light List\" \/> <w:LsdException Locked=\"false\" Priority=\"62\" SemiHidden=\"false\"    UnhideWhenUsed=\"false\" Name=\"Light Grid\" \/> <w:LsdException Locked=\"false\" Priority=\"63\" SemiHidden=\"false\"    UnhideWhenUsed=\"false\" Name=\"Medium Shading 1\" \/> <w:LsdException Locked=\"false\" Priority=\"64\" SemiHidden=\"false\"    UnhideWhenUsed=\"false\" Name=\"Medium Shading 2\" \/> <w:LsdException Locked=\"false\" Priority=\"65\" SemiHidden=\"false\"    UnhideWhenUsed=\"false\" Name=\"Medium List 1\" \/> <w:LsdException Locked=\"false\" Priority=\"66\" SemiHidden=\"false\"    UnhideWhenUsed=\"false\" Name=\"Medium List 2\" \/> <w:LsdException Locked=\"false\" Priority=\"67\" SemiHidden=\"false\"    UnhideWhenUsed=\"false\" Name=\"Medium Grid 1\" \/> <w:LsdException Locked=\"false\" Priority=\"68\" SemiHidden=\"false\"    UnhideWhenUsed=\"false\" Name=\"Medium Grid 2\" \/> <w:LsdException Locked=\"false\" Priority=\"69\" SemiHidden=\"false\"    UnhideWhenUsed=\"false\" Name=\"Medium Grid 3\" \/> <w:LsdException Locked=\"false\" Priority=\"70\" SemiHidden=\"false\"    UnhideWhenUsed=\"false\" Name=\"Dark List\" \/> <w:LsdException Locked=\"false\" Priority=\"71\" SemiHidden=\"false\"    UnhideWhenUsed=\"false\" Name=\"Colorful Shading\" \/> <w:LsdException Locked=\"false\" Priority=\"72\" SemiHidden=\"false\"    UnhideWhenUsed=\"false\" Name=\"Colorful List\" \/> <w:LsdException Locked=\"false\" Priority=\"73\" SemiHidden=\"false\"    UnhideWhenUsed=\"false\" Name=\"Colorful Grid\" \/> <w:LsdException Locked=\"false\" Priority=\"60\" SemiHidden=\"false\"    UnhideWhenUsed=\"false\" Name=\"Light Shading Accent 1\" \/> <w:LsdException Locked=\"false\" Priority=\"61\" SemiHidden=\"false\"    UnhideWhenUsed=\"false\" Name=\"Light List Accent 1\" \/> <w:LsdException Locked=\"false\" Priority=\"62\" SemiHidden=\"false\"    UnhideWhenUsed=\"false\" Name=\"Light Grid Accent 1\" \/> <w:LsdException Locked=\"false\" Priority=\"63\" SemiHidden=\"false\"    UnhideWhenUsed=\"false\" Name=\"Medium Shading 1 Accent 1\" \/> <w:LsdException Locked=\"false\" Priority=\"64\" SemiHidden=\"false\"    UnhideWhenUsed=\"false\" Name=\"Medium Shading 2 Accent 1\" \/> <w:LsdException Locked=\"false\" Priority=\"65\" SemiHidden=\"false\"    UnhideWhenUsed=\"false\" Name=\"Medium List 1 Accent 1\" \/> <w:LsdException Locked=\"false\" UnhideWhenUsed=\"false\" Name=\"Revision\" \/> <w:LsdException Locked=\"false\" Priority=\"34\" SemiHidden=\"false\"    UnhideWhenUsed=\"false\" QFormat=\"true\" Name=\"List Paragraph\" \/> <w:LsdException Locked=\"false\" Priority=\"29\" SemiHidden=\"false\"    UnhideWhenUsed=\"false\" QFormat=\"true\" Name=\"Quote\" \/> <w:LsdException Locked=\"false\" Priority=\"30\" SemiHidden=\"false\"    UnhideWhenUsed=\"false\" QFormat=\"true\" Name=\"Intense Quote\" \/> <w:LsdException Locked=\"false\" Priority=\"66\" SemiHidden=\"false\"    UnhideWhenUsed=\"false\" Name=\"Medium List 2 Accent 1\" \/> <w:LsdException Locked=\"false\" Priority=\"67\" SemiHidden=\"false\"    UnhideWhenUsed=\"false\" Name=\"Medium Grid 1 Accent 1\" \/> <w:LsdException Locked=\"false\" Priority=\"68\" SemiHidden=\"false\"    UnhideWhenUsed=\"false\" Name=\"Medium Grid 2 Accent 1\" \/> <w:LsdException Locked=\"false\" Priority=\"69\" SemiHidden=\"false\"    UnhideWhenUsed=\"false\" Name=\"Medium Grid 3 Accent 1\" \/> <w:LsdException Locked=\"false\" Priority=\"70\" SemiHidden=\"false\"    UnhideWhenUsed=\"false\" Name=\"Dark List Accent 1\" \/> <w:LsdException Locked=\"false\" Priority=\"71\" SemiHidden=\"false\"    UnhideWhenUsed=\"false\" Name=\"Colorful Shading Accent 1\" \/> <w:LsdException Locked=\"false\" Priority=\"72\" SemiHidden=\"false\"    UnhideWhenUsed=\"false\" Name=\"Colorful List Accent 1\" \/> <w:LsdException Locked=\"false\" Priority=\"73\" SemiHidden=\"false\"    UnhideWhenUsed=\"false\" Name=\"Colorful Grid Accent 1\" \/> <w:LsdException Locked=\"false\" Priority=\"60\" SemiHidden=\"false\"    UnhideWhenUsed=\"false\" Name=\"Light Shading Accent 2\" \/> <w:LsdException Locked=\"false\" Priority=\"61\" SemiHidden=\"false\"    UnhideWhenUsed=\"false\" Name=\"Light List Accent 2\" \/> <w:LsdException Locked=\"false\" Priority=\"62\" SemiHidden=\"false\"    UnhideWhenUsed=\"false\" Name=\"Light Grid Accent 2\" \/> <w:LsdException Locked=\"false\" Priority=\"63\" SemiHidden=\"false\"    UnhideWhenUsed=\"false\" Name=\"Medium Shading 1 Accent 2\" \/> <w:LsdException Locked=\"false\" Priority=\"64\" SemiHidden=\"false\"    UnhideWhenUsed=\"false\" Name=\"Medium Shading 2 Accent 2\" \/> <w:LsdException Locked=\"false\" Priority=\"65\" SemiHidden=\"false\"    UnhideWhenUsed=\"false\" Name=\"Medium List 1 Accent 2\" \/> <w:LsdException Locked=\"false\" Priority=\"66\" SemiHidden=\"false\"    UnhideWhenUsed=\"false\" Name=\"Medium List 2 Accent 2\" \/> <w:LsdException Locked=\"false\" Priority=\"67\" SemiHidden=\"false\"    UnhideWhenUsed=\"false\" Name=\"Medium Grid 1 Accent 2\" \/> <w:LsdException Locked=\"false\" Priority=\"68\" SemiHidden=\"false\"    UnhideWhenUsed=\"false\" Name=\"Medium Grid 2 Accent 2\" \/> <w:LsdException Locked=\"false\" Priority=\"69\" SemiHidden=\"false\"    UnhideWhenUsed=\"false\" Name=\"Medium Grid 3 Accent 2\" \/> <w:LsdException Locked=\"false\" Priority=\"70\" SemiHidden=\"false\"    UnhideWhenUsed=\"false\" Name=\"Dark List Accent 2\" \/> <w:LsdException Locked=\"false\" Priority=\"71\" SemiHidden=\"false\"    UnhideWhenUsed=\"false\" Name=\"Colorful Shading Accent 2\" \/> <w:LsdException Locked=\"false\" Priority=\"72\" SemiHidden=\"false\"    UnhideWhenUsed=\"false\" Name=\"Colorful List Accent 2\" \/> <w:LsdException Locked=\"false\" Priority=\"73\" SemiHidden=\"false\"    UnhideWhenUsed=\"false\" Name=\"Colorful Grid Accent 2\" \/> <w:LsdException Locked=\"false\" Priority=\"60\" SemiHidden=\"false\"    UnhideWhenUsed=\"false\" Name=\"Light Shading Accent 3\" \/> <w:LsdException Locked=\"false\" Priority=\"61\" SemiHidden=\"false\"    UnhideWhenUsed=\"false\" Name=\"Light List Accent 3\" \/> <w:LsdException Locked=\"false\" Priority=\"62\" SemiHidden=\"false\"    UnhideWhenUsed=\"false\" Name=\"Light Grid Accent 3\" \/> <w:LsdException Locked=\"false\" Priority=\"63\" SemiHidden=\"false\"    UnhideWhenUsed=\"false\" Name=\"Medium Shading 1 Accent 3\" \/> <w:LsdException Locked=\"false\" Priority=\"64\" SemiHidden=\"false\"    UnhideWhenUsed=\"false\" Name=\"Medium Shading 2 Accent 3\" \/> <w:LsdException Locked=\"false\" Priority=\"65\" SemiHidden=\"false\"    UnhideWhenUsed=\"false\" Name=\"Medium List 1 Accent 3\" \/> <w:LsdException Locked=\"false\" Priority=\"66\" SemiHidden=\"false\"    UnhideWhenUsed=\"false\" Name=\"Medium List 2 Accent 3\" \/> <w:LsdException Locked=\"false\" Priority=\"67\" SemiHidden=\"false\"    UnhideWhenUsed=\"false\" Name=\"Medium Grid 1 Accent 3\" \/> <w:LsdException Locked=\"false\" Priority=\"68\" SemiHidden=\"false\"    UnhideWhenUsed=\"false\" Name=\"Medium Grid 2 Accent 3\" \/> <w:LsdException Locked=\"false\" Priority=\"69\" SemiHidden=\"false\"    UnhideWhenUsed=\"false\" Name=\"Medium Grid 3 Accent 3\" \/> <w:LsdException Locked=\"false\" Priority=\"70\" SemiHidden=\"false\"    UnhideWhenUsed=\"false\" Name=\"Dark List Accent 3\" \/> <w:LsdException Locked=\"false\" Priority=\"71\" SemiHidden=\"false\"    UnhideWhenUsed=\"false\" Name=\"Colorful Shading Accent 3\" \/> <w:LsdException Locked=\"false\" Priority=\"72\" SemiHidden=\"false\"    UnhideWhenUsed=\"false\" Name=\"Colorful List Accent 3\" \/> <w:LsdException Locked=\"false\" Priority=\"73\" SemiHidden=\"false\"    UnhideWhenUsed=\"false\" Name=\"Colorful Grid Accent 3\" \/> <w:LsdException Locked=\"false\" Priority=\"60\" SemiHidden=\"false\"    UnhideWhenUsed=\"false\" Name=\"Light Shading Accent 4\" \/> <w:LsdException Locked=\"false\" Priority=\"61\" SemiHidden=\"false\"    UnhideWhenUsed=\"false\" Name=\"Light List Accent 4\" \/> <w:LsdException Locked=\"false\" Priority=\"62\" SemiHidden=\"false\"    UnhideWhenUsed=\"false\" Name=\"Light Grid Accent 4\" \/> <w:LsdException Locked=\"false\" Priority=\"63\" SemiHidden=\"false\"    UnhideWhenUsed=\"false\" Name=\"Medium Shading 1 Accent 4\" \/> <w:LsdException Locked=\"false\" Priority=\"64\" SemiHidden=\"false\"    UnhideWhenUsed=\"false\" Name=\"Medium Shading 2 Accent 4\" \/> <w:LsdException Locked=\"false\" Priority=\"65\" SemiHidden=\"false\"    UnhideWhenUsed=\"false\" Name=\"Medium List 1 Accent 4\" \/> <w:LsdException Locked=\"false\" Priority=\"66\" SemiHidden=\"false\"    UnhideWhenUsed=\"false\" Name=\"Medium List 2 Accent 4\" \/> <w:LsdException Locked=\"false\" Priority=\"67\" SemiHidden=\"false\"    UnhideWhenUsed=\"false\" Name=\"Medium Grid 1 Accent 4\" \/> <w:LsdException Locked=\"false\" Priority=\"68\" SemiHidden=\"false\"    UnhideWhenUsed=\"false\" Name=\"Medium Grid 2 Accent 4\" \/> <w:LsdException Locked=\"false\" Priority=\"69\" SemiHidden=\"false\"    UnhideWhenUsed=\"false\" Name=\"Medium Grid 3 Accent 4\" \/> <w:LsdException Locked=\"false\" Priority=\"70\" SemiHidden=\"false\"    UnhideWhenUsed=\"false\" Name=\"Dark List Accent 4\" \/> <w:LsdException Locked=\"false\" Priority=\"71\" SemiHidden=\"false\"    UnhideWhenUsed=\"false\" Name=\"Colorful Shading Accent 4\" \/> <w:LsdException Locked=\"false\" Priority=\"72\" SemiHidden=\"false\"    UnhideWhenUsed=\"false\" Name=\"Colorful List Accent 4\" \/> <w:LsdException Locked=\"false\" Priority=\"73\" SemiHidden=\"false\"    UnhideWhenUsed=\"false\" Name=\"Colorful Grid Accent 4\" \/> <w:LsdException Locked=\"false\" Priority=\"60\" SemiHidden=\"false\"    UnhideWhenUsed=\"false\" Name=\"Light Shading Accent 5\" \/> <w:LsdException Locked=\"false\" Priority=\"61\" SemiHidden=\"false\"    UnhideWhenUsed=\"false\" Name=\"Light List Accent 5\" \/> <w:LsdException Locked=\"false\" Priority=\"62\" SemiHidden=\"false\"    UnhideWhenUsed=\"false\" Name=\"Light Grid Accent 5\" \/> <w:LsdException Locked=\"false\" Priority=\"63\" SemiHidden=\"false\"    UnhideWhenUsed=\"false\" Name=\"Medium Shading 1 Accent 5\" \/> <w:LsdException Locked=\"false\" Priority=\"64\" SemiHidden=\"false\"    UnhideWhenUsed=\"false\" Name=\"Medium Shading 2 Accent 5\" \/> <w:LsdException Locked=\"false\" Priority=\"65\" SemiHidden=\"false\"    UnhideWhenUsed=\"false\" Name=\"Medium List 1 Accent 5\" \/> <w:LsdException Locked=\"false\" Priority=\"66\" SemiHidden=\"false\"    UnhideWhenUsed=\"false\" Name=\"Medium List 2 Accent 5\" \/> <w:LsdException Locked=\"false\" Priority=\"67\" SemiHidden=\"false\"    UnhideWhenUsed=\"false\" Name=\"Medium Grid 1 Accent 5\" \/> <w:LsdException Locked=\"false\" Priority=\"68\" SemiHidden=\"false\"    UnhideWhenUsed=\"false\" Name=\"Medium Grid 2 Accent 5\" \/> <w:LsdException Locked=\"false\" Priority=\"69\" SemiHidden=\"false\"    UnhideWhenUsed=\"false\" Name=\"Medium Grid 3 Accent 5\" \/> <w:LsdException Locked=\"false\" Priority=\"70\" SemiHidden=\"false\"    UnhideWhenUsed=\"false\" Name=\"Dark List Accent 5\" \/> <w:LsdException Locked=\"false\" Priority=\"71\" SemiHidden=\"false\"    UnhideWhenUsed=\"false\" Name=\"Colorful Shading Accent 5\" \/> <w:LsdException Locked=\"false\" Priority=\"72\" SemiHidden=\"false\"    UnhideWhenUsed=\"false\" Name=\"Colorful List Accent 5\" \/> <w:LsdException Locked=\"false\" Priority=\"73\" SemiHidden=\"false\"    UnhideWhenUsed=\"false\" Name=\"Colorful Grid Accent 5\" \/> <w:LsdException Locked=\"false\" Priority=\"60\" SemiHidden=\"false\"    UnhideWhenUsed=\"false\" Name=\"Light Shading Accent 6\" \/> <w:LsdException Locked=\"false\" Priority=\"61\" SemiHidden=\"false\"    UnhideWhenUsed=\"false\" Name=\"Light List Accent 6\" \/> <w:LsdException Locked=\"false\" Priority=\"62\" SemiHidden=\"false\"    UnhideWhenUsed=\"false\" Name=\"Light Grid Accent 6\" \/> <w:LsdException Locked=\"false\" Priority=\"63\" SemiHidden=\"false\"    UnhideWhenUsed=\"false\" Name=\"Medium Shading 1 Accent 6\" \/> <w:LsdException Locked=\"false\" Priority=\"64\" SemiHidden=\"false\"    UnhideWhenUsed=\"false\" Name=\"Medium Shading 2 Accent 6\" \/> <w:LsdException Locked=\"false\" Priority=\"65\" SemiHidden=\"false\"    UnhideWhenUsed=\"false\" Name=\"Medium List 1 Accent 6\" \/> <w:LsdException Locked=\"false\" Priority=\"66\" SemiHidden=\"false\"    UnhideWhenUsed=\"false\" Name=\"Medium List 2 Accent 6\" \/> <w:LsdException Locked=\"false\" Priority=\"67\" SemiHidden=\"false\"    UnhideWhenUsed=\"false\" Name=\"Medium Grid 1 Accent 6\" \/> <w:LsdException Locked=\"false\" Priority=\"68\" SemiHidden=\"false\"    UnhideWhenUsed=\"false\" Name=\"Medium Grid 2 Accent 6\" \/> <w:LsdException Locked=\"false\" Priority=\"69\" SemiHidden=\"false\"    UnhideWhenUsed=\"false\" Name=\"Medium Grid 3 Accent 6\" \/> <w:LsdException Locked=\"false\" Priority=\"70\" SemiHidden=\"false\"    UnhideWhenUsed=\"false\" Name=\"Dark List Accent 6\" \/> <w:LsdException Locked=\"false\" Priority=\"71\" SemiHidden=\"false\"    UnhideWhenUsed=\"false\" Name=\"Colorful Shading Accent 6\" \/> <w:LsdException Locked=\"false\" Priority=\"72\" SemiHidden=\"false\"    UnhideWhenUsed=\"false\" Name=\"Colorful List Accent 6\" \/> <w:LsdException Locked=\"false\" Priority=\"73\" SemiHidden=\"false\"    UnhideWhenUsed=\"false\" Name=\"Colorful Grid Accent 6\" \/> <w:LsdException Locked=\"false\" Priority=\"19\" SemiHidden=\"false\"    UnhideWhenUsed=\"false\" QFormat=\"true\" Name=\"Subtle Emphasis\" \/> <w:LsdException Locked=\"false\" Priority=\"21\" SemiHidden=\"false\"    UnhideWhenUsed=\"false\" QFormat=\"true\" Name=\"Intense Emphasis\" \/> <w:LsdException Locked=\"false\" Priority=\"31\" SemiHidden=\"false\"    UnhideWhenUsed=\"false\" QFormat=\"true\" Name=\"Subtle Reference\" \/> <w:LsdException Locked=\"false\" Priority=\"32\" SemiHidden=\"false\"    UnhideWhenUsed=\"false\" QFormat=\"true\" Name=\"Intense Reference\" \/> <w:LsdException Locked=\"false\" Priority=\"33\" SemiHidden=\"false\"    UnhideWhenUsed=\"false\" QFormat=\"true\" Name=\"Book Title\" \/> <w:LsdException Locked=\"false\" Priority=\"37\" Name=\"Bibliography\" \/> <w:LsdException Locked=\"false\" Priority=\"39\" QFormat=\"true\" Name=\"TOC Heading\" \/> <\/w:LatentStyles> <\/xml><![endif]--> <!--[if gte mso 10]>\n<mce:style><!   \/* Style Definitions *\/  table.MsoNormalTable \t{mso-style-name:\"Tableau Normal\"; \tmso-tstyle-rowband-size:0; \tmso-tstyle-colband-size:0; \tmso-style-noshow:yes; \tmso-style-priority:99; \tmso-style-qformat:yes; \tmso-style-parent:\"\"; \tmso-padding-alt:0cm 5.4pt 0cm 5.4pt; \tmso-para-margin-top:0cm; \tmso-para-margin-right:0cm; \tmso-para-margin-bottom:10.0pt; \tmso-para-margin-left:0cm; \tline-height:115%; \tmso-pagination:widow-orphan; \tfont-size:11.0pt; \tfont-family:\"Calibri\",\"sans-serif\"; \tmso-ascii-font-family:Calibri; \tmso-ascii-theme-font:minor-latin; \tmso-fareast-font-family:\"Times New Roman\"; \tmso-fareast-theme-font:minor-fareast; \tmso-hansi-font-family:Calibri; \tmso-hansi-theme-font:minor-latin;} --><\/p>\n<p><!--[endif]--><span style=\"font-size: 10pt; line-height: 115%; font-family: &quot;Arial&quot;,&quot;sans-serif&quot;;\">Me rastin e fundvitit 2008 dhe fillimit t\u00eb vitit t\u00eb ri 2009 n\u00eb\u00a0Ulqinin ton krenar,si kryetar i juaj dua t\u2019ju fal\u00ebnderoj t\u00eb gjith\u00ebve p\u00ebr pun\u00ebn\u00a0e palodhshme dhe p\u00ebrkushtimin q\u00eb keni treguar n\u00eb vitin q\u00eb\u00a0po l\u00ebm\u00eb pas.\u00a0Sot, ne krenohemi me t\u00eb arriturat tona.Kemi instaluar qeverisje t\u00eb mir\u00eb dhe efektive.Kemi sistem t\u00eb mir\u00ebqenies sociale, q\u00eb synon t\u00eb arrij\u00eb standardet\u00a0per\u00ebndimore. Arsimi \u00ebsht\u00eb duke u p\u00ebrmir\u00ebsuar, p\u00ebr ta\u00a0shnd\u00ebrruar Ulqinin n\u00eb shoq\u00ebri t\u00eb dijes.\u00a0Po punojm\u00eb p\u00ebr ta p\u00ebrmir\u00ebsuar edhe sh\u00ebndet\u00ebsin\u00eb.\u00a0Rrug\u00ebt dhe ura e Port Milen\u00ebs<span> <\/span>do ta nd\u00ebrtom simbas\u00a0standardeve per\u00ebndimore.\u00a0P\u00ebr vitin e ardhsh\u00ebm, ne kemi miratuar nj\u00eb buxhet p\u00ebr disa p\u00ebr\u00a0qind m\u00eb t\u00eb lart\u00eb se t\u00eb vitit t\u00eb kaluar.\u00a0Ky buxhet do ta nxis\u00eb zhvillimin ekonomik dhe do ta\u00a0forcoj\u00eb mir\u00ebqenien tuaj sociale.\u00a0T\u00ebr\u00eb at\u00eb q\u00eb kemi b\u00ebr\u00eb, e kemi b\u00ebr\u00eb bashk\u00eb si qytetar\u00eb t\u00eb\u00a0Ulqinit.\u00a0Edhe pse, si politikan\u00eb, mund t\u00eb kemi dallime p\u00ebr rrug\u00ebn\u00a0q\u00eb duhet ndjekur p\u00ebr t\u2019i zgjidhur problemet tuaja, t\u00eb gjith\u00eb\u00a0duam q\u00eb ju t\u00eb keni standardet m\u00eb t\u00eb larta t\u00eb jetes\u00ebs.T\u00eb keni m\u00eb shum\u00eb mund\u00ebsi p\u00ebr t\u00eb rinjt\u00eb tan\u00eb p\u00ebr t\u00eb nd\u00ebrtuar\u00a0karrierat e tyre dhe p\u00ebr t\u00eb krijuar familje, k\u00ebtu, n\u00eb Ulqin.\u00a0Viti 2008 do t\u00eb mbahet n\u00eb mend si vit i unitetit politik dhe\u00a0qytetar.\u00a0Un\u00eb krenohem me at\u00eb q\u00eb kemi arritur s\u00eb bashku dhe jam\u00a0i nderuar me besimin tuaj n\u00eb mua si Kryetar i juaji.\u00a0Tash, kur jemi bashkuar me familjet dhe miqt\u00eb tan\u00eb p\u00ebr\u00a0ta festuar fillimin e vitit t\u00eb ri, le t\u00eb zotohemi s\u00ebrish me\u00a0frym\u00ebn e nj\u00ebjt\u00eb t\u00eb unitetit, q\u00eb na solli k\u00ebtu ku jemi.\u00a0Vet\u00ebm me unitet dhe p\u00ebrkushtim mund t\u2019i tejkalojm\u00eb sfidat, t\u00eb sh\u00ebnojm\u00eb edhe m\u00eb shum\u00eb p\u00ebrparim dhe ta nd\u00ebrtojm\u00eb\u00a0nj\u00eb t\u00eb ardhme m\u00eb t\u00eb mir\u00eb p\u00ebr ne dhe f\u00ebmij\u00ebt tan\u00eb n\u00eb Ulqinin ton t\u00eb bukur. <\/span><\/p>\n<p class=\"MsoNormal\"><span style=\"font-size: 10pt; line-height: 115%; font-family: &quot;Arial&quot;,&quot;sans-serif&quot;;\"><br \/>\n<strong>Urime Viti i Ri 2009<br \/>\n<\/strong><br \/>\nN\u00eb frym\u00ebn e festave, Ju dhe familjeve tuaja, Ju uroj vit t\u00eb mbar\u00eb, t\u00eb mbushur me sh\u00ebndet, sukses, begati dhe suksese personale. Ju fal\u00ebnderoj p\u00ebr p\u00ebrkrahjen tuaj t\u00eb parezerv\u00eb dhe p\u00ebrkushtimin n\u00eb realizimin e q\u00ebllimeve tona t\u00eb p\u00ebrbashk\u00ebta.<\/span><\/p>\n<p class=\"MsoNormal\"><span style=\"font-size: 10pt; line-height: 115%; font-family: &quot;Arial&quot;,&quot;sans-serif&quot;;\"><br \/>\n<strong>Me respekt,<\/strong><\/span><\/p>\n<p class=\"MsoNormal\"><span style=\"font-size: 10pt; line-height: 115%; font-family: &quot;Arial&quot;,&quot;sans-serif&quot;;\"><strong>G\u00ebzim Hajdinaga<br \/>\nKryetar i Komun\u00ebs s\u00eb Ulqinit<\/strong> <\/span><\/p>\n","protected":false},"excerpt":{"rendered":"<p>Pranoni urimet m\u00eb t\u00eb p\u00ebrzem\u00ebrta t\u00eb stafit t\u00eb Komun\u00ebs s\u00eb Ulqinit. G\u00ebzuar Vitin e Ri 2009! Le t\u00eb jet\u00eb ky vit i ri nj\u00eb vit i bekuar q\u00eb sjell sh\u00ebndet, paqe e dashuri n\u00eb jet\u00ebn tuaj dhe t\u00eb familjes suaj. Iu plot\u00ebsofshin t\u00eb gjitha d\u00ebshirat e zemr\u00ebs dhe pa\u00e7i vet\u00ebm gaz e hare n\u00eb jet\u00ebn [&hellip;]<\/p>\n","protected":false},"author":1,"featured_media":0,"comment_status":"open","ping_status":"closed","sticky":false,"template":"","format":"standard","meta":{"spay_email":"","jetpack_publicize_message":"","jetpack_is_tweetstorm":false,"jetpack_publicize_feature_enabled":true},"categories":[11],"tags":[5445,5441,5425,5422,5411,5436,5442,5437,5409,5426,5412,5435,5418,5433,5448,5415,5406,5420,5413,5428,5430,5408,5449,5416,5439,5551,5554,5431,5438,5423,5427,5440,5419,2417,140,5553,5407,5417,5444,5447,1801,5421,5446,5432,5429,5405,5414,5443,5434,5424,5410],"jetpack_publicize_connections":[],"yoast_head":"<!-- This site is optimized with the Yoast SEO plugin v19.1 - https:\/\/yoast.com\/wordpress\/plugins\/seo\/ -->\n<title>Komuna dhe Kryetari i Ulqinit: G\u00ebzuar Vitin e Ri 2009! - Lajme nga Ulqini<\/title>\n<meta name=\"description\" content=\"Pranoni urimet m\u00eb t\u00eb p\u00ebrzem\u00ebrta t\u00eb stafit t\u00eb Komun\u00ebs s\u00eb Ulqinit. G\u00ebzuar Vitin e Ri 2009! Le t\u00eb jet\u00eb ky vit i ri nj\u00eb vit i bekuar q\u00eb sjell sh\u00ebndet, paqe e\" \/>\n<meta name=\"robots\" content=\"index, follow, max-snippet:-1, max-image-preview:large, max-video-preview:-1\" \/>\n<link rel=\"canonical\" href=\"https:\/\/www.visit-ulcinj.com\/blog\/2008\/12\/27\/komuna-e-ulqinit-gezuar-vitin-e-ri-2009\/\" \/>\n<meta property=\"og:locale\" content=\"en_US\" \/>\n<meta property=\"og:type\" content=\"article\" \/>\n<meta property=\"og:title\" content=\"Komuna dhe Kryetari i Ulqinit: G\u00ebzuar Vitin e Ri 2009! - Lajme nga Ulqini\" \/>\n<meta property=\"og:description\" content=\"Pranoni urimet m\u00eb t\u00eb p\u00ebrzem\u00ebrta t\u00eb stafit t\u00eb Komun\u00ebs s\u00eb Ulqinit. G\u00ebzuar Vitin e Ri 2009! Le t\u00eb jet\u00eb ky vit i ri nj\u00eb vit i bekuar q\u00eb sjell sh\u00ebndet, paqe e\" \/>\n<meta property=\"og:url\" content=\"https:\/\/www.visit-ulcinj.com\/blog\/2008\/12\/27\/komuna-e-ulqinit-gezuar-vitin-e-ri-2009\/\" \/>\n<meta property=\"og:site_name\" content=\"Lajme nga Ulqini\" \/>\n<meta property=\"article:published_time\" content=\"2008-12-27T15:55:05+00:00\" \/>\n<meta property=\"article:modified_time\" content=\"2009-01-02T13:12:56+00:00\" \/>\n<meta property=\"og:image\" content=\"http:\/\/www.visit-ulcinj.com\/blog\/wp-content\/uploads\/2008\/12\/komuna-e-ulqinit.jpg\" \/>\n<meta name=\"twitter:label1\" content=\"Written by\" \/>\n\t<meta name=\"twitter:data1\" content=\"ulqini\" \/>\n\t<meta name=\"twitter:label2\" content=\"Est. reading time\" \/>\n\t<meta name=\"twitter:data2\" content=\"2 minutes\" \/>\n<script type=\"application\/ld+json\" class=\"yoast-schema-graph\">{\"@context\":\"https:\/\/schema.org\",\"@graph\":[{\"@type\":\"WebSite\",\"@id\":\"https:\/\/www.visit-ulcinj.com\/blog\/#website\",\"url\":\"https:\/\/www.visit-ulcinj.com\/blog\/\",\"name\":\"Lajme nga Ulqini\",\"description\":\"Lajme,Vijesti,Ulqini,Ulqin,Crna Gora,Mali i Zi\",\"potentialAction\":[{\"@type\":\"SearchAction\",\"target\":{\"@type\":\"EntryPoint\",\"urlTemplate\":\"https:\/\/www.visit-ulcinj.com\/blog\/?s={search_term_string}\"},\"query-input\":\"required name=search_term_string\"}],\"inLanguage\":\"en-US\"},{\"@type\":\"ImageObject\",\"inLanguage\":\"en-US\",\"@id\":\"https:\/\/www.visit-ulcinj.com\/blog\/2008\/12\/27\/komuna-e-ulqinit-gezuar-vitin-e-ri-2009\/#primaryimage\",\"url\":\"https:\/\/www.visit-ulcinj.com\/blog\/wp-content\/uploads\/2008\/12\/komuna-e-ulqinit.jpg\",\"contentUrl\":\"https:\/\/www.visit-ulcinj.com\/blog\/wp-content\/uploads\/2008\/12\/komuna-e-ulqinit.jpg\",\"width\":\"1000\",\"height\":\"750\"},{\"@type\":\"WebPage\",\"@id\":\"https:\/\/www.visit-ulcinj.com\/blog\/2008\/12\/27\/komuna-e-ulqinit-gezuar-vitin-e-ri-2009\/#webpage\",\"url\":\"https:\/\/www.visit-ulcinj.com\/blog\/2008\/12\/27\/komuna-e-ulqinit-gezuar-vitin-e-ri-2009\/\",\"name\":\"Komuna dhe Kryetari i Ulqinit: G\u00ebzuar Vitin e Ri 2009! - Lajme nga Ulqini\",\"isPartOf\":{\"@id\":\"https:\/\/www.visit-ulcinj.com\/blog\/#website\"},\"primaryImageOfPage\":{\"@id\":\"https:\/\/www.visit-ulcinj.com\/blog\/2008\/12\/27\/komuna-e-ulqinit-gezuar-vitin-e-ri-2009\/#primaryimage\"},\"datePublished\":\"2008-12-27T15:55:05+00:00\",\"dateModified\":\"2009-01-02T13:12:56+00:00\",\"author\":{\"@id\":\"https:\/\/www.visit-ulcinj.com\/blog\/#\/schema\/person\/dcab619c614d3038751c63bc2aadc06d\"},\"description\":\"Pranoni urimet m\u00eb t\u00eb p\u00ebrzem\u00ebrta t\u00eb stafit t\u00eb Komun\u00ebs s\u00eb Ulqinit. G\u00ebzuar Vitin e Ri 2009! Le t\u00eb jet\u00eb ky vit i ri nj\u00eb vit i bekuar q\u00eb sjell sh\u00ebndet, paqe e\",\"breadcrumb\":{\"@id\":\"https:\/\/www.visit-ulcinj.com\/blog\/2008\/12\/27\/komuna-e-ulqinit-gezuar-vitin-e-ri-2009\/#breadcrumb\"},\"inLanguage\":\"en-US\",\"potentialAction\":[{\"@type\":\"ReadAction\",\"target\":[\"https:\/\/www.visit-ulcinj.com\/blog\/2008\/12\/27\/komuna-e-ulqinit-gezuar-vitin-e-ri-2009\/\"]}]},{\"@type\":\"BreadcrumbList\",\"@id\":\"https:\/\/www.visit-ulcinj.com\/blog\/2008\/12\/27\/komuna-e-ulqinit-gezuar-vitin-e-ri-2009\/#breadcrumb\",\"itemListElement\":[{\"@type\":\"ListItem\",\"position\":1,\"name\":\"Komuna dhe Kryetari i Ulqinit: G\u00ebzuar Vitin e Ri 2009!\"}]},{\"@type\":\"Person\",\"@id\":\"https:\/\/www.visit-ulcinj.com\/blog\/#\/schema\/person\/dcab619c614d3038751c63bc2aadc06d\",\"name\":\"ulqini\",\"sameAs\":[\"http:\/\/www.visit-ulcinj.com\"],\"url\":\"https:\/\/www.visit-ulcinj.com\/blog\/author\/admin\/\"}]}<\/script>\n<!-- \/ Yoast SEO plugin. -->","yoast_head_json":{"title":"Komuna dhe Kryetari i Ulqinit: G\u00ebzuar Vitin e Ri 2009! - Lajme nga Ulqini","description":"Pranoni urimet m\u00eb t\u00eb p\u00ebrzem\u00ebrta t\u00eb stafit t\u00eb Komun\u00ebs s\u00eb Ulqinit. G\u00ebzuar Vitin e Ri 2009! Le t\u00eb jet\u00eb ky vit i ri nj\u00eb vit i bekuar q\u00eb sjell sh\u00ebndet, paqe e","robots":{"index":"index","follow":"follow","max-snippet":"max-snippet:-1","max-image-preview":"max-image-preview:large","max-video-preview":"max-video-preview:-1"},"canonical":"https:\/\/www.visit-ulcinj.com\/blog\/2008\/12\/27\/komuna-e-ulqinit-gezuar-vitin-e-ri-2009\/","og_locale":"en_US","og_type":"article","og_title":"Komuna dhe Kryetari i Ulqinit: G\u00ebzuar Vitin e Ri 2009! - Lajme nga Ulqini","og_description":"Pranoni urimet m\u00eb t\u00eb p\u00ebrzem\u00ebrta t\u00eb stafit t\u00eb Komun\u00ebs s\u00eb Ulqinit. G\u00ebzuar Vitin e Ri 2009! Le t\u00eb jet\u00eb ky vit i ri nj\u00eb vit i bekuar q\u00eb sjell sh\u00ebndet, paqe e","og_url":"https:\/\/www.visit-ulcinj.com\/blog\/2008\/12\/27\/komuna-e-ulqinit-gezuar-vitin-e-ri-2009\/","og_site_name":"Lajme nga Ulqini","article_published_time":"2008-12-27T15:55:05+00:00","article_modified_time":"2009-01-02T13:12:56+00:00","og_image":[{"url":"http:\/\/www.visit-ulcinj.com\/blog\/wp-content\/uploads\/2008\/12\/komuna-e-ulqinit.jpg"}],"twitter_misc":{"Written by":"ulqini","Est. reading time":"2 minutes"},"schema":{"@context":"https:\/\/schema.org","@graph":[{"@type":"WebSite","@id":"https:\/\/www.visit-ulcinj.com\/blog\/#website","url":"https:\/\/www.visit-ulcinj.com\/blog\/","name":"Lajme nga Ulqini","description":"Lajme,Vijesti,Ulqini,Ulqin,Crna Gora,Mali i Zi","potentialAction":[{"@type":"SearchAction","target":{"@type":"EntryPoint","urlTemplate":"https:\/\/www.visit-ulcinj.com\/blog\/?s={search_term_string}"},"query-input":"required name=search_term_string"}],"inLanguage":"en-US"},{"@type":"ImageObject","inLanguage":"en-US","@id":"https:\/\/www.visit-ulcinj.com\/blog\/2008\/12\/27\/komuna-e-ulqinit-gezuar-vitin-e-ri-2009\/#primaryimage","url":"https:\/\/www.visit-ulcinj.com\/blog\/wp-content\/uploads\/2008\/12\/komuna-e-ulqinit.jpg","contentUrl":"https:\/\/www.visit-ulcinj.com\/blog\/wp-content\/uploads\/2008\/12\/komuna-e-ulqinit.jpg","width":"1000","height":"750"},{"@type":"WebPage","@id":"https:\/\/www.visit-ulcinj.com\/blog\/2008\/12\/27\/komuna-e-ulqinit-gezuar-vitin-e-ri-2009\/#webpage","url":"https:\/\/www.visit-ulcinj.com\/blog\/2008\/12\/27\/komuna-e-ulqinit-gezuar-vitin-e-ri-2009\/","name":"Komuna dhe Kryetari i Ulqinit: G\u00ebzuar Vitin e Ri 2009! - Lajme nga Ulqini","isPartOf":{"@id":"https:\/\/www.visit-ulcinj.com\/blog\/#website"},"primaryImageOfPage":{"@id":"https:\/\/www.visit-ulcinj.com\/blog\/2008\/12\/27\/komuna-e-ulqinit-gezuar-vitin-e-ri-2009\/#primaryimage"},"datePublished":"2008-12-27T15:55:05+00:00","dateModified":"2009-01-02T13:12:56+00:00","author":{"@id":"https:\/\/www.visit-ulcinj.com\/blog\/#\/schema\/person\/dcab619c614d3038751c63bc2aadc06d"},"description":"Pranoni urimet m\u00eb t\u00eb p\u00ebrzem\u00ebrta t\u00eb stafit t\u00eb Komun\u00ebs s\u00eb Ulqinit. G\u00ebzuar Vitin e Ri 2009! Le t\u00eb jet\u00eb ky vit i ri nj\u00eb vit i bekuar q\u00eb sjell sh\u00ebndet, paqe e","breadcrumb":{"@id":"https:\/\/www.visit-ulcinj.com\/blog\/2008\/12\/27\/komuna-e-ulqinit-gezuar-vitin-e-ri-2009\/#breadcrumb"},"inLanguage":"en-US","potentialAction":[{"@type":"ReadAction","target":["https:\/\/www.visit-ulcinj.com\/blog\/2008\/12\/27\/komuna-e-ulqinit-gezuar-vitin-e-ri-2009\/"]}]},{"@type":"BreadcrumbList","@id":"https:\/\/www.visit-ulcinj.com\/blog\/2008\/12\/27\/komuna-e-ulqinit-gezuar-vitin-e-ri-2009\/#breadcrumb","itemListElement":[{"@type":"ListItem","position":1,"name":"Komuna dhe Kryetari i Ulqinit: G\u00ebzuar Vitin e Ri 2009!"}]},{"@type":"Person","@id":"https:\/\/www.visit-ulcinj.com\/blog\/#\/schema\/person\/dcab619c614d3038751c63bc2aadc06d","name":"ulqini","sameAs":["http:\/\/www.visit-ulcinj.com"],"url":"https:\/\/www.visit-ulcinj.com\/blog\/author\/admin\/"}]}},"jetpack_featured_media_url":"","jetpack_sharing_enabled":true,"jetpack_shortlink":"https:\/\/wp.me\/pe6lTn-21a","_links":{"self":[{"href":"https:\/\/www.visit-ulcinj.com\/blog\/wp-json\/wp\/v2\/posts\/7760"}],"collection":[{"href":"https:\/\/www.visit-ulcinj.com\/blog\/wp-json\/wp\/v2\/posts"}],"about":[{"href":"https:\/\/www.visit-ulcinj.com\/blog\/wp-json\/wp\/v2\/types\/post"}],"author":[{"embeddable":true,"href":"https:\/\/www.visit-ulcinj.com\/blog\/wp-json\/wp\/v2\/users\/1"}],"replies":[{"embeddable":true,"href":"https:\/\/www.visit-ulcinj.com\/blog\/wp-json\/wp\/v2\/comments?post=7760"}],"version-history":[{"count":0,"href":"https:\/\/www.visit-ulcinj.com\/blog\/wp-json\/wp\/v2\/posts\/7760\/revisions"}],"wp:attachment":[{"href":"https:\/\/www.visit-ulcinj.com\/blog\/wp-json\/wp\/v2\/media?parent=7760"}],"wp:term":[{"taxonomy":"category","embeddable":true,"href":"https:\/\/www.visit-ulcinj.com\/blog\/wp-json\/wp\/v2\/categories?post=7760"},{"taxonomy":"post_tag","embeddable":true,"href":"https:\/\/www.visit-ulcinj.com\/blog\/wp-json\/wp\/v2\/tags?post=7760"}],"curies":[{"name":"wp","href":"https:\/\/api.w.org\/{rel}","templated":true}]}}