{"id":77604,"date":"2013-12-27T07:43:39","date_gmt":"2013-12-27T06:43:39","guid":{"rendered":"http:\/\/www.visit-ulcinj.com\/blog\/?p=77604"},"modified":"2013-12-27T07:43:39","modified_gmt":"2013-12-27T06:43:39","slug":"delegacija-ulcinja-boravila-u-saudijskoj-arabiji","status":"publish","type":"post","link":"https:\/\/www.visit-ulcinj.com\/blog\/2013\/12\/27\/delegacija-ulcinja-boravila-u-saudijskoj-arabiji\/","title":{"rendered":"Delegacija Ulcinja boravila u Saudijskoj Arabiji"},"content":{"rendered":"<p><strong><a href=\"http:\/\/www.visit-ulcinj.com\/blog\/wp-content\/uploads\/2013\/12\/Delegacija-Ulcinja-boravila-u-Saudijskoj-Arabiji.jpg\"><img loading=\"lazy\" class=\"alignleft  wp-image-77605\" alt=\"Delegacija Ulcinja boravila u Saudijskoj Arabiji\" src=\"http:\/\/www.visit-ulcinj.com\/blog\/wp-content\/uploads\/2013\/12\/Delegacija-Ulcinja-boravila-u-Saudijskoj-Arabiji.jpg\" width=\"300\" height=\"250\" \/><\/a>ULCINJ \u2013 Pro\u0161lonedjeljna posjeta Saudijskoj Arabiji bila je veoma uspje\u0161na i mogu re\u0107i da je to bio prvi korak ka uspostavljanju saradnje sa mo\u0107nim investitorom, kakva je Islamska banka za razvoj sa sjedi\u0161tem u D\u017eedi \u2013 rekao je ju\u010de predsjednik op\u0161tine Ulcinj Nazif Cungu na konferenciji za \u0161tampu.<\/strong><\/p>\n<p>Cungu je u D\u017eedi imao susret sa predsjednikom te banke Ahmadom Mohamedom Alijem, a imao je sastanke i u Privrednoj komori Saudijske Arabije.<\/p>\n<p>&#8211; Ulcinj treba da napravi tri ili \u010detiri koraka da bi sustigao ostale primorske op\u0161tine, jer do 2011. godine prakti\u010dno nije bilo investicija u infrastrukturu \u2013 kazao je Cungu.<\/p>\n<p>U sastavu delegacije iz Ulcinja, u Saudijskoj Arabiji je boravio i dr\u017eavni sekretar u Ministarstvu odr\u017eivog razvoja i turizma Predrag Jelu\u0161i\u0107.<\/p>\n<p><em><strong>A.\u017d.<\/strong><\/em><\/p>\n<p><strong>Izvor: POBJEDA<\/strong><\/p>\n","protected":false},"excerpt":{"rendered":"<p>ULCINJ \u2013 Pro\u0161lonedjeljna posjeta Saudijskoj Arabiji bila je veoma uspje\u0161na i mogu re\u0107i da je to bio prvi korak ka uspostavljanju saradnje sa mo\u0107nim investitorom, kakva je Islamska banka za razvoj sa sjedi\u0161tem u D\u017eedi \u2013 rekao je ju\u010de predsjednik op\u0161tine Ulcinj Nazif Cungu na konferenciji za \u0161tampu. Cungu je u D\u017eedi imao susret sa [&hellip;]<\/p>\n","protected":false},"author":1,"featured_media":0,"comment_status":"closed","ping_status":"closed","sticky":false,"template":"","format":"standard","meta":{"spay_email":"","jetpack_publicize_message":"","jetpack_is_tweetstorm":false,"jetpack_publicize_feature_enabled":true},"categories":[6950],"tags":[],"jetpack_publicize_connections":[],"yoast_head":"<!-- This site is optimized with the Yoast SEO plugin v19.1 - https:\/\/yoast.com\/wordpress\/plugins\/seo\/ -->\n<title>Delegacija Ulcinja boravila u Saudijskoj Arabiji - Lajme nga Ulqini<\/title>\n<meta name=\"description\" content=\"ULCINJ \u2013 Pro\u0161lonedjeljna posjeta Saudijskoj Arabiji bila je veoma uspje\u0161na i mogu re\u0107i da je to bio prvi korak ka uspostavljanju saradnje sa mo\u0107nim\" \/>\n<meta name=\"robots\" content=\"index, follow, max-snippet:-1, max-image-preview:large, max-video-preview:-1\" \/>\n<link rel=\"canonical\" href=\"https:\/\/www.visit-ulcinj.com\/blog\/2013\/12\/27\/delegacija-ulcinja-boravila-u-saudijskoj-arabiji\/\" \/>\n<meta property=\"og:locale\" content=\"en_US\" \/>\n<meta property=\"og:type\" content=\"article\" \/>\n<meta property=\"og:title\" content=\"Delegacija Ulcinja boravila u Saudijskoj Arabiji - Lajme nga Ulqini\" \/>\n<meta property=\"og:description\" content=\"ULCINJ \u2013 Pro\u0161lonedjeljna posjeta Saudijskoj Arabiji bila je veoma uspje\u0161na i mogu re\u0107i da je to bio prvi korak ka uspostavljanju saradnje sa mo\u0107nim\" \/>\n<meta property=\"og:url\" content=\"https:\/\/www.visit-ulcinj.com\/blog\/2013\/12\/27\/delegacija-ulcinja-boravila-u-saudijskoj-arabiji\/\" \/>\n<meta property=\"og:site_name\" content=\"Lajme nga Ulqini\" \/>\n<meta property=\"article:published_time\" content=\"2013-12-27T06:43:39+00:00\" \/>\n<meta property=\"og:image\" content=\"http:\/\/www.visit-ulcinj.com\/blog\/wp-content\/uploads\/2013\/12\/Delegacija-Ulcinja-boravila-u-Saudijskoj-Arabiji.jpg\" \/>\n<meta name=\"twitter:label1\" content=\"Written by\" \/>\n\t<meta name=\"twitter:data1\" content=\"ulqini\" \/>\n\t<meta name=\"twitter:label2\" content=\"Est. reading time\" \/>\n\t<meta name=\"twitter:data2\" content=\"1 minute\" \/>\n<script type=\"application\/ld+json\" class=\"yoast-schema-graph\">{\"@context\":\"https:\/\/schema.org\",\"@graph\":[{\"@type\":\"WebSite\",\"@id\":\"https:\/\/www.visit-ulcinj.com\/blog\/#website\",\"url\":\"https:\/\/www.visit-ulcinj.com\/blog\/\",\"name\":\"Lajme nga Ulqini\",\"description\":\"Lajme,Vijesti,Ulqini,Ulqin,Crna Gora,Mali i Zi\",\"potentialAction\":[{\"@type\":\"SearchAction\",\"target\":{\"@type\":\"EntryPoint\",\"urlTemplate\":\"https:\/\/www.visit-ulcinj.com\/blog\/?s={search_term_string}\"},\"query-input\":\"required name=search_term_string\"}],\"inLanguage\":\"en-US\"},{\"@type\":\"ImageObject\",\"inLanguage\":\"en-US\",\"@id\":\"https:\/\/www.visit-ulcinj.com\/blog\/2013\/12\/27\/delegacija-ulcinja-boravila-u-saudijskoj-arabiji\/#primaryimage\",\"url\":\"https:\/\/www.visit-ulcinj.com\/blog\/wp-content\/uploads\/2013\/12\/Delegacija-Ulcinja-boravila-u-Saudijskoj-Arabiji.jpg\",\"contentUrl\":\"https:\/\/www.visit-ulcinj.com\/blog\/wp-content\/uploads\/2013\/12\/Delegacija-Ulcinja-boravila-u-Saudijskoj-Arabiji.jpg\",\"width\":300,\"height\":168},{\"@type\":\"WebPage\",\"@id\":\"https:\/\/www.visit-ulcinj.com\/blog\/2013\/12\/27\/delegacija-ulcinja-boravila-u-saudijskoj-arabiji\/#webpage\",\"url\":\"https:\/\/www.visit-ulcinj.com\/blog\/2013\/12\/27\/delegacija-ulcinja-boravila-u-saudijskoj-arabiji\/\",\"name\":\"Delegacija Ulcinja boravila u Saudijskoj Arabiji - Lajme nga Ulqini\",\"isPartOf\":{\"@id\":\"https:\/\/www.visit-ulcinj.com\/blog\/#website\"},\"primaryImageOfPage\":{\"@id\":\"https:\/\/www.visit-ulcinj.com\/blog\/2013\/12\/27\/delegacija-ulcinja-boravila-u-saudijskoj-arabiji\/#primaryimage\"},\"datePublished\":\"2013-12-27T06:43:39+00:00\",\"dateModified\":\"2013-12-27T06:43:39+00:00\",\"author\":{\"@id\":\"https:\/\/www.visit-ulcinj.com\/blog\/#\/schema\/person\/dcab619c614d3038751c63bc2aadc06d\"},\"description\":\"ULCINJ \u2013 Pro\u0161lonedjeljna posjeta Saudijskoj Arabiji bila je veoma uspje\u0161na i mogu re\u0107i da je to bio prvi korak ka uspostavljanju saradnje sa mo\u0107nim\",\"breadcrumb\":{\"@id\":\"https:\/\/www.visit-ulcinj.com\/blog\/2013\/12\/27\/delegacija-ulcinja-boravila-u-saudijskoj-arabiji\/#breadcrumb\"},\"inLanguage\":\"en-US\",\"potentialAction\":[{\"@type\":\"ReadAction\",\"target\":[\"https:\/\/www.visit-ulcinj.com\/blog\/2013\/12\/27\/delegacija-ulcinja-boravila-u-saudijskoj-arabiji\/\"]}]},{\"@type\":\"BreadcrumbList\",\"@id\":\"https:\/\/www.visit-ulcinj.com\/blog\/2013\/12\/27\/delegacija-ulcinja-boravila-u-saudijskoj-arabiji\/#breadcrumb\",\"itemListElement\":[{\"@type\":\"ListItem\",\"position\":1,\"name\":\"Delegacija Ulcinja boravila u Saudijskoj Arabiji\"}]},{\"@type\":\"Person\",\"@id\":\"https:\/\/www.visit-ulcinj.com\/blog\/#\/schema\/person\/dcab619c614d3038751c63bc2aadc06d\",\"name\":\"ulqini\",\"sameAs\":[\"http:\/\/www.visit-ulcinj.com\"],\"url\":\"https:\/\/www.visit-ulcinj.com\/blog\/author\/admin\/\"}]}<\/script>\n<!-- \/ Yoast SEO plugin. -->","yoast_head_json":{"title":"Delegacija Ulcinja boravila u Saudijskoj Arabiji - Lajme nga Ulqini","description":"ULCINJ \u2013 Pro\u0161lonedjeljna posjeta Saudijskoj Arabiji bila je veoma uspje\u0161na i mogu re\u0107i da je to bio prvi korak ka uspostavljanju saradnje sa mo\u0107nim","robots":{"index":"index","follow":"follow","max-snippet":"max-snippet:-1","max-image-preview":"max-image-preview:large","max-video-preview":"max-video-preview:-1"},"canonical":"https:\/\/www.visit-ulcinj.com\/blog\/2013\/12\/27\/delegacija-ulcinja-boravila-u-saudijskoj-arabiji\/","og_locale":"en_US","og_type":"article","og_title":"Delegacija Ulcinja boravila u Saudijskoj Arabiji - Lajme nga Ulqini","og_description":"ULCINJ \u2013 Pro\u0161lonedjeljna posjeta Saudijskoj Arabiji bila je veoma uspje\u0161na i mogu re\u0107i da je to bio prvi korak ka uspostavljanju saradnje sa mo\u0107nim","og_url":"https:\/\/www.visit-ulcinj.com\/blog\/2013\/12\/27\/delegacija-ulcinja-boravila-u-saudijskoj-arabiji\/","og_site_name":"Lajme nga Ulqini","article_published_time":"2013-12-27T06:43:39+00:00","og_image":[{"url":"http:\/\/www.visit-ulcinj.com\/blog\/wp-content\/uploads\/2013\/12\/Delegacija-Ulcinja-boravila-u-Saudijskoj-Arabiji.jpg"}],"twitter_misc":{"Written by":"ulqini","Est. reading time":"1 minute"},"schema":{"@context":"https:\/\/schema.org","@graph":[{"@type":"WebSite","@id":"https:\/\/www.visit-ulcinj.com\/blog\/#website","url":"https:\/\/www.visit-ulcinj.com\/blog\/","name":"Lajme nga Ulqini","description":"Lajme,Vijesti,Ulqini,Ulqin,Crna Gora,Mali i Zi","potentialAction":[{"@type":"SearchAction","target":{"@type":"EntryPoint","urlTemplate":"https:\/\/www.visit-ulcinj.com\/blog\/?s={search_term_string}"},"query-input":"required name=search_term_string"}],"inLanguage":"en-US"},{"@type":"ImageObject","inLanguage":"en-US","@id":"https:\/\/www.visit-ulcinj.com\/blog\/2013\/12\/27\/delegacija-ulcinja-boravila-u-saudijskoj-arabiji\/#primaryimage","url":"https:\/\/www.visit-ulcinj.com\/blog\/wp-content\/uploads\/2013\/12\/Delegacija-Ulcinja-boravila-u-Saudijskoj-Arabiji.jpg","contentUrl":"https:\/\/www.visit-ulcinj.com\/blog\/wp-content\/uploads\/2013\/12\/Delegacija-Ulcinja-boravila-u-Saudijskoj-Arabiji.jpg","width":300,"height":168},{"@type":"WebPage","@id":"https:\/\/www.visit-ulcinj.com\/blog\/2013\/12\/27\/delegacija-ulcinja-boravila-u-saudijskoj-arabiji\/#webpage","url":"https:\/\/www.visit-ulcinj.com\/blog\/2013\/12\/27\/delegacija-ulcinja-boravila-u-saudijskoj-arabiji\/","name":"Delegacija Ulcinja boravila u Saudijskoj Arabiji - Lajme nga Ulqini","isPartOf":{"@id":"https:\/\/www.visit-ulcinj.com\/blog\/#website"},"primaryImageOfPage":{"@id":"https:\/\/www.visit-ulcinj.com\/blog\/2013\/12\/27\/delegacija-ulcinja-boravila-u-saudijskoj-arabiji\/#primaryimage"},"datePublished":"2013-12-27T06:43:39+00:00","dateModified":"2013-12-27T06:43:39+00:00","author":{"@id":"https:\/\/www.visit-ulcinj.com\/blog\/#\/schema\/person\/dcab619c614d3038751c63bc2aadc06d"},"description":"ULCINJ \u2013 Pro\u0161lonedjeljna posjeta Saudijskoj Arabiji bila je veoma uspje\u0161na i mogu re\u0107i da je to bio prvi korak ka uspostavljanju saradnje sa mo\u0107nim","breadcrumb":{"@id":"https:\/\/www.visit-ulcinj.com\/blog\/2013\/12\/27\/delegacija-ulcinja-boravila-u-saudijskoj-arabiji\/#breadcrumb"},"inLanguage":"en-US","potentialAction":[{"@type":"ReadAction","target":["https:\/\/www.visit-ulcinj.com\/blog\/2013\/12\/27\/delegacija-ulcinja-boravila-u-saudijskoj-arabiji\/"]}]},{"@type":"BreadcrumbList","@id":"https:\/\/www.visit-ulcinj.com\/blog\/2013\/12\/27\/delegacija-ulcinja-boravila-u-saudijskoj-arabiji\/#breadcrumb","itemListElement":[{"@type":"ListItem","position":1,"name":"Delegacija Ulcinja boravila u Saudijskoj Arabiji"}]},{"@type":"Person","@id":"https:\/\/www.visit-ulcinj.com\/blog\/#\/schema\/person\/dcab619c614d3038751c63bc2aadc06d","name":"ulqini","sameAs":["http:\/\/www.visit-ulcinj.com"],"url":"https:\/\/www.visit-ulcinj.com\/blog\/author\/admin\/"}]}},"jetpack_featured_media_url":"","jetpack_sharing_enabled":true,"jetpack_shortlink":"https:\/\/wp.me\/pe6lTn-kbG","_links":{"self":[{"href":"https:\/\/www.visit-ulcinj.com\/blog\/wp-json\/wp\/v2\/posts\/77604"}],"collection":[{"href":"https:\/\/www.visit-ulcinj.com\/blog\/wp-json\/wp\/v2\/posts"}],"about":[{"href":"https:\/\/www.visit-ulcinj.com\/blog\/wp-json\/wp\/v2\/types\/post"}],"author":[{"embeddable":true,"href":"https:\/\/www.visit-ulcinj.com\/blog\/wp-json\/wp\/v2\/users\/1"}],"replies":[{"embeddable":true,"href":"https:\/\/www.visit-ulcinj.com\/blog\/wp-json\/wp\/v2\/comments?post=77604"}],"version-history":[{"count":1,"href":"https:\/\/www.visit-ulcinj.com\/blog\/wp-json\/wp\/v2\/posts\/77604\/revisions"}],"predecessor-version":[{"id":77606,"href":"https:\/\/www.visit-ulcinj.com\/blog\/wp-json\/wp\/v2\/posts\/77604\/revisions\/77606"}],"wp:attachment":[{"href":"https:\/\/www.visit-ulcinj.com\/blog\/wp-json\/wp\/v2\/media?parent=77604"}],"wp:term":[{"taxonomy":"category","embeddable":true,"href":"https:\/\/www.visit-ulcinj.com\/blog\/wp-json\/wp\/v2\/categories?post=77604"},{"taxonomy":"post_tag","embeddable":true,"href":"https:\/\/www.visit-ulcinj.com\/blog\/wp-json\/wp\/v2\/tags?post=77604"}],"curies":[{"name":"wp","href":"https:\/\/api.w.org\/{rel}","templated":true}]}}