{"id":77610,"date":"2013-12-27T07:58:03","date_gmt":"2013-12-27T06:58:03","guid":{"rendered":"http:\/\/www.visit-ulcinj.com\/blog\/?p=77610"},"modified":"2013-12-27T07:58:03","modified_gmt":"2013-12-27T06:58:03","slug":"snp-za-bolji-ulcinj-rijec-djelo","status":"publish","type":"post","link":"https:\/\/www.visit-ulcinj.com\/blog\/2013\/12\/27\/snp-za-bolji-ulcinj-rijec-djelo\/","title":{"rendered":"SNP \u2013 Za bolji Ulcinj \u2013 I rije\u010d i djelo"},"content":{"rendered":"<p><a href=\"http:\/\/www.visit-ulcinj.com\/blog\/wp-content\/uploads\/2013\/12\/mesnp.gif\"><img loading=\"lazy\" class=\"alignleft size-full wp-image-77611\" alt=\"me}snp\" src=\"http:\/\/www.visit-ulcinj.com\/blog\/wp-content\/uploads\/2013\/12\/mesnp.gif\" width=\"360\" height=\"216\" \/><\/a>Socijalisti\u010dka narodna partija Crne Gore danas je, Op\u0161tinskoj izbornoj komisiji Ulcinj, predala izbornu listu, pod nazivom: &#8220;SNP \u2013 Za bolji Ulcinj \u2013 I rije\u010d i djelo&#8221;, za izbor odbornika u Skup\u0161tini op\u0161tine Ulcinj, koji \u0107e se odr\u017eati 26. januara naredne godine.<\/p>\n<p>Op\u0161tinski odbor SNP Ulcinj je, kako navode u saop\u0161tenju, prilikom formiranja Izborne liste u potpunosti ispo\u0161tovao princip rodne ravnopravnosti i zastupljenost mladih na listi.<\/p>\n<p>Nosilac Izborne liste je Andrija \u0106etkovi\u0107, predsjednik OO SNP Ulcinj i \u010dlan Izvr\u0161nog i Glavnog odbora SNP Crne Gore.<\/p>\n<p>Odborni\u010dku listu SNP-a \u010dine ljudi razli\u010ditih profila &#8211;\u00a0 ekonomisti, pravnici, turizmolozi, sportisti, radnici, studenti, umjetnici, in\u017einjeri, profesori, penzioneri. Ovakva struktrira na\u0161e Izborne liste je garant brzog i pravi\u010dnog oporavka na\u0161eg dru\u0161tva.<\/p>\n<p>&#8220;SNP CG \u0107e na izborima u Ulcinju ostvariti najve\u0107i rast podr\u0161ke bira\u010da Ulcinja, zato \u0161to su\u00a0 na\u0161e ideje superiorne u odnosu na druge politi\u010dke ideje u Ulcinju, zato \u0161to SNP u Ulcinju predstavljaju hrabri, sposobni, uspje\u0161ni, vrijedni, dobri i tolerantni ljudi, zato \u0161to je SNP Crne Gore\u00a0 svih ovih godina pokazala da smije i umije, zato \u0161to SNP nema skrivenih ciljeva, zato \u0161to se svih ovih godina u kontinuitetu zala\u017eemo za bolji Ulcinj i bolji \u017eivot svih njegovih gra\u0111ana, zato \u0161to SNP dr\u017ei rije\u010d i to znaju svi Ulcinjani&#8221;, poru\u010duju iz te partije.<\/p>\n<p>Na ju\u010de odr\u017eanoj sjednici Op\u0161tinskog odbora, na kojoj je jednoglasno usvojena Izborna lista SNP-a, za izbore u Ulcinju, formiran je i Izborni\u00a0 \u0161tab i usvojen Izborni\u00a0 program.<\/p>\n<p><strong>Izvor: RTCG<\/strong><\/p>\n","protected":false},"excerpt":{"rendered":"<p>Socijalisti\u010dka narodna partija Crne Gore danas je, Op\u0161tinskoj izbornoj komisiji Ulcinj, predala izbornu listu, pod nazivom: &#8220;SNP \u2013 Za bolji Ulcinj \u2013 I rije\u010d i djelo&#8221;, za izbor odbornika u Skup\u0161tini op\u0161tine Ulcinj, koji \u0107e se odr\u017eati 26. januara naredne godine. Op\u0161tinski odbor SNP Ulcinj je, kako navode u saop\u0161tenju, prilikom formiranja Izborne liste u [&hellip;]<\/p>\n","protected":false},"author":1,"featured_media":0,"comment_status":"closed","ping_status":"closed","sticky":false,"template":"","format":"standard","meta":{"spay_email":"","jetpack_publicize_message":"","jetpack_is_tweetstorm":false,"jetpack_publicize_feature_enabled":true},"categories":[6950],"tags":[],"jetpack_publicize_connections":[],"yoast_head":"<!-- This site is optimized with the Yoast SEO plugin v19.1 - https:\/\/yoast.com\/wordpress\/plugins\/seo\/ -->\n<title>SNP \u2013 Za bolji Ulcinj \u2013 I rije\u010d i djelo - Lajme nga Ulqini<\/title>\n<meta name=\"description\" content=\"Socijalisti\u010dka narodna partija Crne Gore danas je, Op\u0161tinskoj izbornoj komisiji Ulcinj, predala izbornu listu, pod nazivom: &quot;SNP \u2013 Za bolji Ulcinj \u2013 I\" \/>\n<meta name=\"robots\" content=\"index, follow, max-snippet:-1, max-image-preview:large, max-video-preview:-1\" \/>\n<link rel=\"canonical\" href=\"https:\/\/www.visit-ulcinj.com\/blog\/2013\/12\/27\/snp-za-bolji-ulcinj-rijec-djelo\/\" \/>\n<meta property=\"og:locale\" content=\"en_US\" \/>\n<meta property=\"og:type\" content=\"article\" \/>\n<meta property=\"og:title\" content=\"SNP \u2013 Za bolji Ulcinj \u2013 I rije\u010d i djelo - Lajme nga Ulqini\" \/>\n<meta property=\"og:description\" content=\"Socijalisti\u010dka narodna partija Crne Gore danas je, Op\u0161tinskoj izbornoj komisiji Ulcinj, predala izbornu listu, pod nazivom: &quot;SNP \u2013 Za bolji Ulcinj \u2013 I\" \/>\n<meta property=\"og:url\" content=\"https:\/\/www.visit-ulcinj.com\/blog\/2013\/12\/27\/snp-za-bolji-ulcinj-rijec-djelo\/\" \/>\n<meta property=\"og:site_name\" content=\"Lajme nga Ulqini\" \/>\n<meta property=\"article:published_time\" content=\"2013-12-27T06:58:03+00:00\" \/>\n<meta property=\"og:image\" content=\"http:\/\/www.visit-ulcinj.com\/blog\/wp-content\/uploads\/2013\/12\/mesnp.gif\" \/>\n<meta name=\"twitter:label1\" content=\"Written by\" \/>\n\t<meta name=\"twitter:data1\" content=\"ulqini\" \/>\n\t<meta name=\"twitter:label2\" content=\"Est. reading time\" \/>\n\t<meta name=\"twitter:data2\" content=\"1 minute\" \/>\n<script type=\"application\/ld+json\" class=\"yoast-schema-graph\">{\"@context\":\"https:\/\/schema.org\",\"@graph\":[{\"@type\":\"WebSite\",\"@id\":\"https:\/\/www.visit-ulcinj.com\/blog\/#website\",\"url\":\"https:\/\/www.visit-ulcinj.com\/blog\/\",\"name\":\"Lajme nga Ulqini\",\"description\":\"Lajme,Vijesti,Ulqini,Ulqin,Crna Gora,Mali i Zi\",\"potentialAction\":[{\"@type\":\"SearchAction\",\"target\":{\"@type\":\"EntryPoint\",\"urlTemplate\":\"https:\/\/www.visit-ulcinj.com\/blog\/?s={search_term_string}\"},\"query-input\":\"required name=search_term_string\"}],\"inLanguage\":\"en-US\"},{\"@type\":\"ImageObject\",\"inLanguage\":\"en-US\",\"@id\":\"https:\/\/www.visit-ulcinj.com\/blog\/2013\/12\/27\/snp-za-bolji-ulcinj-rijec-djelo\/#primaryimage\",\"url\":\"https:\/\/www.visit-ulcinj.com\/blog\/wp-content\/uploads\/2013\/12\/mesnp.gif\",\"contentUrl\":\"https:\/\/www.visit-ulcinj.com\/blog\/wp-content\/uploads\/2013\/12\/mesnp.gif\",\"width\":360,\"height\":216},{\"@type\":\"WebPage\",\"@id\":\"https:\/\/www.visit-ulcinj.com\/blog\/2013\/12\/27\/snp-za-bolji-ulcinj-rijec-djelo\/#webpage\",\"url\":\"https:\/\/www.visit-ulcinj.com\/blog\/2013\/12\/27\/snp-za-bolji-ulcinj-rijec-djelo\/\",\"name\":\"SNP \u2013 Za bolji Ulcinj \u2013 I rije\u010d i djelo - Lajme nga Ulqini\",\"isPartOf\":{\"@id\":\"https:\/\/www.visit-ulcinj.com\/blog\/#website\"},\"primaryImageOfPage\":{\"@id\":\"https:\/\/www.visit-ulcinj.com\/blog\/2013\/12\/27\/snp-za-bolji-ulcinj-rijec-djelo\/#primaryimage\"},\"datePublished\":\"2013-12-27T06:58:03+00:00\",\"dateModified\":\"2013-12-27T06:58:03+00:00\",\"author\":{\"@id\":\"https:\/\/www.visit-ulcinj.com\/blog\/#\/schema\/person\/dcab619c614d3038751c63bc2aadc06d\"},\"description\":\"Socijalisti\u010dka narodna partija Crne Gore danas je, Op\u0161tinskoj izbornoj komisiji Ulcinj, predala izbornu listu, pod nazivom: \\\"SNP \u2013 Za bolji Ulcinj \u2013 I\",\"breadcrumb\":{\"@id\":\"https:\/\/www.visit-ulcinj.com\/blog\/2013\/12\/27\/snp-za-bolji-ulcinj-rijec-djelo\/#breadcrumb\"},\"inLanguage\":\"en-US\",\"potentialAction\":[{\"@type\":\"ReadAction\",\"target\":[\"https:\/\/www.visit-ulcinj.com\/blog\/2013\/12\/27\/snp-za-bolji-ulcinj-rijec-djelo\/\"]}]},{\"@type\":\"BreadcrumbList\",\"@id\":\"https:\/\/www.visit-ulcinj.com\/blog\/2013\/12\/27\/snp-za-bolji-ulcinj-rijec-djelo\/#breadcrumb\",\"itemListElement\":[{\"@type\":\"ListItem\",\"position\":1,\"name\":\"SNP \u2013 Za bolji Ulcinj \u2013 I rije\u010d i djelo\"}]},{\"@type\":\"Person\",\"@id\":\"https:\/\/www.visit-ulcinj.com\/blog\/#\/schema\/person\/dcab619c614d3038751c63bc2aadc06d\",\"name\":\"ulqini\",\"sameAs\":[\"http:\/\/www.visit-ulcinj.com\"],\"url\":\"https:\/\/www.visit-ulcinj.com\/blog\/author\/admin\/\"}]}<\/script>\n<!-- \/ Yoast SEO plugin. -->","yoast_head_json":{"title":"SNP \u2013 Za bolji Ulcinj \u2013 I rije\u010d i djelo - Lajme nga Ulqini","description":"Socijalisti\u010dka narodna partija Crne Gore danas je, Op\u0161tinskoj izbornoj komisiji Ulcinj, predala izbornu listu, pod nazivom: \"SNP \u2013 Za bolji Ulcinj \u2013 I","robots":{"index":"index","follow":"follow","max-snippet":"max-snippet:-1","max-image-preview":"max-image-preview:large","max-video-preview":"max-video-preview:-1"},"canonical":"https:\/\/www.visit-ulcinj.com\/blog\/2013\/12\/27\/snp-za-bolji-ulcinj-rijec-djelo\/","og_locale":"en_US","og_type":"article","og_title":"SNP \u2013 Za bolji Ulcinj \u2013 I rije\u010d i djelo - Lajme nga Ulqini","og_description":"Socijalisti\u010dka narodna partija Crne Gore danas je, Op\u0161tinskoj izbornoj komisiji Ulcinj, predala izbornu listu, pod nazivom: \"SNP \u2013 Za bolji Ulcinj \u2013 I","og_url":"https:\/\/www.visit-ulcinj.com\/blog\/2013\/12\/27\/snp-za-bolji-ulcinj-rijec-djelo\/","og_site_name":"Lajme nga Ulqini","article_published_time":"2013-12-27T06:58:03+00:00","og_image":[{"url":"http:\/\/www.visit-ulcinj.com\/blog\/wp-content\/uploads\/2013\/12\/mesnp.gif"}],"twitter_misc":{"Written by":"ulqini","Est. reading time":"1 minute"},"schema":{"@context":"https:\/\/schema.org","@graph":[{"@type":"WebSite","@id":"https:\/\/www.visit-ulcinj.com\/blog\/#website","url":"https:\/\/www.visit-ulcinj.com\/blog\/","name":"Lajme nga Ulqini","description":"Lajme,Vijesti,Ulqini,Ulqin,Crna Gora,Mali i Zi","potentialAction":[{"@type":"SearchAction","target":{"@type":"EntryPoint","urlTemplate":"https:\/\/www.visit-ulcinj.com\/blog\/?s={search_term_string}"},"query-input":"required name=search_term_string"}],"inLanguage":"en-US"},{"@type":"ImageObject","inLanguage":"en-US","@id":"https:\/\/www.visit-ulcinj.com\/blog\/2013\/12\/27\/snp-za-bolji-ulcinj-rijec-djelo\/#primaryimage","url":"https:\/\/www.visit-ulcinj.com\/blog\/wp-content\/uploads\/2013\/12\/mesnp.gif","contentUrl":"https:\/\/www.visit-ulcinj.com\/blog\/wp-content\/uploads\/2013\/12\/mesnp.gif","width":360,"height":216},{"@type":"WebPage","@id":"https:\/\/www.visit-ulcinj.com\/blog\/2013\/12\/27\/snp-za-bolji-ulcinj-rijec-djelo\/#webpage","url":"https:\/\/www.visit-ulcinj.com\/blog\/2013\/12\/27\/snp-za-bolji-ulcinj-rijec-djelo\/","name":"SNP \u2013 Za bolji Ulcinj \u2013 I rije\u010d i djelo - Lajme nga Ulqini","isPartOf":{"@id":"https:\/\/www.visit-ulcinj.com\/blog\/#website"},"primaryImageOfPage":{"@id":"https:\/\/www.visit-ulcinj.com\/blog\/2013\/12\/27\/snp-za-bolji-ulcinj-rijec-djelo\/#primaryimage"},"datePublished":"2013-12-27T06:58:03+00:00","dateModified":"2013-12-27T06:58:03+00:00","author":{"@id":"https:\/\/www.visit-ulcinj.com\/blog\/#\/schema\/person\/dcab619c614d3038751c63bc2aadc06d"},"description":"Socijalisti\u010dka narodna partija Crne Gore danas je, Op\u0161tinskoj izbornoj komisiji Ulcinj, predala izbornu listu, pod nazivom: \"SNP \u2013 Za bolji Ulcinj \u2013 I","breadcrumb":{"@id":"https:\/\/www.visit-ulcinj.com\/blog\/2013\/12\/27\/snp-za-bolji-ulcinj-rijec-djelo\/#breadcrumb"},"inLanguage":"en-US","potentialAction":[{"@type":"ReadAction","target":["https:\/\/www.visit-ulcinj.com\/blog\/2013\/12\/27\/snp-za-bolji-ulcinj-rijec-djelo\/"]}]},{"@type":"BreadcrumbList","@id":"https:\/\/www.visit-ulcinj.com\/blog\/2013\/12\/27\/snp-za-bolji-ulcinj-rijec-djelo\/#breadcrumb","itemListElement":[{"@type":"ListItem","position":1,"name":"SNP \u2013 Za bolji Ulcinj \u2013 I rije\u010d i djelo"}]},{"@type":"Person","@id":"https:\/\/www.visit-ulcinj.com\/blog\/#\/schema\/person\/dcab619c614d3038751c63bc2aadc06d","name":"ulqini","sameAs":["http:\/\/www.visit-ulcinj.com"],"url":"https:\/\/www.visit-ulcinj.com\/blog\/author\/admin\/"}]}},"jetpack_featured_media_url":"","jetpack_sharing_enabled":true,"jetpack_shortlink":"https:\/\/wp.me\/pe6lTn-kbM","_links":{"self":[{"href":"https:\/\/www.visit-ulcinj.com\/blog\/wp-json\/wp\/v2\/posts\/77610"}],"collection":[{"href":"https:\/\/www.visit-ulcinj.com\/blog\/wp-json\/wp\/v2\/posts"}],"about":[{"href":"https:\/\/www.visit-ulcinj.com\/blog\/wp-json\/wp\/v2\/types\/post"}],"author":[{"embeddable":true,"href":"https:\/\/www.visit-ulcinj.com\/blog\/wp-json\/wp\/v2\/users\/1"}],"replies":[{"embeddable":true,"href":"https:\/\/www.visit-ulcinj.com\/blog\/wp-json\/wp\/v2\/comments?post=77610"}],"version-history":[{"count":1,"href":"https:\/\/www.visit-ulcinj.com\/blog\/wp-json\/wp\/v2\/posts\/77610\/revisions"}],"predecessor-version":[{"id":77612,"href":"https:\/\/www.visit-ulcinj.com\/blog\/wp-json\/wp\/v2\/posts\/77610\/revisions\/77612"}],"wp:attachment":[{"href":"https:\/\/www.visit-ulcinj.com\/blog\/wp-json\/wp\/v2\/media?parent=77610"}],"wp:term":[{"taxonomy":"category","embeddable":true,"href":"https:\/\/www.visit-ulcinj.com\/blog\/wp-json\/wp\/v2\/categories?post=77610"},{"taxonomy":"post_tag","embeddable":true,"href":"https:\/\/www.visit-ulcinj.com\/blog\/wp-json\/wp\/v2\/tags?post=77610"}],"curies":[{"name":"wp","href":"https:\/\/api.w.org\/{rel}","templated":true}]}}