{"id":77614,"date":"2013-12-27T08:20:14","date_gmt":"2013-12-27T07:20:14","guid":{"rendered":"http:\/\/www.visit-ulcinj.com\/blog\/?p=77614"},"modified":"2013-12-27T08:20:54","modified_gmt":"2013-12-27T07:20:54","slug":"ne-kufirin-sukobin-muriqan-kapet-me-30-kg-droge","status":"publish","type":"post","link":"https:\/\/www.visit-ulcinj.com\/blog\/2013\/12\/27\/ne-kufirin-sukobin-muriqan-kapet-me-30-kg-droge\/","title":{"rendered":"Ne kufirin Sukobin &#8211; Muriqan kapet me 30 kg drog\u00eb"},"content":{"rendered":"<p><a href=\"http:\/\/www.visit-ulcinj.com\/blog\/wp-content\/uploads\/2013\/12\/kapet-me-droge.jpg\"><img loading=\"lazy\" class=\"alignleft size-full wp-image-77615\" alt=\"kapet me droge\" src=\"http:\/\/www.visit-ulcinj.com\/blog\/wp-content\/uploads\/2013\/12\/kapet-me-droge.jpg\" width=\"300\" height=\"250\" \/><\/a>Gjat\u00eb kontrollit t\u00eb ushtruar n\u00eb pik\u00ebn e kalimit kufitar Sukobin &#8211; Muriqan, 25-vje\u00e7ari Edmond Gjini nga La\u00e7i ka r\u00ebn\u00eb n\u00eb prangat e policis\u00eb s\u00eb kufirit dhe migracionit n\u00eb Shkod\u00ebr, pasi gjat\u00eb kontrollit t\u00eb ushtruar n\u00eb pik\u00ebn e kalimit kufitar t\u00eb Murriqanit, n\u00eb automjetin e tij u gjet drog\u00eb e llojit kanabis sativa, e gatshme p\u00ebr treg.<\/p>\n<p>Shtetasi n\u00eb fjal\u00eb po udh\u00ebtonte i vet\u00ebm me automjetin e tij tip Volksvagen me targ\u00eb AA 192 GT dhe gjat\u00eb kontrollit t\u00eb ushtruar n\u00eb dy gomat rezerv\u00eb u gjet droga e ndar\u00eb n\u00eb qese dhe e mb\u00ebshtjell\u00eb me izolant e presuar me sasi prej 30 kg e 200 gr.<\/p>\n<p>Nga hetimet e kryera rezulton se 25-vje\u00e7ari kishte synim q\u00eb drog\u00ebn ta transportonte n\u00eb drejtim t\u00eb Italis\u00eb, dhe ka shfryt\u00ebzuar periudh\u00ebn e festave ku numri m\u00eb i madh i l\u00ebvizjeve \u00ebsht\u00eb n\u00eb drejtim t\u00eb Shqip\u00ebris\u00eb.<\/p>\n<p><strong>Ballkanweb<\/strong><\/p>\n","protected":false},"excerpt":{"rendered":"<p>Gjat\u00eb kontrollit t\u00eb ushtruar n\u00eb pik\u00ebn e kalimit kufitar Sukobin &#8211; Muriqan, 25-vje\u00e7ari Edmond Gjini nga La\u00e7i ka r\u00ebn\u00eb n\u00eb prangat e policis\u00eb s\u00eb kufirit dhe migracionit n\u00eb Shkod\u00ebr, pasi gjat\u00eb kontrollit t\u00eb ushtruar n\u00eb pik\u00ebn e kalimit kufitar t\u00eb Murriqanit, n\u00eb automjetin e tij u gjet drog\u00eb e llojit kanabis sativa, e gatshme p\u00ebr [&hellip;]<\/p>\n","protected":false},"author":1,"featured_media":0,"comment_status":"closed","ping_status":"closed","sticky":false,"template":"","format":"standard","meta":{"spay_email":"","jetpack_publicize_message":"","jetpack_is_tweetstorm":false,"jetpack_publicize_feature_enabled":true},"categories":[6950],"tags":[],"jetpack_publicize_connections":[],"yoast_head":"<!-- This site is optimized with the Yoast SEO plugin v19.1 - https:\/\/yoast.com\/wordpress\/plugins\/seo\/ -->\n<title>Ne kufirin Sukobin - Muriqan kapet me 30 kg drog\u00eb - Lajme nga Ulqini<\/title>\n<meta name=\"description\" content=\"Gjat\u00eb kontrollit t\u00eb ushtruar n\u00eb pik\u00ebn e kalimit kufitar Sukobin - Muriqan, 25-vje\u00e7ari Edmond Gjini nga La\u00e7i ka r\u00ebn\u00eb n\u00eb prangat e policis\u00eb s\u00eb kufirit dhe\" \/>\n<meta name=\"robots\" content=\"index, follow, max-snippet:-1, max-image-preview:large, max-video-preview:-1\" \/>\n<link rel=\"canonical\" href=\"https:\/\/www.visit-ulcinj.com\/blog\/2013\/12\/27\/ne-kufirin-sukobin-muriqan-kapet-me-30-kg-droge\/\" \/>\n<meta property=\"og:locale\" content=\"en_US\" \/>\n<meta property=\"og:type\" content=\"article\" \/>\n<meta property=\"og:title\" content=\"Ne kufirin Sukobin - Muriqan kapet me 30 kg drog\u00eb - Lajme nga Ulqini\" \/>\n<meta property=\"og:description\" content=\"Gjat\u00eb kontrollit t\u00eb ushtruar n\u00eb pik\u00ebn e kalimit kufitar Sukobin - Muriqan, 25-vje\u00e7ari Edmond Gjini nga La\u00e7i ka r\u00ebn\u00eb n\u00eb prangat e policis\u00eb s\u00eb kufirit dhe\" \/>\n<meta property=\"og:url\" content=\"https:\/\/www.visit-ulcinj.com\/blog\/2013\/12\/27\/ne-kufirin-sukobin-muriqan-kapet-me-30-kg-droge\/\" \/>\n<meta property=\"og:site_name\" content=\"Lajme nga Ulqini\" \/>\n<meta property=\"article:published_time\" content=\"2013-12-27T07:20:14+00:00\" \/>\n<meta property=\"article:modified_time\" content=\"2013-12-27T07:20:54+00:00\" \/>\n<meta property=\"og:image\" content=\"http:\/\/www.visit-ulcinj.com\/blog\/wp-content\/uploads\/2013\/12\/kapet-me-droge.jpg\" \/>\n<meta name=\"twitter:label1\" content=\"Written by\" \/>\n\t<meta name=\"twitter:data1\" content=\"ulqini\" \/>\n\t<meta name=\"twitter:label2\" content=\"Est. reading time\" \/>\n\t<meta name=\"twitter:data2\" content=\"1 minute\" \/>\n<script type=\"application\/ld+json\" class=\"yoast-schema-graph\">{\"@context\":\"https:\/\/schema.org\",\"@graph\":[{\"@type\":\"WebSite\",\"@id\":\"https:\/\/www.visit-ulcinj.com\/blog\/#website\",\"url\":\"https:\/\/www.visit-ulcinj.com\/blog\/\",\"name\":\"Lajme nga Ulqini\",\"description\":\"Lajme,Vijesti,Ulqini,Ulqin,Crna Gora,Mali i Zi\",\"potentialAction\":[{\"@type\":\"SearchAction\",\"target\":{\"@type\":\"EntryPoint\",\"urlTemplate\":\"https:\/\/www.visit-ulcinj.com\/blog\/?s={search_term_string}\"},\"query-input\":\"required name=search_term_string\"}],\"inLanguage\":\"en-US\"},{\"@type\":\"ImageObject\",\"inLanguage\":\"en-US\",\"@id\":\"https:\/\/www.visit-ulcinj.com\/blog\/2013\/12\/27\/ne-kufirin-sukobin-muriqan-kapet-me-30-kg-droge\/#primaryimage\",\"url\":\"https:\/\/www.visit-ulcinj.com\/blog\/wp-content\/uploads\/2013\/12\/kapet-me-droge.jpg\",\"contentUrl\":\"https:\/\/www.visit-ulcinj.com\/blog\/wp-content\/uploads\/2013\/12\/kapet-me-droge.jpg\",\"width\":300,\"height\":250},{\"@type\":\"WebPage\",\"@id\":\"https:\/\/www.visit-ulcinj.com\/blog\/2013\/12\/27\/ne-kufirin-sukobin-muriqan-kapet-me-30-kg-droge\/#webpage\",\"url\":\"https:\/\/www.visit-ulcinj.com\/blog\/2013\/12\/27\/ne-kufirin-sukobin-muriqan-kapet-me-30-kg-droge\/\",\"name\":\"Ne kufirin Sukobin - Muriqan kapet me 30 kg drog\u00eb - Lajme nga Ulqini\",\"isPartOf\":{\"@id\":\"https:\/\/www.visit-ulcinj.com\/blog\/#website\"},\"primaryImageOfPage\":{\"@id\":\"https:\/\/www.visit-ulcinj.com\/blog\/2013\/12\/27\/ne-kufirin-sukobin-muriqan-kapet-me-30-kg-droge\/#primaryimage\"},\"datePublished\":\"2013-12-27T07:20:14+00:00\",\"dateModified\":\"2013-12-27T07:20:54+00:00\",\"author\":{\"@id\":\"https:\/\/www.visit-ulcinj.com\/blog\/#\/schema\/person\/dcab619c614d3038751c63bc2aadc06d\"},\"description\":\"Gjat\u00eb kontrollit t\u00eb ushtruar n\u00eb pik\u00ebn e kalimit kufitar Sukobin - Muriqan, 25-vje\u00e7ari Edmond Gjini nga La\u00e7i ka r\u00ebn\u00eb n\u00eb prangat e policis\u00eb s\u00eb kufirit dhe\",\"breadcrumb\":{\"@id\":\"https:\/\/www.visit-ulcinj.com\/blog\/2013\/12\/27\/ne-kufirin-sukobin-muriqan-kapet-me-30-kg-droge\/#breadcrumb\"},\"inLanguage\":\"en-US\",\"potentialAction\":[{\"@type\":\"ReadAction\",\"target\":[\"https:\/\/www.visit-ulcinj.com\/blog\/2013\/12\/27\/ne-kufirin-sukobin-muriqan-kapet-me-30-kg-droge\/\"]}]},{\"@type\":\"BreadcrumbList\",\"@id\":\"https:\/\/www.visit-ulcinj.com\/blog\/2013\/12\/27\/ne-kufirin-sukobin-muriqan-kapet-me-30-kg-droge\/#breadcrumb\",\"itemListElement\":[{\"@type\":\"ListItem\",\"position\":1,\"name\":\"Ne kufirin Sukobin &#8211; Muriqan kapet me 30 kg drog\u00eb\"}]},{\"@type\":\"Person\",\"@id\":\"https:\/\/www.visit-ulcinj.com\/blog\/#\/schema\/person\/dcab619c614d3038751c63bc2aadc06d\",\"name\":\"ulqini\",\"sameAs\":[\"http:\/\/www.visit-ulcinj.com\"],\"url\":\"https:\/\/www.visit-ulcinj.com\/blog\/author\/admin\/\"}]}<\/script>\n<!-- \/ Yoast SEO plugin. -->","yoast_head_json":{"title":"Ne kufirin Sukobin - Muriqan kapet me 30 kg drog\u00eb - Lajme nga Ulqini","description":"Gjat\u00eb kontrollit t\u00eb ushtruar n\u00eb pik\u00ebn e kalimit kufitar Sukobin - Muriqan, 25-vje\u00e7ari Edmond Gjini nga La\u00e7i ka r\u00ebn\u00eb n\u00eb prangat e policis\u00eb s\u00eb kufirit dhe","robots":{"index":"index","follow":"follow","max-snippet":"max-snippet:-1","max-image-preview":"max-image-preview:large","max-video-preview":"max-video-preview:-1"},"canonical":"https:\/\/www.visit-ulcinj.com\/blog\/2013\/12\/27\/ne-kufirin-sukobin-muriqan-kapet-me-30-kg-droge\/","og_locale":"en_US","og_type":"article","og_title":"Ne kufirin Sukobin - Muriqan kapet me 30 kg drog\u00eb - Lajme nga Ulqini","og_description":"Gjat\u00eb kontrollit t\u00eb ushtruar n\u00eb pik\u00ebn e kalimit kufitar Sukobin - Muriqan, 25-vje\u00e7ari Edmond Gjini nga La\u00e7i ka r\u00ebn\u00eb n\u00eb prangat e policis\u00eb s\u00eb kufirit dhe","og_url":"https:\/\/www.visit-ulcinj.com\/blog\/2013\/12\/27\/ne-kufirin-sukobin-muriqan-kapet-me-30-kg-droge\/","og_site_name":"Lajme nga Ulqini","article_published_time":"2013-12-27T07:20:14+00:00","article_modified_time":"2013-12-27T07:20:54+00:00","og_image":[{"url":"http:\/\/www.visit-ulcinj.com\/blog\/wp-content\/uploads\/2013\/12\/kapet-me-droge.jpg"}],"twitter_misc":{"Written by":"ulqini","Est. reading time":"1 minute"},"schema":{"@context":"https:\/\/schema.org","@graph":[{"@type":"WebSite","@id":"https:\/\/www.visit-ulcinj.com\/blog\/#website","url":"https:\/\/www.visit-ulcinj.com\/blog\/","name":"Lajme nga Ulqini","description":"Lajme,Vijesti,Ulqini,Ulqin,Crna Gora,Mali i Zi","potentialAction":[{"@type":"SearchAction","target":{"@type":"EntryPoint","urlTemplate":"https:\/\/www.visit-ulcinj.com\/blog\/?s={search_term_string}"},"query-input":"required name=search_term_string"}],"inLanguage":"en-US"},{"@type":"ImageObject","inLanguage":"en-US","@id":"https:\/\/www.visit-ulcinj.com\/blog\/2013\/12\/27\/ne-kufirin-sukobin-muriqan-kapet-me-30-kg-droge\/#primaryimage","url":"https:\/\/www.visit-ulcinj.com\/blog\/wp-content\/uploads\/2013\/12\/kapet-me-droge.jpg","contentUrl":"https:\/\/www.visit-ulcinj.com\/blog\/wp-content\/uploads\/2013\/12\/kapet-me-droge.jpg","width":300,"height":250},{"@type":"WebPage","@id":"https:\/\/www.visit-ulcinj.com\/blog\/2013\/12\/27\/ne-kufirin-sukobin-muriqan-kapet-me-30-kg-droge\/#webpage","url":"https:\/\/www.visit-ulcinj.com\/blog\/2013\/12\/27\/ne-kufirin-sukobin-muriqan-kapet-me-30-kg-droge\/","name":"Ne kufirin Sukobin - Muriqan kapet me 30 kg drog\u00eb - Lajme nga Ulqini","isPartOf":{"@id":"https:\/\/www.visit-ulcinj.com\/blog\/#website"},"primaryImageOfPage":{"@id":"https:\/\/www.visit-ulcinj.com\/blog\/2013\/12\/27\/ne-kufirin-sukobin-muriqan-kapet-me-30-kg-droge\/#primaryimage"},"datePublished":"2013-12-27T07:20:14+00:00","dateModified":"2013-12-27T07:20:54+00:00","author":{"@id":"https:\/\/www.visit-ulcinj.com\/blog\/#\/schema\/person\/dcab619c614d3038751c63bc2aadc06d"},"description":"Gjat\u00eb kontrollit t\u00eb ushtruar n\u00eb pik\u00ebn e kalimit kufitar Sukobin - Muriqan, 25-vje\u00e7ari Edmond Gjini nga La\u00e7i ka r\u00ebn\u00eb n\u00eb prangat e policis\u00eb s\u00eb kufirit dhe","breadcrumb":{"@id":"https:\/\/www.visit-ulcinj.com\/blog\/2013\/12\/27\/ne-kufirin-sukobin-muriqan-kapet-me-30-kg-droge\/#breadcrumb"},"inLanguage":"en-US","potentialAction":[{"@type":"ReadAction","target":["https:\/\/www.visit-ulcinj.com\/blog\/2013\/12\/27\/ne-kufirin-sukobin-muriqan-kapet-me-30-kg-droge\/"]}]},{"@type":"BreadcrumbList","@id":"https:\/\/www.visit-ulcinj.com\/blog\/2013\/12\/27\/ne-kufirin-sukobin-muriqan-kapet-me-30-kg-droge\/#breadcrumb","itemListElement":[{"@type":"ListItem","position":1,"name":"Ne kufirin Sukobin &#8211; Muriqan kapet me 30 kg drog\u00eb"}]},{"@type":"Person","@id":"https:\/\/www.visit-ulcinj.com\/blog\/#\/schema\/person\/dcab619c614d3038751c63bc2aadc06d","name":"ulqini","sameAs":["http:\/\/www.visit-ulcinj.com"],"url":"https:\/\/www.visit-ulcinj.com\/blog\/author\/admin\/"}]}},"jetpack_featured_media_url":"","jetpack_sharing_enabled":true,"jetpack_shortlink":"https:\/\/wp.me\/pe6lTn-kbQ","_links":{"self":[{"href":"https:\/\/www.visit-ulcinj.com\/blog\/wp-json\/wp\/v2\/posts\/77614"}],"collection":[{"href":"https:\/\/www.visit-ulcinj.com\/blog\/wp-json\/wp\/v2\/posts"}],"about":[{"href":"https:\/\/www.visit-ulcinj.com\/blog\/wp-json\/wp\/v2\/types\/post"}],"author":[{"embeddable":true,"href":"https:\/\/www.visit-ulcinj.com\/blog\/wp-json\/wp\/v2\/users\/1"}],"replies":[{"embeddable":true,"href":"https:\/\/www.visit-ulcinj.com\/blog\/wp-json\/wp\/v2\/comments?post=77614"}],"version-history":[{"count":2,"href":"https:\/\/www.visit-ulcinj.com\/blog\/wp-json\/wp\/v2\/posts\/77614\/revisions"}],"predecessor-version":[{"id":77617,"href":"https:\/\/www.visit-ulcinj.com\/blog\/wp-json\/wp\/v2\/posts\/77614\/revisions\/77617"}],"wp:attachment":[{"href":"https:\/\/www.visit-ulcinj.com\/blog\/wp-json\/wp\/v2\/media?parent=77614"}],"wp:term":[{"taxonomy":"category","embeddable":true,"href":"https:\/\/www.visit-ulcinj.com\/blog\/wp-json\/wp\/v2\/categories?post=77614"},{"taxonomy":"post_tag","embeddable":true,"href":"https:\/\/www.visit-ulcinj.com\/blog\/wp-json\/wp\/v2\/tags?post=77614"}],"curies":[{"name":"wp","href":"https:\/\/api.w.org\/{rel}","templated":true}]}}