{"id":77625,"date":"2013-12-28T15:38:21","date_gmt":"2013-12-28T14:38:21","guid":{"rendered":"http:\/\/www.visit-ulcinj.com\/blog\/?p=77625"},"modified":"2013-12-28T15:38:21","modified_gmt":"2013-12-28T14:38:21","slug":"fuad-haxhibeti-refuzimi-votimit-te-vendimit-per-interesa-personale","status":"publish","type":"post","link":"https:\/\/www.visit-ulcinj.com\/blog\/2013\/12\/28\/fuad-haxhibeti-refuzimi-votimit-te-vendimit-per-interesa-personale\/","title":{"rendered":"Fuad Haxhibeti: Refuzimi i votimit t\u00eb vendimit p\u00ebr interesa personale"},"content":{"rendered":"<p><strong><a href=\"http:\/\/www.visit-ulcinj.com\/blog\/wp-content\/uploads\/2013\/12\/Fuad-Haxhibeti.jpg\"><img loading=\"lazy\" class=\"alignleft  wp-image-77358\" alt=\"Fuad-Haxhibeti\" src=\"http:\/\/www.visit-ulcinj.com\/blog\/wp-content\/uploads\/2013\/12\/Fuad-Haxhibeti.jpg\" width=\"350\" height=\"297\" \/><\/a>Kumtes\u00eb\u00a0 p\u00ebr\u00a0\u00a0 opinion<\/strong><\/p>\n<p><strong>Ulqin, 28.12.2013<\/strong><\/p>\n<p style=\"text-align: center;\">\n<p style=\"text-align: center;\"><strong>Refuzimi\u00a0 i\u00a0\u00a0 votimit\u00a0 t\u00eb\u00a0\u00a0 vendimit\u00a0 p\u00ebr\u00a0 interesa\u00a0 personale<\/strong><\/p>\n<p>Refuzimi\u00a0 i\u00a0 votimit\u00a0 t\u00eb\u00a0 Vendimit\u00a0 p\u00ebr\u00a0 financim\u00a0 t\u00eb\u00a0\u00a0 p\u00ebrkohsh\u00ebm\u00a0 t\u00eb\u00a0 Komun\u00ebs\u00a0 s\u00eb\u00a0 Ulqinit\u00a0 , nga ana e k\u00ebshilltar\u00ebve\u00a0 te\u00a0 subjekteve\u00a0 politike\u00a0 n\u00eb\u00a0 Kuvendin\u00a0\u00a0 e\u00a0 Komun\u00ebs\u00a0\u00a0 s\u00eb\u00a0 Ulqinit\u00a0 me\u00a0 p\u00ebrjashtim\u00a0 t\u00eb\u00a0 Forc\u00ebs\u00a0 s\u00eb\u00a0 re\u00a0 demokratike\u00a0 ,\u00a0 d\u00ebshmon\u00a0 mos\u00a0 gadishm\u00ebrin\u00a0 dhe\u00a0 mosp\u00ebrgjegjsin\u00a0\u00a0\u00a0 e\u00a0 subjekteve\u00a0 politike .<\/p>\n<p>Me\u00a0 gjith\u00eb\u00a0 angazhimin\u00a0 maksimal\u00a0 t\u00eb\u00a0 kryetarit\u00a0 t\u00eb\u00a0 komun\u00ebs\u00a0 z.\u00a0 Nazif\u00a0 Cungut\u00a0 ,\u00a0\u00a0 q\u00eb\u00a0 p\u00ebr\u00a0 k\u00ebto\u00a0 dy\u00a0 vite ka arritur ti shlyej borxhet e b\u00ebra nga ekzekutivi i m\u00ebparsh\u00ebm n\u00eb vler\u00eb afer 4 milon\u00a0 euro, komuna nuk ka pasur mund\u00ebsi p\u00ebr t\u00eb shlyer t\u00eb gjitha obligimet financiare ndaj subjekteve t\u00eb ndryshme. Andaj duke patur parasysh gjendjen aktuale financiare,do te kishte qene e udhes qe k\u00ebshilltar\u00ebt t\u00eb reflektojn\u00eb pozitivisht ne menyre qe te \u00a0tejkalohet kjo situat\u00eb e jo t\u00eb refuzohet miratimi i Vendimit p\u00ebr financim t\u00eb p\u00ebrkohsh\u00ebm.<\/p>\n<p>Forca\u00a0 e\u00a0 re\u00a0 demokratike\u00a0 i\u00a0 kupton\u00a0 subjektet\u00a0 politike\u00a0 se\u00a0 n\u00eb\u00a0 prag\u00a0 t\u00eb\u00a0 zgjedhjeve\u00a0 lokale\u00a0 kan\u00eb\u00a0 nevoj\u00eb\u00a0 p\u00ebr\u00a0 marketing \u00a0politik\u00a0 ,\u00a0 por\u00a0 njofton\u00a0 opinonin\u00a0 se\u00a0 nj\u00eb\u00a0 veprim\u00a0 i\u00a0\u00a0 till\u00eb\u00a0\u00a0 \u00ebsht\u00eb\u00a0 kund\u00ebr\u00a0 interesave\u00a0 t\u00eb\u00a0 t\u00eb\u00a0 punsuarve dhe subjekteve\u00a0 n\u00eb\u00a0\u00a0 admininistrat\u00eb\u00a0 komunale t\u00eb\u00a0 cil\u00ebt\u00a0 gjat\u00eb\u00a0 dy\u00a0 viteve\u00a0 t\u00eb\u00a0 fundit\u00a0 punuan\u00a0 me\u00a0 nj\u00eb\u00a0 p\u00ebrkushtim\u00a0 t\u00eb\u00a0 madh. Andaj,\u00a0 nj\u00eb\u00a0 p\u00ebrgjegjesi\u00a0 e\u00a0 till\u00eb\u00a0 bie\u00a0 mbi\u00a0 ata\u00a0 subjekte politike\u00a0 t\u00eb\u00a0 cil\u00ebt\u00a0 nuk\u00a0 votuan pik\u00ebn\u00a0 e\u00a0 rendit\u00a0 t\u00eb\u00a0 dit\u00ebs p\u00ebr\u00a0 financim\u00a0 t\u00eb\u00a0 p\u00ebrkohsh\u00ebm , \u00a0ku\u00a0 n\u00eb\u00a0 rend\u00a0\u00a0 t\u00eb\u00a0 par\u00eb\u00a0 kan\u00eb\u00a0 interesin\u00a0 personal\u00a0 dhe\u00a0 partiak,\u00a0 e\u00a0 jo\u00a0\u00a0 at\u00eb\u00a0 t\u00eb\u00a0 qytetareve\u00a0 t\u00eb\u00a0 cil\u00ebt\u00a0 i\u00a0 perfaqesojne.<\/p>\n<p>Andaj ,\u00a0 si\u00a0 deri\u00a0 m\u00eb\u00a0 tash\u00a0 edhe\u00a0 n\u00eb\u00a0 t\u00eb\u00a0 ardhmen\u00a0\u00a0 Forca\u00a0\u00a0 do\u00a0 t\u00eb\u00a0 jet\u00eb\u00a0 n\u00eb\u00a0 mbrojtje\u00a0 t\u00eb\u00a0 interesit\u00a0 t\u00eb\u00a0 qytetareve ,\u00a0 dhe\u00a0 si\u00a0 e\u00a0 till\u00eb\u00a0 dallohet\u00a0 nga\u00a0 subjektet tjera\u00a0 politike , q\u00eb\u00a0 \u00ebsht\u00eb\u00a0 d\u00ebshmuar\u00a0 edhe\u00a0 me\u00a0 mb\u00ebshtetjen\u00a0 e\u00a0 votueseve\u00a0 n\u00eb\u00a0 komun\u00ebn\u00a0 e\u00a0 Ulqinit.<\/p>\n<p>&nbsp;<\/p>\n<p><strong>Kryetari i Klubit<\/strong><\/p>\n<p><strong>Mr. Fuad HAxhibeti<\/strong><\/p>\n<p>&nbsp;<\/p>\n","protected":false},"excerpt":{"rendered":"<p>Kumtes\u00eb\u00a0 p\u00ebr\u00a0\u00a0 opinion Ulqin, 28.12.2013 Refuzimi\u00a0 i\u00a0\u00a0 votimit\u00a0 t\u00eb\u00a0\u00a0 vendimit\u00a0 p\u00ebr\u00a0 interesa\u00a0 personale Refuzimi\u00a0 i\u00a0 votimit\u00a0 t\u00eb\u00a0 Vendimit\u00a0 p\u00ebr\u00a0 financim\u00a0 t\u00eb\u00a0\u00a0 p\u00ebrkohsh\u00ebm\u00a0 t\u00eb\u00a0 Komun\u00ebs\u00a0 s\u00eb\u00a0 Ulqinit\u00a0 , nga ana e k\u00ebshilltar\u00ebve\u00a0 te\u00a0 subjekteve\u00a0 politike\u00a0 n\u00eb\u00a0 Kuvendin\u00a0\u00a0 e\u00a0 Komun\u00ebs\u00a0\u00a0 s\u00eb\u00a0 Ulqinit\u00a0 me\u00a0 p\u00ebrjashtim\u00a0 t\u00eb\u00a0 Forc\u00ebs\u00a0 s\u00eb\u00a0 re\u00a0 demokratike\u00a0 ,\u00a0 d\u00ebshmon\u00a0 mos\u00a0 gadishm\u00ebrin\u00a0 dhe\u00a0 mosp\u00ebrgjegjsin\u00a0\u00a0\u00a0 e\u00a0 subjekteve\u00a0 [&hellip;]<\/p>\n","protected":false},"author":1,"featured_media":0,"comment_status":"closed","ping_status":"closed","sticky":false,"template":"","format":"standard","meta":{"spay_email":"","jetpack_publicize_message":"","jetpack_is_tweetstorm":false,"jetpack_publicize_feature_enabled":true},"categories":[6],"tags":[],"jetpack_publicize_connections":[],"yoast_head":"<!-- This site is optimized with the Yoast SEO plugin v19.1 - https:\/\/yoast.com\/wordpress\/plugins\/seo\/ -->\n<title>Fuad Haxhibeti: Refuzimi i votimit t\u00eb vendimit p\u00ebr interesa personale - Lajme nga Ulqini<\/title>\n<meta name=\"description\" content=\"Kumtes\u00eb\u00a0 p\u00ebr\u00a0\u00a0 opinion Ulqin, 28.12.2013 Refuzimi\u00a0 i\u00a0\u00a0 votimit\u00a0 t\u00eb\u00a0\u00a0 vendimit\u00a0 p\u00ebr\u00a0 interesa\u00a0 personale Refuzimi\u00a0 i\u00a0 votimit\u00a0 t\u00eb\u00a0 Vendimit\u00a0 p\u00ebr\u00a0 financim\u00a0\" \/>\n<meta name=\"robots\" content=\"index, follow, max-snippet:-1, max-image-preview:large, max-video-preview:-1\" \/>\n<link rel=\"canonical\" href=\"https:\/\/www.visit-ulcinj.com\/blog\/2013\/12\/28\/fuad-haxhibeti-refuzimi-votimit-te-vendimit-per-interesa-personale\/\" \/>\n<meta property=\"og:locale\" content=\"en_US\" \/>\n<meta property=\"og:type\" content=\"article\" \/>\n<meta property=\"og:title\" content=\"Fuad Haxhibeti: Refuzimi i votimit t\u00eb vendimit p\u00ebr interesa personale - Lajme nga Ulqini\" \/>\n<meta property=\"og:description\" content=\"Kumtes\u00eb\u00a0 p\u00ebr\u00a0\u00a0 opinion Ulqin, 28.12.2013 Refuzimi\u00a0 i\u00a0\u00a0 votimit\u00a0 t\u00eb\u00a0\u00a0 vendimit\u00a0 p\u00ebr\u00a0 interesa\u00a0 personale Refuzimi\u00a0 i\u00a0 votimit\u00a0 t\u00eb\u00a0 Vendimit\u00a0 p\u00ebr\u00a0 financim\u00a0\" \/>\n<meta property=\"og:url\" content=\"https:\/\/www.visit-ulcinj.com\/blog\/2013\/12\/28\/fuad-haxhibeti-refuzimi-votimit-te-vendimit-per-interesa-personale\/\" \/>\n<meta property=\"og:site_name\" content=\"Lajme nga Ulqini\" \/>\n<meta property=\"article:published_time\" content=\"2013-12-28T14:38:21+00:00\" \/>\n<meta property=\"og:image\" content=\"http:\/\/www.visit-ulcinj.com\/blog\/wp-content\/uploads\/2013\/12\/Fuad-Haxhibeti.jpg\" \/>\n<meta name=\"twitter:label1\" content=\"Written by\" \/>\n\t<meta name=\"twitter:data1\" content=\"ulqini\" \/>\n\t<meta name=\"twitter:label2\" content=\"Est. reading time\" \/>\n\t<meta name=\"twitter:data2\" content=\"2 minutes\" \/>\n<script type=\"application\/ld+json\" class=\"yoast-schema-graph\">{\"@context\":\"https:\/\/schema.org\",\"@graph\":[{\"@type\":\"WebSite\",\"@id\":\"https:\/\/www.visit-ulcinj.com\/blog\/#website\",\"url\":\"https:\/\/www.visit-ulcinj.com\/blog\/\",\"name\":\"Lajme nga Ulqini\",\"description\":\"Lajme,Vijesti,Ulqini,Ulqin,Crna Gora,Mali i Zi\",\"potentialAction\":[{\"@type\":\"SearchAction\",\"target\":{\"@type\":\"EntryPoint\",\"urlTemplate\":\"https:\/\/www.visit-ulcinj.com\/blog\/?s={search_term_string}\"},\"query-input\":\"required name=search_term_string\"}],\"inLanguage\":\"en-US\"},{\"@type\":\"ImageObject\",\"inLanguage\":\"en-US\",\"@id\":\"https:\/\/www.visit-ulcinj.com\/blog\/2013\/12\/28\/fuad-haxhibeti-refuzimi-votimit-te-vendimit-per-interesa-personale\/#primaryimage\",\"url\":\"https:\/\/www.visit-ulcinj.com\/blog\/wp-content\/uploads\/2013\/12\/Fuad-Haxhibeti.jpg\",\"contentUrl\":\"https:\/\/www.visit-ulcinj.com\/blog\/wp-content\/uploads\/2013\/12\/Fuad-Haxhibeti.jpg\",\"width\":384,\"height\":297},{\"@type\":\"WebPage\",\"@id\":\"https:\/\/www.visit-ulcinj.com\/blog\/2013\/12\/28\/fuad-haxhibeti-refuzimi-votimit-te-vendimit-per-interesa-personale\/#webpage\",\"url\":\"https:\/\/www.visit-ulcinj.com\/blog\/2013\/12\/28\/fuad-haxhibeti-refuzimi-votimit-te-vendimit-per-interesa-personale\/\",\"name\":\"Fuad Haxhibeti: Refuzimi i votimit t\u00eb vendimit p\u00ebr interesa personale - Lajme nga Ulqini\",\"isPartOf\":{\"@id\":\"https:\/\/www.visit-ulcinj.com\/blog\/#website\"},\"primaryImageOfPage\":{\"@id\":\"https:\/\/www.visit-ulcinj.com\/blog\/2013\/12\/28\/fuad-haxhibeti-refuzimi-votimit-te-vendimit-per-interesa-personale\/#primaryimage\"},\"datePublished\":\"2013-12-28T14:38:21+00:00\",\"dateModified\":\"2013-12-28T14:38:21+00:00\",\"author\":{\"@id\":\"https:\/\/www.visit-ulcinj.com\/blog\/#\/schema\/person\/dcab619c614d3038751c63bc2aadc06d\"},\"description\":\"Kumtes\u00eb\u00a0 p\u00ebr\u00a0\u00a0 opinion Ulqin, 28.12.2013 Refuzimi\u00a0 i\u00a0\u00a0 votimit\u00a0 t\u00eb\u00a0\u00a0 vendimit\u00a0 p\u00ebr\u00a0 interesa\u00a0 personale Refuzimi\u00a0 i\u00a0 votimit\u00a0 t\u00eb\u00a0 Vendimit\u00a0 p\u00ebr\u00a0 financim\u00a0\",\"breadcrumb\":{\"@id\":\"https:\/\/www.visit-ulcinj.com\/blog\/2013\/12\/28\/fuad-haxhibeti-refuzimi-votimit-te-vendimit-per-interesa-personale\/#breadcrumb\"},\"inLanguage\":\"en-US\",\"potentialAction\":[{\"@type\":\"ReadAction\",\"target\":[\"https:\/\/www.visit-ulcinj.com\/blog\/2013\/12\/28\/fuad-haxhibeti-refuzimi-votimit-te-vendimit-per-interesa-personale\/\"]}]},{\"@type\":\"BreadcrumbList\",\"@id\":\"https:\/\/www.visit-ulcinj.com\/blog\/2013\/12\/28\/fuad-haxhibeti-refuzimi-votimit-te-vendimit-per-interesa-personale\/#breadcrumb\",\"itemListElement\":[{\"@type\":\"ListItem\",\"position\":1,\"name\":\"Fuad Haxhibeti: Refuzimi i votimit t\u00eb vendimit p\u00ebr interesa personale\"}]},{\"@type\":\"Person\",\"@id\":\"https:\/\/www.visit-ulcinj.com\/blog\/#\/schema\/person\/dcab619c614d3038751c63bc2aadc06d\",\"name\":\"ulqini\",\"sameAs\":[\"http:\/\/www.visit-ulcinj.com\"],\"url\":\"https:\/\/www.visit-ulcinj.com\/blog\/author\/admin\/\"}]}<\/script>\n<!-- \/ Yoast SEO plugin. -->","yoast_head_json":{"title":"Fuad Haxhibeti: Refuzimi i votimit t\u00eb vendimit p\u00ebr interesa personale - Lajme nga Ulqini","description":"Kumtes\u00eb\u00a0 p\u00ebr\u00a0\u00a0 opinion Ulqin, 28.12.2013 Refuzimi\u00a0 i\u00a0\u00a0 votimit\u00a0 t\u00eb\u00a0\u00a0 vendimit\u00a0 p\u00ebr\u00a0 interesa\u00a0 personale Refuzimi\u00a0 i\u00a0 votimit\u00a0 t\u00eb\u00a0 Vendimit\u00a0 p\u00ebr\u00a0 financim\u00a0","robots":{"index":"index","follow":"follow","max-snippet":"max-snippet:-1","max-image-preview":"max-image-preview:large","max-video-preview":"max-video-preview:-1"},"canonical":"https:\/\/www.visit-ulcinj.com\/blog\/2013\/12\/28\/fuad-haxhibeti-refuzimi-votimit-te-vendimit-per-interesa-personale\/","og_locale":"en_US","og_type":"article","og_title":"Fuad Haxhibeti: Refuzimi i votimit t\u00eb vendimit p\u00ebr interesa personale - Lajme nga Ulqini","og_description":"Kumtes\u00eb\u00a0 p\u00ebr\u00a0\u00a0 opinion Ulqin, 28.12.2013 Refuzimi\u00a0 i\u00a0\u00a0 votimit\u00a0 t\u00eb\u00a0\u00a0 vendimit\u00a0 p\u00ebr\u00a0 interesa\u00a0 personale Refuzimi\u00a0 i\u00a0 votimit\u00a0 t\u00eb\u00a0 Vendimit\u00a0 p\u00ebr\u00a0 financim\u00a0","og_url":"https:\/\/www.visit-ulcinj.com\/blog\/2013\/12\/28\/fuad-haxhibeti-refuzimi-votimit-te-vendimit-per-interesa-personale\/","og_site_name":"Lajme nga Ulqini","article_published_time":"2013-12-28T14:38:21+00:00","og_image":[{"url":"http:\/\/www.visit-ulcinj.com\/blog\/wp-content\/uploads\/2013\/12\/Fuad-Haxhibeti.jpg"}],"twitter_misc":{"Written by":"ulqini","Est. reading time":"2 minutes"},"schema":{"@context":"https:\/\/schema.org","@graph":[{"@type":"WebSite","@id":"https:\/\/www.visit-ulcinj.com\/blog\/#website","url":"https:\/\/www.visit-ulcinj.com\/blog\/","name":"Lajme nga Ulqini","description":"Lajme,Vijesti,Ulqini,Ulqin,Crna Gora,Mali i Zi","potentialAction":[{"@type":"SearchAction","target":{"@type":"EntryPoint","urlTemplate":"https:\/\/www.visit-ulcinj.com\/blog\/?s={search_term_string}"},"query-input":"required name=search_term_string"}],"inLanguage":"en-US"},{"@type":"ImageObject","inLanguage":"en-US","@id":"https:\/\/www.visit-ulcinj.com\/blog\/2013\/12\/28\/fuad-haxhibeti-refuzimi-votimit-te-vendimit-per-interesa-personale\/#primaryimage","url":"https:\/\/www.visit-ulcinj.com\/blog\/wp-content\/uploads\/2013\/12\/Fuad-Haxhibeti.jpg","contentUrl":"https:\/\/www.visit-ulcinj.com\/blog\/wp-content\/uploads\/2013\/12\/Fuad-Haxhibeti.jpg","width":384,"height":297},{"@type":"WebPage","@id":"https:\/\/www.visit-ulcinj.com\/blog\/2013\/12\/28\/fuad-haxhibeti-refuzimi-votimit-te-vendimit-per-interesa-personale\/#webpage","url":"https:\/\/www.visit-ulcinj.com\/blog\/2013\/12\/28\/fuad-haxhibeti-refuzimi-votimit-te-vendimit-per-interesa-personale\/","name":"Fuad Haxhibeti: Refuzimi i votimit t\u00eb vendimit p\u00ebr interesa personale - Lajme nga Ulqini","isPartOf":{"@id":"https:\/\/www.visit-ulcinj.com\/blog\/#website"},"primaryImageOfPage":{"@id":"https:\/\/www.visit-ulcinj.com\/blog\/2013\/12\/28\/fuad-haxhibeti-refuzimi-votimit-te-vendimit-per-interesa-personale\/#primaryimage"},"datePublished":"2013-12-28T14:38:21+00:00","dateModified":"2013-12-28T14:38:21+00:00","author":{"@id":"https:\/\/www.visit-ulcinj.com\/blog\/#\/schema\/person\/dcab619c614d3038751c63bc2aadc06d"},"description":"Kumtes\u00eb\u00a0 p\u00ebr\u00a0\u00a0 opinion Ulqin, 28.12.2013 Refuzimi\u00a0 i\u00a0\u00a0 votimit\u00a0 t\u00eb\u00a0\u00a0 vendimit\u00a0 p\u00ebr\u00a0 interesa\u00a0 personale Refuzimi\u00a0 i\u00a0 votimit\u00a0 t\u00eb\u00a0 Vendimit\u00a0 p\u00ebr\u00a0 financim\u00a0","breadcrumb":{"@id":"https:\/\/www.visit-ulcinj.com\/blog\/2013\/12\/28\/fuad-haxhibeti-refuzimi-votimit-te-vendimit-per-interesa-personale\/#breadcrumb"},"inLanguage":"en-US","potentialAction":[{"@type":"ReadAction","target":["https:\/\/www.visit-ulcinj.com\/blog\/2013\/12\/28\/fuad-haxhibeti-refuzimi-votimit-te-vendimit-per-interesa-personale\/"]}]},{"@type":"BreadcrumbList","@id":"https:\/\/www.visit-ulcinj.com\/blog\/2013\/12\/28\/fuad-haxhibeti-refuzimi-votimit-te-vendimit-per-interesa-personale\/#breadcrumb","itemListElement":[{"@type":"ListItem","position":1,"name":"Fuad Haxhibeti: Refuzimi i votimit t\u00eb vendimit p\u00ebr interesa personale"}]},{"@type":"Person","@id":"https:\/\/www.visit-ulcinj.com\/blog\/#\/schema\/person\/dcab619c614d3038751c63bc2aadc06d","name":"ulqini","sameAs":["http:\/\/www.visit-ulcinj.com"],"url":"https:\/\/www.visit-ulcinj.com\/blog\/author\/admin\/"}]}},"jetpack_featured_media_url":"","jetpack_sharing_enabled":true,"jetpack_shortlink":"https:\/\/wp.me\/pe6lTn-kc1","_links":{"self":[{"href":"https:\/\/www.visit-ulcinj.com\/blog\/wp-json\/wp\/v2\/posts\/77625"}],"collection":[{"href":"https:\/\/www.visit-ulcinj.com\/blog\/wp-json\/wp\/v2\/posts"}],"about":[{"href":"https:\/\/www.visit-ulcinj.com\/blog\/wp-json\/wp\/v2\/types\/post"}],"author":[{"embeddable":true,"href":"https:\/\/www.visit-ulcinj.com\/blog\/wp-json\/wp\/v2\/users\/1"}],"replies":[{"embeddable":true,"href":"https:\/\/www.visit-ulcinj.com\/blog\/wp-json\/wp\/v2\/comments?post=77625"}],"version-history":[{"count":1,"href":"https:\/\/www.visit-ulcinj.com\/blog\/wp-json\/wp\/v2\/posts\/77625\/revisions"}],"predecessor-version":[{"id":77626,"href":"https:\/\/www.visit-ulcinj.com\/blog\/wp-json\/wp\/v2\/posts\/77625\/revisions\/77626"}],"wp:attachment":[{"href":"https:\/\/www.visit-ulcinj.com\/blog\/wp-json\/wp\/v2\/media?parent=77625"}],"wp:term":[{"taxonomy":"category","embeddable":true,"href":"https:\/\/www.visit-ulcinj.com\/blog\/wp-json\/wp\/v2\/categories?post=77625"},{"taxonomy":"post_tag","embeddable":true,"href":"https:\/\/www.visit-ulcinj.com\/blog\/wp-json\/wp\/v2\/tags?post=77625"}],"curies":[{"name":"wp","href":"https:\/\/api.w.org\/{rel}","templated":true}]}}