{"id":77627,"date":"2013-12-28T18:36:43","date_gmt":"2013-12-28T17:36:43","guid":{"rendered":"http:\/\/www.visit-ulcinj.com\/blog\/?p=77627"},"modified":"2013-12-28T18:36:43","modified_gmt":"2013-12-28T17:36:43","slug":"art-club-shenon-23-vjetorin-e-themelimit","status":"publish","type":"post","link":"https:\/\/www.visit-ulcinj.com\/blog\/2013\/12\/28\/art-club-shenon-23-vjetorin-e-themelimit\/","title":{"rendered":"\u201cArt Club\u201d sh\u00ebnon 23-vjetorin e themelimit"},"content":{"rendered":"<p><a href=\"http:\/\/www.visit-ulcinj.com\/blog\/wp-content\/uploads\/2013\/12\/Kalimera-Poetike-Art-Club-Ulqin-1.jpg\"><img loading=\"lazy\" class=\"alignleft  wp-image-77628\" alt=\"Kalimera-Poetike-Art-Club-Ulqin-1\" src=\"http:\/\/www.visit-ulcinj.com\/blog\/wp-content\/uploads\/2013\/12\/Kalimera-Poetike-Art-Club-Ulqin-1.jpg\" width=\"508\" height=\"303\" \/><\/a>Shoqata e Artist\u00ebve dhe Intelektual\u00ebve \u201cArt Club\u201d sh\u00ebnoi sot 23-vjetorin e themelimit me nj\u00eb takim pune t\u00eb an\u00ebtar\u00ebve t\u00eb saj, ku u prezantuan rezultatet e arritura gjat\u00eb vitit 2013.<\/p>\n<p>Pavar\u00ebsisht ndihm\u00ebs s\u00eb vog\u00ebl institucionale p\u00ebr kultur\u00ebn, sidomos n\u00eb k\u00ebt\u00eb koh\u00eb krize, viti q\u00eb po l\u00ebm\u00eb pas \u00ebsht\u00eb vazhdim i pun\u00ebs s\u00eb deritashme t\u00eb suksesshme t\u00eb \u201cArt Club\u201d-it p\u00ebr ruajtjen dhe afirmimin e kultur\u00ebs, let\u00ebrsis\u00eb, artit dhe shkenc\u00ebs shqiptare n\u00eb Malin e Zi.<\/p>\n<p>N\u00eb fush\u00ebn e veprimtaris\u00eb botuese, gjat\u00eb k\u00ebtij viti me firm\u00ebn e \u201cArt Club\u201d-it, i cili \u00ebsht\u00eb botuesi m\u00eb i madh nd\u00ebr shqiptar\u00ebt n\u00eb Mal t\u00eb Zi, jan\u00eb botuar 11 tituj t\u00eb rinj, nd\u00ebrkaq kat\u00ebr libra t\u00eb tjer\u00eb gjenden n\u00eb procesin e shtypit dhe pritet t\u00eb botohen s\u00eb shpejti. Krahas k\u00ebsaj, \u00ebsht\u00eb realizuar me sukses edhe nj\u00eb edicion i manifestimit \u201cKalimera Poetike\u201d, duke sjell\u00eb n\u00eb Ulqin emrat m\u00eb kulmor\u00eb t\u00eb let\u00ebrsis\u00eb shqipe dhe ballkanike, dhe \u00ebsht\u00eb mbajtur p\u00ebr t\u00eb par\u00ebn her\u00eb n\u00eb Ulqin manifestimi \u201cDit\u00ebt e filmit dokumentar dhe t\u00eb shkurt\u00ebr shqiptar\u201d, ku jan\u00eb prezantuar t\u00eb arriturat e fundit n\u00eb k\u00ebto gjini t\u00eb kinematografis\u00eb shqiptare. Po ashtu jan\u00eb organizuar edhe disa p\u00ebrurime t\u00eb librave dhe sh\u00ebnime t\u00eb p\u00ebrvjetor\u00ebve.<\/p>\n<p>SHAI \u201cArt Club\u201d fal\u00ebnderon t\u00eb gjith\u00eb donator\u00ebt q\u00eb e kan\u00eb mb\u00ebshtetur n\u00eb realizimin e projekteve t\u00eb tij.<\/p>\n<p>Shoqata e Artist\u00ebve dhe Intelektual\u00ebve \u201cArt Club\u201d \u00ebsht\u00eb themeluar m\u00eb 28 dhjetor 1990 nga nj\u00eb grup i dalluar i krijuesve t\u00eb Ulqinit. Ajo \u00ebsht\u00eb nj\u00eb nd\u00ebr shoqatat m\u00eb t\u00eb vjetra t\u00eb shoq\u00ebris\u00eb civile t\u00eb krijuara n\u00eb periudh\u00ebn e pluralizmit, jo vet\u00ebm nd\u00ebr shqiptar\u00ebt, por n\u00eb t\u00ebr\u00eb Malin e Zi.<\/p>\n<p><strong>Ulqin, m\u00eb 28 dhjetor 2013<\/strong><\/p>\n","protected":false},"excerpt":{"rendered":"<p>Shoqata e Artist\u00ebve dhe Intelektual\u00ebve \u201cArt Club\u201d sh\u00ebnoi sot 23-vjetorin e themelimit me nj\u00eb takim pune t\u00eb an\u00ebtar\u00ebve t\u00eb saj, ku u prezantuan rezultatet e arritura gjat\u00eb vitit 2013. Pavar\u00ebsisht ndihm\u00ebs s\u00eb vog\u00ebl institucionale p\u00ebr kultur\u00ebn, sidomos n\u00eb k\u00ebt\u00eb koh\u00eb krize, viti q\u00eb po l\u00ebm\u00eb pas \u00ebsht\u00eb vazhdim i pun\u00ebs s\u00eb deritashme t\u00eb suksesshme t\u00eb [&hellip;]<\/p>\n","protected":false},"author":1,"featured_media":0,"comment_status":"closed","ping_status":"closed","sticky":false,"template":"","format":"standard","meta":{"spay_email":"","jetpack_publicize_message":"","jetpack_is_tweetstorm":false,"jetpack_publicize_feature_enabled":true},"categories":[4],"tags":[],"jetpack_publicize_connections":[],"yoast_head":"<!-- This site is optimized with the Yoast SEO plugin v19.1 - https:\/\/yoast.com\/wordpress\/plugins\/seo\/ -->\n<title>\u201cArt Club\u201d sh\u00ebnon 23-vjetorin e themelimit - Lajme nga Ulqini<\/title>\n<meta name=\"description\" content=\"Shoqata e Artist\u00ebve dhe Intelektual\u00ebve \u201cArt Club\u201d sh\u00ebnoi sot 23-vjetorin e themelimit me nj\u00eb takim pune t\u00eb an\u00ebtar\u00ebve t\u00eb saj, ku u prezantuan rezultatet e\" \/>\n<meta name=\"robots\" content=\"index, follow, max-snippet:-1, max-image-preview:large, max-video-preview:-1\" \/>\n<link rel=\"canonical\" href=\"https:\/\/www.visit-ulcinj.com\/blog\/2013\/12\/28\/art-club-shenon-23-vjetorin-e-themelimit\/\" \/>\n<meta property=\"og:locale\" content=\"en_US\" \/>\n<meta property=\"og:type\" content=\"article\" \/>\n<meta property=\"og:title\" content=\"\u201cArt Club\u201d sh\u00ebnon 23-vjetorin e themelimit - Lajme nga Ulqini\" \/>\n<meta property=\"og:description\" content=\"Shoqata e Artist\u00ebve dhe Intelektual\u00ebve \u201cArt Club\u201d sh\u00ebnoi sot 23-vjetorin e themelimit me nj\u00eb takim pune t\u00eb an\u00ebtar\u00ebve t\u00eb saj, ku u prezantuan rezultatet e\" \/>\n<meta property=\"og:url\" content=\"https:\/\/www.visit-ulcinj.com\/blog\/2013\/12\/28\/art-club-shenon-23-vjetorin-e-themelimit\/\" \/>\n<meta property=\"og:site_name\" content=\"Lajme nga Ulqini\" \/>\n<meta property=\"article:published_time\" content=\"2013-12-28T17:36:43+00:00\" \/>\n<meta property=\"og:image\" content=\"http:\/\/www.visit-ulcinj.com\/blog\/wp-content\/uploads\/2013\/12\/Kalimera-Poetike-Art-Club-Ulqin-1.jpg\" \/>\n<meta name=\"twitter:label1\" content=\"Written by\" \/>\n\t<meta name=\"twitter:data1\" content=\"ulqini\" \/>\n\t<meta name=\"twitter:label2\" content=\"Est. reading time\" \/>\n\t<meta name=\"twitter:data2\" content=\"2 minutes\" \/>\n<script type=\"application\/ld+json\" class=\"yoast-schema-graph\">{\"@context\":\"https:\/\/schema.org\",\"@graph\":[{\"@type\":\"WebSite\",\"@id\":\"https:\/\/www.visit-ulcinj.com\/blog\/#website\",\"url\":\"https:\/\/www.visit-ulcinj.com\/blog\/\",\"name\":\"Lajme nga Ulqini\",\"description\":\"Lajme,Vijesti,Ulqini,Ulqin,Crna Gora,Mali i Zi\",\"potentialAction\":[{\"@type\":\"SearchAction\",\"target\":{\"@type\":\"EntryPoint\",\"urlTemplate\":\"https:\/\/www.visit-ulcinj.com\/blog\/?s={search_term_string}\"},\"query-input\":\"required name=search_term_string\"}],\"inLanguage\":\"en-US\"},{\"@type\":\"ImageObject\",\"inLanguage\":\"en-US\",\"@id\":\"https:\/\/www.visit-ulcinj.com\/blog\/2013\/12\/28\/art-club-shenon-23-vjetorin-e-themelimit\/#primaryimage\",\"url\":\"https:\/\/www.visit-ulcinj.com\/blog\/wp-content\/uploads\/2013\/12\/Kalimera-Poetike-Art-Club-Ulqin-1.jpg\",\"contentUrl\":\"https:\/\/www.visit-ulcinj.com\/blog\/wp-content\/uploads\/2013\/12\/Kalimera-Poetike-Art-Club-Ulqin-1.jpg\",\"width\":486,\"height\":303},{\"@type\":\"WebPage\",\"@id\":\"https:\/\/www.visit-ulcinj.com\/blog\/2013\/12\/28\/art-club-shenon-23-vjetorin-e-themelimit\/#webpage\",\"url\":\"https:\/\/www.visit-ulcinj.com\/blog\/2013\/12\/28\/art-club-shenon-23-vjetorin-e-themelimit\/\",\"name\":\"\u201cArt Club\u201d sh\u00ebnon 23-vjetorin e themelimit - Lajme nga Ulqini\",\"isPartOf\":{\"@id\":\"https:\/\/www.visit-ulcinj.com\/blog\/#website\"},\"primaryImageOfPage\":{\"@id\":\"https:\/\/www.visit-ulcinj.com\/blog\/2013\/12\/28\/art-club-shenon-23-vjetorin-e-themelimit\/#primaryimage\"},\"datePublished\":\"2013-12-28T17:36:43+00:00\",\"dateModified\":\"2013-12-28T17:36:43+00:00\",\"author\":{\"@id\":\"https:\/\/www.visit-ulcinj.com\/blog\/#\/schema\/person\/dcab619c614d3038751c63bc2aadc06d\"},\"description\":\"Shoqata e Artist\u00ebve dhe Intelektual\u00ebve \u201cArt Club\u201d sh\u00ebnoi sot 23-vjetorin e themelimit me nj\u00eb takim pune t\u00eb an\u00ebtar\u00ebve t\u00eb saj, ku u prezantuan rezultatet e\",\"breadcrumb\":{\"@id\":\"https:\/\/www.visit-ulcinj.com\/blog\/2013\/12\/28\/art-club-shenon-23-vjetorin-e-themelimit\/#breadcrumb\"},\"inLanguage\":\"en-US\",\"potentialAction\":[{\"@type\":\"ReadAction\",\"target\":[\"https:\/\/www.visit-ulcinj.com\/blog\/2013\/12\/28\/art-club-shenon-23-vjetorin-e-themelimit\/\"]}]},{\"@type\":\"BreadcrumbList\",\"@id\":\"https:\/\/www.visit-ulcinj.com\/blog\/2013\/12\/28\/art-club-shenon-23-vjetorin-e-themelimit\/#breadcrumb\",\"itemListElement\":[{\"@type\":\"ListItem\",\"position\":1,\"name\":\"\u201cArt Club\u201d sh\u00ebnon 23-vjetorin e themelimit\"}]},{\"@type\":\"Person\",\"@id\":\"https:\/\/www.visit-ulcinj.com\/blog\/#\/schema\/person\/dcab619c614d3038751c63bc2aadc06d\",\"name\":\"ulqini\",\"sameAs\":[\"http:\/\/www.visit-ulcinj.com\"],\"url\":\"https:\/\/www.visit-ulcinj.com\/blog\/author\/admin\/\"}]}<\/script>\n<!-- \/ Yoast SEO plugin. -->","yoast_head_json":{"title":"\u201cArt Club\u201d sh\u00ebnon 23-vjetorin e themelimit - Lajme nga Ulqini","description":"Shoqata e Artist\u00ebve dhe Intelektual\u00ebve \u201cArt Club\u201d sh\u00ebnoi sot 23-vjetorin e themelimit me nj\u00eb takim pune t\u00eb an\u00ebtar\u00ebve t\u00eb saj, ku u prezantuan rezultatet e","robots":{"index":"index","follow":"follow","max-snippet":"max-snippet:-1","max-image-preview":"max-image-preview:large","max-video-preview":"max-video-preview:-1"},"canonical":"https:\/\/www.visit-ulcinj.com\/blog\/2013\/12\/28\/art-club-shenon-23-vjetorin-e-themelimit\/","og_locale":"en_US","og_type":"article","og_title":"\u201cArt Club\u201d sh\u00ebnon 23-vjetorin e themelimit - Lajme nga Ulqini","og_description":"Shoqata e Artist\u00ebve dhe Intelektual\u00ebve \u201cArt Club\u201d sh\u00ebnoi sot 23-vjetorin e themelimit me nj\u00eb takim pune t\u00eb an\u00ebtar\u00ebve t\u00eb saj, ku u prezantuan rezultatet e","og_url":"https:\/\/www.visit-ulcinj.com\/blog\/2013\/12\/28\/art-club-shenon-23-vjetorin-e-themelimit\/","og_site_name":"Lajme nga Ulqini","article_published_time":"2013-12-28T17:36:43+00:00","og_image":[{"url":"http:\/\/www.visit-ulcinj.com\/blog\/wp-content\/uploads\/2013\/12\/Kalimera-Poetike-Art-Club-Ulqin-1.jpg"}],"twitter_misc":{"Written by":"ulqini","Est. reading time":"2 minutes"},"schema":{"@context":"https:\/\/schema.org","@graph":[{"@type":"WebSite","@id":"https:\/\/www.visit-ulcinj.com\/blog\/#website","url":"https:\/\/www.visit-ulcinj.com\/blog\/","name":"Lajme nga Ulqini","description":"Lajme,Vijesti,Ulqini,Ulqin,Crna Gora,Mali i Zi","potentialAction":[{"@type":"SearchAction","target":{"@type":"EntryPoint","urlTemplate":"https:\/\/www.visit-ulcinj.com\/blog\/?s={search_term_string}"},"query-input":"required name=search_term_string"}],"inLanguage":"en-US"},{"@type":"ImageObject","inLanguage":"en-US","@id":"https:\/\/www.visit-ulcinj.com\/blog\/2013\/12\/28\/art-club-shenon-23-vjetorin-e-themelimit\/#primaryimage","url":"https:\/\/www.visit-ulcinj.com\/blog\/wp-content\/uploads\/2013\/12\/Kalimera-Poetike-Art-Club-Ulqin-1.jpg","contentUrl":"https:\/\/www.visit-ulcinj.com\/blog\/wp-content\/uploads\/2013\/12\/Kalimera-Poetike-Art-Club-Ulqin-1.jpg","width":486,"height":303},{"@type":"WebPage","@id":"https:\/\/www.visit-ulcinj.com\/blog\/2013\/12\/28\/art-club-shenon-23-vjetorin-e-themelimit\/#webpage","url":"https:\/\/www.visit-ulcinj.com\/blog\/2013\/12\/28\/art-club-shenon-23-vjetorin-e-themelimit\/","name":"\u201cArt Club\u201d sh\u00ebnon 23-vjetorin e themelimit - Lajme nga Ulqini","isPartOf":{"@id":"https:\/\/www.visit-ulcinj.com\/blog\/#website"},"primaryImageOfPage":{"@id":"https:\/\/www.visit-ulcinj.com\/blog\/2013\/12\/28\/art-club-shenon-23-vjetorin-e-themelimit\/#primaryimage"},"datePublished":"2013-12-28T17:36:43+00:00","dateModified":"2013-12-28T17:36:43+00:00","author":{"@id":"https:\/\/www.visit-ulcinj.com\/blog\/#\/schema\/person\/dcab619c614d3038751c63bc2aadc06d"},"description":"Shoqata e Artist\u00ebve dhe Intelektual\u00ebve \u201cArt Club\u201d sh\u00ebnoi sot 23-vjetorin e themelimit me nj\u00eb takim pune t\u00eb an\u00ebtar\u00ebve t\u00eb saj, ku u prezantuan rezultatet e","breadcrumb":{"@id":"https:\/\/www.visit-ulcinj.com\/blog\/2013\/12\/28\/art-club-shenon-23-vjetorin-e-themelimit\/#breadcrumb"},"inLanguage":"en-US","potentialAction":[{"@type":"ReadAction","target":["https:\/\/www.visit-ulcinj.com\/blog\/2013\/12\/28\/art-club-shenon-23-vjetorin-e-themelimit\/"]}]},{"@type":"BreadcrumbList","@id":"https:\/\/www.visit-ulcinj.com\/blog\/2013\/12\/28\/art-club-shenon-23-vjetorin-e-themelimit\/#breadcrumb","itemListElement":[{"@type":"ListItem","position":1,"name":"\u201cArt Club\u201d sh\u00ebnon 23-vjetorin e themelimit"}]},{"@type":"Person","@id":"https:\/\/www.visit-ulcinj.com\/blog\/#\/schema\/person\/dcab619c614d3038751c63bc2aadc06d","name":"ulqini","sameAs":["http:\/\/www.visit-ulcinj.com"],"url":"https:\/\/www.visit-ulcinj.com\/blog\/author\/admin\/"}]}},"jetpack_featured_media_url":"","jetpack_sharing_enabled":true,"jetpack_shortlink":"https:\/\/wp.me\/pe6lTn-kc3","_links":{"self":[{"href":"https:\/\/www.visit-ulcinj.com\/blog\/wp-json\/wp\/v2\/posts\/77627"}],"collection":[{"href":"https:\/\/www.visit-ulcinj.com\/blog\/wp-json\/wp\/v2\/posts"}],"about":[{"href":"https:\/\/www.visit-ulcinj.com\/blog\/wp-json\/wp\/v2\/types\/post"}],"author":[{"embeddable":true,"href":"https:\/\/www.visit-ulcinj.com\/blog\/wp-json\/wp\/v2\/users\/1"}],"replies":[{"embeddable":true,"href":"https:\/\/www.visit-ulcinj.com\/blog\/wp-json\/wp\/v2\/comments?post=77627"}],"version-history":[{"count":1,"href":"https:\/\/www.visit-ulcinj.com\/blog\/wp-json\/wp\/v2\/posts\/77627\/revisions"}],"predecessor-version":[{"id":77629,"href":"https:\/\/www.visit-ulcinj.com\/blog\/wp-json\/wp\/v2\/posts\/77627\/revisions\/77629"}],"wp:attachment":[{"href":"https:\/\/www.visit-ulcinj.com\/blog\/wp-json\/wp\/v2\/media?parent=77627"}],"wp:term":[{"taxonomy":"category","embeddable":true,"href":"https:\/\/www.visit-ulcinj.com\/blog\/wp-json\/wp\/v2\/categories?post=77627"},{"taxonomy":"post_tag","embeddable":true,"href":"https:\/\/www.visit-ulcinj.com\/blog\/wp-json\/wp\/v2\/tags?post=77627"}],"curies":[{"name":"wp","href":"https:\/\/api.w.org\/{rel}","templated":true}]}}