{"id":77637,"date":"2013-12-28T18:52:07","date_gmt":"2013-12-28T17:52:07","guid":{"rendered":"http:\/\/www.visit-ulcinj.com\/blog\/?p=77637"},"modified":"2013-12-28T18:52:07","modified_gmt":"2013-12-28T17:52:07","slug":"dritan-abazovic-na-celu-liste-pozitivne-u-ulcinju","status":"publish","type":"post","link":"https:\/\/www.visit-ulcinj.com\/blog\/2013\/12\/28\/dritan-abazovic-na-celu-liste-pozitivne-u-ulcinju\/","title":{"rendered":"Dritan Abazovi\u0107 na \u010delu liste Pozitivne u Ulcinju"},"content":{"rendered":"<div>\n<p><strong><a href=\"http:\/\/www.visit-ulcinj.com\/blog\/wp-content\/uploads\/2012\/09\/pozitivna-crna-gora-DRITAN-ABAZOVIC1.jpg\"><img loading=\"lazy\" class=\"alignleft  wp-image-63428\" alt=\"pozitivna crna gora - DRITAN ABAZOVIC\" src=\"http:\/\/www.visit-ulcinj.com\/blog\/wp-content\/uploads\/2012\/09\/pozitivna-crna-gora-DRITAN-ABAZOVIC1.jpg\" width=\"508\" height=\"300\" \/><\/a>PODGORICA \u2013 Predsjedni\u0161tvo Pozitivne Crne Gore predlo\u017eilo je Glavnom odboru stranke da nosilac izborne liste u Ulcinju bude Dritan Abazovi\u0107, saop\u0161teno je iz te partije.<\/strong><\/p>\n<p>Predsjedni\u0161tvo je predlo\u017eilo usvajanje liste kandidata za odbornike na lokalnim izborima u Ulcinju, a za nosioca liste predlo\u017een je Dritan Abazovi\u0107.<\/p>\n<p>OO Pozitivne Crne Gore Ulcinj je sredinom decembra izabrano Predsjedni\u0161tvo i \u0161est novih \u010dlanova odbora.<\/p>\n<p>Predsjedni\u0161tvo OO Ulcinj \u010dine tri potpredsjednika Omer Bajraktari, Safet Beci i D\u017eenan Mavri\u0107, dok su koordinatori za medije Arjana Kurmemovi\u0107, Ilir Harasani i Aleksandar Latkovi\u0107.<\/p>\n<p>Op\u0161tinski odbor \u00a0je pro\u0161iren sa \u0161est novih \u010dlanova: Fuad Lame\u017eevi\u0107, \u0106i\u0107o Batri\u0107evi\u0107 Aleksandar Latkovi\u0107, Taulant Kraja, Almir Kolari i Aleksandar Per\u010dubi\u0107.<\/p>\n<p>Izbori u najju\u017enijoj crnogorskoj op\u0161tini zakazani su za 26. januar naredne godine.<\/p>\n<p><strong><em>Iv.P.<br \/>\nIzvor: POBJEDA<br \/>\n<\/em><\/strong><\/p>\n<\/div>\n","protected":false},"excerpt":{"rendered":"<p>PODGORICA \u2013 Predsjedni\u0161tvo Pozitivne Crne Gore predlo\u017eilo je Glavnom odboru stranke da nosilac izborne liste u Ulcinju bude Dritan Abazovi\u0107, saop\u0161teno je iz te partije. Predsjedni\u0161tvo je predlo\u017eilo usvajanje liste kandidata za odbornike na lokalnim izborima u Ulcinju, a za nosioca liste predlo\u017een je Dritan Abazovi\u0107. OO Pozitivne Crne Gore Ulcinj je sredinom decembra izabrano [&hellip;]<\/p>\n","protected":false},"author":1,"featured_media":0,"comment_status":"closed","ping_status":"closed","sticky":false,"template":"","format":"standard","meta":{"spay_email":"","jetpack_publicize_message":"","jetpack_is_tweetstorm":false,"jetpack_publicize_feature_enabled":true},"categories":[8337],"tags":[],"jetpack_publicize_connections":[],"yoast_head":"<!-- This site is optimized with the Yoast SEO plugin v19.1 - https:\/\/yoast.com\/wordpress\/plugins\/seo\/ -->\n<title>Dritan Abazovi\u0107 na \u010delu liste Pozitivne u Ulcinju - Lajme nga Ulqini<\/title>\n<meta name=\"description\" content=\"PODGORICA \u2013 Predsjedni\u0161tvo Pozitivne Crne Gore predlo\u017eilo je Glavnom odboru stranke da nosilac izborne liste u Ulcinju bude Dritan Abazovi\u0107, saop\u0161teno je\" \/>\n<meta name=\"robots\" content=\"index, follow, max-snippet:-1, max-image-preview:large, max-video-preview:-1\" \/>\n<link rel=\"canonical\" href=\"https:\/\/www.visit-ulcinj.com\/blog\/2013\/12\/28\/dritan-abazovic-na-celu-liste-pozitivne-u-ulcinju\/\" \/>\n<meta property=\"og:locale\" content=\"en_US\" \/>\n<meta property=\"og:type\" content=\"article\" \/>\n<meta property=\"og:title\" content=\"Dritan Abazovi\u0107 na \u010delu liste Pozitivne u Ulcinju - Lajme nga Ulqini\" \/>\n<meta property=\"og:description\" content=\"PODGORICA \u2013 Predsjedni\u0161tvo Pozitivne Crne Gore predlo\u017eilo je Glavnom odboru stranke da nosilac izborne liste u Ulcinju bude Dritan Abazovi\u0107, saop\u0161teno je\" \/>\n<meta property=\"og:url\" content=\"https:\/\/www.visit-ulcinj.com\/blog\/2013\/12\/28\/dritan-abazovic-na-celu-liste-pozitivne-u-ulcinju\/\" \/>\n<meta property=\"og:site_name\" content=\"Lajme nga Ulqini\" \/>\n<meta property=\"article:published_time\" content=\"2013-12-28T17:52:07+00:00\" \/>\n<meta property=\"og:image\" content=\"http:\/\/www.visit-ulcinj.com\/blog\/wp-content\/uploads\/2012\/09\/pozitivna-crna-gora-DRITAN-ABAZOVIC1.jpg\" \/>\n<meta name=\"twitter:label1\" content=\"Written by\" \/>\n\t<meta name=\"twitter:data1\" content=\"ulqini\" \/>\n\t<meta name=\"twitter:label2\" content=\"Est. reading time\" \/>\n\t<meta name=\"twitter:data2\" content=\"1 minute\" \/>\n<script type=\"application\/ld+json\" class=\"yoast-schema-graph\">{\"@context\":\"https:\/\/schema.org\",\"@graph\":[{\"@type\":\"WebSite\",\"@id\":\"https:\/\/www.visit-ulcinj.com\/blog\/#website\",\"url\":\"https:\/\/www.visit-ulcinj.com\/blog\/\",\"name\":\"Lajme nga Ulqini\",\"description\":\"Lajme,Vijesti,Ulqini,Ulqin,Crna Gora,Mali i Zi\",\"potentialAction\":[{\"@type\":\"SearchAction\",\"target\":{\"@type\":\"EntryPoint\",\"urlTemplate\":\"https:\/\/www.visit-ulcinj.com\/blog\/?s={search_term_string}\"},\"query-input\":\"required name=search_term_string\"}],\"inLanguage\":\"en-US\"},{\"@type\":\"ImageObject\",\"inLanguage\":\"en-US\",\"@id\":\"https:\/\/www.visit-ulcinj.com\/blog\/2013\/12\/28\/dritan-abazovic-na-celu-liste-pozitivne-u-ulcinju\/#primaryimage\",\"url\":\"https:\/\/www.visit-ulcinj.com\/blog\/wp-content\/uploads\/2012\/09\/pozitivna-crna-gora-DRITAN-ABAZOVIC1.jpg\",\"contentUrl\":\"https:\/\/www.visit-ulcinj.com\/blog\/wp-content\/uploads\/2012\/09\/pozitivna-crna-gora-DRITAN-ABAZOVIC1.jpg\",\"width\":\"590\",\"height\":\"260\"},{\"@type\":\"WebPage\",\"@id\":\"https:\/\/www.visit-ulcinj.com\/blog\/2013\/12\/28\/dritan-abazovic-na-celu-liste-pozitivne-u-ulcinju\/#webpage\",\"url\":\"https:\/\/www.visit-ulcinj.com\/blog\/2013\/12\/28\/dritan-abazovic-na-celu-liste-pozitivne-u-ulcinju\/\",\"name\":\"Dritan Abazovi\u0107 na \u010delu liste Pozitivne u Ulcinju - Lajme nga Ulqini\",\"isPartOf\":{\"@id\":\"https:\/\/www.visit-ulcinj.com\/blog\/#website\"},\"primaryImageOfPage\":{\"@id\":\"https:\/\/www.visit-ulcinj.com\/blog\/2013\/12\/28\/dritan-abazovic-na-celu-liste-pozitivne-u-ulcinju\/#primaryimage\"},\"datePublished\":\"2013-12-28T17:52:07+00:00\",\"dateModified\":\"2013-12-28T17:52:07+00:00\",\"author\":{\"@id\":\"https:\/\/www.visit-ulcinj.com\/blog\/#\/schema\/person\/dcab619c614d3038751c63bc2aadc06d\"},\"description\":\"PODGORICA \u2013 Predsjedni\u0161tvo Pozitivne Crne Gore predlo\u017eilo je Glavnom odboru stranke da nosilac izborne liste u Ulcinju bude Dritan Abazovi\u0107, saop\u0161teno je\",\"breadcrumb\":{\"@id\":\"https:\/\/www.visit-ulcinj.com\/blog\/2013\/12\/28\/dritan-abazovic-na-celu-liste-pozitivne-u-ulcinju\/#breadcrumb\"},\"inLanguage\":\"en-US\",\"potentialAction\":[{\"@type\":\"ReadAction\",\"target\":[\"https:\/\/www.visit-ulcinj.com\/blog\/2013\/12\/28\/dritan-abazovic-na-celu-liste-pozitivne-u-ulcinju\/\"]}]},{\"@type\":\"BreadcrumbList\",\"@id\":\"https:\/\/www.visit-ulcinj.com\/blog\/2013\/12\/28\/dritan-abazovic-na-celu-liste-pozitivne-u-ulcinju\/#breadcrumb\",\"itemListElement\":[{\"@type\":\"ListItem\",\"position\":1,\"name\":\"Dritan Abazovi\u0107 na \u010delu liste Pozitivne u Ulcinju\"}]},{\"@type\":\"Person\",\"@id\":\"https:\/\/www.visit-ulcinj.com\/blog\/#\/schema\/person\/dcab619c614d3038751c63bc2aadc06d\",\"name\":\"ulqini\",\"sameAs\":[\"http:\/\/www.visit-ulcinj.com\"],\"url\":\"https:\/\/www.visit-ulcinj.com\/blog\/author\/admin\/\"}]}<\/script>\n<!-- \/ Yoast SEO plugin. -->","yoast_head_json":{"title":"Dritan Abazovi\u0107 na \u010delu liste Pozitivne u Ulcinju - Lajme nga Ulqini","description":"PODGORICA \u2013 Predsjedni\u0161tvo Pozitivne Crne Gore predlo\u017eilo je Glavnom odboru stranke da nosilac izborne liste u Ulcinju bude Dritan Abazovi\u0107, saop\u0161teno je","robots":{"index":"index","follow":"follow","max-snippet":"max-snippet:-1","max-image-preview":"max-image-preview:large","max-video-preview":"max-video-preview:-1"},"canonical":"https:\/\/www.visit-ulcinj.com\/blog\/2013\/12\/28\/dritan-abazovic-na-celu-liste-pozitivne-u-ulcinju\/","og_locale":"en_US","og_type":"article","og_title":"Dritan Abazovi\u0107 na \u010delu liste Pozitivne u Ulcinju - Lajme nga Ulqini","og_description":"PODGORICA \u2013 Predsjedni\u0161tvo Pozitivne Crne Gore predlo\u017eilo je Glavnom odboru stranke da nosilac izborne liste u Ulcinju bude Dritan Abazovi\u0107, saop\u0161teno je","og_url":"https:\/\/www.visit-ulcinj.com\/blog\/2013\/12\/28\/dritan-abazovic-na-celu-liste-pozitivne-u-ulcinju\/","og_site_name":"Lajme nga Ulqini","article_published_time":"2013-12-28T17:52:07+00:00","og_image":[{"url":"http:\/\/www.visit-ulcinj.com\/blog\/wp-content\/uploads\/2012\/09\/pozitivna-crna-gora-DRITAN-ABAZOVIC1.jpg"}],"twitter_misc":{"Written by":"ulqini","Est. reading time":"1 minute"},"schema":{"@context":"https:\/\/schema.org","@graph":[{"@type":"WebSite","@id":"https:\/\/www.visit-ulcinj.com\/blog\/#website","url":"https:\/\/www.visit-ulcinj.com\/blog\/","name":"Lajme nga Ulqini","description":"Lajme,Vijesti,Ulqini,Ulqin,Crna Gora,Mali i Zi","potentialAction":[{"@type":"SearchAction","target":{"@type":"EntryPoint","urlTemplate":"https:\/\/www.visit-ulcinj.com\/blog\/?s={search_term_string}"},"query-input":"required name=search_term_string"}],"inLanguage":"en-US"},{"@type":"ImageObject","inLanguage":"en-US","@id":"https:\/\/www.visit-ulcinj.com\/blog\/2013\/12\/28\/dritan-abazovic-na-celu-liste-pozitivne-u-ulcinju\/#primaryimage","url":"https:\/\/www.visit-ulcinj.com\/blog\/wp-content\/uploads\/2012\/09\/pozitivna-crna-gora-DRITAN-ABAZOVIC1.jpg","contentUrl":"https:\/\/www.visit-ulcinj.com\/blog\/wp-content\/uploads\/2012\/09\/pozitivna-crna-gora-DRITAN-ABAZOVIC1.jpg","width":"590","height":"260"},{"@type":"WebPage","@id":"https:\/\/www.visit-ulcinj.com\/blog\/2013\/12\/28\/dritan-abazovic-na-celu-liste-pozitivne-u-ulcinju\/#webpage","url":"https:\/\/www.visit-ulcinj.com\/blog\/2013\/12\/28\/dritan-abazovic-na-celu-liste-pozitivne-u-ulcinju\/","name":"Dritan Abazovi\u0107 na \u010delu liste Pozitivne u Ulcinju - Lajme nga Ulqini","isPartOf":{"@id":"https:\/\/www.visit-ulcinj.com\/blog\/#website"},"primaryImageOfPage":{"@id":"https:\/\/www.visit-ulcinj.com\/blog\/2013\/12\/28\/dritan-abazovic-na-celu-liste-pozitivne-u-ulcinju\/#primaryimage"},"datePublished":"2013-12-28T17:52:07+00:00","dateModified":"2013-12-28T17:52:07+00:00","author":{"@id":"https:\/\/www.visit-ulcinj.com\/blog\/#\/schema\/person\/dcab619c614d3038751c63bc2aadc06d"},"description":"PODGORICA \u2013 Predsjedni\u0161tvo Pozitivne Crne Gore predlo\u017eilo je Glavnom odboru stranke da nosilac izborne liste u Ulcinju bude Dritan Abazovi\u0107, saop\u0161teno je","breadcrumb":{"@id":"https:\/\/www.visit-ulcinj.com\/blog\/2013\/12\/28\/dritan-abazovic-na-celu-liste-pozitivne-u-ulcinju\/#breadcrumb"},"inLanguage":"en-US","potentialAction":[{"@type":"ReadAction","target":["https:\/\/www.visit-ulcinj.com\/blog\/2013\/12\/28\/dritan-abazovic-na-celu-liste-pozitivne-u-ulcinju\/"]}]},{"@type":"BreadcrumbList","@id":"https:\/\/www.visit-ulcinj.com\/blog\/2013\/12\/28\/dritan-abazovic-na-celu-liste-pozitivne-u-ulcinju\/#breadcrumb","itemListElement":[{"@type":"ListItem","position":1,"name":"Dritan Abazovi\u0107 na \u010delu liste Pozitivne u Ulcinju"}]},{"@type":"Person","@id":"https:\/\/www.visit-ulcinj.com\/blog\/#\/schema\/person\/dcab619c614d3038751c63bc2aadc06d","name":"ulqini","sameAs":["http:\/\/www.visit-ulcinj.com"],"url":"https:\/\/www.visit-ulcinj.com\/blog\/author\/admin\/"}]}},"jetpack_featured_media_url":"","jetpack_sharing_enabled":true,"jetpack_shortlink":"https:\/\/wp.me\/pe6lTn-kcd","_links":{"self":[{"href":"https:\/\/www.visit-ulcinj.com\/blog\/wp-json\/wp\/v2\/posts\/77637"}],"collection":[{"href":"https:\/\/www.visit-ulcinj.com\/blog\/wp-json\/wp\/v2\/posts"}],"about":[{"href":"https:\/\/www.visit-ulcinj.com\/blog\/wp-json\/wp\/v2\/types\/post"}],"author":[{"embeddable":true,"href":"https:\/\/www.visit-ulcinj.com\/blog\/wp-json\/wp\/v2\/users\/1"}],"replies":[{"embeddable":true,"href":"https:\/\/www.visit-ulcinj.com\/blog\/wp-json\/wp\/v2\/comments?post=77637"}],"version-history":[{"count":1,"href":"https:\/\/www.visit-ulcinj.com\/blog\/wp-json\/wp\/v2\/posts\/77637\/revisions"}],"predecessor-version":[{"id":77638,"href":"https:\/\/www.visit-ulcinj.com\/blog\/wp-json\/wp\/v2\/posts\/77637\/revisions\/77638"}],"wp:attachment":[{"href":"https:\/\/www.visit-ulcinj.com\/blog\/wp-json\/wp\/v2\/media?parent=77637"}],"wp:term":[{"taxonomy":"category","embeddable":true,"href":"https:\/\/www.visit-ulcinj.com\/blog\/wp-json\/wp\/v2\/categories?post=77637"},{"taxonomy":"post_tag","embeddable":true,"href":"https:\/\/www.visit-ulcinj.com\/blog\/wp-json\/wp\/v2\/tags?post=77637"}],"curies":[{"name":"wp","href":"https:\/\/api.w.org\/{rel}","templated":true}]}}