{"id":77644,"date":"2013-12-29T07:08:23","date_gmt":"2013-12-29T06:08:23","guid":{"rendered":"http:\/\/www.visit-ulcinj.com\/blog\/?p=77644"},"modified":"2013-12-29T07:08:23","modified_gmt":"2013-12-29T06:08:23","slug":"zenka-zove-milica-u-pomoc-za-finansiranje-izborne-kampanje","status":"publish","type":"post","link":"https:\/\/www.visit-ulcinj.com\/blog\/2013\/12\/29\/zenka-zove-milica-u-pomoc-za-finansiranje-izborne-kampanje\/","title":{"rendered":"Zenka zove Mili\u0107a u pomo\u0107 za finansiranje izborne kampanje"},"content":{"rendered":"<p><a href=\"http:\/\/www.visit-ulcinj.com\/blog\/wp-content\/uploads\/2013\/12\/Mehmed-Zenka-1.jpg\"><img loading=\"lazy\" class=\"alignleft  wp-image-77645\" alt=\"Mehmed-Zenka-1\" src=\"http:\/\/www.visit-ulcinj.com\/blog\/wp-content\/uploads\/2013\/12\/Mehmed-Zenka-1.jpg\" width=\"508\" height=\"360\" \/><\/a>ULCINj \u2013 Skup\u0161tina op\u0161tine Ulcinj nije ju\u010de usvojila odluku o privremenom finansiranju organa lokalne samouprave u prvom tromjese\u010dju naredne godine, jer su protiv te odluke glasali svi odborni\u010dki klubovi, sa izuzetkom Nove demokratske snage \u2013 Forca. Lokalana samouprava se zbog toga na\u0161la u nezavidnoj situaciji, jer, kako je upozorio Sekretar za finansije i bud\u017eet Agron Ibrahimi od 1. januara ne\u0107e se mo\u0107i izvr\u0161iti nijedno pla\u0107anje prema dobavlja\u010dima niti ispla\u0107ivati zarade zaposlenima u Op\u0161tini. Po svemu sude\u0107i, bez novca \u0107e ostati i politi\u010dke partije koje se ne mogu nadati sredstvima iz op\u0161tinske kase, pa je donekle u pitanje doveden i sam izborni proces. Kako se moglo \u010duti iz ve\u0107ine odborni\u010dkih klubova, kao glavni razlog odbijanja da se odlu\u010duje o privremenom finansiranju je \u010dinjenica da Odbor za bud\u017eet i finansije nije prethodno razmatrao tu odluku niti je zauzeo stav, \u0161to je kako je re\u010deno, uslov da bi se na\u0161la na dnevnom redu Skup\u0161tine. Predsjednik Odborni\u010dkog kluba SDP-a Skender Elezagi\u0107 podsjetio je da izvr\u0161na vlast nije ni inicirala tu odluku nego je to pitanje pokrenuo kolegijum predsjednika skup\u0161tine.<\/p>\n<p><a href=\"http:\/\/www.visit-ulcinj.com\/blog\/wp-content\/uploads\/2013\/12\/Agron-Ibrahimi.jpg\"><img loading=\"lazy\" class=\"alignleft  wp-image-77646\" alt=\"Agron Ibrahimi\" src=\"http:\/\/www.visit-ulcinj.com\/blog\/wp-content\/uploads\/2013\/12\/Agron-Ibrahimi.jpg\" width=\"508\" height=\"360\" \/><\/a><br \/>\n\u2013 Postavili smo to pitanje kako bi se obezbijedila sredstva za finansiranje izborne kampanje. Umjesto da dobijemo odgovor gdje su bile smetnje da se pripremi predlog bud\u017eeta i dostavi skup\u0161tini na usvajanje mi dobijamo upozorenja da \u0107e se neusvajanjem blokirati rad lokalnih organa. Postoji na\u010din da se iza\u0111e iz ove situacije, ali nije na nama ve\u0107 na izvr\u0161noj vlasti da se o tome izjasni \u2013 rekao je Elezagi\u0107.<br \/>\nOdbornik SNP-a Andrija \u0106etkovi\u0107 podsjetio je da je ta partija jo\u0161 12. novembra inicirala da se Odluka o privremenom finansiranju na\u0111e na dnevnom redu tada\u0161nje sjednice.<br \/>\n\u2013 Neko je bio odlu\u010dan, a neko, na \u017ealost, nije, mi smo htjeli da o tome raspravljamo i da je usvojimo, a neko nije htio, pa evo gdje smo sada \u2013 rekao je \u0106etkovi\u0107.<br \/>\nOdbornike nije pokolebao ni apel predsjednika op\u0161tine Nazifa Cungua, koji ih je pozvao da podr\u017ee tu odluku. Cungu je kazao da je potrebna racionalnost jer je Op\u0161tina u finansijskim problemima za koje nije odgovorna odlaze\u0107a vlast.<br \/>\n\u2013 Radi\u0107emo na tome da se obezbijede sredstva za politi\u010dke partije, ali ne prihvatamo odgovornost, jer je stanje u kome samo naslije\u0111eno. Podsje\u0107am da je trebalo da uzmemo kredit, ali je skra\u0107enjem mandata to onemogu\u0107eno. Da je bilo druga\u010dije, ne bismo sada govorili o ovim problemima \u2013 rekao je Cungu.<br \/>\n\u010celnici svih stranaka, sa izuzetkom Force, optu\u017eili su lokalnu vlast da nije izvr\u0161ila obaveze prema njima, a koja ukupno iznose preko 60 hiljada eura. Boro Ba\u0161ovi\u0107 iz DPS-a tvrdi da se i toj partiji duguje oko deset hiljada eura, koje bi im kako je naglasio \u201edobrodo\u0161le u ovoj kampanji\u201d. Fuad Had\u017eibeti je kazao da ni Forca nije dobila sredstva koja joj pripadaju.<br \/>\nSkup\u0161tina je jednoglasno usvojila odluku, po kojoj \u0107e u narednom sazivu lokalnog parlamenta biti 33 odbornika, kao i dosad.<br \/>\n<strong>M.K.<\/strong><\/p>\n<p><strong> DUA zove Mili\u0107a u pomo\u0107<\/strong><br \/>\nLider DUA Mehmed Zenka rekao je da toj stranci ve\u0107 18 mjeseci nije ispla\u0107eno ni\u0161ta od sredstava koja joj po zakonu pripadaju.<br \/>\n\u2013 Kako da funkcioni\u0161emo kad nijesmo dobili nijedan jedini euro. Sa \u010dim da idemo na izbore kada su i donacije dovedene u pitanje. Ho\u0107e li u ovakvoj situaciji i izbori biti regularni. Mo\u017eda da pozovemo lidera SNP-a Sr\u0111ana Mili\u0107a da interveni\u0161e kod ministra finansija Radoja \u017dugi\u0107a, kako bi nam se ne\u0161to uplatilo, kao \u0161to smo nedavno imali slu\u010daj \u2013 rekao je on.<\/p>\n<p><strong>Izvor: DAN<\/strong><\/p>\n","protected":false},"excerpt":{"rendered":"<p>ULCINj \u2013 Skup\u0161tina op\u0161tine Ulcinj nije ju\u010de usvojila odluku o privremenom finansiranju organa lokalne samouprave u prvom tromjese\u010dju naredne godine, jer su protiv te odluke glasali svi odborni\u010dki klubovi, sa izuzetkom Nove demokratske snage \u2013 Forca. Lokalana samouprava se zbog toga na\u0161la u nezavidnoj situaciji, jer, kako je upozorio Sekretar za finansije i bud\u017eet Agron [&hellip;]<\/p>\n","protected":false},"author":1,"featured_media":0,"comment_status":"closed","ping_status":"closed","sticky":false,"template":"","format":"standard","meta":{"spay_email":"","jetpack_publicize_message":"","jetpack_is_tweetstorm":false,"jetpack_publicize_feature_enabled":true},"categories":[8337],"tags":[],"jetpack_publicize_connections":[],"yoast_head":"<!-- This site is optimized with the Yoast SEO plugin v19.1 - https:\/\/yoast.com\/wordpress\/plugins\/seo\/ -->\n<title>Zenka zove Mili\u0107a u pomo\u0107 za finansiranje izborne kampanje - Lajme nga Ulqini<\/title>\n<meta name=\"description\" content=\"ULCINj \u2013 Skup\u0161tina op\u0161tine Ulcinj nije ju\u010de usvojila odluku o privremenom finansiranju organa lokalne samouprave u prvom tromjese\u010dju naredne godine, jer\" \/>\n<meta name=\"robots\" content=\"index, follow, max-snippet:-1, max-image-preview:large, max-video-preview:-1\" \/>\n<link rel=\"canonical\" href=\"https:\/\/www.visit-ulcinj.com\/blog\/2013\/12\/29\/zenka-zove-milica-u-pomoc-za-finansiranje-izborne-kampanje\/\" \/>\n<meta property=\"og:locale\" content=\"en_US\" \/>\n<meta property=\"og:type\" content=\"article\" \/>\n<meta property=\"og:title\" content=\"Zenka zove Mili\u0107a u pomo\u0107 za finansiranje izborne kampanje - Lajme nga Ulqini\" \/>\n<meta property=\"og:description\" content=\"ULCINj \u2013 Skup\u0161tina op\u0161tine Ulcinj nije ju\u010de usvojila odluku o privremenom finansiranju organa lokalne samouprave u prvom tromjese\u010dju naredne godine, jer\" \/>\n<meta property=\"og:url\" content=\"https:\/\/www.visit-ulcinj.com\/blog\/2013\/12\/29\/zenka-zove-milica-u-pomoc-za-finansiranje-izborne-kampanje\/\" \/>\n<meta property=\"og:site_name\" content=\"Lajme nga Ulqini\" \/>\n<meta property=\"article:published_time\" content=\"2013-12-29T06:08:23+00:00\" \/>\n<meta property=\"og:image\" content=\"http:\/\/www.visit-ulcinj.com\/blog\/wp-content\/uploads\/2013\/12\/Mehmed-Zenka-1.jpg\" \/>\n<meta name=\"twitter:label1\" content=\"Written by\" \/>\n\t<meta name=\"twitter:data1\" content=\"ulqini\" \/>\n\t<meta name=\"twitter:label2\" content=\"Est. reading time\" \/>\n\t<meta name=\"twitter:data2\" content=\"3 minutes\" \/>\n<script type=\"application\/ld+json\" class=\"yoast-schema-graph\">{\"@context\":\"https:\/\/schema.org\",\"@graph\":[{\"@type\":\"WebSite\",\"@id\":\"https:\/\/www.visit-ulcinj.com\/blog\/#website\",\"url\":\"https:\/\/www.visit-ulcinj.com\/blog\/\",\"name\":\"Lajme nga Ulqini\",\"description\":\"Lajme,Vijesti,Ulqini,Ulqin,Crna Gora,Mali i Zi\",\"potentialAction\":[{\"@type\":\"SearchAction\",\"target\":{\"@type\":\"EntryPoint\",\"urlTemplate\":\"https:\/\/www.visit-ulcinj.com\/blog\/?s={search_term_string}\"},\"query-input\":\"required name=search_term_string\"}],\"inLanguage\":\"en-US\"},{\"@type\":\"ImageObject\",\"inLanguage\":\"en-US\",\"@id\":\"https:\/\/www.visit-ulcinj.com\/blog\/2013\/12\/29\/zenka-zove-milica-u-pomoc-za-finansiranje-izborne-kampanje\/#primaryimage\",\"url\":\"https:\/\/www.visit-ulcinj.com\/blog\/wp-content\/uploads\/2013\/12\/Mehmed-Zenka-1.jpg\",\"contentUrl\":\"https:\/\/www.visit-ulcinj.com\/blog\/wp-content\/uploads\/2013\/12\/Mehmed-Zenka-1.jpg\",\"width\":726,\"height\":479},{\"@type\":\"WebPage\",\"@id\":\"https:\/\/www.visit-ulcinj.com\/blog\/2013\/12\/29\/zenka-zove-milica-u-pomoc-za-finansiranje-izborne-kampanje\/#webpage\",\"url\":\"https:\/\/www.visit-ulcinj.com\/blog\/2013\/12\/29\/zenka-zove-milica-u-pomoc-za-finansiranje-izborne-kampanje\/\",\"name\":\"Zenka zove Mili\u0107a u pomo\u0107 za finansiranje izborne kampanje - Lajme nga Ulqini\",\"isPartOf\":{\"@id\":\"https:\/\/www.visit-ulcinj.com\/blog\/#website\"},\"primaryImageOfPage\":{\"@id\":\"https:\/\/www.visit-ulcinj.com\/blog\/2013\/12\/29\/zenka-zove-milica-u-pomoc-za-finansiranje-izborne-kampanje\/#primaryimage\"},\"datePublished\":\"2013-12-29T06:08:23+00:00\",\"dateModified\":\"2013-12-29T06:08:23+00:00\",\"author\":{\"@id\":\"https:\/\/www.visit-ulcinj.com\/blog\/#\/schema\/person\/dcab619c614d3038751c63bc2aadc06d\"},\"description\":\"ULCINj \u2013 Skup\u0161tina op\u0161tine Ulcinj nije ju\u010de usvojila odluku o privremenom finansiranju organa lokalne samouprave u prvom tromjese\u010dju naredne godine, jer\",\"breadcrumb\":{\"@id\":\"https:\/\/www.visit-ulcinj.com\/blog\/2013\/12\/29\/zenka-zove-milica-u-pomoc-za-finansiranje-izborne-kampanje\/#breadcrumb\"},\"inLanguage\":\"en-US\",\"potentialAction\":[{\"@type\":\"ReadAction\",\"target\":[\"https:\/\/www.visit-ulcinj.com\/blog\/2013\/12\/29\/zenka-zove-milica-u-pomoc-za-finansiranje-izborne-kampanje\/\"]}]},{\"@type\":\"BreadcrumbList\",\"@id\":\"https:\/\/www.visit-ulcinj.com\/blog\/2013\/12\/29\/zenka-zove-milica-u-pomoc-za-finansiranje-izborne-kampanje\/#breadcrumb\",\"itemListElement\":[{\"@type\":\"ListItem\",\"position\":1,\"name\":\"Zenka zove Mili\u0107a u pomo\u0107 za finansiranje izborne kampanje\"}]},{\"@type\":\"Person\",\"@id\":\"https:\/\/www.visit-ulcinj.com\/blog\/#\/schema\/person\/dcab619c614d3038751c63bc2aadc06d\",\"name\":\"ulqini\",\"sameAs\":[\"http:\/\/www.visit-ulcinj.com\"],\"url\":\"https:\/\/www.visit-ulcinj.com\/blog\/author\/admin\/\"}]}<\/script>\n<!-- \/ Yoast SEO plugin. -->","yoast_head_json":{"title":"Zenka zove Mili\u0107a u pomo\u0107 za finansiranje izborne kampanje - Lajme nga Ulqini","description":"ULCINj \u2013 Skup\u0161tina op\u0161tine Ulcinj nije ju\u010de usvojila odluku o privremenom finansiranju organa lokalne samouprave u prvom tromjese\u010dju naredne godine, jer","robots":{"index":"index","follow":"follow","max-snippet":"max-snippet:-1","max-image-preview":"max-image-preview:large","max-video-preview":"max-video-preview:-1"},"canonical":"https:\/\/www.visit-ulcinj.com\/blog\/2013\/12\/29\/zenka-zove-milica-u-pomoc-za-finansiranje-izborne-kampanje\/","og_locale":"en_US","og_type":"article","og_title":"Zenka zove Mili\u0107a u pomo\u0107 za finansiranje izborne kampanje - Lajme nga Ulqini","og_description":"ULCINj \u2013 Skup\u0161tina op\u0161tine Ulcinj nije ju\u010de usvojila odluku o privremenom finansiranju organa lokalne samouprave u prvom tromjese\u010dju naredne godine, jer","og_url":"https:\/\/www.visit-ulcinj.com\/blog\/2013\/12\/29\/zenka-zove-milica-u-pomoc-za-finansiranje-izborne-kampanje\/","og_site_name":"Lajme nga Ulqini","article_published_time":"2013-12-29T06:08:23+00:00","og_image":[{"url":"http:\/\/www.visit-ulcinj.com\/blog\/wp-content\/uploads\/2013\/12\/Mehmed-Zenka-1.jpg"}],"twitter_misc":{"Written by":"ulqini","Est. reading time":"3 minutes"},"schema":{"@context":"https:\/\/schema.org","@graph":[{"@type":"WebSite","@id":"https:\/\/www.visit-ulcinj.com\/blog\/#website","url":"https:\/\/www.visit-ulcinj.com\/blog\/","name":"Lajme nga Ulqini","description":"Lajme,Vijesti,Ulqini,Ulqin,Crna Gora,Mali i Zi","potentialAction":[{"@type":"SearchAction","target":{"@type":"EntryPoint","urlTemplate":"https:\/\/www.visit-ulcinj.com\/blog\/?s={search_term_string}"},"query-input":"required name=search_term_string"}],"inLanguage":"en-US"},{"@type":"ImageObject","inLanguage":"en-US","@id":"https:\/\/www.visit-ulcinj.com\/blog\/2013\/12\/29\/zenka-zove-milica-u-pomoc-za-finansiranje-izborne-kampanje\/#primaryimage","url":"https:\/\/www.visit-ulcinj.com\/blog\/wp-content\/uploads\/2013\/12\/Mehmed-Zenka-1.jpg","contentUrl":"https:\/\/www.visit-ulcinj.com\/blog\/wp-content\/uploads\/2013\/12\/Mehmed-Zenka-1.jpg","width":726,"height":479},{"@type":"WebPage","@id":"https:\/\/www.visit-ulcinj.com\/blog\/2013\/12\/29\/zenka-zove-milica-u-pomoc-za-finansiranje-izborne-kampanje\/#webpage","url":"https:\/\/www.visit-ulcinj.com\/blog\/2013\/12\/29\/zenka-zove-milica-u-pomoc-za-finansiranje-izborne-kampanje\/","name":"Zenka zove Mili\u0107a u pomo\u0107 za finansiranje izborne kampanje - Lajme nga Ulqini","isPartOf":{"@id":"https:\/\/www.visit-ulcinj.com\/blog\/#website"},"primaryImageOfPage":{"@id":"https:\/\/www.visit-ulcinj.com\/blog\/2013\/12\/29\/zenka-zove-milica-u-pomoc-za-finansiranje-izborne-kampanje\/#primaryimage"},"datePublished":"2013-12-29T06:08:23+00:00","dateModified":"2013-12-29T06:08:23+00:00","author":{"@id":"https:\/\/www.visit-ulcinj.com\/blog\/#\/schema\/person\/dcab619c614d3038751c63bc2aadc06d"},"description":"ULCINj \u2013 Skup\u0161tina op\u0161tine Ulcinj nije ju\u010de usvojila odluku o privremenom finansiranju organa lokalne samouprave u prvom tromjese\u010dju naredne godine, jer","breadcrumb":{"@id":"https:\/\/www.visit-ulcinj.com\/blog\/2013\/12\/29\/zenka-zove-milica-u-pomoc-za-finansiranje-izborne-kampanje\/#breadcrumb"},"inLanguage":"en-US","potentialAction":[{"@type":"ReadAction","target":["https:\/\/www.visit-ulcinj.com\/blog\/2013\/12\/29\/zenka-zove-milica-u-pomoc-za-finansiranje-izborne-kampanje\/"]}]},{"@type":"BreadcrumbList","@id":"https:\/\/www.visit-ulcinj.com\/blog\/2013\/12\/29\/zenka-zove-milica-u-pomoc-za-finansiranje-izborne-kampanje\/#breadcrumb","itemListElement":[{"@type":"ListItem","position":1,"name":"Zenka zove Mili\u0107a u pomo\u0107 za finansiranje izborne kampanje"}]},{"@type":"Person","@id":"https:\/\/www.visit-ulcinj.com\/blog\/#\/schema\/person\/dcab619c614d3038751c63bc2aadc06d","name":"ulqini","sameAs":["http:\/\/www.visit-ulcinj.com"],"url":"https:\/\/www.visit-ulcinj.com\/blog\/author\/admin\/"}]}},"jetpack_featured_media_url":"","jetpack_sharing_enabled":true,"jetpack_shortlink":"https:\/\/wp.me\/pe6lTn-kck","_links":{"self":[{"href":"https:\/\/www.visit-ulcinj.com\/blog\/wp-json\/wp\/v2\/posts\/77644"}],"collection":[{"href":"https:\/\/www.visit-ulcinj.com\/blog\/wp-json\/wp\/v2\/posts"}],"about":[{"href":"https:\/\/www.visit-ulcinj.com\/blog\/wp-json\/wp\/v2\/types\/post"}],"author":[{"embeddable":true,"href":"https:\/\/www.visit-ulcinj.com\/blog\/wp-json\/wp\/v2\/users\/1"}],"replies":[{"embeddable":true,"href":"https:\/\/www.visit-ulcinj.com\/blog\/wp-json\/wp\/v2\/comments?post=77644"}],"version-history":[{"count":1,"href":"https:\/\/www.visit-ulcinj.com\/blog\/wp-json\/wp\/v2\/posts\/77644\/revisions"}],"predecessor-version":[{"id":77647,"href":"https:\/\/www.visit-ulcinj.com\/blog\/wp-json\/wp\/v2\/posts\/77644\/revisions\/77647"}],"wp:attachment":[{"href":"https:\/\/www.visit-ulcinj.com\/blog\/wp-json\/wp\/v2\/media?parent=77644"}],"wp:term":[{"taxonomy":"category","embeddable":true,"href":"https:\/\/www.visit-ulcinj.com\/blog\/wp-json\/wp\/v2\/categories?post=77644"},{"taxonomy":"post_tag","embeddable":true,"href":"https:\/\/www.visit-ulcinj.com\/blog\/wp-json\/wp\/v2\/tags?post=77644"}],"curies":[{"name":"wp","href":"https:\/\/api.w.org\/{rel}","templated":true}]}}