{"id":77648,"date":"2013-12-29T07:13:12","date_gmt":"2013-12-29T06:13:12","guid":{"rendered":"http:\/\/www.visit-ulcinj.com\/blog\/?p=77648"},"modified":"2013-12-29T07:13:38","modified_gmt":"2013-12-29T06:13:38","slug":"karamanaga-nezakonito-otpustao-radnike-ulcinja","status":"publish","type":"post","link":"https:\/\/www.visit-ulcinj.com\/blog\/2013\/12\/29\/karamanaga-nezakonito-otpustao-radnike-ulcinja\/","title":{"rendered":"Karamanaga nezakonito otpu\u0161tao radnike TO &#8211; Ulcinja"},"content":{"rendered":"<p><a href=\"http:\/\/www.visit-ulcinj.com\/blog\/wp-content\/uploads\/2013\/12\/Organizata-turistike-e-Ulqinit.jpg\"><img loading=\"lazy\" class=\"alignleft  wp-image-77649\" alt=\"Organizata-turistike-e-Ulqinit\" src=\"http:\/\/www.visit-ulcinj.com\/blog\/wp-content\/uploads\/2013\/12\/Organizata-turistike-e-Ulqinit.jpg\" width=\"508\" height=\"360\" \/><\/a>Tu\u017eila\u0161tvo u Ulcinju na osnovu krivi\u010dne prijave biv\u0161ih radnika pokrenulo je istragu o mogu\u0107im zloupotrebama slu\u017ebenog polo\u017eaja u lokalnoj Turisti\u010dkoj organizaciji, saznaje \u201eDan\u201c . Predmet istrage je sada\u0161nji diretktor TO Minir Karamanaga koga pet biv\u0161ih radnika: Ali Red\u017ea (biv\u0161i direktor), Merita Red\u017ea, Aleksandar Jacovi\u0107, Be\u0107ir Zatovi\u0107 i Muharem Be\u0107ovi\u0107 terete za nezakonito otpu\u0161tanje u junu 2012. godine kada su, kako navode, usred turisti\u010dke sezone otpu\u0161teni sa posla. Radnici su, tvrde, jo\u0161 iste godine podnijeli krivi\u010dnu prijavu protiv direktora Karamanage, ali je istraga po\u010dela tek kada su se u me\u0111uvremenu obratili Vrhovnom dr\u017eavnom tu\u017eiocu Ranki \u010carapi\u0107. Prethodnih dana inspektori odjeljenja bezbjednosti u Ulcinj saslu\u0161avali su biv\u0161e zaposlene na osnovu zahtjeva ODT-a, a tu informaciju potvrdio nam je i jedan od sasu\u0161anih Aleksandar Jacovi\u0107, koji je na osnovu konkursa 2010. godine primljen u stalni radni odnos, kao savjetnik za turizam, a godinu i po nakon toga otpu\u0161ten. Prema njegovim rije\u010dima on je na okolnosti otpu\u0161tanja zaposlenih dao izjavu slu\u017ebenicima policije.<br \/>\n\u2013 Izjavio sam da smo ja i kolege na nasilan na\u010din, falsifikovanom dokumenatcijom otpu\u0161eni sa posla, nedugo nakon promjene vlasti u septembru 2011. godine. Napominjem da je odluku o smjeni i sve druge aktivnosti tada mogla donijeti stru\u010dna slu\u017eba TO, a ne nikako pojedni funkcioneri svojom samovoljom. Kulminacija na\u0161ih problema bila je u junu 2012. kada nam je, tada samozvani direktor Minir Karamanaga, koji je u me\u0111uvremenu nezakonito imenovan na tu funkciju, saop\u0161tio da idemo ku\u0107i dok se presele kancelarije na drugu loklaciju, iako smo mi ve\u0107 imali kancelarije preko puta op\u0161tine. Mi smo nastavili daa dolazimo na posao u zvani\u010dne prostorije, jer su u tim drugim kancelarijama ve\u0107 radili neki drugi ljudi. Ubrzo dobijamo rje\u0161enja o godi\u0161njim odmorima iako je po\u010dela turisti\u010dka sezona, a nekoliko dana nakon toga i rje\u0161enja o prekidu radnog odnosa, jer navodno nismo dolazili na posao. Odmah smo se \u017ealili Ministarstvu rada, a glavni inspektor je nakon inspekcijskog nadzora nalo\u017eio direktoru da nas vrati na posao, na \u0161ta se Karamanaga oglu\u0161io. O svemu smo obavijestili predsjednika op\u0161tine Nazifa Cungua koji je po funkciji i predsjednik Skup\u0161tine TO, te njegove saradnike potpredsjednike, ali niko do danas nije reagovao, ve\u0107 naprotiv &#8211; ka\u017ee Jacovi\u0107 i dodaje kako o\u010dekuje da nadle\u017eni kona\u010dno otkriju nepravdu i zloupotrebe u TO, a odgovorne procesuiraju.<br \/>\n\u2013\u017drtve smo samovolje, korupcije i prljave politi\u010dke kampanje jer nismo \u010dlanovi partija na vlasti. Zato smo i smijenjeni, ostavljeni bez posla, a na\u0161e porodice dovedene na ivicu egzistencije. Odgovorni su zloupotrijebili slu\u017ebeni polo\u017eaj i njihovom krivicom bi\u0107e nanijeta \u0161teta bud\u017eetu Op\u0161tine, jer smo mi ve\u0107 jednom na sudu dobili parnicu, ali \u0107e odlukom vi\u0161e instance postupak biti ponovljen. Kada iz op\u0161tinske kase kona\u010dno budemo dobili sve zaostale plate i sve ostale tro\u0161kove neko \u0107e morati da odgovara za tu \u0161tetu. Mora\u0107e da odgovara jer \u0107e gra\u0111ani morati da pla\u0107aju ne\u010diju bahatost. Vjerujem da mi ne\u0107emo jo\u0161 dugo \u010dekati da ova pri\u010da kona\u010dno bude zavr\u0161ena, a o\u010dekujem i da \u0107e sve one koji su krivi za ovo sti\u0107i zaslu\u017eena kazna &#8211; ogor\u010den je Jacovi\u0107.<br \/>\nPodsjetimo, zaposleni su u me\u0111uvremnu pokrenuli sudski postupak pred Osnovinim sudom u Ulcinju, tra\u017ee\u0107i da se vrate na posao, pa je po\u010detkom februara ove godine, presudom koju je donio sudija Radomir Sekuli\u0107, nalo\u017eeno da se vrate na posao, odnosno na radne zadatke koji odgovaraju njihovoj stru\u010dnoj spremi. Ta presuda je me\u0111utim poni\u0161tena rje\u0161enjem Vi\u0161eg suda, te je \u010ditav postiupak vra\u0107en na ponovno su\u0111enje, koje se o\u010dekuje po\u010detkom naredne godine.<br \/>\nDirektor TO Minir Karamanaga kazao je \u201eDanu\u201d da nije upoznat da se protiv njega vodi istraga.<br \/>\n\u2013 Niko me nije pozivao niti sam saslu\u0161avan. Vjerovatno se radi o novom bezuspje\u0161nom poku\u0161aju nekada\u0161njih radnika da se vrate na posao. Oni su to ve\u0107 poku\u0161ali da sudskim putem ali je Vi\u0161i sud poni\u0161tio odluku Osnovnog suda. Njihovo pravo je da se \u017eale i to im niko ne uskra\u0107uje. Ono \u0161to je va\u017eno da su bez posla ostali na osnovu zakona, a ne ni\u010dijom samovoljom. Ja sam radio i radim u skladu sa ovla\u0161\u0107enjima i zakonskim propisima. Prema tome ne stoje optu\u017ebe o bilo kakvoj zloupotrebi polo\u017eaja &#8211; kazao je Karamanaga.<br \/>\n<strong>M.K.<\/strong><\/p>\n<p><strong> Pravno-politi\u010dka\u00a0 zavrzlama<\/strong><\/p>\n<p>Op\u0161tina Ulcinj je svojevremno bila jedina op\u0161tina koja nije imala Turisti\u010dku organizaciju i po tome je bila poznata. Kada je kona\u010dno osnovana, sa zaka\u0161njenjem od nekoliko godina, do\u0161la je u \u017ei\u017eu javnosti kao jedina te vrste koja ima dva direktora. Naime, nakon iznenadne smjene vlasti 2011. godine, tada\u0161nji direktor Ali Red\u017ea ekspresno je smijenjen, jer partija kojoj je pripadao (PDP), nije bila \u010dlanica nove vladaju\u0107e koalicije (Forca,DP, SDP, Perspektiva). Novom podjelom vlasti TO pripala je SDP-u , pa je shodno tome za novog direktora imenovan Minir Karamanaga, kadar te stranke u Ulcinju. Red\u017ea, me\u0111utim nije prihvatio smjenu tvrde\u0107i da je nezakonita, pa je nekoliko mjeseci TO imala dva direktora i paralelne strukture. Pravno politi\u010dka zavrzlama zavr\u0161ila je na sudu a epilog se nakon godinu i po dana jo\u0161 uvijek \u010deka.<\/p>\n<p><strong>Izvor: DAN<\/strong><\/p>\n","protected":false},"excerpt":{"rendered":"<p>Tu\u017eila\u0161tvo u Ulcinju na osnovu krivi\u010dne prijave biv\u0161ih radnika pokrenulo je istragu o mogu\u0107im zloupotrebama slu\u017ebenog polo\u017eaja u lokalnoj Turisti\u010dkoj organizaciji, saznaje \u201eDan\u201c . Predmet istrage je sada\u0161nji diretktor TO Minir Karamanaga koga pet biv\u0161ih radnika: Ali Red\u017ea (biv\u0161i direktor), Merita Red\u017ea, Aleksandar Jacovi\u0107, Be\u0107ir Zatovi\u0107 i Muharem Be\u0107ovi\u0107 terete za nezakonito otpu\u0161tanje u junu [&hellip;]<\/p>\n","protected":false},"author":1,"featured_media":0,"comment_status":"closed","ping_status":"closed","sticky":false,"template":"","format":"standard","meta":{"spay_email":"","jetpack_publicize_message":"","jetpack_is_tweetstorm":false,"jetpack_publicize_feature_enabled":true},"categories":[6950],"tags":[],"jetpack_publicize_connections":[],"yoast_head":"<!-- This site is optimized with the Yoast SEO plugin v19.1 - https:\/\/yoast.com\/wordpress\/plugins\/seo\/ -->\n<title>Karamanaga nezakonito otpu\u0161tao radnike TO - Ulcinja - Lajme nga Ulqini<\/title>\n<meta name=\"description\" content=\"Tu\u017eila\u0161tvo u Ulcinju na osnovu krivi\u010dne prijave biv\u0161ih radnika pokrenulo je istragu o mogu\u0107im zloupotrebama slu\u017ebenog polo\u017eaja u lokalnoj Turisti\u010dkoj\" \/>\n<meta name=\"robots\" content=\"index, follow, max-snippet:-1, max-image-preview:large, max-video-preview:-1\" \/>\n<link rel=\"canonical\" href=\"https:\/\/www.visit-ulcinj.com\/blog\/2013\/12\/29\/karamanaga-nezakonito-otpustao-radnike-ulcinja\/\" \/>\n<meta property=\"og:locale\" content=\"en_US\" \/>\n<meta property=\"og:type\" content=\"article\" \/>\n<meta property=\"og:title\" content=\"Karamanaga nezakonito otpu\u0161tao radnike TO - Ulcinja - Lajme nga Ulqini\" \/>\n<meta property=\"og:description\" content=\"Tu\u017eila\u0161tvo u Ulcinju na osnovu krivi\u010dne prijave biv\u0161ih radnika pokrenulo je istragu o mogu\u0107im zloupotrebama slu\u017ebenog polo\u017eaja u lokalnoj Turisti\u010dkoj\" \/>\n<meta property=\"og:url\" content=\"https:\/\/www.visit-ulcinj.com\/blog\/2013\/12\/29\/karamanaga-nezakonito-otpustao-radnike-ulcinja\/\" \/>\n<meta property=\"og:site_name\" content=\"Lajme nga Ulqini\" \/>\n<meta property=\"article:published_time\" content=\"2013-12-29T06:13:12+00:00\" \/>\n<meta property=\"article:modified_time\" content=\"2013-12-29T06:13:38+00:00\" \/>\n<meta property=\"og:image\" content=\"http:\/\/www.visit-ulcinj.com\/blog\/wp-content\/uploads\/2013\/12\/Organizata-turistike-e-Ulqinit.jpg\" \/>\n<meta name=\"twitter:label1\" content=\"Written by\" \/>\n\t<meta name=\"twitter:data1\" content=\"ulqini\" \/>\n\t<meta name=\"twitter:label2\" content=\"Est. reading time\" \/>\n\t<meta name=\"twitter:data2\" content=\"5 minutes\" \/>\n<script type=\"application\/ld+json\" class=\"yoast-schema-graph\">{\"@context\":\"https:\/\/schema.org\",\"@graph\":[{\"@type\":\"WebSite\",\"@id\":\"https:\/\/www.visit-ulcinj.com\/blog\/#website\",\"url\":\"https:\/\/www.visit-ulcinj.com\/blog\/\",\"name\":\"Lajme nga Ulqini\",\"description\":\"Lajme,Vijesti,Ulqini,Ulqin,Crna Gora,Mali i Zi\",\"potentialAction\":[{\"@type\":\"SearchAction\",\"target\":{\"@type\":\"EntryPoint\",\"urlTemplate\":\"https:\/\/www.visit-ulcinj.com\/blog\/?s={search_term_string}\"},\"query-input\":\"required name=search_term_string\"}],\"inLanguage\":\"en-US\"},{\"@type\":\"ImageObject\",\"inLanguage\":\"en-US\",\"@id\":\"https:\/\/www.visit-ulcinj.com\/blog\/2013\/12\/29\/karamanaga-nezakonito-otpustao-radnike-ulcinja\/#primaryimage\",\"url\":\"https:\/\/www.visit-ulcinj.com\/blog\/wp-content\/uploads\/2013\/12\/Organizata-turistike-e-Ulqinit.jpg\",\"contentUrl\":\"https:\/\/www.visit-ulcinj.com\/blog\/wp-content\/uploads\/2013\/12\/Organizata-turistike-e-Ulqinit.jpg\",\"width\":640,\"height\":480},{\"@type\":\"WebPage\",\"@id\":\"https:\/\/www.visit-ulcinj.com\/blog\/2013\/12\/29\/karamanaga-nezakonito-otpustao-radnike-ulcinja\/#webpage\",\"url\":\"https:\/\/www.visit-ulcinj.com\/blog\/2013\/12\/29\/karamanaga-nezakonito-otpustao-radnike-ulcinja\/\",\"name\":\"Karamanaga nezakonito otpu\u0161tao radnike TO - Ulcinja - Lajme nga Ulqini\",\"isPartOf\":{\"@id\":\"https:\/\/www.visit-ulcinj.com\/blog\/#website\"},\"primaryImageOfPage\":{\"@id\":\"https:\/\/www.visit-ulcinj.com\/blog\/2013\/12\/29\/karamanaga-nezakonito-otpustao-radnike-ulcinja\/#primaryimage\"},\"datePublished\":\"2013-12-29T06:13:12+00:00\",\"dateModified\":\"2013-12-29T06:13:38+00:00\",\"author\":{\"@id\":\"https:\/\/www.visit-ulcinj.com\/blog\/#\/schema\/person\/dcab619c614d3038751c63bc2aadc06d\"},\"description\":\"Tu\u017eila\u0161tvo u Ulcinju na osnovu krivi\u010dne prijave biv\u0161ih radnika pokrenulo je istragu o mogu\u0107im zloupotrebama slu\u017ebenog polo\u017eaja u lokalnoj Turisti\u010dkoj\",\"breadcrumb\":{\"@id\":\"https:\/\/www.visit-ulcinj.com\/blog\/2013\/12\/29\/karamanaga-nezakonito-otpustao-radnike-ulcinja\/#breadcrumb\"},\"inLanguage\":\"en-US\",\"potentialAction\":[{\"@type\":\"ReadAction\",\"target\":[\"https:\/\/www.visit-ulcinj.com\/blog\/2013\/12\/29\/karamanaga-nezakonito-otpustao-radnike-ulcinja\/\"]}]},{\"@type\":\"BreadcrumbList\",\"@id\":\"https:\/\/www.visit-ulcinj.com\/blog\/2013\/12\/29\/karamanaga-nezakonito-otpustao-radnike-ulcinja\/#breadcrumb\",\"itemListElement\":[{\"@type\":\"ListItem\",\"position\":1,\"name\":\"Karamanaga nezakonito otpu\u0161tao radnike TO &#8211; Ulcinja\"}]},{\"@type\":\"Person\",\"@id\":\"https:\/\/www.visit-ulcinj.com\/blog\/#\/schema\/person\/dcab619c614d3038751c63bc2aadc06d\",\"name\":\"ulqini\",\"sameAs\":[\"http:\/\/www.visit-ulcinj.com\"],\"url\":\"https:\/\/www.visit-ulcinj.com\/blog\/author\/admin\/\"}]}<\/script>\n<!-- \/ Yoast SEO plugin. -->","yoast_head_json":{"title":"Karamanaga nezakonito otpu\u0161tao radnike TO - Ulcinja - Lajme nga Ulqini","description":"Tu\u017eila\u0161tvo u Ulcinju na osnovu krivi\u010dne prijave biv\u0161ih radnika pokrenulo je istragu o mogu\u0107im zloupotrebama slu\u017ebenog polo\u017eaja u lokalnoj Turisti\u010dkoj","robots":{"index":"index","follow":"follow","max-snippet":"max-snippet:-1","max-image-preview":"max-image-preview:large","max-video-preview":"max-video-preview:-1"},"canonical":"https:\/\/www.visit-ulcinj.com\/blog\/2013\/12\/29\/karamanaga-nezakonito-otpustao-radnike-ulcinja\/","og_locale":"en_US","og_type":"article","og_title":"Karamanaga nezakonito otpu\u0161tao radnike TO - Ulcinja - Lajme nga Ulqini","og_description":"Tu\u017eila\u0161tvo u Ulcinju na osnovu krivi\u010dne prijave biv\u0161ih radnika pokrenulo je istragu o mogu\u0107im zloupotrebama slu\u017ebenog polo\u017eaja u lokalnoj Turisti\u010dkoj","og_url":"https:\/\/www.visit-ulcinj.com\/blog\/2013\/12\/29\/karamanaga-nezakonito-otpustao-radnike-ulcinja\/","og_site_name":"Lajme nga Ulqini","article_published_time":"2013-12-29T06:13:12+00:00","article_modified_time":"2013-12-29T06:13:38+00:00","og_image":[{"url":"http:\/\/www.visit-ulcinj.com\/blog\/wp-content\/uploads\/2013\/12\/Organizata-turistike-e-Ulqinit.jpg"}],"twitter_misc":{"Written by":"ulqini","Est. reading time":"5 minutes"},"schema":{"@context":"https:\/\/schema.org","@graph":[{"@type":"WebSite","@id":"https:\/\/www.visit-ulcinj.com\/blog\/#website","url":"https:\/\/www.visit-ulcinj.com\/blog\/","name":"Lajme nga Ulqini","description":"Lajme,Vijesti,Ulqini,Ulqin,Crna Gora,Mali i Zi","potentialAction":[{"@type":"SearchAction","target":{"@type":"EntryPoint","urlTemplate":"https:\/\/www.visit-ulcinj.com\/blog\/?s={search_term_string}"},"query-input":"required name=search_term_string"}],"inLanguage":"en-US"},{"@type":"ImageObject","inLanguage":"en-US","@id":"https:\/\/www.visit-ulcinj.com\/blog\/2013\/12\/29\/karamanaga-nezakonito-otpustao-radnike-ulcinja\/#primaryimage","url":"https:\/\/www.visit-ulcinj.com\/blog\/wp-content\/uploads\/2013\/12\/Organizata-turistike-e-Ulqinit.jpg","contentUrl":"https:\/\/www.visit-ulcinj.com\/blog\/wp-content\/uploads\/2013\/12\/Organizata-turistike-e-Ulqinit.jpg","width":640,"height":480},{"@type":"WebPage","@id":"https:\/\/www.visit-ulcinj.com\/blog\/2013\/12\/29\/karamanaga-nezakonito-otpustao-radnike-ulcinja\/#webpage","url":"https:\/\/www.visit-ulcinj.com\/blog\/2013\/12\/29\/karamanaga-nezakonito-otpustao-radnike-ulcinja\/","name":"Karamanaga nezakonito otpu\u0161tao radnike TO - Ulcinja - Lajme nga Ulqini","isPartOf":{"@id":"https:\/\/www.visit-ulcinj.com\/blog\/#website"},"primaryImageOfPage":{"@id":"https:\/\/www.visit-ulcinj.com\/blog\/2013\/12\/29\/karamanaga-nezakonito-otpustao-radnike-ulcinja\/#primaryimage"},"datePublished":"2013-12-29T06:13:12+00:00","dateModified":"2013-12-29T06:13:38+00:00","author":{"@id":"https:\/\/www.visit-ulcinj.com\/blog\/#\/schema\/person\/dcab619c614d3038751c63bc2aadc06d"},"description":"Tu\u017eila\u0161tvo u Ulcinju na osnovu krivi\u010dne prijave biv\u0161ih radnika pokrenulo je istragu o mogu\u0107im zloupotrebama slu\u017ebenog polo\u017eaja u lokalnoj Turisti\u010dkoj","breadcrumb":{"@id":"https:\/\/www.visit-ulcinj.com\/blog\/2013\/12\/29\/karamanaga-nezakonito-otpustao-radnike-ulcinja\/#breadcrumb"},"inLanguage":"en-US","potentialAction":[{"@type":"ReadAction","target":["https:\/\/www.visit-ulcinj.com\/blog\/2013\/12\/29\/karamanaga-nezakonito-otpustao-radnike-ulcinja\/"]}]},{"@type":"BreadcrumbList","@id":"https:\/\/www.visit-ulcinj.com\/blog\/2013\/12\/29\/karamanaga-nezakonito-otpustao-radnike-ulcinja\/#breadcrumb","itemListElement":[{"@type":"ListItem","position":1,"name":"Karamanaga nezakonito otpu\u0161tao radnike TO &#8211; Ulcinja"}]},{"@type":"Person","@id":"https:\/\/www.visit-ulcinj.com\/blog\/#\/schema\/person\/dcab619c614d3038751c63bc2aadc06d","name":"ulqini","sameAs":["http:\/\/www.visit-ulcinj.com"],"url":"https:\/\/www.visit-ulcinj.com\/blog\/author\/admin\/"}]}},"jetpack_featured_media_url":"","jetpack_sharing_enabled":true,"jetpack_shortlink":"https:\/\/wp.me\/pe6lTn-kco","_links":{"self":[{"href":"https:\/\/www.visit-ulcinj.com\/blog\/wp-json\/wp\/v2\/posts\/77648"}],"collection":[{"href":"https:\/\/www.visit-ulcinj.com\/blog\/wp-json\/wp\/v2\/posts"}],"about":[{"href":"https:\/\/www.visit-ulcinj.com\/blog\/wp-json\/wp\/v2\/types\/post"}],"author":[{"embeddable":true,"href":"https:\/\/www.visit-ulcinj.com\/blog\/wp-json\/wp\/v2\/users\/1"}],"replies":[{"embeddable":true,"href":"https:\/\/www.visit-ulcinj.com\/blog\/wp-json\/wp\/v2\/comments?post=77648"}],"version-history":[{"count":1,"href":"https:\/\/www.visit-ulcinj.com\/blog\/wp-json\/wp\/v2\/posts\/77648\/revisions"}],"predecessor-version":[{"id":77650,"href":"https:\/\/www.visit-ulcinj.com\/blog\/wp-json\/wp\/v2\/posts\/77648\/revisions\/77650"}],"wp:attachment":[{"href":"https:\/\/www.visit-ulcinj.com\/blog\/wp-json\/wp\/v2\/media?parent=77648"}],"wp:term":[{"taxonomy":"category","embeddable":true,"href":"https:\/\/www.visit-ulcinj.com\/blog\/wp-json\/wp\/v2\/categories?post=77648"},{"taxonomy":"post_tag","embeddable":true,"href":"https:\/\/www.visit-ulcinj.com\/blog\/wp-json\/wp\/v2\/tags?post=77648"}],"curies":[{"name":"wp","href":"https:\/\/api.w.org\/{rel}","templated":true}]}}