{"id":77655,"date":"2013-12-29T07:34:20","date_gmt":"2013-12-29T06:34:20","guid":{"rendered":"http:\/\/www.visit-ulcinj.com\/blog\/?p=77655"},"modified":"2013-12-29T07:34:20","modified_gmt":"2013-12-29T06:34:20","slug":"nikolle-camaj-duam-komune-e-jo-eksperimente","status":"publish","type":"post","link":"https:\/\/www.visit-ulcinj.com\/blog\/2013\/12\/29\/nikolle-camaj-duam-komune-e-jo-eksperimente\/","title":{"rendered":"Nikoll\u00eb Camaj: Duam komun\u00eb e jo eksperimente"},"content":{"rendered":"<p><a href=\"http:\/\/www.visit-ulcinj.com\/blog\/wp-content\/uploads\/2013\/12\/nikolle-camaj.jpg\"><img loading=\"lazy\" class=\"alignleft  wp-image-77656\" alt=\"nikolle-camaj\" src=\"http:\/\/www.visit-ulcinj.com\/blog\/wp-content\/uploads\/2013\/12\/nikolle-camaj.jpg\" width=\"508\" height=\"360\" \/><\/a>\u00cbsht\u00eb ngritur mjaft pluhur mbi statusin e ardhsh\u00ebm t\u00eb Komun\u00ebs urbane t\u00eb Tuzit. P\u00ebrderisa n\u00eb Mal\u00ebsi pritet p\u00ebr dat\u00ebn e referendumit p\u00ebr Komun\u00eb, tani erdhi nj\u00eb propozim i ri.<\/p>\n<p>Kryetari i Komun\u00ebs s\u00eb Podgoric\u00ebs, Miomir Mugosa paralajm\u00ebroi se n\u00eb fillim t\u00eb vitit t\u00eb ardhsh\u00ebm do t\u00eb zhvillohen bisedime me p\u00ebrfaq\u00ebsues t\u00eb t\u00eb gjitha subjekteve politike shqiptare, ku p\u00ebrmes ndryshimit t\u00eb Ligjit p\u00ebr kryeqytetin dhe financimit t\u00eb vet\u00ebqeverisjes lokale, do t\u00eb vihet deri te Komuna e Tuzit, si\u00e7 tha ai, me kapacitete t\u00eb plota dhe autonomi m\u00eb t\u00eb gjer\u00eb.<\/p>\n<p>Sipas tij, Tuzi do t\u00eb fitoj\u00eb ashtu sikur edhe vet\u00ebqeverisjet tjera lokale, menaxhimin e buxhetit t\u00eb tyre q\u00eb do t\u00eb trajtojn\u00eb pagat e t\u00eb pun\u00ebsuarve n\u00eb administrat\u00eb dhe do t\u00eb p\u00ebrcaktonin prioritetet e infrastruktur\u00ebs n\u00eb territorin e Mal\u00ebsis\u00eb, por do t\u00eb mbesin pjes\u00eb e Podgoric\u00ebs. Mugosa ka th\u00ebn\u00eb se nj\u00eb komun\u00eb e till\u00eb do t\u00eb kishte shkall\u00eb m\u00eb t\u00eb gj\u00ebr\u00eb t\u00eb autonomis\u00eb, siguri m\u00eb t\u00eb madhe dhe do t\u00eb kishte n\u00eb kompetenc\u00eb direkte burimet financiare.<\/p>\n<p>K\u00ebshilltari i Lidhjes Demokratike n\u00eb Mal t\u00eb Zi n\u00eb Kuvendin e KU Tuz, Nikoll\u00eb Camaj, nuk \u00ebsht\u00eb i k\u00ebnaqur me ata \u00e7ka po ofrohet.<br \/>\nCamaj n\u00eb lidhje me ofert\u00ebn e re ka th\u00ebn\u00eb se \u00e7do dy apo tre muaj po ofrohet di\u00e7ka ndryshe, di\u00e7ka e re, por assesi ajo q\u00eb \u00ebsht\u00eb e drejt\u00eb themelore e qytetar\u00ebve, e ajo \u00ebsht\u00eb e drejta n\u00eb vet\u00ebqeverisje lokale .<\/p>\n<p>\u201cKjo \u00ebsht\u00eb nj\u00eb p\u00ebrpjekje e re p\u00ebr nj\u00eb tjet\u00ebr eksperiment q\u00eb un\u00eb shpresoj se nuk do t\u00eb gjej\u00eb aleat\u00eb, edhe pse p\u00ebrvoja me thot\u00eb se do t\u00eb gjej\u00eb. Deri sa nuk e shohim propozimin nuk do t\u00eb merrem me ofert\u00ebn e Kryebashkiakut Mugosa . Megjithat\u00eb duhet t\u00eb them edhe k\u00ebt\u00eb. Ti ofrohet Mal\u00ebsis\u00eb m\u00eb pak se \u00e7far\u00eb i \u00ebsht\u00eb ofruar Petnjic\u00ebs dhe Gucic\u00eb, mendoj se \u00ebsht\u00eb e tallje drejtp\u00ebrdrejt\u00eb me gjith\u00eb ne por dhe demokracin\u00eb n\u00eb p\u00ebrgjith\u00ebsi,\u201d p\u00ebrfundoi Camaj. \/MALESIA.ORG\/<\/p>\n","protected":false},"excerpt":{"rendered":"<p>\u00cbsht\u00eb ngritur mjaft pluhur mbi statusin e ardhsh\u00ebm t\u00eb Komun\u00ebs urbane t\u00eb Tuzit. P\u00ebrderisa n\u00eb Mal\u00ebsi pritet p\u00ebr dat\u00ebn e referendumit p\u00ebr Komun\u00eb, tani erdhi nj\u00eb propozim i ri. Kryetari i Komun\u00ebs s\u00eb Podgoric\u00ebs, Miomir Mugosa paralajm\u00ebroi se n\u00eb fillim t\u00eb vitit t\u00eb ardhsh\u00ebm do t\u00eb zhvillohen bisedime me p\u00ebrfaq\u00ebsues t\u00eb t\u00eb gjitha subjekteve politike [&hellip;]<\/p>\n","protected":false},"author":1,"featured_media":0,"comment_status":"closed","ping_status":"closed","sticky":false,"template":"","format":"standard","meta":{"spay_email":"","jetpack_publicize_message":"","jetpack_is_tweetstorm":false,"jetpack_publicize_feature_enabled":true},"categories":[14],"tags":[],"jetpack_publicize_connections":[],"yoast_head":"<!-- This site is optimized with the Yoast SEO plugin v19.1 - https:\/\/yoast.com\/wordpress\/plugins\/seo\/ -->\n<title>Nikoll\u00eb Camaj: Duam komun\u00eb e jo eksperimente - Lajme nga Ulqini<\/title>\n<meta name=\"description\" content=\"\u00cbsht\u00eb ngritur mjaft pluhur mbi statusin e ardhsh\u00ebm t\u00eb Komun\u00ebs urbane t\u00eb Tuzit. P\u00ebrderisa n\u00eb Mal\u00ebsi pritet p\u00ebr dat\u00ebn e referendumit p\u00ebr Komun\u00eb, tani erdhi\" \/>\n<meta name=\"robots\" content=\"index, follow, max-snippet:-1, max-image-preview:large, max-video-preview:-1\" \/>\n<link rel=\"canonical\" href=\"https:\/\/www.visit-ulcinj.com\/blog\/2013\/12\/29\/nikolle-camaj-duam-komune-e-jo-eksperimente\/\" \/>\n<meta property=\"og:locale\" content=\"en_US\" \/>\n<meta property=\"og:type\" content=\"article\" \/>\n<meta property=\"og:title\" content=\"Nikoll\u00eb Camaj: Duam komun\u00eb e jo eksperimente - Lajme nga Ulqini\" \/>\n<meta property=\"og:description\" content=\"\u00cbsht\u00eb ngritur mjaft pluhur mbi statusin e ardhsh\u00ebm t\u00eb Komun\u00ebs urbane t\u00eb Tuzit. P\u00ebrderisa n\u00eb Mal\u00ebsi pritet p\u00ebr dat\u00ebn e referendumit p\u00ebr Komun\u00eb, tani erdhi\" \/>\n<meta property=\"og:url\" content=\"https:\/\/www.visit-ulcinj.com\/blog\/2013\/12\/29\/nikolle-camaj-duam-komune-e-jo-eksperimente\/\" \/>\n<meta property=\"og:site_name\" content=\"Lajme nga Ulqini\" \/>\n<meta property=\"article:published_time\" content=\"2013-12-29T06:34:20+00:00\" \/>\n<meta property=\"og:image\" content=\"http:\/\/www.visit-ulcinj.com\/blog\/wp-content\/uploads\/2013\/12\/nikolle-camaj.jpg\" \/>\n<meta name=\"twitter:label1\" content=\"Written by\" \/>\n\t<meta name=\"twitter:data1\" content=\"ulqini\" \/>\n\t<meta name=\"twitter:label2\" content=\"Est. reading time\" \/>\n\t<meta name=\"twitter:data2\" content=\"2 minutes\" \/>\n<script type=\"application\/ld+json\" class=\"yoast-schema-graph\">{\"@context\":\"https:\/\/schema.org\",\"@graph\":[{\"@type\":\"WebSite\",\"@id\":\"https:\/\/www.visit-ulcinj.com\/blog\/#website\",\"url\":\"https:\/\/www.visit-ulcinj.com\/blog\/\",\"name\":\"Lajme nga Ulqini\",\"description\":\"Lajme,Vijesti,Ulqini,Ulqin,Crna Gora,Mali i Zi\",\"potentialAction\":[{\"@type\":\"SearchAction\",\"target\":{\"@type\":\"EntryPoint\",\"urlTemplate\":\"https:\/\/www.visit-ulcinj.com\/blog\/?s={search_term_string}\"},\"query-input\":\"required name=search_term_string\"}],\"inLanguage\":\"en-US\"},{\"@type\":\"ImageObject\",\"inLanguage\":\"en-US\",\"@id\":\"https:\/\/www.visit-ulcinj.com\/blog\/2013\/12\/29\/nikolle-camaj-duam-komune-e-jo-eksperimente\/#primaryimage\",\"url\":\"https:\/\/www.visit-ulcinj.com\/blog\/wp-content\/uploads\/2013\/12\/nikolle-camaj.jpg\",\"contentUrl\":\"https:\/\/www.visit-ulcinj.com\/blog\/wp-content\/uploads\/2013\/12\/nikolle-camaj.jpg\",\"width\":720,\"height\":690},{\"@type\":\"WebPage\",\"@id\":\"https:\/\/www.visit-ulcinj.com\/blog\/2013\/12\/29\/nikolle-camaj-duam-komune-e-jo-eksperimente\/#webpage\",\"url\":\"https:\/\/www.visit-ulcinj.com\/blog\/2013\/12\/29\/nikolle-camaj-duam-komune-e-jo-eksperimente\/\",\"name\":\"Nikoll\u00eb Camaj: Duam komun\u00eb e jo eksperimente - Lajme nga Ulqini\",\"isPartOf\":{\"@id\":\"https:\/\/www.visit-ulcinj.com\/blog\/#website\"},\"primaryImageOfPage\":{\"@id\":\"https:\/\/www.visit-ulcinj.com\/blog\/2013\/12\/29\/nikolle-camaj-duam-komune-e-jo-eksperimente\/#primaryimage\"},\"datePublished\":\"2013-12-29T06:34:20+00:00\",\"dateModified\":\"2013-12-29T06:34:20+00:00\",\"author\":{\"@id\":\"https:\/\/www.visit-ulcinj.com\/blog\/#\/schema\/person\/dcab619c614d3038751c63bc2aadc06d\"},\"description\":\"\u00cbsht\u00eb ngritur mjaft pluhur mbi statusin e ardhsh\u00ebm t\u00eb Komun\u00ebs urbane t\u00eb Tuzit. P\u00ebrderisa n\u00eb Mal\u00ebsi pritet p\u00ebr dat\u00ebn e referendumit p\u00ebr Komun\u00eb, tani erdhi\",\"breadcrumb\":{\"@id\":\"https:\/\/www.visit-ulcinj.com\/blog\/2013\/12\/29\/nikolle-camaj-duam-komune-e-jo-eksperimente\/#breadcrumb\"},\"inLanguage\":\"en-US\",\"potentialAction\":[{\"@type\":\"ReadAction\",\"target\":[\"https:\/\/www.visit-ulcinj.com\/blog\/2013\/12\/29\/nikolle-camaj-duam-komune-e-jo-eksperimente\/\"]}]},{\"@type\":\"BreadcrumbList\",\"@id\":\"https:\/\/www.visit-ulcinj.com\/blog\/2013\/12\/29\/nikolle-camaj-duam-komune-e-jo-eksperimente\/#breadcrumb\",\"itemListElement\":[{\"@type\":\"ListItem\",\"position\":1,\"name\":\"Nikoll\u00eb Camaj: Duam komun\u00eb e jo eksperimente\"}]},{\"@type\":\"Person\",\"@id\":\"https:\/\/www.visit-ulcinj.com\/blog\/#\/schema\/person\/dcab619c614d3038751c63bc2aadc06d\",\"name\":\"ulqini\",\"sameAs\":[\"http:\/\/www.visit-ulcinj.com\"],\"url\":\"https:\/\/www.visit-ulcinj.com\/blog\/author\/admin\/\"}]}<\/script>\n<!-- \/ Yoast SEO plugin. -->","yoast_head_json":{"title":"Nikoll\u00eb Camaj: Duam komun\u00eb e jo eksperimente - Lajme nga Ulqini","description":"\u00cbsht\u00eb ngritur mjaft pluhur mbi statusin e ardhsh\u00ebm t\u00eb Komun\u00ebs urbane t\u00eb Tuzit. P\u00ebrderisa n\u00eb Mal\u00ebsi pritet p\u00ebr dat\u00ebn e referendumit p\u00ebr Komun\u00eb, tani erdhi","robots":{"index":"index","follow":"follow","max-snippet":"max-snippet:-1","max-image-preview":"max-image-preview:large","max-video-preview":"max-video-preview:-1"},"canonical":"https:\/\/www.visit-ulcinj.com\/blog\/2013\/12\/29\/nikolle-camaj-duam-komune-e-jo-eksperimente\/","og_locale":"en_US","og_type":"article","og_title":"Nikoll\u00eb Camaj: Duam komun\u00eb e jo eksperimente - Lajme nga Ulqini","og_description":"\u00cbsht\u00eb ngritur mjaft pluhur mbi statusin e ardhsh\u00ebm t\u00eb Komun\u00ebs urbane t\u00eb Tuzit. P\u00ebrderisa n\u00eb Mal\u00ebsi pritet p\u00ebr dat\u00ebn e referendumit p\u00ebr Komun\u00eb, tani erdhi","og_url":"https:\/\/www.visit-ulcinj.com\/blog\/2013\/12\/29\/nikolle-camaj-duam-komune-e-jo-eksperimente\/","og_site_name":"Lajme nga Ulqini","article_published_time":"2013-12-29T06:34:20+00:00","og_image":[{"url":"http:\/\/www.visit-ulcinj.com\/blog\/wp-content\/uploads\/2013\/12\/nikolle-camaj.jpg"}],"twitter_misc":{"Written by":"ulqini","Est. reading time":"2 minutes"},"schema":{"@context":"https:\/\/schema.org","@graph":[{"@type":"WebSite","@id":"https:\/\/www.visit-ulcinj.com\/blog\/#website","url":"https:\/\/www.visit-ulcinj.com\/blog\/","name":"Lajme nga Ulqini","description":"Lajme,Vijesti,Ulqini,Ulqin,Crna Gora,Mali i Zi","potentialAction":[{"@type":"SearchAction","target":{"@type":"EntryPoint","urlTemplate":"https:\/\/www.visit-ulcinj.com\/blog\/?s={search_term_string}"},"query-input":"required name=search_term_string"}],"inLanguage":"en-US"},{"@type":"ImageObject","inLanguage":"en-US","@id":"https:\/\/www.visit-ulcinj.com\/blog\/2013\/12\/29\/nikolle-camaj-duam-komune-e-jo-eksperimente\/#primaryimage","url":"https:\/\/www.visit-ulcinj.com\/blog\/wp-content\/uploads\/2013\/12\/nikolle-camaj.jpg","contentUrl":"https:\/\/www.visit-ulcinj.com\/blog\/wp-content\/uploads\/2013\/12\/nikolle-camaj.jpg","width":720,"height":690},{"@type":"WebPage","@id":"https:\/\/www.visit-ulcinj.com\/blog\/2013\/12\/29\/nikolle-camaj-duam-komune-e-jo-eksperimente\/#webpage","url":"https:\/\/www.visit-ulcinj.com\/blog\/2013\/12\/29\/nikolle-camaj-duam-komune-e-jo-eksperimente\/","name":"Nikoll\u00eb Camaj: Duam komun\u00eb e jo eksperimente - Lajme nga Ulqini","isPartOf":{"@id":"https:\/\/www.visit-ulcinj.com\/blog\/#website"},"primaryImageOfPage":{"@id":"https:\/\/www.visit-ulcinj.com\/blog\/2013\/12\/29\/nikolle-camaj-duam-komune-e-jo-eksperimente\/#primaryimage"},"datePublished":"2013-12-29T06:34:20+00:00","dateModified":"2013-12-29T06:34:20+00:00","author":{"@id":"https:\/\/www.visit-ulcinj.com\/blog\/#\/schema\/person\/dcab619c614d3038751c63bc2aadc06d"},"description":"\u00cbsht\u00eb ngritur mjaft pluhur mbi statusin e ardhsh\u00ebm t\u00eb Komun\u00ebs urbane t\u00eb Tuzit. P\u00ebrderisa n\u00eb Mal\u00ebsi pritet p\u00ebr dat\u00ebn e referendumit p\u00ebr Komun\u00eb, tani erdhi","breadcrumb":{"@id":"https:\/\/www.visit-ulcinj.com\/blog\/2013\/12\/29\/nikolle-camaj-duam-komune-e-jo-eksperimente\/#breadcrumb"},"inLanguage":"en-US","potentialAction":[{"@type":"ReadAction","target":["https:\/\/www.visit-ulcinj.com\/blog\/2013\/12\/29\/nikolle-camaj-duam-komune-e-jo-eksperimente\/"]}]},{"@type":"BreadcrumbList","@id":"https:\/\/www.visit-ulcinj.com\/blog\/2013\/12\/29\/nikolle-camaj-duam-komune-e-jo-eksperimente\/#breadcrumb","itemListElement":[{"@type":"ListItem","position":1,"name":"Nikoll\u00eb Camaj: Duam komun\u00eb e jo eksperimente"}]},{"@type":"Person","@id":"https:\/\/www.visit-ulcinj.com\/blog\/#\/schema\/person\/dcab619c614d3038751c63bc2aadc06d","name":"ulqini","sameAs":["http:\/\/www.visit-ulcinj.com"],"url":"https:\/\/www.visit-ulcinj.com\/blog\/author\/admin\/"}]}},"jetpack_featured_media_url":"","jetpack_sharing_enabled":true,"jetpack_shortlink":"https:\/\/wp.me\/pe6lTn-kcv","_links":{"self":[{"href":"https:\/\/www.visit-ulcinj.com\/blog\/wp-json\/wp\/v2\/posts\/77655"}],"collection":[{"href":"https:\/\/www.visit-ulcinj.com\/blog\/wp-json\/wp\/v2\/posts"}],"about":[{"href":"https:\/\/www.visit-ulcinj.com\/blog\/wp-json\/wp\/v2\/types\/post"}],"author":[{"embeddable":true,"href":"https:\/\/www.visit-ulcinj.com\/blog\/wp-json\/wp\/v2\/users\/1"}],"replies":[{"embeddable":true,"href":"https:\/\/www.visit-ulcinj.com\/blog\/wp-json\/wp\/v2\/comments?post=77655"}],"version-history":[{"count":1,"href":"https:\/\/www.visit-ulcinj.com\/blog\/wp-json\/wp\/v2\/posts\/77655\/revisions"}],"predecessor-version":[{"id":77657,"href":"https:\/\/www.visit-ulcinj.com\/blog\/wp-json\/wp\/v2\/posts\/77655\/revisions\/77657"}],"wp:attachment":[{"href":"https:\/\/www.visit-ulcinj.com\/blog\/wp-json\/wp\/v2\/media?parent=77655"}],"wp:term":[{"taxonomy":"category","embeddable":true,"href":"https:\/\/www.visit-ulcinj.com\/blog\/wp-json\/wp\/v2\/categories?post=77655"},{"taxonomy":"post_tag","embeddable":true,"href":"https:\/\/www.visit-ulcinj.com\/blog\/wp-json\/wp\/v2\/tags?post=77655"}],"curies":[{"name":"wp","href":"https:\/\/api.w.org\/{rel}","templated":true}]}}