{"id":77665,"date":"2013-12-29T15:17:35","date_gmt":"2013-12-29T14:17:35","guid":{"rendered":"http:\/\/www.visit-ulcinj.com\/blog\/?p=77665"},"modified":"2013-12-31T18:20:35","modified_gmt":"2013-12-31T17:20:35","slug":"kryetari-cungu-vizitoi-arabine-saudite","status":"publish","type":"post","link":"https:\/\/www.visit-ulcinj.com\/blog\/2013\/12\/29\/kryetari-cungu-vizitoi-arabine-saudite\/","title":{"rendered":"Kryetari Cungu vizitoi Arabin\u00eb Saudite + Foto"},"content":{"rendered":"<p><a href=\"http:\/\/www.visit-ulcinj.com\/blog\/wp-content\/uploads\/2013\/12\/Kryetari-Cungu-vizitoi-Arabin\u00eb-Saudite.jpg\"><img loading=\"lazy\" class=\"alignleft  wp-image-77666\" alt=\"Kryetari Cungu vizitoi Arabin\u00eb Saudite\" src=\"http:\/\/www.visit-ulcinj.com\/blog\/wp-content\/uploads\/2013\/12\/Kryetari-Cungu-vizitoi-Arabin\u00eb-Saudite.jpg\" width=\"508\" height=\"360\" \/><\/a>Kryetari i Komun\u00ebs s\u00eb Ulqinit Nazif Cungu q\u00ebndroi n\u00eb nj\u00eb vizit\u00eb nj\u00ebjavore n\u00eb Arabi Saudite gjat\u00eb t\u00eb cil\u00ebs realizoi nj\u00eb s\u00ebri takimesh me p\u00ebrfaq\u00ebsues t\u00eb Bank\u00ebs Islamike p\u00ebr zhvillim si dhe investitor t\u00eb ndrysh\u00ebm q\u00eb shpreh\u00ebn interesimin p\u00ebr investime n\u00eb Ulqin dhe Mal t\u00eb Zi. Kryetarit Cungu n\u00eb k\u00ebt\u00eb vizit\u00eb u bashkangjit\u00ebn edhe p\u00ebrfaq\u00ebsues nga qeveria e Malit t\u00eb Zi n\u00eb krye me sekretarin Predrag Laushiq nga Ministria e turizmit dhe zhvillimit t\u00eb q\u00ebndruesh\u00ebm.<\/p>\n<p>Nj\u00eb prej takimeve n\u00eb Bank\u00ebn Islamike p\u00ebr zhvillim \u00ebsht\u00eb realizuar me Sh\u00ebrbimin e financave. Meq\u00eb ky sh\u00ebrbim merret kryesisht me tok\u00ebn e vakufit, n\u00eb k\u00ebt\u00eb takim \u00ebsht\u00eb biseduar p\u00ebr finansimin e nj\u00eb projekti q\u00eb do t\u00eb ndihmoj n\u00eb jet\u00ebn e p\u00ebrditshme t\u00eb qytetar\u00ebve t\u00eb Ulqinit por q\u00eb do t\u00eb mbetet pron\u00eb e vakufit. Vlera e k\u00ebtij projektit arrin\u00eb shum\u00ebn prej 5 milion euro duke p\u00ebrfshir\u00eb edhe studimi i fizibilitetit p\u00ebr k\u00ebt\u00eb projekt. Mbetet q\u00eb Komuna e Ulqinit t\u00eb filloj bisedimet me Bashk\u00ebsin Islame lidhur me propozimet p\u00ebr k\u00ebt\u00eb projekt dhe m\u00eb pas do ti d\u00ebrgohet bank\u00ebs n\u00eb shqyrtim.<br \/>\n<a href=\"http:\/\/www.visit-ulcinj.com\/blog\/wp-content\/uploads\/2013\/12\/Kryetari-Cungu-vizitoi-Arabin\u00eb-Saudite-1.jpg\"><img loading=\"lazy\" class=\"alignleft  wp-image-77667\" alt=\"Kryetari Cungu vizitoi Arabin\u00eb Saudite-1\" src=\"http:\/\/www.visit-ulcinj.com\/blog\/wp-content\/uploads\/2013\/12\/Kryetari-Cungu-vizitoi-Arabin\u00eb-Saudite-1.jpg\" width=\"508\" height=\"360\" \/><\/a><br \/>\nTakimi tjet\u00ebr \u00ebsht\u00eb realizuar me Sh\u00ebrbimin p\u00ebr ndihm\u00eb sociale ku \u00ebsht\u00eb diskutuar p\u00ebr nj\u00eb projekt t\u00eb karakterit edukativo-social, q\u00eb do t\u00eb realizohet nga nj\u00eb NVO dhe arrin vler\u00ebn deri n\u00eb 200 mij\u00eb euro.<br \/>\nDelegacioni nga Mali i Zi poashtu takuan p\u00ebrfaq\u00ebsuesit e Sh\u00ebrbimit p\u00ebr studime dhe edukim ku diskutuan p\u00ebr organizimin e nj\u00eb workshopi lidhur me m\u00ebnyr\u00ebn e funksionimit t\u00eb industris\u00eb bankare islamike. Kjo do t\u00eb realizohet n\u00eb bashk\u00ebpunim me Komun\u00ebn e Ulqinit dhe Od\u00ebn ekonomike n\u00eb Mal\u00eb t\u00eb Zi.<br \/>\nN\u00eb takimin me Sh\u00ebrbimin islamik p\u00ebr bashk\u00ebpunim dhe zhvillim t\u00eb sektorit privat si dhe grupin e biznes forumit bankar \u00ebsht\u00eb diskutuar p\u00ebr organizimin e nj\u00eb konference nd\u00ebrkomtare p\u00ebr investitor jo vet\u00ebm nga Arabia Saudite por nga e gjith\u00eb lindja. Kryetari Cungu ka propozuar q\u00eb kjo konferenc\u00eb t\u00eb mbahet n\u00eb Ulqin ku do t\u00eb prezantohen t\u00eb gjitha mund\u00ebsit\u00eb ivestuese q\u00eb ka Mali i Zi n\u00eb turiz\u00ebm dhe bujq\u00ebsi. Drejtori i k\u00ebtij sh\u00ebrbimi premtoi hapa t\u00eb m\u00ebtutjeshme menj\u00ebher\u00eb pasi q\u00eb Qeveria e Malit t\u00eb Zi t\u00eb d\u00ebrgoj k\u00ebrkes\u00ebn p\u00ebr k\u00ebt\u00eb.<\/p>\n<p><a href=\"http:\/\/www.visit-ulcinj.com\/blog\/wp-content\/uploads\/2013\/12\/Kryetari-Cungu-vizitoi-Arabin\u00eb-Saudite-2.jpg\"><img loading=\"lazy\" class=\"alignleft  wp-image-77668\" alt=\"Kryetari Cungu vizitoi Arabin\u00eb Saudite-2\" src=\"http:\/\/www.visit-ulcinj.com\/blog\/wp-content\/uploads\/2013\/12\/Kryetari-Cungu-vizitoi-Arabin\u00eb-Saudite-2.jpg\" width=\"508\" height=\"360\" \/><\/a><br \/>\nN\u00eb takimin e radh\u00ebs me Sh\u00ebrbimin e finacave dhe treg\u00ebtis, delegacionit t\u00eb Malit t\u00eb Zi i \u00ebsht\u00eb mbajtur prezantimi i procedur\u00ebs t\u00eb antarsimit t\u00eb shteteve n\u00eb bank\u00ebn islamike si dhe t\u00eb gjitha benefitet nga ky antarsim. Si shembull u p\u00ebrmend Shqip\u00ebria q\u00eb \u00ebsht\u00eb antare q\u00eb n\u00eb vitin 1994.<br \/>\nTakimet n\u00eb Bank\u00eb islamike u p\u00ebrmbyll\u00ebn me takimin final n\u00eb kabinetin e drejtorit t\u00eb bank\u00ebs z. Dr. Ahmad Mohamed Ali. Kryetari Cungu felenderoi z. Ali p\u00ebr ftes\u00ebn dhe mik\u00ebpritjen duke dorzuar dhurat anijen nga Ulqini. Falenderimit u bashkangjit edhe sekretari Jelushiq i cili nj\u00ebkoh\u00ebsisht ftoi p\u00ebrfaq\u00ebsuesit e bank\u00ebs p\u00ebr nj\u00eb vizit\u00eb n\u00eb Mal t\u00eb Zi.<br \/>\nTakimet tjera jan\u00eb realizuar me Od\u00ebn ekonomike t\u00eb Arabis\u00eb Saudite dhe investitor\u00eb t\u00eb ndrysh\u00ebm t\u00eb cil\u00ebve jan\u00eb p\u00ebrcjellur informata p\u00ebr mund\u00ebsit e investimeve dhe politik\u00ebn e tatimeve p\u00ebr investitor\u00eb t\u00eb huaj n\u00eb Ulqin dhe Mal t\u00eb Zi.<br \/>\nSi p\u00ebrfundim i k\u00ebsaj vizite mbeten nj\u00eb s\u00ebri hapash q\u00eb duhet t\u00eb nd\u00ebrmerren nga Ulqini dhe Mali i Zi p\u00ebr t\u00eb vazhduar drejt realizimit t\u00eb projekteve konkrete t\u00eb diskutuara n\u00eb takime.<\/p>\n\n\t\t<style type=\"text\/css\">\n\t\t\t#gallery-1 {\n\t\t\t\tmargin: auto;\n\t\t\t}\n\t\t\t#gallery-1 .gallery-item {\n\t\t\t\tfloat: left;\n\t\t\t\tmargin-top: 10px;\n\t\t\t\ttext-align: center;\n\t\t\t\twidth: 33%;\n\t\t\t}\n\t\t\t#gallery-1 img {\n\t\t\t\tborder: 2px solid #cfcfcf;\n\t\t\t}\n\t\t\t#gallery-1 .gallery-caption {\n\t\t\t\tmargin-left: 0;\n\t\t\t}\n\t\t\t\/* see gallery_shortcode() in wp-includes\/media.php *\/\n\t\t<\/style>\n\t\t<div id='gallery-1' class='gallery galleryid-77665 gallery-columns-3 gallery-size-thumbnail'><dl class='gallery-item'>\n\t\t\t<dt class='gallery-icon landscape'>\n\t\t\t\t<a href='https:\/\/www.visit-ulcinj.com\/blog\/2013\/12\/29\/kryetari-cungu-vizitoi-arabine-saudite\/kryetari-cungu-vizitoi-arabine-saudite-4\/'><img width=\"150\" height=\"150\" src=\"https:\/\/www.visit-ulcinj.com\/blog\/wp-content\/uploads\/2013\/12\/Kryetari-Cungu-vizitoi-Arabin\u00eb-Saudite-4-150x150.jpg\" class=\"attachment-thumbnail size-thumbnail\" alt=\"\" loading=\"lazy\" \/><\/a>\n\t\t\t<\/dt><\/dl><dl class='gallery-item'>\n\t\t\t<dt class='gallery-icon landscape'>\n\t\t\t\t<a href='https:\/\/www.visit-ulcinj.com\/blog\/2013\/12\/29\/kryetari-cungu-vizitoi-arabine-saudite\/kryetari-cungu-vizitoi-arabine-saudite-5\/'><img width=\"150\" height=\"150\" src=\"https:\/\/www.visit-ulcinj.com\/blog\/wp-content\/uploads\/2013\/12\/Kryetari-Cungu-vizitoi-Arabin\u00eb-Saudite-5-150x150.jpg\" class=\"attachment-thumbnail size-thumbnail\" alt=\"\" loading=\"lazy\" \/><\/a>\n\t\t\t<\/dt><\/dl><dl class='gallery-item'>\n\t\t\t<dt class='gallery-icon landscape'>\n\t\t\t\t<a href='https:\/\/www.visit-ulcinj.com\/blog\/2013\/12\/29\/kryetari-cungu-vizitoi-arabine-saudite\/kryetari-cungu-vizitoi-arabine-saudite-6\/'><img width=\"150\" height=\"150\" src=\"https:\/\/www.visit-ulcinj.com\/blog\/wp-content\/uploads\/2013\/12\/Kryetari-Cungu-vizitoi-Arabin\u00eb-Saudite-6-150x150.jpg\" class=\"attachment-thumbnail size-thumbnail\" alt=\"\" loading=\"lazy\" \/><\/a>\n\t\t\t<\/dt><\/dl><br style=\"clear: both\" \/><dl class='gallery-item'>\n\t\t\t<dt class='gallery-icon landscape'>\n\t\t\t\t<a href='https:\/\/www.visit-ulcinj.com\/blog\/2013\/12\/29\/kryetari-cungu-vizitoi-arabine-saudite\/kryetari-cungu-vizitoi-arabine-saudite-7\/'><img width=\"150\" height=\"150\" src=\"https:\/\/www.visit-ulcinj.com\/blog\/wp-content\/uploads\/2013\/12\/Kryetari-Cungu-vizitoi-Arabin\u00eb-Saudite-7-150x150.jpg\" class=\"attachment-thumbnail size-thumbnail\" alt=\"\" loading=\"lazy\" \/><\/a>\n\t\t\t<\/dt><\/dl><dl class='gallery-item'>\n\t\t\t<dt class='gallery-icon landscape'>\n\t\t\t\t<a href='https:\/\/www.visit-ulcinj.com\/blog\/2013\/12\/29\/kryetari-cungu-vizitoi-arabine-saudite\/kryetari-cungu-vizitoi-arabine-saudite-8\/'><img width=\"150\" height=\"150\" src=\"https:\/\/www.visit-ulcinj.com\/blog\/wp-content\/uploads\/2013\/12\/Kryetari-Cungu-vizitoi-Arabin\u00eb-Saudite-8-150x150.jpg\" class=\"attachment-thumbnail size-thumbnail\" alt=\"\" loading=\"lazy\" \/><\/a>\n\t\t\t<\/dt><\/dl><dl class='gallery-item'>\n\t\t\t<dt class='gallery-icon landscape'>\n\t\t\t\t<a href='https:\/\/www.visit-ulcinj.com\/blog\/2013\/12\/29\/kryetari-cungu-vizitoi-arabine-saudite\/kryetari-cungu-vizitoi-arabine-saudite-9\/'><img width=\"150\" height=\"150\" src=\"https:\/\/www.visit-ulcinj.com\/blog\/wp-content\/uploads\/2013\/12\/Kryetari-Cungu-vizitoi-Arabin\u00eb-Saudite-9-150x150.jpg\" class=\"attachment-thumbnail size-thumbnail\" alt=\"\" loading=\"lazy\" \/><\/a>\n\t\t\t<\/dt><\/dl><br style=\"clear: both\" \/>\n\t\t<\/div>\n\n","protected":false},"excerpt":{"rendered":"<p>Kryetari i Komun\u00ebs s\u00eb Ulqinit Nazif Cungu q\u00ebndroi n\u00eb nj\u00eb vizit\u00eb nj\u00ebjavore n\u00eb Arabi Saudite gjat\u00eb t\u00eb cil\u00ebs realizoi nj\u00eb s\u00ebri takimesh me p\u00ebrfaq\u00ebsues t\u00eb Bank\u00ebs Islamike p\u00ebr zhvillim si dhe investitor t\u00eb ndrysh\u00ebm q\u00eb shpreh\u00ebn interesimin p\u00ebr investime n\u00eb Ulqin dhe Mal t\u00eb Zi. Kryetarit Cungu n\u00eb k\u00ebt\u00eb vizit\u00eb u bashkangjit\u00ebn edhe p\u00ebrfaq\u00ebsues nga [&hellip;]<\/p>\n","protected":false},"author":1,"featured_media":0,"comment_status":"closed","ping_status":"closed","sticky":false,"template":"","format":"standard","meta":{"spay_email":"","jetpack_publicize_message":"","jetpack_is_tweetstorm":false,"jetpack_publicize_feature_enabled":true},"categories":[10,11],"tags":[],"jetpack_publicize_connections":[],"yoast_head":"<!-- This site is optimized with the Yoast SEO plugin v19.1 - https:\/\/yoast.com\/wordpress\/plugins\/seo\/ -->\n<title>Kryetari Cungu vizitoi Arabin\u00eb Saudite + Foto - Lajme nga Ulqini<\/title>\n<meta name=\"description\" content=\"Kryetari i Komun\u00ebs s\u00eb Ulqinit Nazif Cungu q\u00ebndroi n\u00eb nj\u00eb vizit\u00eb nj\u00ebjavore n\u00eb Arabi Saudite gjat\u00eb t\u00eb cil\u00ebs realizoi nj\u00eb s\u00ebri takimesh me p\u00ebrfaq\u00ebsues t\u00eb\" \/>\n<meta name=\"robots\" content=\"index, follow, max-snippet:-1, max-image-preview:large, max-video-preview:-1\" \/>\n<link rel=\"canonical\" href=\"https:\/\/www.visit-ulcinj.com\/blog\/2013\/12\/29\/kryetari-cungu-vizitoi-arabine-saudite\/\" \/>\n<meta property=\"og:locale\" content=\"en_US\" \/>\n<meta property=\"og:type\" content=\"article\" \/>\n<meta property=\"og:title\" content=\"Kryetari Cungu vizitoi Arabin\u00eb Saudite + Foto - Lajme nga Ulqini\" \/>\n<meta property=\"og:description\" content=\"Kryetari i Komun\u00ebs s\u00eb Ulqinit Nazif Cungu q\u00ebndroi n\u00eb nj\u00eb vizit\u00eb nj\u00ebjavore n\u00eb Arabi Saudite gjat\u00eb t\u00eb cil\u00ebs realizoi nj\u00eb s\u00ebri takimesh me p\u00ebrfaq\u00ebsues t\u00eb\" \/>\n<meta property=\"og:url\" content=\"https:\/\/www.visit-ulcinj.com\/blog\/2013\/12\/29\/kryetari-cungu-vizitoi-arabine-saudite\/\" \/>\n<meta property=\"og:site_name\" content=\"Lajme nga Ulqini\" \/>\n<meta property=\"article:published_time\" content=\"2013-12-29T14:17:35+00:00\" \/>\n<meta property=\"article:modified_time\" content=\"2013-12-31T17:20:35+00:00\" \/>\n<meta property=\"og:image\" content=\"https:\/\/www.visit-ulcinj.com\/blog\/wp-content\/uploads\/2013\/12\/Kryetari-Cungu-vizitoi-Arabin\u00eb-Saudite-4-150x150.jpg\" \/>\n<meta name=\"twitter:label1\" content=\"Written by\" \/>\n\t<meta name=\"twitter:data1\" content=\"ulqini\" \/>\n\t<meta name=\"twitter:label2\" content=\"Est. reading time\" \/>\n\t<meta name=\"twitter:data2\" content=\"3 minutes\" \/>\n<script type=\"application\/ld+json\" class=\"yoast-schema-graph\">{\"@context\":\"https:\/\/schema.org\",\"@graph\":[{\"@type\":\"WebSite\",\"@id\":\"https:\/\/www.visit-ulcinj.com\/blog\/#website\",\"url\":\"https:\/\/www.visit-ulcinj.com\/blog\/\",\"name\":\"Lajme nga Ulqini\",\"description\":\"Lajme,Vijesti,Ulqini,Ulqin,Crna Gora,Mali i Zi\",\"potentialAction\":[{\"@type\":\"SearchAction\",\"target\":{\"@type\":\"EntryPoint\",\"urlTemplate\":\"https:\/\/www.visit-ulcinj.com\/blog\/?s={search_term_string}\"},\"query-input\":\"required name=search_term_string\"}],\"inLanguage\":\"en-US\"},{\"@type\":\"WebPage\",\"@id\":\"https:\/\/www.visit-ulcinj.com\/blog\/2013\/12\/29\/kryetari-cungu-vizitoi-arabine-saudite\/#webpage\",\"url\":\"https:\/\/www.visit-ulcinj.com\/blog\/2013\/12\/29\/kryetari-cungu-vizitoi-arabine-saudite\/\",\"name\":\"Kryetari Cungu vizitoi Arabin\u00eb Saudite + Foto - Lajme nga Ulqini\",\"isPartOf\":{\"@id\":\"https:\/\/www.visit-ulcinj.com\/blog\/#website\"},\"datePublished\":\"2013-12-29T14:17:35+00:00\",\"dateModified\":\"2013-12-31T17:20:35+00:00\",\"author\":{\"@id\":\"https:\/\/www.visit-ulcinj.com\/blog\/#\/schema\/person\/dcab619c614d3038751c63bc2aadc06d\"},\"description\":\"Kryetari i Komun\u00ebs s\u00eb Ulqinit Nazif Cungu q\u00ebndroi n\u00eb nj\u00eb vizit\u00eb nj\u00ebjavore n\u00eb Arabi Saudite gjat\u00eb t\u00eb cil\u00ebs realizoi nj\u00eb s\u00ebri takimesh me p\u00ebrfaq\u00ebsues t\u00eb\",\"breadcrumb\":{\"@id\":\"https:\/\/www.visit-ulcinj.com\/blog\/2013\/12\/29\/kryetari-cungu-vizitoi-arabine-saudite\/#breadcrumb\"},\"inLanguage\":\"en-US\",\"potentialAction\":[{\"@type\":\"ReadAction\",\"target\":[\"https:\/\/www.visit-ulcinj.com\/blog\/2013\/12\/29\/kryetari-cungu-vizitoi-arabine-saudite\/\"]}]},{\"@type\":\"BreadcrumbList\",\"@id\":\"https:\/\/www.visit-ulcinj.com\/blog\/2013\/12\/29\/kryetari-cungu-vizitoi-arabine-saudite\/#breadcrumb\",\"itemListElement\":[{\"@type\":\"ListItem\",\"position\":1,\"name\":\"Kryetari Cungu vizitoi Arabin\u00eb Saudite + Foto\"}]},{\"@type\":\"Person\",\"@id\":\"https:\/\/www.visit-ulcinj.com\/blog\/#\/schema\/person\/dcab619c614d3038751c63bc2aadc06d\",\"name\":\"ulqini\",\"sameAs\":[\"http:\/\/www.visit-ulcinj.com\"],\"url\":\"https:\/\/www.visit-ulcinj.com\/blog\/author\/admin\/\"}]}<\/script>\n<!-- \/ Yoast SEO plugin. -->","yoast_head_json":{"title":"Kryetari Cungu vizitoi Arabin\u00eb Saudite + Foto - Lajme nga Ulqini","description":"Kryetari i Komun\u00ebs s\u00eb Ulqinit Nazif Cungu q\u00ebndroi n\u00eb nj\u00eb vizit\u00eb nj\u00ebjavore n\u00eb Arabi Saudite gjat\u00eb t\u00eb cil\u00ebs realizoi nj\u00eb s\u00ebri takimesh me p\u00ebrfaq\u00ebsues t\u00eb","robots":{"index":"index","follow":"follow","max-snippet":"max-snippet:-1","max-image-preview":"max-image-preview:large","max-video-preview":"max-video-preview:-1"},"canonical":"https:\/\/www.visit-ulcinj.com\/blog\/2013\/12\/29\/kryetari-cungu-vizitoi-arabine-saudite\/","og_locale":"en_US","og_type":"article","og_title":"Kryetari Cungu vizitoi Arabin\u00eb Saudite + Foto - Lajme nga Ulqini","og_description":"Kryetari i Komun\u00ebs s\u00eb Ulqinit Nazif Cungu q\u00ebndroi n\u00eb nj\u00eb vizit\u00eb nj\u00ebjavore n\u00eb Arabi Saudite gjat\u00eb t\u00eb cil\u00ebs realizoi nj\u00eb s\u00ebri takimesh me p\u00ebrfaq\u00ebsues t\u00eb","og_url":"https:\/\/www.visit-ulcinj.com\/blog\/2013\/12\/29\/kryetari-cungu-vizitoi-arabine-saudite\/","og_site_name":"Lajme nga Ulqini","article_published_time":"2013-12-29T14:17:35+00:00","article_modified_time":"2013-12-31T17:20:35+00:00","og_image":[{"url":"https:\/\/www.visit-ulcinj.com\/blog\/wp-content\/uploads\/2013\/12\/Kryetari-Cungu-vizitoi-Arabin\u00eb-Saudite-4-150x150.jpg"}],"twitter_misc":{"Written by":"ulqini","Est. reading time":"3 minutes"},"schema":{"@context":"https:\/\/schema.org","@graph":[{"@type":"WebSite","@id":"https:\/\/www.visit-ulcinj.com\/blog\/#website","url":"https:\/\/www.visit-ulcinj.com\/blog\/","name":"Lajme nga Ulqini","description":"Lajme,Vijesti,Ulqini,Ulqin,Crna Gora,Mali i Zi","potentialAction":[{"@type":"SearchAction","target":{"@type":"EntryPoint","urlTemplate":"https:\/\/www.visit-ulcinj.com\/blog\/?s={search_term_string}"},"query-input":"required name=search_term_string"}],"inLanguage":"en-US"},{"@type":"WebPage","@id":"https:\/\/www.visit-ulcinj.com\/blog\/2013\/12\/29\/kryetari-cungu-vizitoi-arabine-saudite\/#webpage","url":"https:\/\/www.visit-ulcinj.com\/blog\/2013\/12\/29\/kryetari-cungu-vizitoi-arabine-saudite\/","name":"Kryetari Cungu vizitoi Arabin\u00eb Saudite + Foto - Lajme nga Ulqini","isPartOf":{"@id":"https:\/\/www.visit-ulcinj.com\/blog\/#website"},"datePublished":"2013-12-29T14:17:35+00:00","dateModified":"2013-12-31T17:20:35+00:00","author":{"@id":"https:\/\/www.visit-ulcinj.com\/blog\/#\/schema\/person\/dcab619c614d3038751c63bc2aadc06d"},"description":"Kryetari i Komun\u00ebs s\u00eb Ulqinit Nazif Cungu q\u00ebndroi n\u00eb nj\u00eb vizit\u00eb nj\u00ebjavore n\u00eb Arabi Saudite gjat\u00eb t\u00eb cil\u00ebs realizoi nj\u00eb s\u00ebri takimesh me p\u00ebrfaq\u00ebsues t\u00eb","breadcrumb":{"@id":"https:\/\/www.visit-ulcinj.com\/blog\/2013\/12\/29\/kryetari-cungu-vizitoi-arabine-saudite\/#breadcrumb"},"inLanguage":"en-US","potentialAction":[{"@type":"ReadAction","target":["https:\/\/www.visit-ulcinj.com\/blog\/2013\/12\/29\/kryetari-cungu-vizitoi-arabine-saudite\/"]}]},{"@type":"BreadcrumbList","@id":"https:\/\/www.visit-ulcinj.com\/blog\/2013\/12\/29\/kryetari-cungu-vizitoi-arabine-saudite\/#breadcrumb","itemListElement":[{"@type":"ListItem","position":1,"name":"Kryetari Cungu vizitoi Arabin\u00eb Saudite + Foto"}]},{"@type":"Person","@id":"https:\/\/www.visit-ulcinj.com\/blog\/#\/schema\/person\/dcab619c614d3038751c63bc2aadc06d","name":"ulqini","sameAs":["http:\/\/www.visit-ulcinj.com"],"url":"https:\/\/www.visit-ulcinj.com\/blog\/author\/admin\/"}]}},"jetpack_featured_media_url":"","jetpack_sharing_enabled":true,"jetpack_shortlink":"https:\/\/wp.me\/pe6lTn-kcF","_links":{"self":[{"href":"https:\/\/www.visit-ulcinj.com\/blog\/wp-json\/wp\/v2\/posts\/77665"}],"collection":[{"href":"https:\/\/www.visit-ulcinj.com\/blog\/wp-json\/wp\/v2\/posts"}],"about":[{"href":"https:\/\/www.visit-ulcinj.com\/blog\/wp-json\/wp\/v2\/types\/post"}],"author":[{"embeddable":true,"href":"https:\/\/www.visit-ulcinj.com\/blog\/wp-json\/wp\/v2\/users\/1"}],"replies":[{"embeddable":true,"href":"https:\/\/www.visit-ulcinj.com\/blog\/wp-json\/wp\/v2\/comments?post=77665"}],"version-history":[{"count":3,"href":"https:\/\/www.visit-ulcinj.com\/blog\/wp-json\/wp\/v2\/posts\/77665\/revisions"}],"predecessor-version":[{"id":77697,"href":"https:\/\/www.visit-ulcinj.com\/blog\/wp-json\/wp\/v2\/posts\/77665\/revisions\/77697"}],"wp:attachment":[{"href":"https:\/\/www.visit-ulcinj.com\/blog\/wp-json\/wp\/v2\/media?parent=77665"}],"wp:term":[{"taxonomy":"category","embeddable":true,"href":"https:\/\/www.visit-ulcinj.com\/blog\/wp-json\/wp\/v2\/categories?post=77665"},{"taxonomy":"post_tag","embeddable":true,"href":"https:\/\/www.visit-ulcinj.com\/blog\/wp-json\/wp\/v2\/tags?post=77665"}],"curies":[{"name":"wp","href":"https:\/\/api.w.org\/{rel}","templated":true}]}}