{"id":7767,"date":"2008-12-27T18:21:07","date_gmt":"2008-12-27T17:21:07","guid":{"rendered":"http:\/\/www.visit-ulcinj.com\/blog\/?p=7767"},"modified":"2008-12-29T18:31:30","modified_gmt":"2008-12-29T17:31:30","slug":"stafi-lajmet-nga-ulqini-gezuar-festat-e-vitit-te-ri","status":"publish","type":"post","link":"https:\/\/www.visit-ulcinj.com\/blog\/2008\/12\/27\/stafi-lajmet-nga-ulqini-gezuar-festat-e-vitit-te-ri\/","title":{"rendered":"Lajmet nga Ulqini nj\u00eb vjet me ju: G\u00ebzuar festat e vitit t\u00eb ri"},"content":{"rendered":"<p><a href=\"http:\/\/www.visit-ulcinj.com\/blog\/wp-content\/uploads\/2008\/12\/gezuar-viti-i-ri-2009_stafi-nga-ulqini.jpg\" target=\"_self\"><img loading=\"lazy\" class=\"alignleft size-full wp-image-7768\" title=\"gezuar-viti-i-ri-2009_stafi-nga-ulqini\" src=\"http:\/\/www.visit-ulcinj.com\/blog\/wp-content\/uploads\/2008\/12\/gezuar-viti-i-ri-2009_stafi-nga-ulqini.jpg\" alt=\"gezuar-viti-i-ri-2009_stafi-nga-ulqini\" width=\"455\" height=\"295\" srcset=\"https:\/\/www.visit-ulcinj.com\/blog\/wp-content\/uploads\/2008\/12\/gezuar-viti-i-ri-2009_stafi-nga-ulqini.jpg 758w, https:\/\/www.visit-ulcinj.com\/blog\/wp-content\/uploads\/2008\/12\/gezuar-viti-i-ri-2009_stafi-nga-ulqini-300x194.jpg 300w\" sizes=\"(max-width: 455px) 100vw, 455px\" \/><\/a>S<strong>tafi i Lajmeve nga Ulqini<\/strong><br \/>\nPortali <a title=\"Lajme nga Ulqini\" href=\"http:\/\/www.visit-ulcinj.com\/blog\/ \" target=\"_blank\"><strong><\/strong><\/a><strong><a title=\"Lajme nga Ulqini\" href=\"http:\/\/www.visit-ulcinj.com\/blog\/ \" target=\"_blank\">Lajmet nga Ulqin<\/a><a title=\"Lajme nga Ulqini\" href=\"http:\/\/www.visit-ulcinj.com\/blog\/ \" target=\"_self\">i<\/a> <\/strong>sapo mbushi nj\u00eb vjet. Nj\u00eb vjetori thon\u00eb \u00ebsht\u00eb nj\u00eb moment krenarie, krenarie p\u00ebr at\u00eb q\u00eb \u00ebsht\u00eb arritur \u2013 nd\u00ebrsa ne, p\u00ebr k\u00ebto nj\u00eb vjet, arrit\u00ebm shum\u00eb.<br \/>\nPortali\u00a0 <strong><strong><a title=\"Lajme nga Ulqini\" href=\"http:\/\/www.visit-ulcinj.com\/blog\/ \" target=\"_blank\">Lajmet nga Ulqin<\/a><a title=\"Lajme nga Ulqini\" href=\"http:\/\/www.visit-ulcinj.com\/blog\/ \" target=\"_self\">i <\/a><\/strong><\/strong>sot \u00ebsht\u00eb portali m\u00eb i vizituar nga ju \u2013 me rreth 50.000 vizita n\u00eb muaj dhe me rreth 500.000 faqe t\u00eb shfletuara \u2013 nd\u00ebrsa vazhdon t\u00eb zhvillohet m\u00eb nj\u00eb rritje progresive rekorde.<br \/>\nPortali<strong><strong><a title=\"Lajme nga Ulqini\" href=\"http:\/\/www.visit-ulcinj.com\/blog\/ \" target=\"_blank\"> Lajmet nga Ulqin<\/a><a title=\"Lajme nga Ulqini\" href=\"http:\/\/www.visit-ulcinj.com\/blog\/ \" target=\"_self\">i<\/a><\/strong><\/strong> prin me vizitueshm\u00ebri n\u00eb Ulqin, nd\u00ebrsa \u00ebsht\u00eb nd\u00ebr top-ueb-faqet n\u00eb gjuh\u00ebn shqipe n\u00eb Amerik,Zvic\u00ebr,Gjermani,Franc,Australi,Kosov\u00eb,Shqip\u00ebri, Maqedoni, Mal t\u00eb Zi dhe kudo ku ka shqiptar\u00eb n\u00eb bot\u00eb.<br \/>\nNatyrisht, t\u00eb gjitha k\u00ebto t\u00eb arritura jan\u00eb b\u00ebr\u00eb t\u00eb mundur fal\u00eb p\u00ebrkrahjes s\u00eb vazhduar q\u00eb kemi pasur nga Ju &#8211;<br \/>\nPortali\u00a0 <strong><strong><a title=\"Lajme nga Ulqini\" href=\"http:\/\/www.visit-ulcinj.com\/blog\/ \" target=\"_blank\">Lajmet nga Ulqin<\/a><a title=\"Lajme nga Ulqini\" href=\"http:\/\/www.visit-ulcinj.com\/blog\/ \" target=\"_self\">i<\/a><\/strong><\/strong> e ka p\u00ebrmbushur edhe nj\u00eb mision tjet\u00ebr t\u00eb shenjt\u00eb. Pos q\u00eb ka ofruar nj\u00eb dritare p\u00ebr informim t\u00eb shpejt\u00eb dhe t\u00eb pavarur n\u00eb gjuh\u00ebn shqipe \u2013 <a title=\"Lajme nga Ulqini\" href=\"http:\/\/www.visit-ulcinj.com\/blog\/ \" target=\"_blank\"><strong><strong><a title=\"Lajme nga Ulqini\" href=\"http:\/\/www.visit-ulcinj.com\/blog\/ \" target=\"_blank\">Lajmet nga Ulqin<\/a><a title=\"Lajme nga Ulqini\" href=\"http:\/\/www.visit-ulcinj.com\/blog\/ \" target=\"_self\">i <\/a><\/strong><\/strong><\/a> ka vendosur standarde p\u00ebr zhvillimin e portaleve dhe ueb-faqeve t\u00eb tjera n\u00eb gjuh\u00ebn shqipe, he asaj malazeze ku ka ndikuar n\u00eb azhurnimin e faqeve ekzistuese shqiptare dhe atyre malazeze.<br \/>\nPortali <strong><strong><a title=\"Lajme nga Ulqini\" href=\"http:\/\/www.visit-ulcinj.com\/blog\/ \" target=\"_blank\">Lajmet nga Ulqin<\/a><a title=\"Lajme nga Ulqini\" href=\"http:\/\/www.visit-ulcinj.com\/blog\/ \" target=\"_self\">i<\/a><\/strong><\/strong> me xhelozi e ruan pavar\u00ebsin\u00eb e tij dhe emrin e besuesh\u00ebm q\u00eb ka krijuar n\u00eb mesin e lexuesve. Kjo pavar\u00ebsi editoriale ka ndikuar q\u00eb portali <a title=\"Lajme nga Ulqini\" href=\"http:\/\/www.visit-ulcinj.com\/blog\/ \" target=\"_blank\"><strong><strong><a title=\"Lajme nga Ulqini\" href=\"http:\/\/www.visit-ulcinj.com\/blog\/ \" target=\"_blank\">Lajmet nga Ulqin<\/a><a title=\"Lajme nga Ulqini\" href=\"http:\/\/www.visit-ulcinj.com\/blog\/ \" target=\"_self\">i<\/a><\/strong><\/strong><\/a> t\u00eb jet\u00eb burim i besuesh\u00ebm i lajmeve \u2013 t\u00eb cilat jan\u00eb cituar nga mediat me t\u00eb fuqishme mbar\u00ebkomb\u00ebtare, rajonale e madje dhe ato bot\u00ebrore.<br \/>\nS\u00eb fundi, p\u00ebr t\u2019i ndjekur trendet bot\u00ebrore t\u00eb portaleve dhe p\u00ebr t\u00eb qen\u00eb sa m\u00eb af\u00ebr lexuesve t\u00eb devotsh\u00ebm, <strong><strong><a title=\"Lajme nga Ulqini\" href=\"http:\/\/www.visit-ulcinj.com\/blog\/ \" target=\"_blank\">Lajmet nga Ulqin<\/a><a title=\"Lajme nga Ulqini\" href=\"http:\/\/www.visit-ulcinj.com\/blog\/ \" target=\"_self\">i <\/a><\/strong><\/strong>ka ndryshuar pamjen dhe ka shtuar disa rubrika unike, nd\u00ebrsa s\u00eb shpejti do t\u00eb ofroj\u00eb dhe shum\u00eb risi t\u00eb tjera.<br \/>\nShfryt\u00ebzojm\u00eb rastin q\u00eb t\u00eb gjith\u00eb lexuesve t\u2019ua urojm\u00eb Vitin e Ri 2009 \u2013 me d\u00ebshirat me t\u00eb mira n\u00eb jet\u00eb.<br \/>\n<strong>G\u00ebzuar p\u00ebr shum\u00eb mot!<\/strong><\/p>\n<p>Pranoni urimet m\u00eb t\u00eb p\u00ebrzem\u00ebrta t\u00eb Stafit,Lajmeve nga Ulqini dhe t\u00eb 1500 an\u00ebtar\u00ebve t\u00eb komunitetit ton\u00eb t\u00eb Lajmeve nga Ulqini. G\u00ebzuar Vitin e Ri 2009! Le t\u00eb jet\u00eb ky vit i ri nj\u00eb vit i bekuar q\u00eb sjell sh\u00ebndet, paqe e dashuri n\u00eb jet\u00ebn tuaj dhe t\u00eb familjes suaj.<br \/>\nIu plot\u00ebsofshin t\u00eb gjitha d\u00ebshirat e zemr\u00ebs dhe pa\u00e7i vet\u00ebm gaz e hare n\u00eb jet\u00ebn tuaj.<br \/>\nDhe mos harroni se sado larg nga vendlindja dhe familja q\u00eb jeta mund t&#8217;u ket\u00eb hedhur, familja jon\u00eb e madhe virtuale do t\u00eb jet\u00eb gjithmon\u00eb pran\u00eb jush. Jeni gjithmon\u00eb t\u00eb mir\u00ebpritur n\u00eb Lajmet nga Ulqini.<br \/>\n<strong><br \/>\nEdhe nj\u00ebher\u00eb G\u00ebzuar Vitin e Ri 2009!<\/strong><\/p>\n<p><strong>Stafi i Lajmeve nga Ulqini<\/strong><\/p>\n<p><strong><a href=\"http:\/\/www.visit-ulcinj.com\/blog\/wp-content\/uploads\/2008\/12\/garden-of-eatin-restaurant21.jpg\" target=\"_self\"><img loading=\"lazy\" class=\"alignleft size-full wp-image-7786\" title=\"garden-of-eatin-restaurant21\" src=\"http:\/\/www.visit-ulcinj.com\/blog\/wp-content\/uploads\/2008\/12\/garden-of-eatin-restaurant21.jpg\" alt=\"garden-of-eatin-restaurant21\" width=\"474\" height=\"477\" \/><\/a><br \/>\n<\/strong><\/p>\n<p><strong><br \/>\n<\/strong><\/p>\n","protected":false},"excerpt":{"rendered":"<p>Stafi i Lajmeve nga Ulqini Portali Lajmet nga Ulqini sapo mbushi nj\u00eb vjet. Nj\u00eb vjetori thon\u00eb \u00ebsht\u00eb nj\u00eb moment krenarie, krenarie p\u00ebr at\u00eb q\u00eb \u00ebsht\u00eb arritur \u2013 nd\u00ebrsa ne, p\u00ebr k\u00ebto nj\u00eb vjet, arrit\u00ebm shum\u00eb. Portali\u00a0 Lajmet nga Ulqini sot \u00ebsht\u00eb portali m\u00eb i vizituar nga ju \u2013 me rreth 50.000 vizita n\u00eb muaj dhe [&hellip;]<\/p>\n","protected":false},"author":1,"featured_media":0,"comment_status":"open","ping_status":"closed","sticky":false,"template":"","format":"standard","meta":{"spay_email":"","jetpack_publicize_message":"","jetpack_is_tweetstorm":false,"jetpack_publicize_feature_enabled":true},"categories":[11],"tags":[5453,5450,49,95,51,2306,2350,50,5451,3797,200],"jetpack_publicize_connections":[],"yoast_head":"<!-- This site is optimized with the Yoast SEO plugin v19.1 - https:\/\/yoast.com\/wordpress\/plugins\/seo\/ -->\n<title>Lajmet nga Ulqini nj\u00eb vjet me ju: G\u00ebzuar festat e vitit t\u00eb ri - Lajme nga Ulqini<\/title>\n<meta name=\"description\" content=\"Stafi i Lajmeve nga Ulqini Portali Lajmet nga Ulqini sapo mbushi nj\u00eb vjet. Nj\u00eb vjetori thon\u00eb \u00ebsht\u00eb nj\u00eb moment krenarie, krenarie p\u00ebr at\u00eb q\u00eb \u00ebsht\u00eb arritur\" \/>\n<meta name=\"robots\" content=\"index, follow, max-snippet:-1, max-image-preview:large, max-video-preview:-1\" \/>\n<link rel=\"canonical\" href=\"https:\/\/www.visit-ulcinj.com\/blog\/2008\/12\/27\/stafi-lajmet-nga-ulqini-gezuar-festat-e-vitit-te-ri\/\" \/>\n<meta property=\"og:locale\" content=\"en_US\" \/>\n<meta property=\"og:type\" content=\"article\" \/>\n<meta property=\"og:title\" content=\"Lajmet nga Ulqini nj\u00eb vjet me ju: G\u00ebzuar festat e vitit t\u00eb ri - Lajme nga Ulqini\" \/>\n<meta property=\"og:description\" content=\"Stafi i Lajmeve nga Ulqini Portali Lajmet nga Ulqini sapo mbushi nj\u00eb vjet. Nj\u00eb vjetori thon\u00eb \u00ebsht\u00eb nj\u00eb moment krenarie, krenarie p\u00ebr at\u00eb q\u00eb \u00ebsht\u00eb arritur\" \/>\n<meta property=\"og:url\" content=\"https:\/\/www.visit-ulcinj.com\/blog\/2008\/12\/27\/stafi-lajmet-nga-ulqini-gezuar-festat-e-vitit-te-ri\/\" \/>\n<meta property=\"og:site_name\" content=\"Lajme nga Ulqini\" \/>\n<meta property=\"article:published_time\" content=\"2008-12-27T17:21:07+00:00\" \/>\n<meta property=\"article:modified_time\" content=\"2008-12-29T17:31:30+00:00\" \/>\n<meta property=\"og:image\" content=\"http:\/\/www.visit-ulcinj.com\/blog\/wp-content\/uploads\/2008\/12\/gezuar-viti-i-ri-2009_stafi-nga-ulqini.jpg\" \/>\n<meta name=\"twitter:label1\" content=\"Written by\" \/>\n\t<meta name=\"twitter:data1\" content=\"ulqini\" \/>\n\t<meta name=\"twitter:label2\" content=\"Est. reading time\" \/>\n\t<meta name=\"twitter:data2\" content=\"2 minutes\" \/>\n<script type=\"application\/ld+json\" class=\"yoast-schema-graph\">{\"@context\":\"https:\/\/schema.org\",\"@graph\":[{\"@type\":\"WebSite\",\"@id\":\"https:\/\/www.visit-ulcinj.com\/blog\/#website\",\"url\":\"https:\/\/www.visit-ulcinj.com\/blog\/\",\"name\":\"Lajme nga Ulqini\",\"description\":\"Lajme,Vijesti,Ulqini,Ulqin,Crna Gora,Mali i Zi\",\"potentialAction\":[{\"@type\":\"SearchAction\",\"target\":{\"@type\":\"EntryPoint\",\"urlTemplate\":\"https:\/\/www.visit-ulcinj.com\/blog\/?s={search_term_string}\"},\"query-input\":\"required name=search_term_string\"}],\"inLanguage\":\"en-US\"},{\"@type\":\"ImageObject\",\"inLanguage\":\"en-US\",\"@id\":\"https:\/\/www.visit-ulcinj.com\/blog\/2008\/12\/27\/stafi-lajmet-nga-ulqini-gezuar-festat-e-vitit-te-ri\/#primaryimage\",\"url\":\"https:\/\/www.visit-ulcinj.com\/blog\/wp-content\/uploads\/2008\/12\/gezuar-viti-i-ri-2009_stafi-nga-ulqini.jpg\",\"contentUrl\":\"https:\/\/www.visit-ulcinj.com\/blog\/wp-content\/uploads\/2008\/12\/gezuar-viti-i-ri-2009_stafi-nga-ulqini.jpg\",\"width\":\"758\",\"height\":\"492\"},{\"@type\":\"WebPage\",\"@id\":\"https:\/\/www.visit-ulcinj.com\/blog\/2008\/12\/27\/stafi-lajmet-nga-ulqini-gezuar-festat-e-vitit-te-ri\/#webpage\",\"url\":\"https:\/\/www.visit-ulcinj.com\/blog\/2008\/12\/27\/stafi-lajmet-nga-ulqini-gezuar-festat-e-vitit-te-ri\/\",\"name\":\"Lajmet nga Ulqini nj\u00eb vjet me ju: G\u00ebzuar festat e vitit t\u00eb ri - Lajme nga Ulqini\",\"isPartOf\":{\"@id\":\"https:\/\/www.visit-ulcinj.com\/blog\/#website\"},\"primaryImageOfPage\":{\"@id\":\"https:\/\/www.visit-ulcinj.com\/blog\/2008\/12\/27\/stafi-lajmet-nga-ulqini-gezuar-festat-e-vitit-te-ri\/#primaryimage\"},\"datePublished\":\"2008-12-27T17:21:07+00:00\",\"dateModified\":\"2008-12-29T17:31:30+00:00\",\"author\":{\"@id\":\"https:\/\/www.visit-ulcinj.com\/blog\/#\/schema\/person\/dcab619c614d3038751c63bc2aadc06d\"},\"description\":\"Stafi i Lajmeve nga Ulqini Portali Lajmet nga Ulqini sapo mbushi nj\u00eb vjet. Nj\u00eb vjetori thon\u00eb \u00ebsht\u00eb nj\u00eb moment krenarie, krenarie p\u00ebr at\u00eb q\u00eb \u00ebsht\u00eb arritur\",\"breadcrumb\":{\"@id\":\"https:\/\/www.visit-ulcinj.com\/blog\/2008\/12\/27\/stafi-lajmet-nga-ulqini-gezuar-festat-e-vitit-te-ri\/#breadcrumb\"},\"inLanguage\":\"en-US\",\"potentialAction\":[{\"@type\":\"ReadAction\",\"target\":[\"https:\/\/www.visit-ulcinj.com\/blog\/2008\/12\/27\/stafi-lajmet-nga-ulqini-gezuar-festat-e-vitit-te-ri\/\"]}]},{\"@type\":\"BreadcrumbList\",\"@id\":\"https:\/\/www.visit-ulcinj.com\/blog\/2008\/12\/27\/stafi-lajmet-nga-ulqini-gezuar-festat-e-vitit-te-ri\/#breadcrumb\",\"itemListElement\":[{\"@type\":\"ListItem\",\"position\":1,\"name\":\"Lajmet nga Ulqini nj\u00eb vjet me ju: G\u00ebzuar festat e vitit t\u00eb ri\"}]},{\"@type\":\"Person\",\"@id\":\"https:\/\/www.visit-ulcinj.com\/blog\/#\/schema\/person\/dcab619c614d3038751c63bc2aadc06d\",\"name\":\"ulqini\",\"sameAs\":[\"http:\/\/www.visit-ulcinj.com\"],\"url\":\"https:\/\/www.visit-ulcinj.com\/blog\/author\/admin\/\"}]}<\/script>\n<!-- \/ Yoast SEO plugin. -->","yoast_head_json":{"title":"Lajmet nga Ulqini nj\u00eb vjet me ju: G\u00ebzuar festat e vitit t\u00eb ri - Lajme nga Ulqini","description":"Stafi i Lajmeve nga Ulqini Portali Lajmet nga Ulqini sapo mbushi nj\u00eb vjet. Nj\u00eb vjetori thon\u00eb \u00ebsht\u00eb nj\u00eb moment krenarie, krenarie p\u00ebr at\u00eb q\u00eb \u00ebsht\u00eb arritur","robots":{"index":"index","follow":"follow","max-snippet":"max-snippet:-1","max-image-preview":"max-image-preview:large","max-video-preview":"max-video-preview:-1"},"canonical":"https:\/\/www.visit-ulcinj.com\/blog\/2008\/12\/27\/stafi-lajmet-nga-ulqini-gezuar-festat-e-vitit-te-ri\/","og_locale":"en_US","og_type":"article","og_title":"Lajmet nga Ulqini nj\u00eb vjet me ju: G\u00ebzuar festat e vitit t\u00eb ri - Lajme nga Ulqini","og_description":"Stafi i Lajmeve nga Ulqini Portali Lajmet nga Ulqini sapo mbushi nj\u00eb vjet. Nj\u00eb vjetori thon\u00eb \u00ebsht\u00eb nj\u00eb moment krenarie, krenarie p\u00ebr at\u00eb q\u00eb \u00ebsht\u00eb arritur","og_url":"https:\/\/www.visit-ulcinj.com\/blog\/2008\/12\/27\/stafi-lajmet-nga-ulqini-gezuar-festat-e-vitit-te-ri\/","og_site_name":"Lajme nga Ulqini","article_published_time":"2008-12-27T17:21:07+00:00","article_modified_time":"2008-12-29T17:31:30+00:00","og_image":[{"url":"http:\/\/www.visit-ulcinj.com\/blog\/wp-content\/uploads\/2008\/12\/gezuar-viti-i-ri-2009_stafi-nga-ulqini.jpg"}],"twitter_misc":{"Written by":"ulqini","Est. reading time":"2 minutes"},"schema":{"@context":"https:\/\/schema.org","@graph":[{"@type":"WebSite","@id":"https:\/\/www.visit-ulcinj.com\/blog\/#website","url":"https:\/\/www.visit-ulcinj.com\/blog\/","name":"Lajme nga Ulqini","description":"Lajme,Vijesti,Ulqini,Ulqin,Crna Gora,Mali i Zi","potentialAction":[{"@type":"SearchAction","target":{"@type":"EntryPoint","urlTemplate":"https:\/\/www.visit-ulcinj.com\/blog\/?s={search_term_string}"},"query-input":"required name=search_term_string"}],"inLanguage":"en-US"},{"@type":"ImageObject","inLanguage":"en-US","@id":"https:\/\/www.visit-ulcinj.com\/blog\/2008\/12\/27\/stafi-lajmet-nga-ulqini-gezuar-festat-e-vitit-te-ri\/#primaryimage","url":"https:\/\/www.visit-ulcinj.com\/blog\/wp-content\/uploads\/2008\/12\/gezuar-viti-i-ri-2009_stafi-nga-ulqini.jpg","contentUrl":"https:\/\/www.visit-ulcinj.com\/blog\/wp-content\/uploads\/2008\/12\/gezuar-viti-i-ri-2009_stafi-nga-ulqini.jpg","width":"758","height":"492"},{"@type":"WebPage","@id":"https:\/\/www.visit-ulcinj.com\/blog\/2008\/12\/27\/stafi-lajmet-nga-ulqini-gezuar-festat-e-vitit-te-ri\/#webpage","url":"https:\/\/www.visit-ulcinj.com\/blog\/2008\/12\/27\/stafi-lajmet-nga-ulqini-gezuar-festat-e-vitit-te-ri\/","name":"Lajmet nga Ulqini nj\u00eb vjet me ju: G\u00ebzuar festat e vitit t\u00eb ri - Lajme nga Ulqini","isPartOf":{"@id":"https:\/\/www.visit-ulcinj.com\/blog\/#website"},"primaryImageOfPage":{"@id":"https:\/\/www.visit-ulcinj.com\/blog\/2008\/12\/27\/stafi-lajmet-nga-ulqini-gezuar-festat-e-vitit-te-ri\/#primaryimage"},"datePublished":"2008-12-27T17:21:07+00:00","dateModified":"2008-12-29T17:31:30+00:00","author":{"@id":"https:\/\/www.visit-ulcinj.com\/blog\/#\/schema\/person\/dcab619c614d3038751c63bc2aadc06d"},"description":"Stafi i Lajmeve nga Ulqini Portali Lajmet nga Ulqini sapo mbushi nj\u00eb vjet. Nj\u00eb vjetori thon\u00eb \u00ebsht\u00eb nj\u00eb moment krenarie, krenarie p\u00ebr at\u00eb q\u00eb \u00ebsht\u00eb arritur","breadcrumb":{"@id":"https:\/\/www.visit-ulcinj.com\/blog\/2008\/12\/27\/stafi-lajmet-nga-ulqini-gezuar-festat-e-vitit-te-ri\/#breadcrumb"},"inLanguage":"en-US","potentialAction":[{"@type":"ReadAction","target":["https:\/\/www.visit-ulcinj.com\/blog\/2008\/12\/27\/stafi-lajmet-nga-ulqini-gezuar-festat-e-vitit-te-ri\/"]}]},{"@type":"BreadcrumbList","@id":"https:\/\/www.visit-ulcinj.com\/blog\/2008\/12\/27\/stafi-lajmet-nga-ulqini-gezuar-festat-e-vitit-te-ri\/#breadcrumb","itemListElement":[{"@type":"ListItem","position":1,"name":"Lajmet nga Ulqini nj\u00eb vjet me ju: G\u00ebzuar festat e vitit t\u00eb ri"}]},{"@type":"Person","@id":"https:\/\/www.visit-ulcinj.com\/blog\/#\/schema\/person\/dcab619c614d3038751c63bc2aadc06d","name":"ulqini","sameAs":["http:\/\/www.visit-ulcinj.com"],"url":"https:\/\/www.visit-ulcinj.com\/blog\/author\/admin\/"}]}},"jetpack_featured_media_url":"","jetpack_sharing_enabled":true,"jetpack_shortlink":"https:\/\/wp.me\/pe6lTn-21h","_links":{"self":[{"href":"https:\/\/www.visit-ulcinj.com\/blog\/wp-json\/wp\/v2\/posts\/7767"}],"collection":[{"href":"https:\/\/www.visit-ulcinj.com\/blog\/wp-json\/wp\/v2\/posts"}],"about":[{"href":"https:\/\/www.visit-ulcinj.com\/blog\/wp-json\/wp\/v2\/types\/post"}],"author":[{"embeddable":true,"href":"https:\/\/www.visit-ulcinj.com\/blog\/wp-json\/wp\/v2\/users\/1"}],"replies":[{"embeddable":true,"href":"https:\/\/www.visit-ulcinj.com\/blog\/wp-json\/wp\/v2\/comments?post=7767"}],"version-history":[{"count":0,"href":"https:\/\/www.visit-ulcinj.com\/blog\/wp-json\/wp\/v2\/posts\/7767\/revisions"}],"wp:attachment":[{"href":"https:\/\/www.visit-ulcinj.com\/blog\/wp-json\/wp\/v2\/media?parent=7767"}],"wp:term":[{"taxonomy":"category","embeddable":true,"href":"https:\/\/www.visit-ulcinj.com\/blog\/wp-json\/wp\/v2\/categories?post=7767"},{"taxonomy":"post_tag","embeddable":true,"href":"https:\/\/www.visit-ulcinj.com\/blog\/wp-json\/wp\/v2\/tags?post=7767"}],"curies":[{"name":"wp","href":"https:\/\/api.w.org\/{rel}","templated":true}]}}