{"id":77670,"date":"2013-12-29T18:25:11","date_gmt":"2013-12-29T17:25:11","guid":{"rendered":"http:\/\/www.visit-ulcinj.com\/blog\/?p=77670"},"modified":"2013-12-29T18:25:57","modified_gmt":"2013-12-29T17:25:57","slug":"forca-partije-su-postupile-protiv-interesa-radnika-u-lokalnoj-administraciji","status":"publish","type":"post","link":"https:\/\/www.visit-ulcinj.com\/blog\/2013\/12\/29\/forca-partije-su-postupile-protiv-interesa-radnika-u-lokalnoj-administraciji\/","title":{"rendered":"Forca: Partije su postupile protiv interesa radnika u lokalnoj administraciji"},"content":{"rendered":"<p><strong><a href=\"http:\/\/www.visit-ulcinj.com\/blog\/wp-content\/uploads\/2012\/04\/Forca-e-Re-Demokratike_ulqin.jpg\"><img loading=\"lazy\" class=\"alignleft  wp-image-59093\" alt=\"Forca-e-Re-Demokratike_ulqin\" src=\"http:\/\/www.visit-ulcinj.com\/blog\/wp-content\/uploads\/2012\/04\/Forca-e-Re-Demokratike_ulqin.jpg\" width=\"508\" height=\"360\" \/><\/a>ULCINJ \u2013 Odbacivanje odluke o privremenom finansiranju op\u0161tine Ulcinj od strane raznih politi\u010dkih subjekata u Skup\u0161tini op\u0161tine Ulcinj, osim Nove demokratske snage \u2013 Forca svjedo\u010di o neodgovornosti i nespremnosti ostalih politi\u010dkih subjekata u lokalnom parlamentu, ocijenio je Fuad Had\u017eibeti, \u0161ef odborni\u010dkog kluba Force.<\/strong><\/p>\n<p>Had\u017eibeti je saop\u0161tio da je zahvaljuju\u0107i maksimalnom anga\u017eovanju predsjednika op\u0161tine g-dina Nazifa Cungua nasije\u0111eni dug od oko \u010detiri miliona eura ispla\u0107en u posljednje dvije godine i da je trebalo da odbornici reflektuju pozitivizam, a ne da odbace usvajanje odluke za privremeno finansiranje.<\/p>\n<p>&#8211; Forca shvata politi\u010dke subjekte da na pragu lokalnih izbora imaju potrebu za politi\u010dkim marketingom, ali ujedno obavje\u0161tava javnost, da stav ostalih klubova odbornika je protiv interesa radnika u lokalnoj administraciji koji su prethodne dvije godine radili savjesno i marljivo. Odgovornost snose oni politi\u010dki subjekti koji nisu glasali ta\u010dku dnevnog reda za privremeno finansiranje, koji prvenstveno imaju svoje personalne i partijske interese, a ne gra\u0111ane koje predstavljaju \u2013 ocijenio je Had\u017eibeti u saop\u0161tenju.<\/p>\n<p>On je rekao da \u0107e Forca, kao i do sada, i u budu\u0107nosti braniti interese gra\u0111ana i kao takva se razlikuje od ostalih politi\u010dkih subjekata o \u010demu svjedo\u010di i posljednja sjednica lokalnog parlamenta.<\/p>\n<p><em><strong>A.\u017d.<\/strong><\/em><\/p>\n<p><strong>Izvor: POBJEDA<\/strong><\/p>\n","protected":false},"excerpt":{"rendered":"<p>ULCINJ \u2013 Odbacivanje odluke o privremenom finansiranju op\u0161tine Ulcinj od strane raznih politi\u010dkih subjekata u Skup\u0161tini op\u0161tine Ulcinj, osim Nove demokratske snage \u2013 Forca svjedo\u010di o neodgovornosti i nespremnosti ostalih politi\u010dkih subjekata u lokalnom parlamentu, ocijenio je Fuad Had\u017eibeti, \u0161ef odborni\u010dkog kluba Force. Had\u017eibeti je saop\u0161tio da je zahvaljuju\u0107i maksimalnom anga\u017eovanju predsjednika op\u0161tine g-dina Nazifa [&hellip;]<\/p>\n","protected":false},"author":1,"featured_media":0,"comment_status":"closed","ping_status":"closed","sticky":false,"template":"","format":"standard","meta":{"spay_email":"","jetpack_publicize_message":"","jetpack_is_tweetstorm":false,"jetpack_publicize_feature_enabled":true},"categories":[6950],"tags":[],"jetpack_publicize_connections":[],"yoast_head":"<!-- This site is optimized with the Yoast SEO plugin v19.1 - https:\/\/yoast.com\/wordpress\/plugins\/seo\/ -->\n<title>Forca: Partije su postupile protiv interesa radnika u lokalnoj administraciji - Lajme nga Ulqini<\/title>\n<meta name=\"description\" content=\"ULCINJ \u2013 Odbacivanje odluke o privremenom finansiranju op\u0161tine Ulcinj od strane raznih politi\u010dkih subjekata u Skup\u0161tini op\u0161tine Ulcinj, osim Nove\" \/>\n<meta name=\"robots\" content=\"index, follow, max-snippet:-1, max-image-preview:large, max-video-preview:-1\" \/>\n<link rel=\"canonical\" href=\"https:\/\/www.visit-ulcinj.com\/blog\/2013\/12\/29\/forca-partije-su-postupile-protiv-interesa-radnika-u-lokalnoj-administraciji\/\" \/>\n<meta property=\"og:locale\" content=\"en_US\" \/>\n<meta property=\"og:type\" content=\"article\" \/>\n<meta property=\"og:title\" content=\"Forca: Partije su postupile protiv interesa radnika u lokalnoj administraciji - Lajme nga Ulqini\" \/>\n<meta property=\"og:description\" content=\"ULCINJ \u2013 Odbacivanje odluke o privremenom finansiranju op\u0161tine Ulcinj od strane raznih politi\u010dkih subjekata u Skup\u0161tini op\u0161tine Ulcinj, osim Nove\" \/>\n<meta property=\"og:url\" content=\"https:\/\/www.visit-ulcinj.com\/blog\/2013\/12\/29\/forca-partije-su-postupile-protiv-interesa-radnika-u-lokalnoj-administraciji\/\" \/>\n<meta property=\"og:site_name\" content=\"Lajme nga Ulqini\" \/>\n<meta property=\"article:published_time\" content=\"2013-12-29T17:25:11+00:00\" \/>\n<meta property=\"article:modified_time\" content=\"2013-12-29T17:25:57+00:00\" \/>\n<meta property=\"og:image\" content=\"http:\/\/www.visit-ulcinj.com\/blog\/wp-content\/uploads\/2012\/04\/Forca-e-Re-Demokratike_ulqin.jpg\" \/>\n<meta name=\"twitter:label1\" content=\"Written by\" \/>\n\t<meta name=\"twitter:data1\" content=\"ulqini\" \/>\n\t<meta name=\"twitter:label2\" content=\"Est. reading time\" \/>\n\t<meta name=\"twitter:data2\" content=\"1 minute\" \/>\n<script type=\"application\/ld+json\" class=\"yoast-schema-graph\">{\"@context\":\"https:\/\/schema.org\",\"@graph\":[{\"@type\":\"WebSite\",\"@id\":\"https:\/\/www.visit-ulcinj.com\/blog\/#website\",\"url\":\"https:\/\/www.visit-ulcinj.com\/blog\/\",\"name\":\"Lajme nga Ulqini\",\"description\":\"Lajme,Vijesti,Ulqini,Ulqin,Crna Gora,Mali i Zi\",\"potentialAction\":[{\"@type\":\"SearchAction\",\"target\":{\"@type\":\"EntryPoint\",\"urlTemplate\":\"https:\/\/www.visit-ulcinj.com\/blog\/?s={search_term_string}\"},\"query-input\":\"required name=search_term_string\"}],\"inLanguage\":\"en-US\"},{\"@type\":\"ImageObject\",\"inLanguage\":\"en-US\",\"@id\":\"https:\/\/www.visit-ulcinj.com\/blog\/2013\/12\/29\/forca-partije-su-postupile-protiv-interesa-radnika-u-lokalnoj-administraciji\/#primaryimage\",\"url\":\"https:\/\/www.visit-ulcinj.com\/blog\/wp-content\/uploads\/2012\/04\/Forca-e-Re-Demokratike_ulqin.jpg\",\"contentUrl\":\"https:\/\/www.visit-ulcinj.com\/blog\/wp-content\/uploads\/2012\/04\/Forca-e-Re-Demokratike_ulqin.jpg\",\"width\":\"500\",\"height\":\"481\"},{\"@type\":\"WebPage\",\"@id\":\"https:\/\/www.visit-ulcinj.com\/blog\/2013\/12\/29\/forca-partije-su-postupile-protiv-interesa-radnika-u-lokalnoj-administraciji\/#webpage\",\"url\":\"https:\/\/www.visit-ulcinj.com\/blog\/2013\/12\/29\/forca-partije-su-postupile-protiv-interesa-radnika-u-lokalnoj-administraciji\/\",\"name\":\"Forca: Partije su postupile protiv interesa radnika u lokalnoj administraciji - Lajme nga Ulqini\",\"isPartOf\":{\"@id\":\"https:\/\/www.visit-ulcinj.com\/blog\/#website\"},\"primaryImageOfPage\":{\"@id\":\"https:\/\/www.visit-ulcinj.com\/blog\/2013\/12\/29\/forca-partije-su-postupile-protiv-interesa-radnika-u-lokalnoj-administraciji\/#primaryimage\"},\"datePublished\":\"2013-12-29T17:25:11+00:00\",\"dateModified\":\"2013-12-29T17:25:57+00:00\",\"author\":{\"@id\":\"https:\/\/www.visit-ulcinj.com\/blog\/#\/schema\/person\/dcab619c614d3038751c63bc2aadc06d\"},\"description\":\"ULCINJ \u2013 Odbacivanje odluke o privremenom finansiranju op\u0161tine Ulcinj od strane raznih politi\u010dkih subjekata u Skup\u0161tini op\u0161tine Ulcinj, osim Nove\",\"breadcrumb\":{\"@id\":\"https:\/\/www.visit-ulcinj.com\/blog\/2013\/12\/29\/forca-partije-su-postupile-protiv-interesa-radnika-u-lokalnoj-administraciji\/#breadcrumb\"},\"inLanguage\":\"en-US\",\"potentialAction\":[{\"@type\":\"ReadAction\",\"target\":[\"https:\/\/www.visit-ulcinj.com\/blog\/2013\/12\/29\/forca-partije-su-postupile-protiv-interesa-radnika-u-lokalnoj-administraciji\/\"]}]},{\"@type\":\"BreadcrumbList\",\"@id\":\"https:\/\/www.visit-ulcinj.com\/blog\/2013\/12\/29\/forca-partije-su-postupile-protiv-interesa-radnika-u-lokalnoj-administraciji\/#breadcrumb\",\"itemListElement\":[{\"@type\":\"ListItem\",\"position\":1,\"name\":\"Forca: Partije su postupile protiv interesa radnika u lokalnoj administraciji\"}]},{\"@type\":\"Person\",\"@id\":\"https:\/\/www.visit-ulcinj.com\/blog\/#\/schema\/person\/dcab619c614d3038751c63bc2aadc06d\",\"name\":\"ulqini\",\"sameAs\":[\"http:\/\/www.visit-ulcinj.com\"],\"url\":\"https:\/\/www.visit-ulcinj.com\/blog\/author\/admin\/\"}]}<\/script>\n<!-- \/ Yoast SEO plugin. -->","yoast_head_json":{"title":"Forca: Partije su postupile protiv interesa radnika u lokalnoj administraciji - Lajme nga Ulqini","description":"ULCINJ \u2013 Odbacivanje odluke o privremenom finansiranju op\u0161tine Ulcinj od strane raznih politi\u010dkih subjekata u Skup\u0161tini op\u0161tine Ulcinj, osim Nove","robots":{"index":"index","follow":"follow","max-snippet":"max-snippet:-1","max-image-preview":"max-image-preview:large","max-video-preview":"max-video-preview:-1"},"canonical":"https:\/\/www.visit-ulcinj.com\/blog\/2013\/12\/29\/forca-partije-su-postupile-protiv-interesa-radnika-u-lokalnoj-administraciji\/","og_locale":"en_US","og_type":"article","og_title":"Forca: Partije su postupile protiv interesa radnika u lokalnoj administraciji - Lajme nga Ulqini","og_description":"ULCINJ \u2013 Odbacivanje odluke o privremenom finansiranju op\u0161tine Ulcinj od strane raznih politi\u010dkih subjekata u Skup\u0161tini op\u0161tine Ulcinj, osim Nove","og_url":"https:\/\/www.visit-ulcinj.com\/blog\/2013\/12\/29\/forca-partije-su-postupile-protiv-interesa-radnika-u-lokalnoj-administraciji\/","og_site_name":"Lajme nga Ulqini","article_published_time":"2013-12-29T17:25:11+00:00","article_modified_time":"2013-12-29T17:25:57+00:00","og_image":[{"url":"http:\/\/www.visit-ulcinj.com\/blog\/wp-content\/uploads\/2012\/04\/Forca-e-Re-Demokratike_ulqin.jpg"}],"twitter_misc":{"Written by":"ulqini","Est. reading time":"1 minute"},"schema":{"@context":"https:\/\/schema.org","@graph":[{"@type":"WebSite","@id":"https:\/\/www.visit-ulcinj.com\/blog\/#website","url":"https:\/\/www.visit-ulcinj.com\/blog\/","name":"Lajme nga Ulqini","description":"Lajme,Vijesti,Ulqini,Ulqin,Crna Gora,Mali i Zi","potentialAction":[{"@type":"SearchAction","target":{"@type":"EntryPoint","urlTemplate":"https:\/\/www.visit-ulcinj.com\/blog\/?s={search_term_string}"},"query-input":"required name=search_term_string"}],"inLanguage":"en-US"},{"@type":"ImageObject","inLanguage":"en-US","@id":"https:\/\/www.visit-ulcinj.com\/blog\/2013\/12\/29\/forca-partije-su-postupile-protiv-interesa-radnika-u-lokalnoj-administraciji\/#primaryimage","url":"https:\/\/www.visit-ulcinj.com\/blog\/wp-content\/uploads\/2012\/04\/Forca-e-Re-Demokratike_ulqin.jpg","contentUrl":"https:\/\/www.visit-ulcinj.com\/blog\/wp-content\/uploads\/2012\/04\/Forca-e-Re-Demokratike_ulqin.jpg","width":"500","height":"481"},{"@type":"WebPage","@id":"https:\/\/www.visit-ulcinj.com\/blog\/2013\/12\/29\/forca-partije-su-postupile-protiv-interesa-radnika-u-lokalnoj-administraciji\/#webpage","url":"https:\/\/www.visit-ulcinj.com\/blog\/2013\/12\/29\/forca-partije-su-postupile-protiv-interesa-radnika-u-lokalnoj-administraciji\/","name":"Forca: Partije su postupile protiv interesa radnika u lokalnoj administraciji - Lajme nga Ulqini","isPartOf":{"@id":"https:\/\/www.visit-ulcinj.com\/blog\/#website"},"primaryImageOfPage":{"@id":"https:\/\/www.visit-ulcinj.com\/blog\/2013\/12\/29\/forca-partije-su-postupile-protiv-interesa-radnika-u-lokalnoj-administraciji\/#primaryimage"},"datePublished":"2013-12-29T17:25:11+00:00","dateModified":"2013-12-29T17:25:57+00:00","author":{"@id":"https:\/\/www.visit-ulcinj.com\/blog\/#\/schema\/person\/dcab619c614d3038751c63bc2aadc06d"},"description":"ULCINJ \u2013 Odbacivanje odluke o privremenom finansiranju op\u0161tine Ulcinj od strane raznih politi\u010dkih subjekata u Skup\u0161tini op\u0161tine Ulcinj, osim Nove","breadcrumb":{"@id":"https:\/\/www.visit-ulcinj.com\/blog\/2013\/12\/29\/forca-partije-su-postupile-protiv-interesa-radnika-u-lokalnoj-administraciji\/#breadcrumb"},"inLanguage":"en-US","potentialAction":[{"@type":"ReadAction","target":["https:\/\/www.visit-ulcinj.com\/blog\/2013\/12\/29\/forca-partije-su-postupile-protiv-interesa-radnika-u-lokalnoj-administraciji\/"]}]},{"@type":"BreadcrumbList","@id":"https:\/\/www.visit-ulcinj.com\/blog\/2013\/12\/29\/forca-partije-su-postupile-protiv-interesa-radnika-u-lokalnoj-administraciji\/#breadcrumb","itemListElement":[{"@type":"ListItem","position":1,"name":"Forca: Partije su postupile protiv interesa radnika u lokalnoj administraciji"}]},{"@type":"Person","@id":"https:\/\/www.visit-ulcinj.com\/blog\/#\/schema\/person\/dcab619c614d3038751c63bc2aadc06d","name":"ulqini","sameAs":["http:\/\/www.visit-ulcinj.com"],"url":"https:\/\/www.visit-ulcinj.com\/blog\/author\/admin\/"}]}},"jetpack_featured_media_url":"","jetpack_sharing_enabled":true,"jetpack_shortlink":"https:\/\/wp.me\/pe6lTn-kcK","_links":{"self":[{"href":"https:\/\/www.visit-ulcinj.com\/blog\/wp-json\/wp\/v2\/posts\/77670"}],"collection":[{"href":"https:\/\/www.visit-ulcinj.com\/blog\/wp-json\/wp\/v2\/posts"}],"about":[{"href":"https:\/\/www.visit-ulcinj.com\/blog\/wp-json\/wp\/v2\/types\/post"}],"author":[{"embeddable":true,"href":"https:\/\/www.visit-ulcinj.com\/blog\/wp-json\/wp\/v2\/users\/1"}],"replies":[{"embeddable":true,"href":"https:\/\/www.visit-ulcinj.com\/blog\/wp-json\/wp\/v2\/comments?post=77670"}],"version-history":[{"count":2,"href":"https:\/\/www.visit-ulcinj.com\/blog\/wp-json\/wp\/v2\/posts\/77670\/revisions"}],"predecessor-version":[{"id":77672,"href":"https:\/\/www.visit-ulcinj.com\/blog\/wp-json\/wp\/v2\/posts\/77670\/revisions\/77672"}],"wp:attachment":[{"href":"https:\/\/www.visit-ulcinj.com\/blog\/wp-json\/wp\/v2\/media?parent=77670"}],"wp:term":[{"taxonomy":"category","embeddable":true,"href":"https:\/\/www.visit-ulcinj.com\/blog\/wp-json\/wp\/v2\/categories?post=77670"},{"taxonomy":"post_tag","embeddable":true,"href":"https:\/\/www.visit-ulcinj.com\/blog\/wp-json\/wp\/v2\/tags?post=77670"}],"curies":[{"name":"wp","href":"https:\/\/api.w.org\/{rel}","templated":true}]}}