{"id":77677,"date":"2013-12-30T08:11:37","date_gmt":"2013-12-30T07:11:37","guid":{"rendered":"http:\/\/www.visit-ulcinj.com\/blog\/?p=77677"},"modified":"2013-12-30T08:11:37","modified_gmt":"2013-12-30T07:11:37","slug":"numanoviq-simbolet-kombetare-lejohen-ne-dasma","status":"publish","type":"post","link":"https:\/\/www.visit-ulcinj.com\/blog\/2013\/12\/30\/numanoviq-simbolet-kombetare-lejohen-ne-dasma\/","title":{"rendered":"Numanoviq: Simbolet komb\u00ebtare lejohen n\u00eb dasma"},"content":{"rendered":"<p><a href=\"http:\/\/www.visit-ulcinj.com\/blog\/wp-content\/uploads\/2013\/12\/suad-numanoviq.jpg\"><img loading=\"lazy\" class=\"alignleft  wp-image-77678\" alt=\"suad-numanoviq\" src=\"http:\/\/www.visit-ulcinj.com\/blog\/wp-content\/uploads\/2013\/12\/suad-numanoviq.jpg\" width=\"508\" height=\"300\" \/><\/a>Projektligji p\u00ebr zgjedhjen, p\u00ebrdorimin dhe shfaqjen publike t\u00eb simboleve komb\u00ebtare p\u00ebrcakton p\u00ebrdorimin e tyre t\u00eb lir\u00eb n\u00eb dasma dhe vet\u00ebqeverisjet lokale n\u00eb t\u00eb cilat popujt pakic\u00eb p\u00ebrb\u00ebjn\u00eb shumic\u00ebn, ka sqaruar Ministria p\u00ebr t\u00eb Drejtat e njeriut dhe t\u00eb Pakicave (MDNjP).<\/p>\n<p>Nga kjo Ministri sqaruan se interpretimi i ligjit t\u00eb ri ishte keqinterpretuar n\u00eb nj\u00eb pjes\u00eb t\u00eb opinionit publik.<\/p>\n<p>Ata sqaruan se sipas k\u00ebtij projektligji p\u00ebrdorimi i flamurit dhe stem\u00ebs t\u00eb popujve pakic\u00eb \u00ebsht\u00eb i lejuar n\u00eb rastet e festave shtet\u00ebrore dhe t\u00eb festave komb\u00ebtare t\u00eb pakicave n\u00eb nd\u00ebrtesat e vet\u00ebqeverisjeve lokale ku popujt pakic\u00eb p\u00ebrb\u00ebjn\u00eb shumic\u00ebn, si dhe p\u00ebrdorimi privat i simboleve komb\u00ebtare n\u00eb dasma e g\u00ebzime t\u00eb tjera.<\/p>\n<p>Sipas k\u00ebtij projektligji, p\u00ebrdorimi i simboleve komb\u00ebtare t\u00eb pakicave \u00ebsht\u00eb i ndaluar n\u00eb ambientet e Parlamentit t\u00eb Malit t\u00eb Zi, Kryetarit, Qeveris\u00eb, Gjykat\u00ebs Kushtetuese, Gjykatave, Prokuroris\u00eb s\u00eb Shtetit, Ministrive, Ushtris\u00eb s\u00eb Malit t\u00eb Zi, Bank\u00ebs Qendrore, p\u00ebrkujtojn\u00eb nga kjo ministri.<\/p>\n<p>Gjithashtu, simbolet komb\u00ebtare nuk mund t\u00eb p\u00ebrdoren n\u00eb takime nd\u00ebrkomb\u00ebtare, sportive, politike, shkencore, kulturore, artistike dhe tubime t\u00eb tjera q\u00eb p\u00ebrfaq\u00ebson Malin e Zi.<\/p>\n<p>P\u00ebrdorimi i simboleve komb\u00ebtare n\u00eb hap\u00ebsirat zyrtare p\u00ebr ceremonialet t\u00eb destinuara p\u00ebr dasma po ashtu \u00ebsht\u00eb i lejuar.<\/p>\n<p>P\u00ebrdorimi i simboleve komb\u00ebtare n\u00eb takime publike rregullohen me ligjin p\u00ebr tubime publike, shkruan n\u00eb k\u00ebt\u00eb deklarat\u00eb. \/MALESIA.ORG\/<\/p>\n","protected":false},"excerpt":{"rendered":"<p>Projektligji p\u00ebr zgjedhjen, p\u00ebrdorimin dhe shfaqjen publike t\u00eb simboleve komb\u00ebtare p\u00ebrcakton p\u00ebrdorimin e tyre t\u00eb lir\u00eb n\u00eb dasma dhe vet\u00ebqeverisjet lokale n\u00eb t\u00eb cilat popujt pakic\u00eb p\u00ebrb\u00ebjn\u00eb shumic\u00ebn, ka sqaruar Ministria p\u00ebr t\u00eb Drejtat e njeriut dhe t\u00eb Pakicave (MDNjP). Nga kjo Ministri sqaruan se interpretimi i ligjit t\u00eb ri ishte keqinterpretuar n\u00eb nj\u00eb pjes\u00eb [&hellip;]<\/p>\n","protected":false},"author":1,"featured_media":0,"comment_status":"closed","ping_status":"closed","sticky":false,"template":"","format":"standard","meta":{"spay_email":"","jetpack_publicize_message":"","jetpack_is_tweetstorm":false,"jetpack_publicize_feature_enabled":true},"categories":[7],"tags":[],"jetpack_publicize_connections":[],"yoast_head":"<!-- This site is optimized with the Yoast SEO plugin v19.1 - https:\/\/yoast.com\/wordpress\/plugins\/seo\/ -->\n<title>Numanoviq: Simbolet komb\u00ebtare lejohen n\u00eb dasma - Lajme nga Ulqini<\/title>\n<meta name=\"description\" content=\"Projektligji p\u00ebr zgjedhjen, p\u00ebrdorimin dhe shfaqjen publike t\u00eb simboleve komb\u00ebtare p\u00ebrcakton p\u00ebrdorimin e tyre t\u00eb lir\u00eb n\u00eb dasma dhe vet\u00ebqeverisjet lokale\" \/>\n<meta name=\"robots\" content=\"index, follow, max-snippet:-1, max-image-preview:large, max-video-preview:-1\" \/>\n<link rel=\"canonical\" href=\"https:\/\/www.visit-ulcinj.com\/blog\/2013\/12\/30\/numanoviq-simbolet-kombetare-lejohen-ne-dasma\/\" \/>\n<meta property=\"og:locale\" content=\"en_US\" \/>\n<meta property=\"og:type\" content=\"article\" \/>\n<meta property=\"og:title\" content=\"Numanoviq: Simbolet komb\u00ebtare lejohen n\u00eb dasma - Lajme nga Ulqini\" \/>\n<meta property=\"og:description\" content=\"Projektligji p\u00ebr zgjedhjen, p\u00ebrdorimin dhe shfaqjen publike t\u00eb simboleve komb\u00ebtare p\u00ebrcakton p\u00ebrdorimin e tyre t\u00eb lir\u00eb n\u00eb dasma dhe vet\u00ebqeverisjet lokale\" \/>\n<meta property=\"og:url\" content=\"https:\/\/www.visit-ulcinj.com\/blog\/2013\/12\/30\/numanoviq-simbolet-kombetare-lejohen-ne-dasma\/\" \/>\n<meta property=\"og:site_name\" content=\"Lajme nga Ulqini\" \/>\n<meta property=\"article:published_time\" content=\"2013-12-30T07:11:37+00:00\" \/>\n<meta property=\"og:image\" content=\"http:\/\/www.visit-ulcinj.com\/blog\/wp-content\/uploads\/2013\/12\/suad-numanoviq.jpg\" \/>\n<meta name=\"twitter:label1\" content=\"Written by\" \/>\n\t<meta name=\"twitter:data1\" content=\"ulqini\" \/>\n\t<meta name=\"twitter:label2\" content=\"Est. reading time\" \/>\n\t<meta name=\"twitter:data2\" content=\"1 minute\" \/>\n<script type=\"application\/ld+json\" class=\"yoast-schema-graph\">{\"@context\":\"https:\/\/schema.org\",\"@graph\":[{\"@type\":\"WebSite\",\"@id\":\"https:\/\/www.visit-ulcinj.com\/blog\/#website\",\"url\":\"https:\/\/www.visit-ulcinj.com\/blog\/\",\"name\":\"Lajme nga Ulqini\",\"description\":\"Lajme,Vijesti,Ulqini,Ulqin,Crna Gora,Mali i Zi\",\"potentialAction\":[{\"@type\":\"SearchAction\",\"target\":{\"@type\":\"EntryPoint\",\"urlTemplate\":\"https:\/\/www.visit-ulcinj.com\/blog\/?s={search_term_string}\"},\"query-input\":\"required name=search_term_string\"}],\"inLanguage\":\"en-US\"},{\"@type\":\"ImageObject\",\"inLanguage\":\"en-US\",\"@id\":\"https:\/\/www.visit-ulcinj.com\/blog\/2013\/12\/30\/numanoviq-simbolet-kombetare-lejohen-ne-dasma\/#primaryimage\",\"url\":\"https:\/\/www.visit-ulcinj.com\/blog\/wp-content\/uploads\/2013\/12\/suad-numanoviq.jpg\",\"contentUrl\":\"https:\/\/www.visit-ulcinj.com\/blog\/wp-content\/uploads\/2013\/12\/suad-numanoviq.jpg\",\"width\":470,\"height\":300},{\"@type\":\"WebPage\",\"@id\":\"https:\/\/www.visit-ulcinj.com\/blog\/2013\/12\/30\/numanoviq-simbolet-kombetare-lejohen-ne-dasma\/#webpage\",\"url\":\"https:\/\/www.visit-ulcinj.com\/blog\/2013\/12\/30\/numanoviq-simbolet-kombetare-lejohen-ne-dasma\/\",\"name\":\"Numanoviq: Simbolet komb\u00ebtare lejohen n\u00eb dasma - Lajme nga Ulqini\",\"isPartOf\":{\"@id\":\"https:\/\/www.visit-ulcinj.com\/blog\/#website\"},\"primaryImageOfPage\":{\"@id\":\"https:\/\/www.visit-ulcinj.com\/blog\/2013\/12\/30\/numanoviq-simbolet-kombetare-lejohen-ne-dasma\/#primaryimage\"},\"datePublished\":\"2013-12-30T07:11:37+00:00\",\"dateModified\":\"2013-12-30T07:11:37+00:00\",\"author\":{\"@id\":\"https:\/\/www.visit-ulcinj.com\/blog\/#\/schema\/person\/dcab619c614d3038751c63bc2aadc06d\"},\"description\":\"Projektligji p\u00ebr zgjedhjen, p\u00ebrdorimin dhe shfaqjen publike t\u00eb simboleve komb\u00ebtare p\u00ebrcakton p\u00ebrdorimin e tyre t\u00eb lir\u00eb n\u00eb dasma dhe vet\u00ebqeverisjet lokale\",\"breadcrumb\":{\"@id\":\"https:\/\/www.visit-ulcinj.com\/blog\/2013\/12\/30\/numanoviq-simbolet-kombetare-lejohen-ne-dasma\/#breadcrumb\"},\"inLanguage\":\"en-US\",\"potentialAction\":[{\"@type\":\"ReadAction\",\"target\":[\"https:\/\/www.visit-ulcinj.com\/blog\/2013\/12\/30\/numanoviq-simbolet-kombetare-lejohen-ne-dasma\/\"]}]},{\"@type\":\"BreadcrumbList\",\"@id\":\"https:\/\/www.visit-ulcinj.com\/blog\/2013\/12\/30\/numanoviq-simbolet-kombetare-lejohen-ne-dasma\/#breadcrumb\",\"itemListElement\":[{\"@type\":\"ListItem\",\"position\":1,\"name\":\"Numanoviq: Simbolet komb\u00ebtare lejohen n\u00eb dasma\"}]},{\"@type\":\"Person\",\"@id\":\"https:\/\/www.visit-ulcinj.com\/blog\/#\/schema\/person\/dcab619c614d3038751c63bc2aadc06d\",\"name\":\"ulqini\",\"sameAs\":[\"http:\/\/www.visit-ulcinj.com\"],\"url\":\"https:\/\/www.visit-ulcinj.com\/blog\/author\/admin\/\"}]}<\/script>\n<!-- \/ Yoast SEO plugin. -->","yoast_head_json":{"title":"Numanoviq: Simbolet komb\u00ebtare lejohen n\u00eb dasma - Lajme nga Ulqini","description":"Projektligji p\u00ebr zgjedhjen, p\u00ebrdorimin dhe shfaqjen publike t\u00eb simboleve komb\u00ebtare p\u00ebrcakton p\u00ebrdorimin e tyre t\u00eb lir\u00eb n\u00eb dasma dhe vet\u00ebqeverisjet lokale","robots":{"index":"index","follow":"follow","max-snippet":"max-snippet:-1","max-image-preview":"max-image-preview:large","max-video-preview":"max-video-preview:-1"},"canonical":"https:\/\/www.visit-ulcinj.com\/blog\/2013\/12\/30\/numanoviq-simbolet-kombetare-lejohen-ne-dasma\/","og_locale":"en_US","og_type":"article","og_title":"Numanoviq: Simbolet komb\u00ebtare lejohen n\u00eb dasma - Lajme nga Ulqini","og_description":"Projektligji p\u00ebr zgjedhjen, p\u00ebrdorimin dhe shfaqjen publike t\u00eb simboleve komb\u00ebtare p\u00ebrcakton p\u00ebrdorimin e tyre t\u00eb lir\u00eb n\u00eb dasma dhe vet\u00ebqeverisjet lokale","og_url":"https:\/\/www.visit-ulcinj.com\/blog\/2013\/12\/30\/numanoviq-simbolet-kombetare-lejohen-ne-dasma\/","og_site_name":"Lajme nga Ulqini","article_published_time":"2013-12-30T07:11:37+00:00","og_image":[{"url":"http:\/\/www.visit-ulcinj.com\/blog\/wp-content\/uploads\/2013\/12\/suad-numanoviq.jpg"}],"twitter_misc":{"Written by":"ulqini","Est. reading time":"1 minute"},"schema":{"@context":"https:\/\/schema.org","@graph":[{"@type":"WebSite","@id":"https:\/\/www.visit-ulcinj.com\/blog\/#website","url":"https:\/\/www.visit-ulcinj.com\/blog\/","name":"Lajme nga Ulqini","description":"Lajme,Vijesti,Ulqini,Ulqin,Crna Gora,Mali i Zi","potentialAction":[{"@type":"SearchAction","target":{"@type":"EntryPoint","urlTemplate":"https:\/\/www.visit-ulcinj.com\/blog\/?s={search_term_string}"},"query-input":"required name=search_term_string"}],"inLanguage":"en-US"},{"@type":"ImageObject","inLanguage":"en-US","@id":"https:\/\/www.visit-ulcinj.com\/blog\/2013\/12\/30\/numanoviq-simbolet-kombetare-lejohen-ne-dasma\/#primaryimage","url":"https:\/\/www.visit-ulcinj.com\/blog\/wp-content\/uploads\/2013\/12\/suad-numanoviq.jpg","contentUrl":"https:\/\/www.visit-ulcinj.com\/blog\/wp-content\/uploads\/2013\/12\/suad-numanoviq.jpg","width":470,"height":300},{"@type":"WebPage","@id":"https:\/\/www.visit-ulcinj.com\/blog\/2013\/12\/30\/numanoviq-simbolet-kombetare-lejohen-ne-dasma\/#webpage","url":"https:\/\/www.visit-ulcinj.com\/blog\/2013\/12\/30\/numanoviq-simbolet-kombetare-lejohen-ne-dasma\/","name":"Numanoviq: Simbolet komb\u00ebtare lejohen n\u00eb dasma - Lajme nga Ulqini","isPartOf":{"@id":"https:\/\/www.visit-ulcinj.com\/blog\/#website"},"primaryImageOfPage":{"@id":"https:\/\/www.visit-ulcinj.com\/blog\/2013\/12\/30\/numanoviq-simbolet-kombetare-lejohen-ne-dasma\/#primaryimage"},"datePublished":"2013-12-30T07:11:37+00:00","dateModified":"2013-12-30T07:11:37+00:00","author":{"@id":"https:\/\/www.visit-ulcinj.com\/blog\/#\/schema\/person\/dcab619c614d3038751c63bc2aadc06d"},"description":"Projektligji p\u00ebr zgjedhjen, p\u00ebrdorimin dhe shfaqjen publike t\u00eb simboleve komb\u00ebtare p\u00ebrcakton p\u00ebrdorimin e tyre t\u00eb lir\u00eb n\u00eb dasma dhe vet\u00ebqeverisjet lokale","breadcrumb":{"@id":"https:\/\/www.visit-ulcinj.com\/blog\/2013\/12\/30\/numanoviq-simbolet-kombetare-lejohen-ne-dasma\/#breadcrumb"},"inLanguage":"en-US","potentialAction":[{"@type":"ReadAction","target":["https:\/\/www.visit-ulcinj.com\/blog\/2013\/12\/30\/numanoviq-simbolet-kombetare-lejohen-ne-dasma\/"]}]},{"@type":"BreadcrumbList","@id":"https:\/\/www.visit-ulcinj.com\/blog\/2013\/12\/30\/numanoviq-simbolet-kombetare-lejohen-ne-dasma\/#breadcrumb","itemListElement":[{"@type":"ListItem","position":1,"name":"Numanoviq: Simbolet komb\u00ebtare lejohen n\u00eb dasma"}]},{"@type":"Person","@id":"https:\/\/www.visit-ulcinj.com\/blog\/#\/schema\/person\/dcab619c614d3038751c63bc2aadc06d","name":"ulqini","sameAs":["http:\/\/www.visit-ulcinj.com"],"url":"https:\/\/www.visit-ulcinj.com\/blog\/author\/admin\/"}]}},"jetpack_featured_media_url":"","jetpack_sharing_enabled":true,"jetpack_shortlink":"https:\/\/wp.me\/pe6lTn-kcR","_links":{"self":[{"href":"https:\/\/www.visit-ulcinj.com\/blog\/wp-json\/wp\/v2\/posts\/77677"}],"collection":[{"href":"https:\/\/www.visit-ulcinj.com\/blog\/wp-json\/wp\/v2\/posts"}],"about":[{"href":"https:\/\/www.visit-ulcinj.com\/blog\/wp-json\/wp\/v2\/types\/post"}],"author":[{"embeddable":true,"href":"https:\/\/www.visit-ulcinj.com\/blog\/wp-json\/wp\/v2\/users\/1"}],"replies":[{"embeddable":true,"href":"https:\/\/www.visit-ulcinj.com\/blog\/wp-json\/wp\/v2\/comments?post=77677"}],"version-history":[{"count":1,"href":"https:\/\/www.visit-ulcinj.com\/blog\/wp-json\/wp\/v2\/posts\/77677\/revisions"}],"predecessor-version":[{"id":77679,"href":"https:\/\/www.visit-ulcinj.com\/blog\/wp-json\/wp\/v2\/posts\/77677\/revisions\/77679"}],"wp:attachment":[{"href":"https:\/\/www.visit-ulcinj.com\/blog\/wp-json\/wp\/v2\/media?parent=77677"}],"wp:term":[{"taxonomy":"category","embeddable":true,"href":"https:\/\/www.visit-ulcinj.com\/blog\/wp-json\/wp\/v2\/categories?post=77677"},{"taxonomy":"post_tag","embeddable":true,"href":"https:\/\/www.visit-ulcinj.com\/blog\/wp-json\/wp\/v2\/tags?post=77677"}],"curies":[{"name":"wp","href":"https:\/\/api.w.org\/{rel}","templated":true}]}}