{"id":77680,"date":"2013-12-30T09:02:02","date_gmt":"2013-12-30T08:02:02","guid":{"rendered":"http:\/\/www.visit-ulcinj.com\/blog\/?p=77680"},"modified":"2013-12-30T09:02:02","modified_gmt":"2013-12-30T08:02:02","slug":"ulcinj-sdp-predala-izbornu-listu","status":"publish","type":"post","link":"https:\/\/www.visit-ulcinj.com\/blog\/2013\/12\/30\/ulcinj-sdp-predala-izbornu-listu\/","title":{"rendered":"Ulcinj: SDP predala izbornu listu"},"content":{"rendered":"<p><a href=\"http:\/\/www.visit-ulcinj.com\/blog\/wp-content\/uploads\/2013\/12\/sdp-ulcinj.jpg\"><img loading=\"lazy\" class=\"alignleft  wp-image-77354\" alt=\"sdp-ulcinj\" src=\"http:\/\/www.visit-ulcinj.com\/blog\/wp-content\/uploads\/2013\/12\/sdp-ulcinj.jpg\" width=\"508\" height=\"360\" \/><\/a>Socijaldemokratska partija je ju\u010de predala listu za izbor odbornika u Skup\u0161tinu op\u0161tine SO Ulcinj.<\/p>\n<div>\n<p>\u201eKao istinska gra\u0111anska partija, na listi imamo zastupljene sve strukture koje \u010dine op\u0161tinu Ulcinj: gra\u0111ane iz svih djelova na\u0161e op\u0161tine, pripadnike apsolutno svih nacija i vjera koje tu \u017eive. Na\u0161a lista je spoj mladosti i iskustva\u201c, rekao je Selim Resulbegovi\u0107, \u0161ef ulcinjskog SDP-a na konferenciji za novinare.<\/p>\n<p>\u201eKuriozitet ove liste je i to \u0161to se na njoj ne nalaze pojedini ljudi koji su utemeljiva\u010di ove partije\u201c, istakao je Resulbegovi\u0107.<\/p>\n<p><strong>Izvor: CDM<\/strong><\/p>\n<p>1. Selim Resulbegovi\u0107<br \/>\n2. Skender Elezagi\u0107<br \/>\n3. Ardian Kasneci<br \/>\n4. Naser Resulbegovi\u0107<br \/>\n5. Vuksan Vuksanovi\u0107<br \/>\n6. \u0106azim Hod\u017ei\u0107<br \/>\n7. Arsim Cucoviq<br \/>\n8. Elvir Niko\u010devi\u0107<br \/>\n9. Merita Suba\u0161i\u0107-\u0160abanovi\u0107<br \/>\n10. \u0160efika Be\u0107iragi\u0107<br \/>\n11. Flamur Taipi<br \/>\n12. Almir Kolari<br \/>\n13. Sladjana Kne\u017eevi\u0107<br \/>\n14. Na\u0111a \u0110akonovi\u0107<br \/>\n15. Halilj Teli\u0107<br \/>\n16. Izet Kasnecoviq<br \/>\n17. Mud\u017eeima Bambur<br \/>\n18. Arb\u00ebr Haxhibrahimi<br \/>\n19. Minir Karamanaga<br \/>\n20. Muhamed Nikeziq<br \/>\n21. Nedim Hod\u017ei\u0107<br \/>\n22. Dragan Briskovi\u0107<br \/>\n23. Adilla Kurtoviq<br \/>\n24. Elvedin Zaganjor<br \/>\n25. \u0106emal Aljo\u0161evi\u0107<br \/>\n26. Indira Ad\u017eemovi\u0107-Durumba\u0161i\u0107<br \/>\n27. Dijana \u010cau\u0161i\u0107<br \/>\n28. Adem Hidri\u0107<br \/>\n29. Azra Muji\u0107<br \/>\n30. Haris Hasanagi\u0107<br \/>\n31. Indira Ibri\u0107<br \/>\n32. Fejzi Hod\u017ea<br \/>\n33. Sabri-Abo Zejnelaga<\/p>\n<\/div>\n","protected":false},"excerpt":{"rendered":"<p>Socijaldemokratska partija je ju\u010de predala listu za izbor odbornika u Skup\u0161tinu op\u0161tine SO Ulcinj. \u201eKao istinska gra\u0111anska partija, na listi imamo zastupljene sve strukture koje \u010dine op\u0161tinu Ulcinj: gra\u0111ane iz svih djelova na\u0161e op\u0161tine, pripadnike apsolutno svih nacija i vjera koje tu \u017eive. Na\u0161a lista je spoj mladosti i iskustva\u201c, rekao je Selim Resulbegovi\u0107, \u0161ef [&hellip;]<\/p>\n","protected":false},"author":1,"featured_media":0,"comment_status":"closed","ping_status":"closed","sticky":false,"template":"","format":"standard","meta":{"spay_email":"","jetpack_publicize_message":"","jetpack_is_tweetstorm":false,"jetpack_publicize_feature_enabled":true},"categories":[8337],"tags":[],"jetpack_publicize_connections":[],"yoast_head":"<!-- This site is optimized with the Yoast SEO plugin v19.1 - https:\/\/yoast.com\/wordpress\/plugins\/seo\/ -->\n<title>Ulcinj: SDP predala izbornu listu - Lajme nga Ulqini<\/title>\n<meta name=\"description\" content=\"Socijaldemokratska partija je ju\u010de predala listu za izbor odbornika u Skup\u0161tinu op\u0161tine SO Ulcinj. \u201eKao istinska gra\u0111anska partija, na listi imamo\" \/>\n<meta name=\"robots\" content=\"index, follow, max-snippet:-1, max-image-preview:large, max-video-preview:-1\" \/>\n<link rel=\"canonical\" href=\"https:\/\/www.visit-ulcinj.com\/blog\/2013\/12\/30\/ulcinj-sdp-predala-izbornu-listu\/\" \/>\n<meta property=\"og:locale\" content=\"en_US\" \/>\n<meta property=\"og:type\" content=\"article\" \/>\n<meta property=\"og:title\" content=\"Ulcinj: SDP predala izbornu listu - Lajme nga Ulqini\" \/>\n<meta property=\"og:description\" content=\"Socijaldemokratska partija je ju\u010de predala listu za izbor odbornika u Skup\u0161tinu op\u0161tine SO Ulcinj. \u201eKao istinska gra\u0111anska partija, na listi imamo\" \/>\n<meta property=\"og:url\" content=\"https:\/\/www.visit-ulcinj.com\/blog\/2013\/12\/30\/ulcinj-sdp-predala-izbornu-listu\/\" \/>\n<meta property=\"og:site_name\" content=\"Lajme nga Ulqini\" \/>\n<meta property=\"article:published_time\" content=\"2013-12-30T08:02:02+00:00\" \/>\n<meta property=\"og:image\" content=\"http:\/\/www.visit-ulcinj.com\/blog\/wp-content\/uploads\/2013\/12\/sdp-ulcinj.jpg\" \/>\n<meta name=\"twitter:label1\" content=\"Written by\" \/>\n\t<meta name=\"twitter:data1\" content=\"ulqini\" \/>\n\t<meta name=\"twitter:label2\" content=\"Est. reading time\" \/>\n\t<meta name=\"twitter:data2\" content=\"1 minute\" \/>\n<script type=\"application\/ld+json\" class=\"yoast-schema-graph\">{\"@context\":\"https:\/\/schema.org\",\"@graph\":[{\"@type\":\"WebSite\",\"@id\":\"https:\/\/www.visit-ulcinj.com\/blog\/#website\",\"url\":\"https:\/\/www.visit-ulcinj.com\/blog\/\",\"name\":\"Lajme nga Ulqini\",\"description\":\"Lajme,Vijesti,Ulqini,Ulqin,Crna Gora,Mali i Zi\",\"potentialAction\":[{\"@type\":\"SearchAction\",\"target\":{\"@type\":\"EntryPoint\",\"urlTemplate\":\"https:\/\/www.visit-ulcinj.com\/blog\/?s={search_term_string}\"},\"query-input\":\"required name=search_term_string\"}],\"inLanguage\":\"en-US\"},{\"@type\":\"ImageObject\",\"inLanguage\":\"en-US\",\"@id\":\"https:\/\/www.visit-ulcinj.com\/blog\/2013\/12\/30\/ulcinj-sdp-predala-izbornu-listu\/#primaryimage\",\"url\":\"https:\/\/www.visit-ulcinj.com\/blog\/wp-content\/uploads\/2013\/12\/sdp-ulcinj.jpg\",\"contentUrl\":\"https:\/\/www.visit-ulcinj.com\/blog\/wp-content\/uploads\/2013\/12\/sdp-ulcinj.jpg\",\"width\":670,\"height\":389},{\"@type\":\"WebPage\",\"@id\":\"https:\/\/www.visit-ulcinj.com\/blog\/2013\/12\/30\/ulcinj-sdp-predala-izbornu-listu\/#webpage\",\"url\":\"https:\/\/www.visit-ulcinj.com\/blog\/2013\/12\/30\/ulcinj-sdp-predala-izbornu-listu\/\",\"name\":\"Ulcinj: SDP predala izbornu listu - Lajme nga Ulqini\",\"isPartOf\":{\"@id\":\"https:\/\/www.visit-ulcinj.com\/blog\/#website\"},\"primaryImageOfPage\":{\"@id\":\"https:\/\/www.visit-ulcinj.com\/blog\/2013\/12\/30\/ulcinj-sdp-predala-izbornu-listu\/#primaryimage\"},\"datePublished\":\"2013-12-30T08:02:02+00:00\",\"dateModified\":\"2013-12-30T08:02:02+00:00\",\"author\":{\"@id\":\"https:\/\/www.visit-ulcinj.com\/blog\/#\/schema\/person\/dcab619c614d3038751c63bc2aadc06d\"},\"description\":\"Socijaldemokratska partija je ju\u010de predala listu za izbor odbornika u Skup\u0161tinu op\u0161tine SO Ulcinj. \u201eKao istinska gra\u0111anska partija, na listi imamo\",\"breadcrumb\":{\"@id\":\"https:\/\/www.visit-ulcinj.com\/blog\/2013\/12\/30\/ulcinj-sdp-predala-izbornu-listu\/#breadcrumb\"},\"inLanguage\":\"en-US\",\"potentialAction\":[{\"@type\":\"ReadAction\",\"target\":[\"https:\/\/www.visit-ulcinj.com\/blog\/2013\/12\/30\/ulcinj-sdp-predala-izbornu-listu\/\"]}]},{\"@type\":\"BreadcrumbList\",\"@id\":\"https:\/\/www.visit-ulcinj.com\/blog\/2013\/12\/30\/ulcinj-sdp-predala-izbornu-listu\/#breadcrumb\",\"itemListElement\":[{\"@type\":\"ListItem\",\"position\":1,\"name\":\"Ulcinj: SDP predala izbornu listu\"}]},{\"@type\":\"Person\",\"@id\":\"https:\/\/www.visit-ulcinj.com\/blog\/#\/schema\/person\/dcab619c614d3038751c63bc2aadc06d\",\"name\":\"ulqini\",\"sameAs\":[\"http:\/\/www.visit-ulcinj.com\"],\"url\":\"https:\/\/www.visit-ulcinj.com\/blog\/author\/admin\/\"}]}<\/script>\n<!-- \/ Yoast SEO plugin. -->","yoast_head_json":{"title":"Ulcinj: SDP predala izbornu listu - Lajme nga Ulqini","description":"Socijaldemokratska partija je ju\u010de predala listu za izbor odbornika u Skup\u0161tinu op\u0161tine SO Ulcinj. \u201eKao istinska gra\u0111anska partija, na listi imamo","robots":{"index":"index","follow":"follow","max-snippet":"max-snippet:-1","max-image-preview":"max-image-preview:large","max-video-preview":"max-video-preview:-1"},"canonical":"https:\/\/www.visit-ulcinj.com\/blog\/2013\/12\/30\/ulcinj-sdp-predala-izbornu-listu\/","og_locale":"en_US","og_type":"article","og_title":"Ulcinj: SDP predala izbornu listu - Lajme nga Ulqini","og_description":"Socijaldemokratska partija je ju\u010de predala listu za izbor odbornika u Skup\u0161tinu op\u0161tine SO Ulcinj. \u201eKao istinska gra\u0111anska partija, na listi imamo","og_url":"https:\/\/www.visit-ulcinj.com\/blog\/2013\/12\/30\/ulcinj-sdp-predala-izbornu-listu\/","og_site_name":"Lajme nga Ulqini","article_published_time":"2013-12-30T08:02:02+00:00","og_image":[{"url":"http:\/\/www.visit-ulcinj.com\/blog\/wp-content\/uploads\/2013\/12\/sdp-ulcinj.jpg"}],"twitter_misc":{"Written by":"ulqini","Est. reading time":"1 minute"},"schema":{"@context":"https:\/\/schema.org","@graph":[{"@type":"WebSite","@id":"https:\/\/www.visit-ulcinj.com\/blog\/#website","url":"https:\/\/www.visit-ulcinj.com\/blog\/","name":"Lajme nga Ulqini","description":"Lajme,Vijesti,Ulqini,Ulqin,Crna Gora,Mali i Zi","potentialAction":[{"@type":"SearchAction","target":{"@type":"EntryPoint","urlTemplate":"https:\/\/www.visit-ulcinj.com\/blog\/?s={search_term_string}"},"query-input":"required name=search_term_string"}],"inLanguage":"en-US"},{"@type":"ImageObject","inLanguage":"en-US","@id":"https:\/\/www.visit-ulcinj.com\/blog\/2013\/12\/30\/ulcinj-sdp-predala-izbornu-listu\/#primaryimage","url":"https:\/\/www.visit-ulcinj.com\/blog\/wp-content\/uploads\/2013\/12\/sdp-ulcinj.jpg","contentUrl":"https:\/\/www.visit-ulcinj.com\/blog\/wp-content\/uploads\/2013\/12\/sdp-ulcinj.jpg","width":670,"height":389},{"@type":"WebPage","@id":"https:\/\/www.visit-ulcinj.com\/blog\/2013\/12\/30\/ulcinj-sdp-predala-izbornu-listu\/#webpage","url":"https:\/\/www.visit-ulcinj.com\/blog\/2013\/12\/30\/ulcinj-sdp-predala-izbornu-listu\/","name":"Ulcinj: SDP predala izbornu listu - Lajme nga Ulqini","isPartOf":{"@id":"https:\/\/www.visit-ulcinj.com\/blog\/#website"},"primaryImageOfPage":{"@id":"https:\/\/www.visit-ulcinj.com\/blog\/2013\/12\/30\/ulcinj-sdp-predala-izbornu-listu\/#primaryimage"},"datePublished":"2013-12-30T08:02:02+00:00","dateModified":"2013-12-30T08:02:02+00:00","author":{"@id":"https:\/\/www.visit-ulcinj.com\/blog\/#\/schema\/person\/dcab619c614d3038751c63bc2aadc06d"},"description":"Socijaldemokratska partija je ju\u010de predala listu za izbor odbornika u Skup\u0161tinu op\u0161tine SO Ulcinj. \u201eKao istinska gra\u0111anska partija, na listi imamo","breadcrumb":{"@id":"https:\/\/www.visit-ulcinj.com\/blog\/2013\/12\/30\/ulcinj-sdp-predala-izbornu-listu\/#breadcrumb"},"inLanguage":"en-US","potentialAction":[{"@type":"ReadAction","target":["https:\/\/www.visit-ulcinj.com\/blog\/2013\/12\/30\/ulcinj-sdp-predala-izbornu-listu\/"]}]},{"@type":"BreadcrumbList","@id":"https:\/\/www.visit-ulcinj.com\/blog\/2013\/12\/30\/ulcinj-sdp-predala-izbornu-listu\/#breadcrumb","itemListElement":[{"@type":"ListItem","position":1,"name":"Ulcinj: SDP predala izbornu listu"}]},{"@type":"Person","@id":"https:\/\/www.visit-ulcinj.com\/blog\/#\/schema\/person\/dcab619c614d3038751c63bc2aadc06d","name":"ulqini","sameAs":["http:\/\/www.visit-ulcinj.com"],"url":"https:\/\/www.visit-ulcinj.com\/blog\/author\/admin\/"}]}},"jetpack_featured_media_url":"","jetpack_sharing_enabled":true,"jetpack_shortlink":"https:\/\/wp.me\/pe6lTn-kcU","_links":{"self":[{"href":"https:\/\/www.visit-ulcinj.com\/blog\/wp-json\/wp\/v2\/posts\/77680"}],"collection":[{"href":"https:\/\/www.visit-ulcinj.com\/blog\/wp-json\/wp\/v2\/posts"}],"about":[{"href":"https:\/\/www.visit-ulcinj.com\/blog\/wp-json\/wp\/v2\/types\/post"}],"author":[{"embeddable":true,"href":"https:\/\/www.visit-ulcinj.com\/blog\/wp-json\/wp\/v2\/users\/1"}],"replies":[{"embeddable":true,"href":"https:\/\/www.visit-ulcinj.com\/blog\/wp-json\/wp\/v2\/comments?post=77680"}],"version-history":[{"count":1,"href":"https:\/\/www.visit-ulcinj.com\/blog\/wp-json\/wp\/v2\/posts\/77680\/revisions"}],"predecessor-version":[{"id":77681,"href":"https:\/\/www.visit-ulcinj.com\/blog\/wp-json\/wp\/v2\/posts\/77680\/revisions\/77681"}],"wp:attachment":[{"href":"https:\/\/www.visit-ulcinj.com\/blog\/wp-json\/wp\/v2\/media?parent=77680"}],"wp:term":[{"taxonomy":"category","embeddable":true,"href":"https:\/\/www.visit-ulcinj.com\/blog\/wp-json\/wp\/v2\/categories?post=77680"},{"taxonomy":"post_tag","embeddable":true,"href":"https:\/\/www.visit-ulcinj.com\/blog\/wp-json\/wp\/v2\/tags?post=77680"}],"curies":[{"name":"wp","href":"https:\/\/api.w.org\/{rel}","templated":true}]}}