{"id":77682,"date":"2013-12-30T09:16:06","date_gmt":"2013-12-30T08:16:06","guid":{"rendered":"http:\/\/www.visit-ulcinj.com\/blog\/?p=77682"},"modified":"2013-12-30T09:22:38","modified_gmt":"2013-12-30T08:22:38","slug":"sinishtaj-nese-qeveria-nuk-mban-premtimet-bojkotoje-zgjedhjet","status":"publish","type":"post","link":"https:\/\/www.visit-ulcinj.com\/blog\/2013\/12\/30\/sinishtaj-nese-qeveria-nuk-mban-premtimet-bojkotoje-zgjedhjet\/","title":{"rendered":"Sinishtaj: N\u00ebse qeveria nuk i mban premtimet do bojkotoj\u00eb zgjedhjet"},"content":{"rendered":"<p><a href=\"http:\/\/www.visit-ulcinj.com\/blog\/wp-content\/uploads\/2013\/12\/Vasel-Sinishtaj.jpg\"><img loading=\"lazy\" class=\"alignleft  wp-image-77683\" alt=\"Vasel-Sinishtaj\" src=\"http:\/\/www.visit-ulcinj.com\/blog\/wp-content\/uploads\/2013\/12\/Vasel-Sinishtaj.jpg\" width=\"508\" height=\"360\" \/><\/a>Presidenti i partis\u00eb \u201cIniciativa Qytetare\u201d, n\u00eb Podgoric\u00eb, ka deklaruar se partia e tij do t\u00eb bojkotoj\u00eb zgjedhjet q\u00eb do t\u00eb mbahen n\u00eb pranver\u00ebn e ardhshme, n\u00ebse qeveria aktuale nuk i mban premtimet e dh\u00ebna.<\/p>\n<p>Problemi m\u00eb i madh mbetet statusi i komun\u00ebs s\u00eb Tuzit, ku shqiptar\u00ebt k\u00ebrkojn\u00eb q\u00eb t\u00eb ken\u00eb t\u00eb drejta t\u00eb plota dhe t\u00eb merret statusi i nj\u00eb komune t\u00eb ve\u00e7ant\u00eb, raporton B92.<\/p>\n<p>Sipas Vesel Sinistajt, \u00e7\u00ebshtja e Tuzit, p\u00ebr vet\u00ebqeverisje duhet t\u00eb zgjidhet p\u00ebrpara zgjedhjeve, n\u00eb t\u00eb kund\u00ebrt ai s\u00eb bashku me partin\u00eb e tij do t\u2019i bojkotoj\u00eb zgjedhjet e ardhshme.<\/p>\n<p>Sipas Sinistajt, p\u00ebr sa koh\u00eb q\u00eb shqiptar\u00ebt p\u00ebrb\u00ebjn\u00eb pjes\u00ebn m\u00eb t\u00eb madhe t\u00eb popullsis\u00eb n\u00eb Tuz, nuk ishte i k\u00ebnaqsh\u00ebm propozimi i kryetarit t\u00eb bashkis\u00eb s\u00eb Tuzit, i cili tha se kjo zon\u00eb duhet t\u00eb marr\u00eb nj\u00eb autonomi m\u00eb t\u00eb madhe dhe jo statusin e nj\u00eb komune t\u00eb ve\u00e7ant\u00eb.<\/p>\n<p>Tuzi ndan Shqip\u00ebrin\u00eb nga Mali i Zi dhe ndodhet n\u00eb qend\u00ebr t\u00eb k\u00ebtij t\u00eb fundit. Ai \u00ebsht\u00eb i banuar nga shqiptar\u00eb etnik\u00eb dhe aktualisht ka statusin e nj\u00eb komune urbane, brenda qytetit t\u00eb Podgoric\u00ebs.<\/p>\n<p>Presidenti i fundit i Tuzit, Fran Lulgjuraj dha dor\u00ebheqjen nga ky post, sepse n\u00eb shtator nuk u organizua referendumi konsultativ, i cili do t\u2019i jepte k\u00ebsaj zone statusin e nj\u00eb komune t\u00eb ve\u00e7ant\u00eb.<\/p>\n<p>Referendumi nuk u mbajt n\u00eb shtator, pasi nuk u faktua n\u00ebse Tuzi ishte i aft\u00eb ekonomikisht q\u00eb t\u00eb p\u00ebrballonte nj\u00eb status t\u00eb till\u00eb. M\u00eb von\u00eb studimet treguan q\u00eb Tuzi nuk ishte i aft\u00eb p\u00ebr at\u00eb status, sepse nuk kishte ekonomin\u00eb e mjaftueshme, q\u00eb i duhet nj\u00eb komune p\u00ebr t\u00eb qen\u00eb e ndar\u00eb nga pjesa tjet\u00ebr e qytetit.<\/p>\n<p><strong>Bota sot<br \/>\n<\/strong><\/p>\n","protected":false},"excerpt":{"rendered":"<p>Presidenti i partis\u00eb \u201cIniciativa Qytetare\u201d, n\u00eb Podgoric\u00eb, ka deklaruar se partia e tij do t\u00eb bojkotoj\u00eb zgjedhjet q\u00eb do t\u00eb mbahen n\u00eb pranver\u00ebn e ardhshme, n\u00ebse qeveria aktuale nuk i mban premtimet e dh\u00ebna. Problemi m\u00eb i madh mbetet statusi i komun\u00ebs s\u00eb Tuzit, ku shqiptar\u00ebt k\u00ebrkojn\u00eb q\u00eb t\u00eb ken\u00eb t\u00eb drejta t\u00eb plota dhe [&hellip;]<\/p>\n","protected":false},"author":1,"featured_media":0,"comment_status":"closed","ping_status":"closed","sticky":false,"template":"","format":"standard","meta":{"spay_email":"","jetpack_publicize_message":"","jetpack_is_tweetstorm":false,"jetpack_publicize_feature_enabled":true},"categories":[14],"tags":[],"jetpack_publicize_connections":[],"yoast_head":"<!-- This site is optimized with the Yoast SEO plugin v19.1 - https:\/\/yoast.com\/wordpress\/plugins\/seo\/ -->\n<title>Sinishtaj: N\u00ebse qeveria nuk i mban premtimet do bojkotoj\u00eb zgjedhjet - Lajme nga Ulqini<\/title>\n<meta name=\"description\" content=\"Presidenti i partis\u00eb \u201cIniciativa Qytetare\u201d, n\u00eb Podgoric\u00eb, ka deklaruar se partia e tij do t\u00eb bojkotoj\u00eb zgjedhjet q\u00eb do t\u00eb mbahen n\u00eb pranver\u00ebn e ardhshme,\" \/>\n<meta name=\"robots\" content=\"index, follow, max-snippet:-1, max-image-preview:large, max-video-preview:-1\" \/>\n<link rel=\"canonical\" href=\"https:\/\/www.visit-ulcinj.com\/blog\/2013\/12\/30\/sinishtaj-nese-qeveria-nuk-mban-premtimet-bojkotoje-zgjedhjet\/\" \/>\n<meta property=\"og:locale\" content=\"en_US\" \/>\n<meta property=\"og:type\" content=\"article\" \/>\n<meta property=\"og:title\" content=\"Sinishtaj: N\u00ebse qeveria nuk i mban premtimet do bojkotoj\u00eb zgjedhjet - Lajme nga Ulqini\" \/>\n<meta property=\"og:description\" content=\"Presidenti i partis\u00eb \u201cIniciativa Qytetare\u201d, n\u00eb Podgoric\u00eb, ka deklaruar se partia e tij do t\u00eb bojkotoj\u00eb zgjedhjet q\u00eb do t\u00eb mbahen n\u00eb pranver\u00ebn e ardhshme,\" \/>\n<meta property=\"og:url\" content=\"https:\/\/www.visit-ulcinj.com\/blog\/2013\/12\/30\/sinishtaj-nese-qeveria-nuk-mban-premtimet-bojkotoje-zgjedhjet\/\" \/>\n<meta property=\"og:site_name\" content=\"Lajme nga Ulqini\" \/>\n<meta property=\"article:published_time\" content=\"2013-12-30T08:16:06+00:00\" \/>\n<meta property=\"article:modified_time\" content=\"2013-12-30T08:22:38+00:00\" \/>\n<meta property=\"og:image\" content=\"http:\/\/www.visit-ulcinj.com\/blog\/wp-content\/uploads\/2013\/12\/Vasel-Sinishtaj.jpg\" \/>\n<meta name=\"twitter:label1\" content=\"Written by\" \/>\n\t<meta name=\"twitter:data1\" content=\"ulqini\" \/>\n\t<meta name=\"twitter:label2\" content=\"Est. reading time\" \/>\n\t<meta name=\"twitter:data2\" content=\"2 minutes\" \/>\n<script type=\"application\/ld+json\" class=\"yoast-schema-graph\">{\"@context\":\"https:\/\/schema.org\",\"@graph\":[{\"@type\":\"WebSite\",\"@id\":\"https:\/\/www.visit-ulcinj.com\/blog\/#website\",\"url\":\"https:\/\/www.visit-ulcinj.com\/blog\/\",\"name\":\"Lajme nga Ulqini\",\"description\":\"Lajme,Vijesti,Ulqini,Ulqin,Crna Gora,Mali i Zi\",\"potentialAction\":[{\"@type\":\"SearchAction\",\"target\":{\"@type\":\"EntryPoint\",\"urlTemplate\":\"https:\/\/www.visit-ulcinj.com\/blog\/?s={search_term_string}\"},\"query-input\":\"required name=search_term_string\"}],\"inLanguage\":\"en-US\"},{\"@type\":\"ImageObject\",\"inLanguage\":\"en-US\",\"@id\":\"https:\/\/www.visit-ulcinj.com\/blog\/2013\/12\/30\/sinishtaj-nese-qeveria-nuk-mban-premtimet-bojkotoje-zgjedhjet\/#primaryimage\",\"url\":\"https:\/\/www.visit-ulcinj.com\/blog\/wp-content\/uploads\/2013\/12\/Vasel-Sinishtaj.jpg\",\"contentUrl\":\"https:\/\/www.visit-ulcinj.com\/blog\/wp-content\/uploads\/2013\/12\/Vasel-Sinishtaj.jpg\",\"width\":573,\"height\":425},{\"@type\":\"WebPage\",\"@id\":\"https:\/\/www.visit-ulcinj.com\/blog\/2013\/12\/30\/sinishtaj-nese-qeveria-nuk-mban-premtimet-bojkotoje-zgjedhjet\/#webpage\",\"url\":\"https:\/\/www.visit-ulcinj.com\/blog\/2013\/12\/30\/sinishtaj-nese-qeveria-nuk-mban-premtimet-bojkotoje-zgjedhjet\/\",\"name\":\"Sinishtaj: N\u00ebse qeveria nuk i mban premtimet do bojkotoj\u00eb zgjedhjet - Lajme nga Ulqini\",\"isPartOf\":{\"@id\":\"https:\/\/www.visit-ulcinj.com\/blog\/#website\"},\"primaryImageOfPage\":{\"@id\":\"https:\/\/www.visit-ulcinj.com\/blog\/2013\/12\/30\/sinishtaj-nese-qeveria-nuk-mban-premtimet-bojkotoje-zgjedhjet\/#primaryimage\"},\"datePublished\":\"2013-12-30T08:16:06+00:00\",\"dateModified\":\"2013-12-30T08:22:38+00:00\",\"author\":{\"@id\":\"https:\/\/www.visit-ulcinj.com\/blog\/#\/schema\/person\/dcab619c614d3038751c63bc2aadc06d\"},\"description\":\"Presidenti i partis\u00eb \u201cIniciativa Qytetare\u201d, n\u00eb Podgoric\u00eb, ka deklaruar se partia e tij do t\u00eb bojkotoj\u00eb zgjedhjet q\u00eb do t\u00eb mbahen n\u00eb pranver\u00ebn e ardhshme,\",\"breadcrumb\":{\"@id\":\"https:\/\/www.visit-ulcinj.com\/blog\/2013\/12\/30\/sinishtaj-nese-qeveria-nuk-mban-premtimet-bojkotoje-zgjedhjet\/#breadcrumb\"},\"inLanguage\":\"en-US\",\"potentialAction\":[{\"@type\":\"ReadAction\",\"target\":[\"https:\/\/www.visit-ulcinj.com\/blog\/2013\/12\/30\/sinishtaj-nese-qeveria-nuk-mban-premtimet-bojkotoje-zgjedhjet\/\"]}]},{\"@type\":\"BreadcrumbList\",\"@id\":\"https:\/\/www.visit-ulcinj.com\/blog\/2013\/12\/30\/sinishtaj-nese-qeveria-nuk-mban-premtimet-bojkotoje-zgjedhjet\/#breadcrumb\",\"itemListElement\":[{\"@type\":\"ListItem\",\"position\":1,\"name\":\"Sinishtaj: N\u00ebse qeveria nuk i mban premtimet do bojkotoj\u00eb zgjedhjet\"}]},{\"@type\":\"Person\",\"@id\":\"https:\/\/www.visit-ulcinj.com\/blog\/#\/schema\/person\/dcab619c614d3038751c63bc2aadc06d\",\"name\":\"ulqini\",\"sameAs\":[\"http:\/\/www.visit-ulcinj.com\"],\"url\":\"https:\/\/www.visit-ulcinj.com\/blog\/author\/admin\/\"}]}<\/script>\n<!-- \/ Yoast SEO plugin. -->","yoast_head_json":{"title":"Sinishtaj: N\u00ebse qeveria nuk i mban premtimet do bojkotoj\u00eb zgjedhjet - Lajme nga Ulqini","description":"Presidenti i partis\u00eb \u201cIniciativa Qytetare\u201d, n\u00eb Podgoric\u00eb, ka deklaruar se partia e tij do t\u00eb bojkotoj\u00eb zgjedhjet q\u00eb do t\u00eb mbahen n\u00eb pranver\u00ebn e ardhshme,","robots":{"index":"index","follow":"follow","max-snippet":"max-snippet:-1","max-image-preview":"max-image-preview:large","max-video-preview":"max-video-preview:-1"},"canonical":"https:\/\/www.visit-ulcinj.com\/blog\/2013\/12\/30\/sinishtaj-nese-qeveria-nuk-mban-premtimet-bojkotoje-zgjedhjet\/","og_locale":"en_US","og_type":"article","og_title":"Sinishtaj: N\u00ebse qeveria nuk i mban premtimet do bojkotoj\u00eb zgjedhjet - Lajme nga Ulqini","og_description":"Presidenti i partis\u00eb \u201cIniciativa Qytetare\u201d, n\u00eb Podgoric\u00eb, ka deklaruar se partia e tij do t\u00eb bojkotoj\u00eb zgjedhjet q\u00eb do t\u00eb mbahen n\u00eb pranver\u00ebn e ardhshme,","og_url":"https:\/\/www.visit-ulcinj.com\/blog\/2013\/12\/30\/sinishtaj-nese-qeveria-nuk-mban-premtimet-bojkotoje-zgjedhjet\/","og_site_name":"Lajme nga Ulqini","article_published_time":"2013-12-30T08:16:06+00:00","article_modified_time":"2013-12-30T08:22:38+00:00","og_image":[{"url":"http:\/\/www.visit-ulcinj.com\/blog\/wp-content\/uploads\/2013\/12\/Vasel-Sinishtaj.jpg"}],"twitter_misc":{"Written by":"ulqini","Est. reading time":"2 minutes"},"schema":{"@context":"https:\/\/schema.org","@graph":[{"@type":"WebSite","@id":"https:\/\/www.visit-ulcinj.com\/blog\/#website","url":"https:\/\/www.visit-ulcinj.com\/blog\/","name":"Lajme nga Ulqini","description":"Lajme,Vijesti,Ulqini,Ulqin,Crna Gora,Mali i Zi","potentialAction":[{"@type":"SearchAction","target":{"@type":"EntryPoint","urlTemplate":"https:\/\/www.visit-ulcinj.com\/blog\/?s={search_term_string}"},"query-input":"required name=search_term_string"}],"inLanguage":"en-US"},{"@type":"ImageObject","inLanguage":"en-US","@id":"https:\/\/www.visit-ulcinj.com\/blog\/2013\/12\/30\/sinishtaj-nese-qeveria-nuk-mban-premtimet-bojkotoje-zgjedhjet\/#primaryimage","url":"https:\/\/www.visit-ulcinj.com\/blog\/wp-content\/uploads\/2013\/12\/Vasel-Sinishtaj.jpg","contentUrl":"https:\/\/www.visit-ulcinj.com\/blog\/wp-content\/uploads\/2013\/12\/Vasel-Sinishtaj.jpg","width":573,"height":425},{"@type":"WebPage","@id":"https:\/\/www.visit-ulcinj.com\/blog\/2013\/12\/30\/sinishtaj-nese-qeveria-nuk-mban-premtimet-bojkotoje-zgjedhjet\/#webpage","url":"https:\/\/www.visit-ulcinj.com\/blog\/2013\/12\/30\/sinishtaj-nese-qeveria-nuk-mban-premtimet-bojkotoje-zgjedhjet\/","name":"Sinishtaj: N\u00ebse qeveria nuk i mban premtimet do bojkotoj\u00eb zgjedhjet - Lajme nga Ulqini","isPartOf":{"@id":"https:\/\/www.visit-ulcinj.com\/blog\/#website"},"primaryImageOfPage":{"@id":"https:\/\/www.visit-ulcinj.com\/blog\/2013\/12\/30\/sinishtaj-nese-qeveria-nuk-mban-premtimet-bojkotoje-zgjedhjet\/#primaryimage"},"datePublished":"2013-12-30T08:16:06+00:00","dateModified":"2013-12-30T08:22:38+00:00","author":{"@id":"https:\/\/www.visit-ulcinj.com\/blog\/#\/schema\/person\/dcab619c614d3038751c63bc2aadc06d"},"description":"Presidenti i partis\u00eb \u201cIniciativa Qytetare\u201d, n\u00eb Podgoric\u00eb, ka deklaruar se partia e tij do t\u00eb bojkotoj\u00eb zgjedhjet q\u00eb do t\u00eb mbahen n\u00eb pranver\u00ebn e ardhshme,","breadcrumb":{"@id":"https:\/\/www.visit-ulcinj.com\/blog\/2013\/12\/30\/sinishtaj-nese-qeveria-nuk-mban-premtimet-bojkotoje-zgjedhjet\/#breadcrumb"},"inLanguage":"en-US","potentialAction":[{"@type":"ReadAction","target":["https:\/\/www.visit-ulcinj.com\/blog\/2013\/12\/30\/sinishtaj-nese-qeveria-nuk-mban-premtimet-bojkotoje-zgjedhjet\/"]}]},{"@type":"BreadcrumbList","@id":"https:\/\/www.visit-ulcinj.com\/blog\/2013\/12\/30\/sinishtaj-nese-qeveria-nuk-mban-premtimet-bojkotoje-zgjedhjet\/#breadcrumb","itemListElement":[{"@type":"ListItem","position":1,"name":"Sinishtaj: N\u00ebse qeveria nuk i mban premtimet do bojkotoj\u00eb zgjedhjet"}]},{"@type":"Person","@id":"https:\/\/www.visit-ulcinj.com\/blog\/#\/schema\/person\/dcab619c614d3038751c63bc2aadc06d","name":"ulqini","sameAs":["http:\/\/www.visit-ulcinj.com"],"url":"https:\/\/www.visit-ulcinj.com\/blog\/author\/admin\/"}]}},"jetpack_featured_media_url":"","jetpack_sharing_enabled":true,"jetpack_shortlink":"https:\/\/wp.me\/pe6lTn-kcW","_links":{"self":[{"href":"https:\/\/www.visit-ulcinj.com\/blog\/wp-json\/wp\/v2\/posts\/77682"}],"collection":[{"href":"https:\/\/www.visit-ulcinj.com\/blog\/wp-json\/wp\/v2\/posts"}],"about":[{"href":"https:\/\/www.visit-ulcinj.com\/blog\/wp-json\/wp\/v2\/types\/post"}],"author":[{"embeddable":true,"href":"https:\/\/www.visit-ulcinj.com\/blog\/wp-json\/wp\/v2\/users\/1"}],"replies":[{"embeddable":true,"href":"https:\/\/www.visit-ulcinj.com\/blog\/wp-json\/wp\/v2\/comments?post=77682"}],"version-history":[{"count":2,"href":"https:\/\/www.visit-ulcinj.com\/blog\/wp-json\/wp\/v2\/posts\/77682\/revisions"}],"predecessor-version":[{"id":77685,"href":"https:\/\/www.visit-ulcinj.com\/blog\/wp-json\/wp\/v2\/posts\/77682\/revisions\/77685"}],"wp:attachment":[{"href":"https:\/\/www.visit-ulcinj.com\/blog\/wp-json\/wp\/v2\/media?parent=77682"}],"wp:term":[{"taxonomy":"category","embeddable":true,"href":"https:\/\/www.visit-ulcinj.com\/blog\/wp-json\/wp\/v2\/categories?post=77682"},{"taxonomy":"post_tag","embeddable":true,"href":"https:\/\/www.visit-ulcinj.com\/blog\/wp-json\/wp\/v2\/tags?post=77682"}],"curies":[{"name":"wp","href":"https:\/\/api.w.org\/{rel}","templated":true}]}}