{"id":77686,"date":"2013-12-30T09:48:14","date_gmt":"2013-12-30T08:48:14","guid":{"rendered":"http:\/\/www.visit-ulcinj.com\/blog\/?p=77686"},"modified":"2013-12-30T09:48:14","modified_gmt":"2013-12-30T08:48:14","slug":"dritan-abazovic-oprostio-sam-dukanovicu","status":"publish","type":"post","link":"https:\/\/www.visit-ulcinj.com\/blog\/2013\/12\/30\/dritan-abazovic-oprostio-sam-dukanovicu\/","title":{"rendered":"Dritan Abazovi\u0107: Oprostio sam \u0110ukanovi\u0107u"},"content":{"rendered":"<p><a href=\"http:\/\/www.visit-ulcinj.com\/blog\/wp-content\/uploads\/2013\/12\/dritan-abazoviq1.jpg\"><img loading=\"lazy\" class=\"alignleft  wp-image-77687\" alt=\"dritan-abazoviq\" src=\"http:\/\/www.visit-ulcinj.com\/blog\/wp-content\/uploads\/2013\/12\/dritan-abazoviq1.jpg\" width=\"508\" height=\"360\" \/><\/a>Poslanik Pozitivne Crne Gore Dritan Abazovi\u0107 kazao je da je oprostio predsjedniku Vlade Milu \u0110ukanovi\u0107u \u0161to ga je nedavno u Skup\u0161tini nazvao bitangom.<\/p>\n<p>&#8220;Nije zgoreg podsjetiti se da Bog pra\u0161ta, a ljudski (vjerni\u010dki) je nastojati biti sli\u010dan njemu. Koliko sam uspje\u0161an u tome ne znam, neka procijene drugi. Ali, za mene je ta situacija koja se dogodila zavr\u0161ena pri\u010da. Idemo dalje, a nadam se da \u0107e premijer ubudu\u0107e, kada ne bude imao argumente za neko od postavljenih pitanja, umjesto uvreda pribjegavati demagogiji i populizmu, ba\u0161 kao na zadnjem premijerskom satu. To je koliko-toliko korektnije i pristojnije&#8221;, rekao je Abazovi\u0107 Dnevnim novinama.<\/p>\n<p>On je rekao i da ne o\u010dekuje da u skorijoj budu\u0107nosti dobije izvinjenje od\u00a0\u0110ukanovi\u0107a. To, kako je rekao,\u00a0li\u010dno nije ni o\u010dekivao, a ni tra\u017eio.<\/p>\n<p>&#8220;Da je htio da se izvini to bi ve\u0107 u\u010dinio. Nijesam to nikada li\u010dno ni o\u010dekivao niti tra\u017eio&#8221;, kazao je Abazovi\u0107.<\/p>\n<p><strong>Izvor: RTCG<\/strong><\/p>\n","protected":false},"excerpt":{"rendered":"<p>Poslanik Pozitivne Crne Gore Dritan Abazovi\u0107 kazao je da je oprostio predsjedniku Vlade Milu \u0110ukanovi\u0107u \u0161to ga je nedavno u Skup\u0161tini nazvao bitangom. &#8220;Nije zgoreg podsjetiti se da Bog pra\u0161ta, a ljudski (vjerni\u010dki) je nastojati biti sli\u010dan njemu. Koliko sam uspje\u0161an u tome ne znam, neka procijene drugi. Ali, za mene je ta situacija koja [&hellip;]<\/p>\n","protected":false},"author":1,"featured_media":0,"comment_status":"closed","ping_status":"closed","sticky":false,"template":"","format":"standard","meta":{"spay_email":"","jetpack_publicize_message":"","jetpack_is_tweetstorm":false,"jetpack_publicize_feature_enabled":true},"categories":[8337],"tags":[],"jetpack_publicize_connections":[],"yoast_head":"<!-- This site is optimized with the Yoast SEO plugin v19.1 - https:\/\/yoast.com\/wordpress\/plugins\/seo\/ -->\n<title>Dritan Abazovi\u0107: Oprostio sam \u0110ukanovi\u0107u - Lajme nga Ulqini<\/title>\n<meta name=\"description\" content=\"Poslanik Pozitivne Crne Gore Dritan Abazovi\u0107 kazao je da je oprostio predsjedniku Vlade Milu \u0110ukanovi\u0107u \u0161to ga je nedavno u Skup\u0161tini nazvao bitangom.\" \/>\n<meta name=\"robots\" content=\"index, follow, max-snippet:-1, max-image-preview:large, max-video-preview:-1\" \/>\n<link rel=\"canonical\" href=\"https:\/\/www.visit-ulcinj.com\/blog\/2013\/12\/30\/dritan-abazovic-oprostio-sam-dukanovicu\/\" \/>\n<meta property=\"og:locale\" content=\"en_US\" \/>\n<meta property=\"og:type\" content=\"article\" \/>\n<meta property=\"og:title\" content=\"Dritan Abazovi\u0107: Oprostio sam \u0110ukanovi\u0107u - Lajme nga Ulqini\" \/>\n<meta property=\"og:description\" content=\"Poslanik Pozitivne Crne Gore Dritan Abazovi\u0107 kazao je da je oprostio predsjedniku Vlade Milu \u0110ukanovi\u0107u \u0161to ga je nedavno u Skup\u0161tini nazvao bitangom.\" \/>\n<meta property=\"og:url\" content=\"https:\/\/www.visit-ulcinj.com\/blog\/2013\/12\/30\/dritan-abazovic-oprostio-sam-dukanovicu\/\" \/>\n<meta property=\"og:site_name\" content=\"Lajme nga Ulqini\" \/>\n<meta property=\"article:published_time\" content=\"2013-12-30T08:48:14+00:00\" \/>\n<meta property=\"og:image\" content=\"http:\/\/www.visit-ulcinj.com\/blog\/wp-content\/uploads\/2013\/12\/dritan-abazoviq1.jpg\" \/>\n<meta name=\"twitter:label1\" content=\"Written by\" \/>\n\t<meta name=\"twitter:data1\" content=\"ulqini\" \/>\n\t<meta name=\"twitter:label2\" content=\"Est. reading time\" \/>\n\t<meta name=\"twitter:data2\" content=\"1 minute\" \/>\n<script type=\"application\/ld+json\" class=\"yoast-schema-graph\">{\"@context\":\"https:\/\/schema.org\",\"@graph\":[{\"@type\":\"WebSite\",\"@id\":\"https:\/\/www.visit-ulcinj.com\/blog\/#website\",\"url\":\"https:\/\/www.visit-ulcinj.com\/blog\/\",\"name\":\"Lajme nga Ulqini\",\"description\":\"Lajme,Vijesti,Ulqini,Ulqin,Crna Gora,Mali i Zi\",\"potentialAction\":[{\"@type\":\"SearchAction\",\"target\":{\"@type\":\"EntryPoint\",\"urlTemplate\":\"https:\/\/www.visit-ulcinj.com\/blog\/?s={search_term_string}\"},\"query-input\":\"required name=search_term_string\"}],\"inLanguage\":\"en-US\"},{\"@type\":\"ImageObject\",\"inLanguage\":\"en-US\",\"@id\":\"https:\/\/www.visit-ulcinj.com\/blog\/2013\/12\/30\/dritan-abazovic-oprostio-sam-dukanovicu\/#primaryimage\",\"url\":\"https:\/\/www.visit-ulcinj.com\/blog\/wp-content\/uploads\/2013\/12\/dritan-abazoviq1.jpg\",\"contentUrl\":\"https:\/\/www.visit-ulcinj.com\/blog\/wp-content\/uploads\/2013\/12\/dritan-abazoviq1.jpg\",\"width\":670,\"height\":433},{\"@type\":\"WebPage\",\"@id\":\"https:\/\/www.visit-ulcinj.com\/blog\/2013\/12\/30\/dritan-abazovic-oprostio-sam-dukanovicu\/#webpage\",\"url\":\"https:\/\/www.visit-ulcinj.com\/blog\/2013\/12\/30\/dritan-abazovic-oprostio-sam-dukanovicu\/\",\"name\":\"Dritan Abazovi\u0107: Oprostio sam \u0110ukanovi\u0107u - Lajme nga Ulqini\",\"isPartOf\":{\"@id\":\"https:\/\/www.visit-ulcinj.com\/blog\/#website\"},\"primaryImageOfPage\":{\"@id\":\"https:\/\/www.visit-ulcinj.com\/blog\/2013\/12\/30\/dritan-abazovic-oprostio-sam-dukanovicu\/#primaryimage\"},\"datePublished\":\"2013-12-30T08:48:14+00:00\",\"dateModified\":\"2013-12-30T08:48:14+00:00\",\"author\":{\"@id\":\"https:\/\/www.visit-ulcinj.com\/blog\/#\/schema\/person\/dcab619c614d3038751c63bc2aadc06d\"},\"description\":\"Poslanik Pozitivne Crne Gore Dritan Abazovi\u0107 kazao je da je oprostio predsjedniku Vlade Milu \u0110ukanovi\u0107u \u0161to ga je nedavno u Skup\u0161tini nazvao bitangom.\",\"breadcrumb\":{\"@id\":\"https:\/\/www.visit-ulcinj.com\/blog\/2013\/12\/30\/dritan-abazovic-oprostio-sam-dukanovicu\/#breadcrumb\"},\"inLanguage\":\"en-US\",\"potentialAction\":[{\"@type\":\"ReadAction\",\"target\":[\"https:\/\/www.visit-ulcinj.com\/blog\/2013\/12\/30\/dritan-abazovic-oprostio-sam-dukanovicu\/\"]}]},{\"@type\":\"BreadcrumbList\",\"@id\":\"https:\/\/www.visit-ulcinj.com\/blog\/2013\/12\/30\/dritan-abazovic-oprostio-sam-dukanovicu\/#breadcrumb\",\"itemListElement\":[{\"@type\":\"ListItem\",\"position\":1,\"name\":\"Dritan Abazovi\u0107: Oprostio sam \u0110ukanovi\u0107u\"}]},{\"@type\":\"Person\",\"@id\":\"https:\/\/www.visit-ulcinj.com\/blog\/#\/schema\/person\/dcab619c614d3038751c63bc2aadc06d\",\"name\":\"ulqini\",\"sameAs\":[\"http:\/\/www.visit-ulcinj.com\"],\"url\":\"https:\/\/www.visit-ulcinj.com\/blog\/author\/admin\/\"}]}<\/script>\n<!-- \/ Yoast SEO plugin. -->","yoast_head_json":{"title":"Dritan Abazovi\u0107: Oprostio sam \u0110ukanovi\u0107u - Lajme nga Ulqini","description":"Poslanik Pozitivne Crne Gore Dritan Abazovi\u0107 kazao je da je oprostio predsjedniku Vlade Milu \u0110ukanovi\u0107u \u0161to ga je nedavno u Skup\u0161tini nazvao bitangom.","robots":{"index":"index","follow":"follow","max-snippet":"max-snippet:-1","max-image-preview":"max-image-preview:large","max-video-preview":"max-video-preview:-1"},"canonical":"https:\/\/www.visit-ulcinj.com\/blog\/2013\/12\/30\/dritan-abazovic-oprostio-sam-dukanovicu\/","og_locale":"en_US","og_type":"article","og_title":"Dritan Abazovi\u0107: Oprostio sam \u0110ukanovi\u0107u - Lajme nga Ulqini","og_description":"Poslanik Pozitivne Crne Gore Dritan Abazovi\u0107 kazao je da je oprostio predsjedniku Vlade Milu \u0110ukanovi\u0107u \u0161to ga je nedavno u Skup\u0161tini nazvao bitangom.","og_url":"https:\/\/www.visit-ulcinj.com\/blog\/2013\/12\/30\/dritan-abazovic-oprostio-sam-dukanovicu\/","og_site_name":"Lajme nga Ulqini","article_published_time":"2013-12-30T08:48:14+00:00","og_image":[{"url":"http:\/\/www.visit-ulcinj.com\/blog\/wp-content\/uploads\/2013\/12\/dritan-abazoviq1.jpg"}],"twitter_misc":{"Written by":"ulqini","Est. reading time":"1 minute"},"schema":{"@context":"https:\/\/schema.org","@graph":[{"@type":"WebSite","@id":"https:\/\/www.visit-ulcinj.com\/blog\/#website","url":"https:\/\/www.visit-ulcinj.com\/blog\/","name":"Lajme nga Ulqini","description":"Lajme,Vijesti,Ulqini,Ulqin,Crna Gora,Mali i Zi","potentialAction":[{"@type":"SearchAction","target":{"@type":"EntryPoint","urlTemplate":"https:\/\/www.visit-ulcinj.com\/blog\/?s={search_term_string}"},"query-input":"required name=search_term_string"}],"inLanguage":"en-US"},{"@type":"ImageObject","inLanguage":"en-US","@id":"https:\/\/www.visit-ulcinj.com\/blog\/2013\/12\/30\/dritan-abazovic-oprostio-sam-dukanovicu\/#primaryimage","url":"https:\/\/www.visit-ulcinj.com\/blog\/wp-content\/uploads\/2013\/12\/dritan-abazoviq1.jpg","contentUrl":"https:\/\/www.visit-ulcinj.com\/blog\/wp-content\/uploads\/2013\/12\/dritan-abazoviq1.jpg","width":670,"height":433},{"@type":"WebPage","@id":"https:\/\/www.visit-ulcinj.com\/blog\/2013\/12\/30\/dritan-abazovic-oprostio-sam-dukanovicu\/#webpage","url":"https:\/\/www.visit-ulcinj.com\/blog\/2013\/12\/30\/dritan-abazovic-oprostio-sam-dukanovicu\/","name":"Dritan Abazovi\u0107: Oprostio sam \u0110ukanovi\u0107u - Lajme nga Ulqini","isPartOf":{"@id":"https:\/\/www.visit-ulcinj.com\/blog\/#website"},"primaryImageOfPage":{"@id":"https:\/\/www.visit-ulcinj.com\/blog\/2013\/12\/30\/dritan-abazovic-oprostio-sam-dukanovicu\/#primaryimage"},"datePublished":"2013-12-30T08:48:14+00:00","dateModified":"2013-12-30T08:48:14+00:00","author":{"@id":"https:\/\/www.visit-ulcinj.com\/blog\/#\/schema\/person\/dcab619c614d3038751c63bc2aadc06d"},"description":"Poslanik Pozitivne Crne Gore Dritan Abazovi\u0107 kazao je da je oprostio predsjedniku Vlade Milu \u0110ukanovi\u0107u \u0161to ga je nedavno u Skup\u0161tini nazvao bitangom.","breadcrumb":{"@id":"https:\/\/www.visit-ulcinj.com\/blog\/2013\/12\/30\/dritan-abazovic-oprostio-sam-dukanovicu\/#breadcrumb"},"inLanguage":"en-US","potentialAction":[{"@type":"ReadAction","target":["https:\/\/www.visit-ulcinj.com\/blog\/2013\/12\/30\/dritan-abazovic-oprostio-sam-dukanovicu\/"]}]},{"@type":"BreadcrumbList","@id":"https:\/\/www.visit-ulcinj.com\/blog\/2013\/12\/30\/dritan-abazovic-oprostio-sam-dukanovicu\/#breadcrumb","itemListElement":[{"@type":"ListItem","position":1,"name":"Dritan Abazovi\u0107: Oprostio sam \u0110ukanovi\u0107u"}]},{"@type":"Person","@id":"https:\/\/www.visit-ulcinj.com\/blog\/#\/schema\/person\/dcab619c614d3038751c63bc2aadc06d","name":"ulqini","sameAs":["http:\/\/www.visit-ulcinj.com"],"url":"https:\/\/www.visit-ulcinj.com\/blog\/author\/admin\/"}]}},"jetpack_featured_media_url":"","jetpack_sharing_enabled":true,"jetpack_shortlink":"https:\/\/wp.me\/pe6lTn-kd0","_links":{"self":[{"href":"https:\/\/www.visit-ulcinj.com\/blog\/wp-json\/wp\/v2\/posts\/77686"}],"collection":[{"href":"https:\/\/www.visit-ulcinj.com\/blog\/wp-json\/wp\/v2\/posts"}],"about":[{"href":"https:\/\/www.visit-ulcinj.com\/blog\/wp-json\/wp\/v2\/types\/post"}],"author":[{"embeddable":true,"href":"https:\/\/www.visit-ulcinj.com\/blog\/wp-json\/wp\/v2\/users\/1"}],"replies":[{"embeddable":true,"href":"https:\/\/www.visit-ulcinj.com\/blog\/wp-json\/wp\/v2\/comments?post=77686"}],"version-history":[{"count":1,"href":"https:\/\/www.visit-ulcinj.com\/blog\/wp-json\/wp\/v2\/posts\/77686\/revisions"}],"predecessor-version":[{"id":77688,"href":"https:\/\/www.visit-ulcinj.com\/blog\/wp-json\/wp\/v2\/posts\/77686\/revisions\/77688"}],"wp:attachment":[{"href":"https:\/\/www.visit-ulcinj.com\/blog\/wp-json\/wp\/v2\/media?parent=77686"}],"wp:term":[{"taxonomy":"category","embeddable":true,"href":"https:\/\/www.visit-ulcinj.com\/blog\/wp-json\/wp\/v2\/categories?post=77686"},{"taxonomy":"post_tag","embeddable":true,"href":"https:\/\/www.visit-ulcinj.com\/blog\/wp-json\/wp\/v2\/tags?post=77686"}],"curies":[{"name":"wp","href":"https:\/\/api.w.org\/{rel}","templated":true}]}}