{"id":77698,"date":"2013-12-31T01:01:19","date_gmt":"2013-12-31T00:01:19","guid":{"rendered":"http:\/\/www.visit-ulcinj.com\/blog\/?p=77698"},"modified":"2013-12-31T13:28:46","modified_gmt":"2013-12-31T12:28:46","slug":"nika-dikur-u-tha-kush-na-shet-e-kush-na-blen-e-sot","status":"publish","type":"post","link":"https:\/\/www.visit-ulcinj.com\/blog\/2013\/12\/31\/nika-dikur-u-tha-kush-na-shet-e-kush-na-blen-e-sot\/","title":{"rendered":"Nika: Dikur u tha : Kush na shet e kush na blen&#8230;, e Sot&#8230;?!!!"},"content":{"rendered":"<p><b>\u00a0\u00a0<a href=\"http:\/\/www.visit-ulcinj.com\/blog\/wp-content\/uploads\/2013\/12\/Ulqini.jpg\"><img loading=\"lazy\" class=\"alignleft  wp-image-77699\" alt=\"Ulqini\" src=\"http:\/\/www.visit-ulcinj.com\/blog\/wp-content\/uploads\/2013\/12\/Ulqini.jpg\" width=\"508\" height=\"360\" \/><\/a>Shkruan Muhamet Nika<\/b><\/p>\n<p>Thuhet se dikur, nj\u00eb tregtar i pa pun\u00eb, pasi mblodhi nj\u00eb thes dushk,\u00a0 vendosi ta qes\u00a0 at\u00eb\u00a0 n\u00eb Pazar&#8230;,u nis, dhe\u00a0 rrug\u00ebs p\u00ebr atje, takoi, n\u00eb t\u00eb kthyer, nj\u00eb tregtar tjet\u00ebr,\u00a0 gjithashtu, me nj\u00eb thes krahut&#8230;.Pasi, u p\u00ebrsh\u00ebndet\u00ebn, vendosen q\u00eb pa i \u00e7elur fare( gjyt\u00ebr)\u00a0 t\u2019i nd\u00ebrrojn\u00eb thas\u00ebt&#8230;.Kur, u ndan\u00eb dhe ec\u00ebn do rrug\u00eb, n\u00eb kahe t\u00eb kund\u00ebrta, vendosen\u00a0 ti \u00e7elin thas\u00ebt, ky , q\u00eb e kish pasur, t\u00eb mbushur thesin e\u00a0 tij me dushk, kur e \u00e7eli pa , q\u00eb n\u00eb thesin e nd\u00ebrruar, kish vet\u00ebm gogla&#8230;, nd\u00ebrsa tjetri, pasi e \u00e7eli thesin,gjithashtu nuk u habit , kur n\u00eb te, hasi dushk, andaj edhe me vete, n\u00eb heshtje\u00a0 tha \u201cDushk p\u00ebr gogla\u201d&#8230;.?!Q\u00eb at\u00ebher\u00eb , edhe sot ,\u00a0 nga kjo koh\u00eb, kemi trash\u00ebguar, shprehjen e p\u00ebrmendur&#8230;.?!!! K\u00ebshtu, po duket , edhe k\u00ebta tan\u00ebt, kur ran\u00eb n\u00eb hall parash- t\u00eb Komun\u00ebs s\u00eb Ulqinit, me ata- t\u00eb\u00a0 Podgoric\u00ebs, kan\u00eb vendosur\u00a0 , t\u00eb shesin , do\u201d ide\u201d e \u201cprojekte\u201d, fare t\u00eb paligjshme p\u00ebr tregun modern evropian. E gjith\u00eb kjo q\u00eb po b\u00ebjn\u00eb, na duket &#8211; si puna e dushkut me gogla, t\u00eb tregtar\u00ebve t\u00eb p\u00ebrmendur. Nj\u00eb gj\u00eb , \u00ebsht\u00eb krejt e qart\u00eb , koha e rus\u00ebve(ndoshta ajo e goglave&#8230;)ka\u00a0 kaluar p\u00ebrfundimisht&#8230;Per\u00ebndimor\u00ebt, nuk jan\u00eb rus\u00eb, q\u00eb blen\u00eb edhe tok\u00ebn e huaj n\u00eb katasd\u00ebr&#8230; K\u00ebta, p\u00ebr dallim prej rus\u00ebve, k\u00ebrkojn\u00eb pazare t\u00eb pastra, me probleme pron\u00ebsoro juridike t\u00eb rregullta, e sidomos aty, ku nacionalizimet e pasuris\u00eb jan\u00eb b\u00ebr\u00eb edhe 3 her\u00eb gjat\u00eb nj\u00eb shekulli. N\u00eb k\u00ebto raste, gjithsesi, duhet deklarimi i kuvendit lokal dhe ai i popullsis\u00eb lokale<i>.. Askush, atje , para tyre, nuk mund t\u00eb jet\u00eb tregtar , e t\u00eb shes, n\u00eb em\u00ebr t\u00eb popullit&#8230;.?!!! Ata p\u00ebr do ka\u00e7ile q\u00eb lam\u00eb pas der\u00ebs s\u00eb komun\u00ebs, u tremb\u00ebn dhe hoq\u00ebn dor\u00eb\u00a0 prej Valdanosit?!<\/i><\/p>\n<p><b><i>N\u00cb PODGORIC\u00cb \u00cbSHT\u00cb FORMUAR KADASTRI P\u00cbR SHITJEN \u00a0I PLAZH\u00cbS S\u00cb\u00a0 MADHE- PA E PYETUR FARE KUVENDIN E ULQINIT- EDHE PSE LIGJET ND\u00cbRKOMB\u00cbTARE CEKIN T\u00cb KUND\u00cbRT\u00cbN GJAT\u00cb SHITJES&#8230;.?!!!<\/i><\/b><\/p>\n<p>M\u00eb posht\u00eb, do mund t\u00eb shiheni,qart\u00eb, se\u00a0 si duken prospektet e shitjes s\u00eb tok\u00ebs nga qeveria, sipas t\u00eb cil\u00ebve del , q\u00eb gjith\u00eb puna, \u201cdemek\u201d ndodh edhe me p\u00ebrkrahjen e pushtetit vendo- <b><i><span style=\"text-decoration: underline;\">dushk p\u00ebr gogla<\/span><\/i><\/b>&#8230;?!!!<\/p>\n<p>&nbsp;<\/p>\n<p><b><i>Maketi i hotelit t\u00eb ardhsh\u00ebm Galeb- nga emblema e komun\u00ebs Q\u00cb GJINDET ATY ,shihet se shitja, ndodh gjoja edhe\u00a0 me p\u00eblqimin e saj&#8230;, okej dhe aferim&#8230;?!<\/i><\/b><\/p>\n<p>Kjo vlen edhe p\u00ebr Jadranin, Plazh\u00ebn e Madhe dhe Shtojin&#8230;.?! Ku shkoi, gjith\u00eb ajo energji, \u201c e protestave me ka\u00e7ile&#8230;.\u201d dhe peticioni p\u00ebr Planin Hap\u00ebsinor t\u00eb organizuar, koh\u00eb m\u00eb par\u00eb e kok\u00eb n\u00eb vete, pa e pyetur , fare Kuvendin e Ulqinit, q\u00eb kish mandat dhe kapacitet ligjor p\u00ebr t\u00eb penguar diskriminimin\u00a0 hap\u00ebsinor Q\u00cb NDODHTE\u00a0 N\u00cb ULQIN?!!! Dhe duke i fal\u00ebnderuar, k\u00ebsaj, syelesh\u00ebsie,\u00a0 i takoi, q\u00eb Ulqini t\u00eb ishte e vetmja, komun\u00eb, n\u00eb Mal t\u00eb Zi, \u00a0e cila nuk dha v\u00ebrejtje n\u00eb Planin Hap\u00ebsinor, t\u00eb Malit t\u00eb Zi, gjat\u00eb\u00a0 miratimit t\u00eb tij n\u00eb Kuvendin Republikan&#8230;?!!! Pun\u00ebt, rreth planit , n\u00eb k\u00ebt\u00eb \u00a0situat\u00eb, nuk\u00a0 tentuam, t\u2019i zgjidhnim, me institucionet\u00a0 e ligjshme- Kuvendin ton\u00eb t\u00eb Ulqinit, por mbi baz\u00ebn, e do njoft\u00ebsive, e lidhjeve- p\u00ebr mua t\u00eb dyshimta, me disa\u201d kallep\u00eb burrash&#8230;\u201d,\u00a0 si dikur t\u00eb par\u00ebt tan\u00eb, q\u00eb ia m\u00ebsynin p\u00ebr nder\u00eb Krajlit&#8230;?!! \u00a0Pasi , ve\u00e7 shihet, se jemi , duke dhunuar, institucionet e dala nga vota, a kemi drejt\u00eb t\u00eb pyesim-Ku shkoi, ajo q\u00eb u cek, se me \u201cNjoft\u00ebsin\u00eb e dy tre vetave q\u00eb pat\u00ebn n\u00eb Qeveri\u201d edhe komuna e Ulqinit, sipas Planit Hap\u00ebsinor, u avansua \u201cn\u00eb k\u00ebrkes\u00eb t\u00eb tyre\u201d, n\u00eb \u00a0Qend\u00ebr Regjionale- si Tivari,\u00a0 n\u00eb t\u00eb cilin , p\u00ebr 20 vjet\u00ebt e ardhshme, pritet t\u00eb\u00a0 \u00a0gravitojn\u00eb komunat tjera p\u00ebr rreth. E kush pritet, sipas tyre, t\u00eb gravitoj\u00eb drejt\u00a0 Ulqinit \u00a0si Qend\u00ebr Regjionale, gjat\u00eb nj\u00ebzet vjet\u00ebve t\u00eb ardhshme&#8230;?!!!<\/p>\n<p><a href=\"http:\/\/www.visit-ulcinj.com\/blog\/wp-content\/uploads\/2013\/12\/Plazha-madhe-Ulqini.jpg\"><img loading=\"lazy\" class=\"alignleft  wp-image-77700\" alt=\"Plazha-madhe-Ulqini\" src=\"http:\/\/www.visit-ulcinj.com\/blog\/wp-content\/uploads\/2013\/12\/Plazha-madhe-Ulqini.jpg\" width=\"508\" height=\"360\" \/><\/a><\/p>\n<p><b><i>Maketi i\u00a0 nj\u00eb objekti ,\u00a0 turistiko- sh\u00ebndet\u00ebsor n\u00eb Shtoj , q\u00eb pritet t\u00eb shitet&#8230;., ky \u00ebsht\u00eb ve\u00e7 fillimi&#8230;.?!!!Po cilit nga kryetar\u00ebt e ardhsh\u00ebm t\u00eb Kuvendit, do t\u2019i takoj\u00eb p\u00ebr hise t\u00eb n\u00ebnshkruaj shitjen , pa e pyetur popullin e Ulqinit&#8230;?!!!<\/i><\/b><b><i><\/i><\/b><\/p>\n<p>Ose n\u00ebse shitjet mund t\u00eb ken\u00eb d\u00ebshtuar, n\u00eb se, t\u00eb huajt, na e diktuan hilen&#8230;, q\u00eb disa, d\u00ebshirojn\u00eb t\u00eb shesin pa e pyetur fare popullin- n\u00eb \u00a0em\u00ebr t\u00eb\u00a0 popullit, kurse n\u00eb realitet \u00ebsht\u00eb e kund\u00ebrta&#8230;, a thua, n\u00eb k\u00ebto situata, futja e kapitalit\u00a0 t\u00eb mudsh\u00ebm arab\u00eb- mund t\u00eb na prish pun\u00eb; sipas disa indikacioneve&#8230; duke mos pasur kamata, p\u00ebrs\u00ebri do \u201e t\u00eb na hidh\u00ebroj\u00eb me\u00a0 pal\u00ebn tjet\u00ebr\u201c- bankat per\u00ebndimore q\u00eb kan\u00eb kamata, sepse gara nuk \u00ebsht\u00eb e nj\u00ebjt\u00eb n\u00eb mes t\u00eb investitor\u00ebve potencial\u00eb,\u00a0 dhe shansi p\u00ebrs\u00ebri do t\u00eb humbet&#8230;?!!! V\u00ebrtet, p\u00ebrse ministri Gvozdenoviq nuk udh\u00ebtoi, me k\u00ebta tan\u00ebt n\u00eb Dubai, pasi ish paralajm\u00ebruar- mos gj\u00eb u prish plani&#8230;.?! Avramoviqin, e mbaj mend t\u00eb ket\u00eb th\u00ebn\u00eb : \u201e Kapital je najve\u0107a kukavica\u201c- kuptohet , se fjal\u00ebn e kish, p\u00ebr at\u00eb kapital , q\u00eb \u00ebsht\u00eb fituar me djers\u00eb&#8230;.., po ky i yni dhe ai i rus\u00ebve &#8211; Si rri puna, athua \u00ebsht\u00eb qyqe apo sokol?!!\u00a0 Un\u00eb thjesht\u00eb , nuk e besoj, q\u00eb u b\u00ebm\u00eb aq t\u00eb zot p\u00ebr t\u00eb mashtruar t\u00eb tjer\u00ebt n\u00eb shit\u00ebblerje. Panta rei- \u00e7do gj\u00eb rrejedh dhe asnj\u00ebher\u00eb nuk shohim t\u00eb nj\u00ebjtin uj, n\u00ebse shohim t\u00eb nj\u00ebjtin film.<\/p>\n<p>Kujdes&#8230;, fundi.., thuhet, se\u00a0 \u00ebsht\u00eb shum\u00eb i ngjajsh\u00ebm me fillimin edhe pse , fare nuk ia p\u00ebrngjet atij&#8230; Nd\u00ebrsa, \u00a0\u00a0kjo puna e filmave q\u00eb po m\u00eb vjen n\u00ebp\u00ebr goj\u00eb, po m\u00eb kujton, fillimin&#8230;, q\u00eb ndodhi\u201c si film\u201c &#8211; Cani , n\u00eb\u201cGeto- 3-shin, \u201eduke p\u00ebrzier leshin\u201c e tij&#8230;, dikur k\u00ebndonte: Dhe kiveti kallzon filma\/ pa kinez nuk mbahet firma&#8230;. ?! V\u00ebrtet\u00eb, si duken pun\u00ebt, k\u00ebtu n\u00eb Ulqin- shum\u00eb shpejt,\u00a0 mund t\u00eb ndjehim n\u00eb\u00a0 \u201eGeto Kineze\u201csepse vet\u00ebm ata, nuk k\u00ebqyrin&#8230;, nd\u00ebrtojn\u00eb lir\u00eb dhe punojn\u00eb edhe m\u00eb lir\u00eb , kuptohet,\u00a0 n\u00eb se humben rastet e shitjes\u00a0 me t\u00eb tjer\u00ebt&#8230;?!!!<\/p>\n","protected":false},"excerpt":{"rendered":"<p>\u00a0\u00a0Shkruan Muhamet Nika Thuhet se dikur, nj\u00eb tregtar i pa pun\u00eb, pasi mblodhi nj\u00eb thes dushk,\u00a0 vendosi ta qes\u00a0 at\u00eb\u00a0 n\u00eb Pazar&#8230;,u nis, dhe\u00a0 rrug\u00ebs p\u00ebr atje, takoi, n\u00eb t\u00eb kthyer, nj\u00eb tregtar tjet\u00ebr,\u00a0 gjithashtu, me nj\u00eb thes krahut&#8230;.Pasi, u p\u00ebrsh\u00ebndet\u00ebn, vendosen q\u00eb pa i \u00e7elur fare( gjyt\u00ebr)\u00a0 t\u2019i nd\u00ebrrojn\u00eb thas\u00ebt&#8230;.Kur, u ndan\u00eb dhe ec\u00ebn [&hellip;]<\/p>\n","protected":false},"author":1,"featured_media":0,"comment_status":"closed","ping_status":"closed","sticky":false,"template":"","format":"standard","meta":{"spay_email":"","jetpack_publicize_message":"","jetpack_is_tweetstorm":false,"jetpack_publicize_feature_enabled":true},"categories":[1,14249],"tags":[],"jetpack_publicize_connections":[],"yoast_head":"<!-- This site is optimized with the Yoast SEO plugin v19.1 - https:\/\/yoast.com\/wordpress\/plugins\/seo\/ -->\n<title>Nika: Dikur u tha : Kush na shet e kush na blen..., e Sot...?!!! - Lajme nga Ulqini<\/title>\n<meta name=\"description\" content=\"\u00a0\u00a0Shkruan Muhamet Nika Thuhet se dikur, nj\u00eb tregtar i pa pun\u00eb, pasi mblodhi nj\u00eb thes dushk,\u00a0 vendosi ta qes\u00a0 at\u00eb\u00a0 n\u00eb Pazar...,u nis, dhe\u00a0 rrug\u00ebs p\u00ebr atje,\" \/>\n<meta name=\"robots\" content=\"index, follow, max-snippet:-1, max-image-preview:large, max-video-preview:-1\" \/>\n<link rel=\"canonical\" href=\"https:\/\/www.visit-ulcinj.com\/blog\/2013\/12\/31\/nika-dikur-u-tha-kush-na-shet-e-kush-na-blen-e-sot\/\" \/>\n<meta property=\"og:locale\" content=\"en_US\" \/>\n<meta property=\"og:type\" content=\"article\" \/>\n<meta property=\"og:title\" content=\"Nika: Dikur u tha : Kush na shet e kush na blen..., e Sot...?!!! - Lajme nga Ulqini\" \/>\n<meta property=\"og:description\" content=\"\u00a0\u00a0Shkruan Muhamet Nika Thuhet se dikur, nj\u00eb tregtar i pa pun\u00eb, pasi mblodhi nj\u00eb thes dushk,\u00a0 vendosi ta qes\u00a0 at\u00eb\u00a0 n\u00eb Pazar...,u nis, dhe\u00a0 rrug\u00ebs p\u00ebr atje,\" \/>\n<meta property=\"og:url\" content=\"https:\/\/www.visit-ulcinj.com\/blog\/2013\/12\/31\/nika-dikur-u-tha-kush-na-shet-e-kush-na-blen-e-sot\/\" \/>\n<meta property=\"og:site_name\" content=\"Lajme nga Ulqini\" \/>\n<meta property=\"article:published_time\" content=\"2013-12-31T00:01:19+00:00\" \/>\n<meta property=\"article:modified_time\" content=\"2013-12-31T12:28:46+00:00\" \/>\n<meta property=\"og:image\" content=\"http:\/\/www.visit-ulcinj.com\/blog\/wp-content\/uploads\/2013\/12\/Ulqini.jpg\" \/>\n<meta name=\"twitter:label1\" content=\"Written by\" \/>\n\t<meta name=\"twitter:data1\" content=\"ulqini\" \/>\n\t<meta name=\"twitter:label2\" content=\"Est. reading time\" \/>\n\t<meta name=\"twitter:data2\" content=\"5 minutes\" \/>\n<script type=\"application\/ld+json\" class=\"yoast-schema-graph\">{\"@context\":\"https:\/\/schema.org\",\"@graph\":[{\"@type\":\"WebSite\",\"@id\":\"https:\/\/www.visit-ulcinj.com\/blog\/#website\",\"url\":\"https:\/\/www.visit-ulcinj.com\/blog\/\",\"name\":\"Lajme nga Ulqini\",\"description\":\"Lajme,Vijesti,Ulqini,Ulqin,Crna Gora,Mali i Zi\",\"potentialAction\":[{\"@type\":\"SearchAction\",\"target\":{\"@type\":\"EntryPoint\",\"urlTemplate\":\"https:\/\/www.visit-ulcinj.com\/blog\/?s={search_term_string}\"},\"query-input\":\"required name=search_term_string\"}],\"inLanguage\":\"en-US\"},{\"@type\":\"ImageObject\",\"inLanguage\":\"en-US\",\"@id\":\"https:\/\/www.visit-ulcinj.com\/blog\/2013\/12\/31\/nika-dikur-u-tha-kush-na-shet-e-kush-na-blen-e-sot\/#primaryimage\",\"url\":\"https:\/\/www.visit-ulcinj.com\/blog\/wp-content\/uploads\/2013\/12\/Ulqini.jpg\",\"contentUrl\":\"https:\/\/www.visit-ulcinj.com\/blog\/wp-content\/uploads\/2013\/12\/Ulqini.jpg\",\"width\":636,\"height\":466},{\"@type\":\"WebPage\",\"@id\":\"https:\/\/www.visit-ulcinj.com\/blog\/2013\/12\/31\/nika-dikur-u-tha-kush-na-shet-e-kush-na-blen-e-sot\/#webpage\",\"url\":\"https:\/\/www.visit-ulcinj.com\/blog\/2013\/12\/31\/nika-dikur-u-tha-kush-na-shet-e-kush-na-blen-e-sot\/\",\"name\":\"Nika: Dikur u tha : Kush na shet e kush na blen..., e Sot...?!!! - Lajme nga Ulqini\",\"isPartOf\":{\"@id\":\"https:\/\/www.visit-ulcinj.com\/blog\/#website\"},\"primaryImageOfPage\":{\"@id\":\"https:\/\/www.visit-ulcinj.com\/blog\/2013\/12\/31\/nika-dikur-u-tha-kush-na-shet-e-kush-na-blen-e-sot\/#primaryimage\"},\"datePublished\":\"2013-12-31T00:01:19+00:00\",\"dateModified\":\"2013-12-31T12:28:46+00:00\",\"author\":{\"@id\":\"https:\/\/www.visit-ulcinj.com\/blog\/#\/schema\/person\/dcab619c614d3038751c63bc2aadc06d\"},\"description\":\"\u00a0\u00a0Shkruan Muhamet Nika Thuhet se dikur, nj\u00eb tregtar i pa pun\u00eb, pasi mblodhi nj\u00eb thes dushk,\u00a0 vendosi ta qes\u00a0 at\u00eb\u00a0 n\u00eb Pazar...,u nis, dhe\u00a0 rrug\u00ebs p\u00ebr atje,\",\"breadcrumb\":{\"@id\":\"https:\/\/www.visit-ulcinj.com\/blog\/2013\/12\/31\/nika-dikur-u-tha-kush-na-shet-e-kush-na-blen-e-sot\/#breadcrumb\"},\"inLanguage\":\"en-US\",\"potentialAction\":[{\"@type\":\"ReadAction\",\"target\":[\"https:\/\/www.visit-ulcinj.com\/blog\/2013\/12\/31\/nika-dikur-u-tha-kush-na-shet-e-kush-na-blen-e-sot\/\"]}]},{\"@type\":\"BreadcrumbList\",\"@id\":\"https:\/\/www.visit-ulcinj.com\/blog\/2013\/12\/31\/nika-dikur-u-tha-kush-na-shet-e-kush-na-blen-e-sot\/#breadcrumb\",\"itemListElement\":[{\"@type\":\"ListItem\",\"position\":1,\"name\":\"Nika: Dikur u tha : Kush na shet e kush na blen&#8230;, e Sot&#8230;?!!!\"}]},{\"@type\":\"Person\",\"@id\":\"https:\/\/www.visit-ulcinj.com\/blog\/#\/schema\/person\/dcab619c614d3038751c63bc2aadc06d\",\"name\":\"ulqini\",\"sameAs\":[\"http:\/\/www.visit-ulcinj.com\"],\"url\":\"https:\/\/www.visit-ulcinj.com\/blog\/author\/admin\/\"}]}<\/script>\n<!-- \/ Yoast SEO plugin. -->","yoast_head_json":{"title":"Nika: Dikur u tha : Kush na shet e kush na blen..., e Sot...?!!! - Lajme nga Ulqini","description":"\u00a0\u00a0Shkruan Muhamet Nika Thuhet se dikur, nj\u00eb tregtar i pa pun\u00eb, pasi mblodhi nj\u00eb thes dushk,\u00a0 vendosi ta qes\u00a0 at\u00eb\u00a0 n\u00eb Pazar...,u nis, dhe\u00a0 rrug\u00ebs p\u00ebr atje,","robots":{"index":"index","follow":"follow","max-snippet":"max-snippet:-1","max-image-preview":"max-image-preview:large","max-video-preview":"max-video-preview:-1"},"canonical":"https:\/\/www.visit-ulcinj.com\/blog\/2013\/12\/31\/nika-dikur-u-tha-kush-na-shet-e-kush-na-blen-e-sot\/","og_locale":"en_US","og_type":"article","og_title":"Nika: Dikur u tha : Kush na shet e kush na blen..., e Sot...?!!! - Lajme nga Ulqini","og_description":"\u00a0\u00a0Shkruan Muhamet Nika Thuhet se dikur, nj\u00eb tregtar i pa pun\u00eb, pasi mblodhi nj\u00eb thes dushk,\u00a0 vendosi ta qes\u00a0 at\u00eb\u00a0 n\u00eb Pazar...,u nis, dhe\u00a0 rrug\u00ebs p\u00ebr atje,","og_url":"https:\/\/www.visit-ulcinj.com\/blog\/2013\/12\/31\/nika-dikur-u-tha-kush-na-shet-e-kush-na-blen-e-sot\/","og_site_name":"Lajme nga Ulqini","article_published_time":"2013-12-31T00:01:19+00:00","article_modified_time":"2013-12-31T12:28:46+00:00","og_image":[{"url":"http:\/\/www.visit-ulcinj.com\/blog\/wp-content\/uploads\/2013\/12\/Ulqini.jpg"}],"twitter_misc":{"Written by":"ulqini","Est. reading time":"5 minutes"},"schema":{"@context":"https:\/\/schema.org","@graph":[{"@type":"WebSite","@id":"https:\/\/www.visit-ulcinj.com\/blog\/#website","url":"https:\/\/www.visit-ulcinj.com\/blog\/","name":"Lajme nga Ulqini","description":"Lajme,Vijesti,Ulqini,Ulqin,Crna Gora,Mali i Zi","potentialAction":[{"@type":"SearchAction","target":{"@type":"EntryPoint","urlTemplate":"https:\/\/www.visit-ulcinj.com\/blog\/?s={search_term_string}"},"query-input":"required name=search_term_string"}],"inLanguage":"en-US"},{"@type":"ImageObject","inLanguage":"en-US","@id":"https:\/\/www.visit-ulcinj.com\/blog\/2013\/12\/31\/nika-dikur-u-tha-kush-na-shet-e-kush-na-blen-e-sot\/#primaryimage","url":"https:\/\/www.visit-ulcinj.com\/blog\/wp-content\/uploads\/2013\/12\/Ulqini.jpg","contentUrl":"https:\/\/www.visit-ulcinj.com\/blog\/wp-content\/uploads\/2013\/12\/Ulqini.jpg","width":636,"height":466},{"@type":"WebPage","@id":"https:\/\/www.visit-ulcinj.com\/blog\/2013\/12\/31\/nika-dikur-u-tha-kush-na-shet-e-kush-na-blen-e-sot\/#webpage","url":"https:\/\/www.visit-ulcinj.com\/blog\/2013\/12\/31\/nika-dikur-u-tha-kush-na-shet-e-kush-na-blen-e-sot\/","name":"Nika: Dikur u tha : Kush na shet e kush na blen..., e Sot...?!!! - Lajme nga Ulqini","isPartOf":{"@id":"https:\/\/www.visit-ulcinj.com\/blog\/#website"},"primaryImageOfPage":{"@id":"https:\/\/www.visit-ulcinj.com\/blog\/2013\/12\/31\/nika-dikur-u-tha-kush-na-shet-e-kush-na-blen-e-sot\/#primaryimage"},"datePublished":"2013-12-31T00:01:19+00:00","dateModified":"2013-12-31T12:28:46+00:00","author":{"@id":"https:\/\/www.visit-ulcinj.com\/blog\/#\/schema\/person\/dcab619c614d3038751c63bc2aadc06d"},"description":"\u00a0\u00a0Shkruan Muhamet Nika Thuhet se dikur, nj\u00eb tregtar i pa pun\u00eb, pasi mblodhi nj\u00eb thes dushk,\u00a0 vendosi ta qes\u00a0 at\u00eb\u00a0 n\u00eb Pazar...,u nis, dhe\u00a0 rrug\u00ebs p\u00ebr atje,","breadcrumb":{"@id":"https:\/\/www.visit-ulcinj.com\/blog\/2013\/12\/31\/nika-dikur-u-tha-kush-na-shet-e-kush-na-blen-e-sot\/#breadcrumb"},"inLanguage":"en-US","potentialAction":[{"@type":"ReadAction","target":["https:\/\/www.visit-ulcinj.com\/blog\/2013\/12\/31\/nika-dikur-u-tha-kush-na-shet-e-kush-na-blen-e-sot\/"]}]},{"@type":"BreadcrumbList","@id":"https:\/\/www.visit-ulcinj.com\/blog\/2013\/12\/31\/nika-dikur-u-tha-kush-na-shet-e-kush-na-blen-e-sot\/#breadcrumb","itemListElement":[{"@type":"ListItem","position":1,"name":"Nika: Dikur u tha : Kush na shet e kush na blen&#8230;, e Sot&#8230;?!!!"}]},{"@type":"Person","@id":"https:\/\/www.visit-ulcinj.com\/blog\/#\/schema\/person\/dcab619c614d3038751c63bc2aadc06d","name":"ulqini","sameAs":["http:\/\/www.visit-ulcinj.com"],"url":"https:\/\/www.visit-ulcinj.com\/blog\/author\/admin\/"}]}},"jetpack_featured_media_url":"","jetpack_sharing_enabled":true,"jetpack_shortlink":"https:\/\/wp.me\/pe6lTn-kdc","_links":{"self":[{"href":"https:\/\/www.visit-ulcinj.com\/blog\/wp-json\/wp\/v2\/posts\/77698"}],"collection":[{"href":"https:\/\/www.visit-ulcinj.com\/blog\/wp-json\/wp\/v2\/posts"}],"about":[{"href":"https:\/\/www.visit-ulcinj.com\/blog\/wp-json\/wp\/v2\/types\/post"}],"author":[{"embeddable":true,"href":"https:\/\/www.visit-ulcinj.com\/blog\/wp-json\/wp\/v2\/users\/1"}],"replies":[{"embeddable":true,"href":"https:\/\/www.visit-ulcinj.com\/blog\/wp-json\/wp\/v2\/comments?post=77698"}],"version-history":[{"count":2,"href":"https:\/\/www.visit-ulcinj.com\/blog\/wp-json\/wp\/v2\/posts\/77698\/revisions"}],"predecessor-version":[{"id":77702,"href":"https:\/\/www.visit-ulcinj.com\/blog\/wp-json\/wp\/v2\/posts\/77698\/revisions\/77702"}],"wp:attachment":[{"href":"https:\/\/www.visit-ulcinj.com\/blog\/wp-json\/wp\/v2\/media?parent=77698"}],"wp:term":[{"taxonomy":"category","embeddable":true,"href":"https:\/\/www.visit-ulcinj.com\/blog\/wp-json\/wp\/v2\/categories?post=77698"},{"taxonomy":"post_tag","embeddable":true,"href":"https:\/\/www.visit-ulcinj.com\/blog\/wp-json\/wp\/v2\/tags?post=77698"}],"curies":[{"name":"wp","href":"https:\/\/api.w.org\/{rel}","templated":true}]}}