{"id":777,"date":"2008-03-05T15:36:00","date_gmt":"2008-03-05T20:36:00","guid":{"rendered":"http:\/\/www.visit-ulcinj.com\/blog\/2008\/03\/05\/ramo-kraja-percillet-per-ne-banesen-e-fundit-ne-varezet-e-pistules\/"},"modified":"2008-03-11T02:51:29","modified_gmt":"2008-03-11T07:51:29","slug":"ramo-kraja-percillet-per-ne-banesen-e-fundit-ne-varezet-e-pistules","status":"publish","type":"post","link":"https:\/\/www.visit-ulcinj.com\/blog\/2008\/03\/05\/ramo-kraja-percillet-per-ne-banesen-e-fundit-ne-varezet-e-pistules\/","title":{"rendered":"Ramo Kraja percillet per ne banesen e fundit n\u00eb varezet e Pistules"},"content":{"rendered":"<p><a href=\"http:\/\/www.visit-ulcinj.com\/blog\/wp-content\/uploads\/2008\/03\/kuranilutja.gif\" rel=\"lightbox[pics-1204748721]\" title=\"Kurani\"><img loading=\"lazy\" src=\"http:\/\/www.visit-ulcinj.com\/blog\/wp-content\/uploads\/2008\/03\/kuranilutja.thumbnail.gif\" alt=\"Kurani\" align=\"left\" height=\"156\" width=\"200\" \/><\/a><a href=\"http:\/\/www.visit-ulcinj.com\/gallery\/main.php\">Uqin<\/a>:Nje vdekje qe ka tronditur mbare opinjonin Ulqinak dhe opinjonin e shqipetareve n\u00eb diaspor.<br \/>\nFuneriali  u mbajte sot (e markure 5 mars ) 2008.n\u00eb varezet e Pistules . Sipas shtypit vendas, ceremonia mortore e Ramo Krajes, ishte i thjesht &#8211; nje arkivol druri i rrethuar  me buqetat, e kurorat me lule, sipas zakonit te fese muslimane.Ne krye qendronte babaj Rexhep Kraja.<br \/>\nVrasja e tij\u00eb ne Ulqin dhe sidomos ne qytetin ku aj\u00eb jetonte, ka marre nje rendesi te ve\u00e7ante, dhe eshte futur ne mesin e qytetarve ulqinak si nje vdekje mjaft e debatueshme.<br \/>\n\u00c7ka shihet ne Ulqin eshte si nje rast i rralle, ne kushtet qe ndodhi vrasja. Asnjeri n\u00eb Ulqin nuk eshte ne gjendje, heperhe te jap ndonje version te qarte, pse u vra 26 vje\u00e7ari Ramo Kraja.Babaj Rexhep Kraja rethuar nga 2 vajzat  e tij dhe bashk\u00ebshortja Gjyzja dhe  t\u00eb af\u00ebrmit si dhe miqt\u00eb,Rexhepi sot gjat\u00eb gjith\u00eb koh\u00ebs ka ndar\u00eb dhimbjen me ta n\u00eb pritje t\u00eb ngush\u00ebllimeve p\u00ebr humbjen tragjike t\u00eb djalit t\u00eb tij\u00eb Ramo Kraj\u00ebs.<br \/>\nFamiljes jan duke i mbritur shum? telegrame ngushllimi nga t? gjitha viset shqiptare, si dhe nga diaspora.Amerika,Zvicra.Gjermanija etj.<br \/>\n<strong><br \/>\nSi d\u00ebshironi t\u00eb jepni ngushllimet e juaja mund ti beni edhe ktu n\u00eb Faqen e jon te internetit.<\/strong><\/p>\n","protected":false},"excerpt":{"rendered":"<p><img loading=\"lazy\" src=\"http:\/\/www.visit-ulcinj.com\/blog\/wp-content\/uploads\/2008\/03\/kuranilutja.thumbnail.gif\" alt=\"Kurani\" align=\"left\" height=\"140\" width=\"140\" \/><\/p>\n","protected":false},"author":1,"featured_media":0,"comment_status":"open","ping_status":"closed","sticky":false,"template":"","format":"standard","meta":{"spay_email":"","jetpack_publicize_message":"","jetpack_is_tweetstorm":false,"jetpack_publicize_feature_enabled":true},"categories":[1],"tags":[2155,2158,2153,2157,2152,2154,19,200,2156],"jetpack_publicize_connections":[],"yoast_head":"<!-- This site is optimized with the Yoast SEO plugin v19.1 - https:\/\/yoast.com\/wordpress\/plugins\/seo\/ -->\n<title>Ramo Kraja percillet per ne banesen e fundit n\u00eb varezet e Pistules - Lajme nga Ulqini<\/title>\n<meta name=\"robots\" content=\"index, follow, max-snippet:-1, max-image-preview:large, max-video-preview:-1\" \/>\n<link rel=\"canonical\" href=\"https:\/\/www.visit-ulcinj.com\/blog\/2008\/03\/05\/ramo-kraja-percillet-per-ne-banesen-e-fundit-ne-varezet-e-pistules\/\" \/>\n<meta property=\"og:locale\" content=\"en_US\" \/>\n<meta property=\"og:type\" content=\"article\" \/>\n<meta property=\"og:title\" content=\"Ramo Kraja percillet per ne banesen e fundit n\u00eb varezet e Pistules - Lajme nga Ulqini\" \/>\n<meta property=\"og:url\" content=\"https:\/\/www.visit-ulcinj.com\/blog\/2008\/03\/05\/ramo-kraja-percillet-per-ne-banesen-e-fundit-ne-varezet-e-pistules\/\" \/>\n<meta property=\"og:site_name\" content=\"Lajme nga Ulqini\" \/>\n<meta property=\"article:published_time\" content=\"2008-03-05T20:36:00+00:00\" \/>\n<meta property=\"article:modified_time\" content=\"2008-03-11T07:51:29+00:00\" \/>\n<meta property=\"og:image\" content=\"http:\/\/www.visit-ulcinj.com\/blog\/wp-content\/uploads\/2008\/03\/kuranilutja.thumbnail.gif\" \/>\n<meta name=\"twitter:label1\" content=\"Written by\" \/>\n\t<meta name=\"twitter:data1\" content=\"ulqini\" \/>\n\t<meta name=\"twitter:label2\" content=\"Est. reading time\" \/>\n\t<meta name=\"twitter:data2\" content=\"1 minute\" \/>\n<script type=\"application\/ld+json\" class=\"yoast-schema-graph\">{\"@context\":\"https:\/\/schema.org\",\"@graph\":[{\"@type\":\"WebSite\",\"@id\":\"https:\/\/www.visit-ulcinj.com\/blog\/#website\",\"url\":\"https:\/\/www.visit-ulcinj.com\/blog\/\",\"name\":\"Lajme nga Ulqini\",\"description\":\"Lajme,Vijesti,Ulqini,Ulqin,Crna Gora,Mali i Zi\",\"potentialAction\":[{\"@type\":\"SearchAction\",\"target\":{\"@type\":\"EntryPoint\",\"urlTemplate\":\"https:\/\/www.visit-ulcinj.com\/blog\/?s={search_term_string}\"},\"query-input\":\"required name=search_term_string\"}],\"inLanguage\":\"en-US\"},{\"@type\":\"ImageObject\",\"inLanguage\":\"en-US\",\"@id\":\"https:\/\/www.visit-ulcinj.com\/blog\/2008\/03\/05\/ramo-kraja-percillet-per-ne-banesen-e-fundit-ne-varezet-e-pistules\/#primaryimage\",\"url\":\"http:\/\/www.visit-ulcinj.com\/blog\/wp-content\/uploads\/2008\/03\/kuranilutja.thumbnail.gif\",\"contentUrl\":\"http:\/\/www.visit-ulcinj.com\/blog\/wp-content\/uploads\/2008\/03\/kuranilutja.thumbnail.gif\"},{\"@type\":\"WebPage\",\"@id\":\"https:\/\/www.visit-ulcinj.com\/blog\/2008\/03\/05\/ramo-kraja-percillet-per-ne-banesen-e-fundit-ne-varezet-e-pistules\/#webpage\",\"url\":\"https:\/\/www.visit-ulcinj.com\/blog\/2008\/03\/05\/ramo-kraja-percillet-per-ne-banesen-e-fundit-ne-varezet-e-pistules\/\",\"name\":\"Ramo Kraja percillet per ne banesen e fundit n\u00eb varezet e Pistules - Lajme nga Ulqini\",\"isPartOf\":{\"@id\":\"https:\/\/www.visit-ulcinj.com\/blog\/#website\"},\"primaryImageOfPage\":{\"@id\":\"https:\/\/www.visit-ulcinj.com\/blog\/2008\/03\/05\/ramo-kraja-percillet-per-ne-banesen-e-fundit-ne-varezet-e-pistules\/#primaryimage\"},\"datePublished\":\"2008-03-05T20:36:00+00:00\",\"dateModified\":\"2008-03-11T07:51:29+00:00\",\"author\":{\"@id\":\"https:\/\/www.visit-ulcinj.com\/blog\/#\/schema\/person\/dcab619c614d3038751c63bc2aadc06d\"},\"breadcrumb\":{\"@id\":\"https:\/\/www.visit-ulcinj.com\/blog\/2008\/03\/05\/ramo-kraja-percillet-per-ne-banesen-e-fundit-ne-varezet-e-pistules\/#breadcrumb\"},\"inLanguage\":\"en-US\",\"potentialAction\":[{\"@type\":\"ReadAction\",\"target\":[\"https:\/\/www.visit-ulcinj.com\/blog\/2008\/03\/05\/ramo-kraja-percillet-per-ne-banesen-e-fundit-ne-varezet-e-pistules\/\"]}]},{\"@type\":\"BreadcrumbList\",\"@id\":\"https:\/\/www.visit-ulcinj.com\/blog\/2008\/03\/05\/ramo-kraja-percillet-per-ne-banesen-e-fundit-ne-varezet-e-pistules\/#breadcrumb\",\"itemListElement\":[{\"@type\":\"ListItem\",\"position\":1,\"name\":\"Ramo Kraja percillet per ne banesen e fundit n\u00eb varezet e Pistules\"}]},{\"@type\":\"Person\",\"@id\":\"https:\/\/www.visit-ulcinj.com\/blog\/#\/schema\/person\/dcab619c614d3038751c63bc2aadc06d\",\"name\":\"ulqini\",\"sameAs\":[\"http:\/\/www.visit-ulcinj.com\"],\"url\":\"https:\/\/www.visit-ulcinj.com\/blog\/author\/admin\/\"}]}<\/script>\n<!-- \/ Yoast SEO plugin. -->","yoast_head_json":{"title":"Ramo Kraja percillet per ne banesen e fundit n\u00eb varezet e Pistules - Lajme nga Ulqini","robots":{"index":"index","follow":"follow","max-snippet":"max-snippet:-1","max-image-preview":"max-image-preview:large","max-video-preview":"max-video-preview:-1"},"canonical":"https:\/\/www.visit-ulcinj.com\/blog\/2008\/03\/05\/ramo-kraja-percillet-per-ne-banesen-e-fundit-ne-varezet-e-pistules\/","og_locale":"en_US","og_type":"article","og_title":"Ramo Kraja percillet per ne banesen e fundit n\u00eb varezet e Pistules - Lajme nga Ulqini","og_url":"https:\/\/www.visit-ulcinj.com\/blog\/2008\/03\/05\/ramo-kraja-percillet-per-ne-banesen-e-fundit-ne-varezet-e-pistules\/","og_site_name":"Lajme nga Ulqini","article_published_time":"2008-03-05T20:36:00+00:00","article_modified_time":"2008-03-11T07:51:29+00:00","og_image":[{"url":"http:\/\/www.visit-ulcinj.com\/blog\/wp-content\/uploads\/2008\/03\/kuranilutja.thumbnail.gif"}],"twitter_misc":{"Written by":"ulqini","Est. reading time":"1 minute"},"schema":{"@context":"https:\/\/schema.org","@graph":[{"@type":"WebSite","@id":"https:\/\/www.visit-ulcinj.com\/blog\/#website","url":"https:\/\/www.visit-ulcinj.com\/blog\/","name":"Lajme nga Ulqini","description":"Lajme,Vijesti,Ulqini,Ulqin,Crna Gora,Mali i Zi","potentialAction":[{"@type":"SearchAction","target":{"@type":"EntryPoint","urlTemplate":"https:\/\/www.visit-ulcinj.com\/blog\/?s={search_term_string}"},"query-input":"required name=search_term_string"}],"inLanguage":"en-US"},{"@type":"ImageObject","inLanguage":"en-US","@id":"https:\/\/www.visit-ulcinj.com\/blog\/2008\/03\/05\/ramo-kraja-percillet-per-ne-banesen-e-fundit-ne-varezet-e-pistules\/#primaryimage","url":"http:\/\/www.visit-ulcinj.com\/blog\/wp-content\/uploads\/2008\/03\/kuranilutja.thumbnail.gif","contentUrl":"http:\/\/www.visit-ulcinj.com\/blog\/wp-content\/uploads\/2008\/03\/kuranilutja.thumbnail.gif"},{"@type":"WebPage","@id":"https:\/\/www.visit-ulcinj.com\/blog\/2008\/03\/05\/ramo-kraja-percillet-per-ne-banesen-e-fundit-ne-varezet-e-pistules\/#webpage","url":"https:\/\/www.visit-ulcinj.com\/blog\/2008\/03\/05\/ramo-kraja-percillet-per-ne-banesen-e-fundit-ne-varezet-e-pistules\/","name":"Ramo Kraja percillet per ne banesen e fundit n\u00eb varezet e Pistules - Lajme nga Ulqini","isPartOf":{"@id":"https:\/\/www.visit-ulcinj.com\/blog\/#website"},"primaryImageOfPage":{"@id":"https:\/\/www.visit-ulcinj.com\/blog\/2008\/03\/05\/ramo-kraja-percillet-per-ne-banesen-e-fundit-ne-varezet-e-pistules\/#primaryimage"},"datePublished":"2008-03-05T20:36:00+00:00","dateModified":"2008-03-11T07:51:29+00:00","author":{"@id":"https:\/\/www.visit-ulcinj.com\/blog\/#\/schema\/person\/dcab619c614d3038751c63bc2aadc06d"},"breadcrumb":{"@id":"https:\/\/www.visit-ulcinj.com\/blog\/2008\/03\/05\/ramo-kraja-percillet-per-ne-banesen-e-fundit-ne-varezet-e-pistules\/#breadcrumb"},"inLanguage":"en-US","potentialAction":[{"@type":"ReadAction","target":["https:\/\/www.visit-ulcinj.com\/blog\/2008\/03\/05\/ramo-kraja-percillet-per-ne-banesen-e-fundit-ne-varezet-e-pistules\/"]}]},{"@type":"BreadcrumbList","@id":"https:\/\/www.visit-ulcinj.com\/blog\/2008\/03\/05\/ramo-kraja-percillet-per-ne-banesen-e-fundit-ne-varezet-e-pistules\/#breadcrumb","itemListElement":[{"@type":"ListItem","position":1,"name":"Ramo Kraja percillet per ne banesen e fundit n\u00eb varezet e Pistules"}]},{"@type":"Person","@id":"https:\/\/www.visit-ulcinj.com\/blog\/#\/schema\/person\/dcab619c614d3038751c63bc2aadc06d","name":"ulqini","sameAs":["http:\/\/www.visit-ulcinj.com"],"url":"https:\/\/www.visit-ulcinj.com\/blog\/author\/admin\/"}]}},"jetpack_featured_media_url":"","jetpack_sharing_enabled":true,"jetpack_shortlink":"https:\/\/wp.me\/pe6lTn-cx","_links":{"self":[{"href":"https:\/\/www.visit-ulcinj.com\/blog\/wp-json\/wp\/v2\/posts\/777"}],"collection":[{"href":"https:\/\/www.visit-ulcinj.com\/blog\/wp-json\/wp\/v2\/posts"}],"about":[{"href":"https:\/\/www.visit-ulcinj.com\/blog\/wp-json\/wp\/v2\/types\/post"}],"author":[{"embeddable":true,"href":"https:\/\/www.visit-ulcinj.com\/blog\/wp-json\/wp\/v2\/users\/1"}],"replies":[{"embeddable":true,"href":"https:\/\/www.visit-ulcinj.com\/blog\/wp-json\/wp\/v2\/comments?post=777"}],"version-history":[{"count":0,"href":"https:\/\/www.visit-ulcinj.com\/blog\/wp-json\/wp\/v2\/posts\/777\/revisions"}],"wp:attachment":[{"href":"https:\/\/www.visit-ulcinj.com\/blog\/wp-json\/wp\/v2\/media?parent=777"}],"wp:term":[{"taxonomy":"category","embeddable":true,"href":"https:\/\/www.visit-ulcinj.com\/blog\/wp-json\/wp\/v2\/categories?post=777"},{"taxonomy":"post_tag","embeddable":true,"href":"https:\/\/www.visit-ulcinj.com\/blog\/wp-json\/wp\/v2\/tags?post=777"}],"curies":[{"name":"wp","href":"https:\/\/api.w.org\/{rel}","templated":true}]}}