{"id":77703,"date":"2013-12-31T01:06:15","date_gmt":"2013-12-31T00:06:15","guid":{"rendered":"http:\/\/www.visit-ulcinj.com\/blog\/?p=77703"},"modified":"2013-12-31T01:06:15","modified_gmt":"2013-12-31T00:06:15","slug":"predata-lista-naprijed-da-pobijedi-ulcinj-milo-dukanovic","status":"publish","type":"post","link":"https:\/\/www.visit-ulcinj.com\/blog\/2013\/12\/31\/predata-lista-naprijed-da-pobijedi-ulcinj-milo-dukanovic\/","title":{"rendered":"Predata lista &#8220;NAPRIJED DA POBIJEDI ULCINJ &#8211; MILO \u0110UKANOVI\u0106&#8221;"},"content":{"rendered":"<p><a href=\"http:\/\/www.visit-ulcinj.com\/blog\/wp-content\/uploads\/2013\/12\/OO_DPS_ulcinj.png\"><img loading=\"lazy\" class=\"alignleft size-full wp-image-77704\" alt=\"OO_DPS_ulcinj\" src=\"http:\/\/www.visit-ulcinj.com\/blog\/wp-content\/uploads\/2013\/12\/OO_DPS_ulcinj.png\" width=\"508\" height=\"301\" srcset=\"https:\/\/www.visit-ulcinj.com\/blog\/wp-content\/uploads\/2013\/12\/OO_DPS_ulcinj.png 508w, https:\/\/www.visit-ulcinj.com\/blog\/wp-content\/uploads\/2013\/12\/OO_DPS_ulcinj-300x177.png 300w\" sizes=\"(max-width: 508px) 100vw, 508px\" \/><\/a>Izborna lista kandidata za odbornike u Skup\u0161tini\u00a0 op\u0161tine Ulcinj Demokratske partije socijalista pod nazivom \u201eNAPRIJED DA POBIJEDI ULCINJ \u2013 MILO \u0110UKANOVI\u0106\u201c predata je Op\u0161tinskoj izbornoj komisiji u Ulcinju.<\/p>\n<p>&nbsp;<\/p>\n<p>Izborna lista za izbore koji \u0107e se odr\u017eati 26. januara 2014. godine sadr\u017ei 33 kandidata:<\/p>\n<p>&nbsp;<\/p>\n<ol>\n<li>Nreki\u0107 Loro, nosilac liste<\/li>\n<li>Hod\u017ei\u0107\u00a0 Deniza<\/li>\n<li>Taganovi\u0107 Red\u017eep<\/li>\n<li>Ba\u0161ovi\u0107\u00a0 Borislav<\/li>\n<li>\u0160krelja\u00a0 Lui\u0111<\/li>\n<li>Lamovi\u0107 Arjan<\/li>\n<li>Jahaj\u00a0 Alim<\/li>\n<li>Kastrati\u00a0 Anton<\/li>\n<li>Tivari\u00a0 Sulejman<\/li>\n<li>\u0110akonovi\u0107\u00a0 Bojan<\/li>\n<li>Suli\u0107\u00a0 Pranvera<\/li>\n<li>Osmanovi\u0107 \u00a0Artan<\/li>\n<li>Kolari\u00a0 Ned\u017ead<\/li>\n<li>Hajdukovi\u0107\u00a0 Rajko<\/li>\n<li>Duraku\u00a0 Majlinda<\/li>\n<li>Zuberovi\u0107\u00a0 D\u017eivat<\/li>\n<li>Radovi\u0107\u00a0 Vaso<\/li>\n<li>Kurt\u00a0 Majlinda<\/li>\n<li>Marnikovi\u0107 dr Pavle<\/li>\n<li>Be\u0107ovi\u0107\u00a0 Muharem<\/li>\n<li>Martinovi\u0107\u00a0 Enisa<\/li>\n<li>Dabovi\u0107 \u0110uro<\/li>\n<li>Filipovi\u0107\u00a0 Ruly<\/li>\n<li>Rexha\u00a0 Gani<\/li>\n<li>\u00a0\u010covi\u0107\u00a0 Liljana<\/li>\n<li>Gjekaj\u00a0 Samanta<\/li>\n<li>Nikprelevi\u0107\u00a0 Tomo<\/li>\n<li>\u010ca\u0111enovi\u0107\u00a0 Aleksandra<\/li>\n<li>Karastanovi\u0107\u00a0 Minire<\/li>\n<li>Rudovi\u0107\u00a0 Vjeko<\/li>\n<li>\u010cotaj\u00a0 Sadik<\/li>\n<li>Vu\u010deti\u0107\u00a0 Zoran<\/li>\n<li>Le\u0161evi\u0107\u00a0 Mirsad<\/li>\n<\/ol>\n<p>&nbsp;<\/p>\n<p>Izbornu listu Demokratske partije socijalista koja je predata Op\u0161tinskoj izbornoj komisiji\u00a0 podr\u017ealo je 1289 gra\u0111ana Ulcinja.<\/p>\n<p>Sastav odborni\u010dke liste garantuje da \u0107e programi za razvoj Ulcinja koju \u0107e Demokratska partija socijalista ponuditi gra\u0111anima tokom izborne kampanje biti realizovani u najboljem interesu Ulcinja.<\/p>\n<p>&nbsp;<\/p>\n<p><strong>Loro Nreki\u0107<\/strong>, predsjednik Op\u0161tinskog odbora DPS Ulcinj<\/p>\n","protected":false},"excerpt":{"rendered":"<p>Izborna lista kandidata za odbornike u Skup\u0161tini\u00a0 op\u0161tine Ulcinj Demokratske partije socijalista pod nazivom \u201eNAPRIJED DA POBIJEDI ULCINJ \u2013 MILO \u0110UKANOVI\u0106\u201c predata je Op\u0161tinskoj izbornoj komisiji u Ulcinju. &nbsp; Izborna lista za izbore koji \u0107e se odr\u017eati 26. januara 2014. godine sadr\u017ei 33 kandidata: &nbsp; Nreki\u0107 Loro, nosilac liste Hod\u017ei\u0107\u00a0 Deniza Taganovi\u0107 Red\u017eep Ba\u0161ovi\u0107\u00a0 Borislav [&hellip;]<\/p>\n","protected":false},"author":1,"featured_media":0,"comment_status":"closed","ping_status":"closed","sticky":false,"template":"","format":"standard","meta":{"spay_email":"","jetpack_publicize_message":"","jetpack_is_tweetstorm":false,"jetpack_publicize_feature_enabled":true},"categories":[6950],"tags":[],"jetpack_publicize_connections":[],"yoast_head":"<!-- This site is optimized with the Yoast SEO plugin v19.1 - https:\/\/yoast.com\/wordpress\/plugins\/seo\/ -->\n<title>Predata lista &quot;NAPRIJED DA POBIJEDI ULCINJ - MILO \u0110UKANOVI\u0106&quot; - Lajme nga Ulqini<\/title>\n<meta name=\"description\" content=\"Izborna lista kandidata za odbornike u Skup\u0161tini\u00a0 op\u0161tine Ulcinj Demokratske partije socijalista pod nazivom \u201eNAPRIJED DA POBIJEDI ULCINJ \u2013 MILO\" \/>\n<meta name=\"robots\" content=\"index, follow, max-snippet:-1, max-image-preview:large, max-video-preview:-1\" \/>\n<link rel=\"canonical\" href=\"https:\/\/www.visit-ulcinj.com\/blog\/2013\/12\/31\/predata-lista-naprijed-da-pobijedi-ulcinj-milo-dukanovic\/\" \/>\n<meta property=\"og:locale\" content=\"en_US\" \/>\n<meta property=\"og:type\" content=\"article\" \/>\n<meta property=\"og:title\" content=\"Predata lista &quot;NAPRIJED DA POBIJEDI ULCINJ - MILO \u0110UKANOVI\u0106&quot; - Lajme nga Ulqini\" \/>\n<meta property=\"og:description\" content=\"Izborna lista kandidata za odbornike u Skup\u0161tini\u00a0 op\u0161tine Ulcinj Demokratske partije socijalista pod nazivom \u201eNAPRIJED DA POBIJEDI ULCINJ \u2013 MILO\" \/>\n<meta property=\"og:url\" content=\"https:\/\/www.visit-ulcinj.com\/blog\/2013\/12\/31\/predata-lista-naprijed-da-pobijedi-ulcinj-milo-dukanovic\/\" \/>\n<meta property=\"og:site_name\" content=\"Lajme nga Ulqini\" \/>\n<meta property=\"article:published_time\" content=\"2013-12-31T00:06:15+00:00\" \/>\n<meta property=\"og:image\" content=\"http:\/\/www.visit-ulcinj.com\/blog\/wp-content\/uploads\/2013\/12\/OO_DPS_ulcinj.png\" \/>\n<meta name=\"twitter:label1\" content=\"Written by\" \/>\n\t<meta name=\"twitter:data1\" content=\"ulqini\" \/>\n\t<meta name=\"twitter:label2\" content=\"Est. reading time\" \/>\n\t<meta name=\"twitter:data2\" content=\"1 minute\" \/>\n<script type=\"application\/ld+json\" class=\"yoast-schema-graph\">{\"@context\":\"https:\/\/schema.org\",\"@graph\":[{\"@type\":\"WebSite\",\"@id\":\"https:\/\/www.visit-ulcinj.com\/blog\/#website\",\"url\":\"https:\/\/www.visit-ulcinj.com\/blog\/\",\"name\":\"Lajme nga Ulqini\",\"description\":\"Lajme,Vijesti,Ulqini,Ulqin,Crna Gora,Mali i Zi\",\"potentialAction\":[{\"@type\":\"SearchAction\",\"target\":{\"@type\":\"EntryPoint\",\"urlTemplate\":\"https:\/\/www.visit-ulcinj.com\/blog\/?s={search_term_string}\"},\"query-input\":\"required name=search_term_string\"}],\"inLanguage\":\"en-US\"},{\"@type\":\"ImageObject\",\"inLanguage\":\"en-US\",\"@id\":\"https:\/\/www.visit-ulcinj.com\/blog\/2013\/12\/31\/predata-lista-naprijed-da-pobijedi-ulcinj-milo-dukanovic\/#primaryimage\",\"url\":\"https:\/\/www.visit-ulcinj.com\/blog\/wp-content\/uploads\/2013\/12\/OO_DPS_ulcinj.png\",\"contentUrl\":\"https:\/\/www.visit-ulcinj.com\/blog\/wp-content\/uploads\/2013\/12\/OO_DPS_ulcinj.png\",\"width\":508,\"height\":301},{\"@type\":\"WebPage\",\"@id\":\"https:\/\/www.visit-ulcinj.com\/blog\/2013\/12\/31\/predata-lista-naprijed-da-pobijedi-ulcinj-milo-dukanovic\/#webpage\",\"url\":\"https:\/\/www.visit-ulcinj.com\/blog\/2013\/12\/31\/predata-lista-naprijed-da-pobijedi-ulcinj-milo-dukanovic\/\",\"name\":\"Predata lista \\\"NAPRIJED DA POBIJEDI ULCINJ - MILO \u0110UKANOVI\u0106\\\" - Lajme nga Ulqini\",\"isPartOf\":{\"@id\":\"https:\/\/www.visit-ulcinj.com\/blog\/#website\"},\"primaryImageOfPage\":{\"@id\":\"https:\/\/www.visit-ulcinj.com\/blog\/2013\/12\/31\/predata-lista-naprijed-da-pobijedi-ulcinj-milo-dukanovic\/#primaryimage\"},\"datePublished\":\"2013-12-31T00:06:15+00:00\",\"dateModified\":\"2013-12-31T00:06:15+00:00\",\"author\":{\"@id\":\"https:\/\/www.visit-ulcinj.com\/blog\/#\/schema\/person\/dcab619c614d3038751c63bc2aadc06d\"},\"description\":\"Izborna lista kandidata za odbornike u Skup\u0161tini\u00a0 op\u0161tine Ulcinj Demokratske partije socijalista pod nazivom \u201eNAPRIJED DA POBIJEDI ULCINJ \u2013 MILO\",\"breadcrumb\":{\"@id\":\"https:\/\/www.visit-ulcinj.com\/blog\/2013\/12\/31\/predata-lista-naprijed-da-pobijedi-ulcinj-milo-dukanovic\/#breadcrumb\"},\"inLanguage\":\"en-US\",\"potentialAction\":[{\"@type\":\"ReadAction\",\"target\":[\"https:\/\/www.visit-ulcinj.com\/blog\/2013\/12\/31\/predata-lista-naprijed-da-pobijedi-ulcinj-milo-dukanovic\/\"]}]},{\"@type\":\"BreadcrumbList\",\"@id\":\"https:\/\/www.visit-ulcinj.com\/blog\/2013\/12\/31\/predata-lista-naprijed-da-pobijedi-ulcinj-milo-dukanovic\/#breadcrumb\",\"itemListElement\":[{\"@type\":\"ListItem\",\"position\":1,\"name\":\"Predata lista &#8220;NAPRIJED DA POBIJEDI ULCINJ &#8211; MILO \u0110UKANOVI\u0106&#8221;\"}]},{\"@type\":\"Person\",\"@id\":\"https:\/\/www.visit-ulcinj.com\/blog\/#\/schema\/person\/dcab619c614d3038751c63bc2aadc06d\",\"name\":\"ulqini\",\"sameAs\":[\"http:\/\/www.visit-ulcinj.com\"],\"url\":\"https:\/\/www.visit-ulcinj.com\/blog\/author\/admin\/\"}]}<\/script>\n<!-- \/ Yoast SEO plugin. -->","yoast_head_json":{"title":"Predata lista \"NAPRIJED DA POBIJEDI ULCINJ - MILO \u0110UKANOVI\u0106\" - Lajme nga Ulqini","description":"Izborna lista kandidata za odbornike u Skup\u0161tini\u00a0 op\u0161tine Ulcinj Demokratske partije socijalista pod nazivom \u201eNAPRIJED DA POBIJEDI ULCINJ \u2013 MILO","robots":{"index":"index","follow":"follow","max-snippet":"max-snippet:-1","max-image-preview":"max-image-preview:large","max-video-preview":"max-video-preview:-1"},"canonical":"https:\/\/www.visit-ulcinj.com\/blog\/2013\/12\/31\/predata-lista-naprijed-da-pobijedi-ulcinj-milo-dukanovic\/","og_locale":"en_US","og_type":"article","og_title":"Predata lista \"NAPRIJED DA POBIJEDI ULCINJ - MILO \u0110UKANOVI\u0106\" - Lajme nga Ulqini","og_description":"Izborna lista kandidata za odbornike u Skup\u0161tini\u00a0 op\u0161tine Ulcinj Demokratske partije socijalista pod nazivom \u201eNAPRIJED DA POBIJEDI ULCINJ \u2013 MILO","og_url":"https:\/\/www.visit-ulcinj.com\/blog\/2013\/12\/31\/predata-lista-naprijed-da-pobijedi-ulcinj-milo-dukanovic\/","og_site_name":"Lajme nga Ulqini","article_published_time":"2013-12-31T00:06:15+00:00","og_image":[{"url":"http:\/\/www.visit-ulcinj.com\/blog\/wp-content\/uploads\/2013\/12\/OO_DPS_ulcinj.png"}],"twitter_misc":{"Written by":"ulqini","Est. reading time":"1 minute"},"schema":{"@context":"https:\/\/schema.org","@graph":[{"@type":"WebSite","@id":"https:\/\/www.visit-ulcinj.com\/blog\/#website","url":"https:\/\/www.visit-ulcinj.com\/blog\/","name":"Lajme nga Ulqini","description":"Lajme,Vijesti,Ulqini,Ulqin,Crna Gora,Mali i Zi","potentialAction":[{"@type":"SearchAction","target":{"@type":"EntryPoint","urlTemplate":"https:\/\/www.visit-ulcinj.com\/blog\/?s={search_term_string}"},"query-input":"required name=search_term_string"}],"inLanguage":"en-US"},{"@type":"ImageObject","inLanguage":"en-US","@id":"https:\/\/www.visit-ulcinj.com\/blog\/2013\/12\/31\/predata-lista-naprijed-da-pobijedi-ulcinj-milo-dukanovic\/#primaryimage","url":"https:\/\/www.visit-ulcinj.com\/blog\/wp-content\/uploads\/2013\/12\/OO_DPS_ulcinj.png","contentUrl":"https:\/\/www.visit-ulcinj.com\/blog\/wp-content\/uploads\/2013\/12\/OO_DPS_ulcinj.png","width":508,"height":301},{"@type":"WebPage","@id":"https:\/\/www.visit-ulcinj.com\/blog\/2013\/12\/31\/predata-lista-naprijed-da-pobijedi-ulcinj-milo-dukanovic\/#webpage","url":"https:\/\/www.visit-ulcinj.com\/blog\/2013\/12\/31\/predata-lista-naprijed-da-pobijedi-ulcinj-milo-dukanovic\/","name":"Predata lista \"NAPRIJED DA POBIJEDI ULCINJ - MILO \u0110UKANOVI\u0106\" - Lajme nga Ulqini","isPartOf":{"@id":"https:\/\/www.visit-ulcinj.com\/blog\/#website"},"primaryImageOfPage":{"@id":"https:\/\/www.visit-ulcinj.com\/blog\/2013\/12\/31\/predata-lista-naprijed-da-pobijedi-ulcinj-milo-dukanovic\/#primaryimage"},"datePublished":"2013-12-31T00:06:15+00:00","dateModified":"2013-12-31T00:06:15+00:00","author":{"@id":"https:\/\/www.visit-ulcinj.com\/blog\/#\/schema\/person\/dcab619c614d3038751c63bc2aadc06d"},"description":"Izborna lista kandidata za odbornike u Skup\u0161tini\u00a0 op\u0161tine Ulcinj Demokratske partije socijalista pod nazivom \u201eNAPRIJED DA POBIJEDI ULCINJ \u2013 MILO","breadcrumb":{"@id":"https:\/\/www.visit-ulcinj.com\/blog\/2013\/12\/31\/predata-lista-naprijed-da-pobijedi-ulcinj-milo-dukanovic\/#breadcrumb"},"inLanguage":"en-US","potentialAction":[{"@type":"ReadAction","target":["https:\/\/www.visit-ulcinj.com\/blog\/2013\/12\/31\/predata-lista-naprijed-da-pobijedi-ulcinj-milo-dukanovic\/"]}]},{"@type":"BreadcrumbList","@id":"https:\/\/www.visit-ulcinj.com\/blog\/2013\/12\/31\/predata-lista-naprijed-da-pobijedi-ulcinj-milo-dukanovic\/#breadcrumb","itemListElement":[{"@type":"ListItem","position":1,"name":"Predata lista &#8220;NAPRIJED DA POBIJEDI ULCINJ &#8211; MILO \u0110UKANOVI\u0106&#8221;"}]},{"@type":"Person","@id":"https:\/\/www.visit-ulcinj.com\/blog\/#\/schema\/person\/dcab619c614d3038751c63bc2aadc06d","name":"ulqini","sameAs":["http:\/\/www.visit-ulcinj.com"],"url":"https:\/\/www.visit-ulcinj.com\/blog\/author\/admin\/"}]}},"jetpack_featured_media_url":"","jetpack_sharing_enabled":true,"jetpack_shortlink":"https:\/\/wp.me\/pe6lTn-kdh","_links":{"self":[{"href":"https:\/\/www.visit-ulcinj.com\/blog\/wp-json\/wp\/v2\/posts\/77703"}],"collection":[{"href":"https:\/\/www.visit-ulcinj.com\/blog\/wp-json\/wp\/v2\/posts"}],"about":[{"href":"https:\/\/www.visit-ulcinj.com\/blog\/wp-json\/wp\/v2\/types\/post"}],"author":[{"embeddable":true,"href":"https:\/\/www.visit-ulcinj.com\/blog\/wp-json\/wp\/v2\/users\/1"}],"replies":[{"embeddable":true,"href":"https:\/\/www.visit-ulcinj.com\/blog\/wp-json\/wp\/v2\/comments?post=77703"}],"version-history":[{"count":1,"href":"https:\/\/www.visit-ulcinj.com\/blog\/wp-json\/wp\/v2\/posts\/77703\/revisions"}],"predecessor-version":[{"id":77705,"href":"https:\/\/www.visit-ulcinj.com\/blog\/wp-json\/wp\/v2\/posts\/77703\/revisions\/77705"}],"wp:attachment":[{"href":"https:\/\/www.visit-ulcinj.com\/blog\/wp-json\/wp\/v2\/media?parent=77703"}],"wp:term":[{"taxonomy":"category","embeddable":true,"href":"https:\/\/www.visit-ulcinj.com\/blog\/wp-json\/wp\/v2\/categories?post=77703"},{"taxonomy":"post_tag","embeddable":true,"href":"https:\/\/www.visit-ulcinj.com\/blog\/wp-json\/wp\/v2\/tags?post=77703"}],"curies":[{"name":"wp","href":"https:\/\/api.w.org\/{rel}","templated":true}]}}