{"id":77718,"date":"2013-12-31T11:38:15","date_gmt":"2013-12-31T10:38:15","guid":{"rendered":"http:\/\/www.visit-ulcinj.com\/blog\/?p=77718"},"modified":"2013-12-31T14:10:41","modified_gmt":"2013-12-31T13:10:41","slug":"udsh-ne-ulqin-shtohet-me-50-anetare-te-rinj-foto","status":"publish","type":"post","link":"https:\/\/www.visit-ulcinj.com\/blog\/2013\/12\/31\/udsh-ne-ulqin-shtohet-me-50-anetare-te-rinj-foto\/","title":{"rendered":"UDSH ne Ulqin shtohet me 50 an\u00ebtar\u00eb t\u00eb rinj + Foto"},"content":{"rendered":"<p><strong><a href=\"http:\/\/www.visit-ulcinj.com\/blog\/wp-content\/uploads\/2013\/12\/UDSH-ne-Ulqin-shtohet-me-50-an\u00ebtar\u00eb.jpg\"><img loading=\"lazy\" class=\"alignleft  wp-image-77719\" alt=\"UDSH ne Ulqin shtohet me 50 an\u00ebtar\u00eb\" src=\"http:\/\/www.visit-ulcinj.com\/blog\/wp-content\/uploads\/2013\/12\/UDSH-ne-Ulqin-shtohet-me-50-an\u00ebtar\u00eb.jpg\" width=\"508\" height=\"360\" \/><\/a>UDSH: PRANIMI I MBI 50 AN\u00cbTAR\u00cbVE T\u00cb RINJ<\/strong><\/p>\n<p>\u201cUnioni Demokratik i Shqiptar\u00ebve nuk d\u00ebshiron rinin e cila vazhdimisht di\u00e7ka pret, por kultivon rinin e cila pyetet, e cila prun\u00eb vendime. P\u00ebr k\u00ebt\u00eb arsye kemi besim t\u00eb plot\u00eb n\u00eb rinin ton\u00eb\u201d, tha sonte n\u00eb tubimin rinor t\u00eb k\u00ebsaj parti n\u00eb Sall\u00ebn e madhe t\u00eb mbushur plot\u00eb t\u00eb komun\u00ebs s\u00eb Ulqinit lideri i saj Mehmed Zenka.<\/p>\n<p>Duke konstatuar q\u00eb UDSH i beson rinis\u00eb dhe rinia i beson k\u00ebsaj parti, ai shtoi q\u00eb t\u00eb rinjt\u00eb e Unionit nuk hezitojn\u00eb t\u00eb ballafaqohen me sfidat.<\/p>\n<p>N\u00eb k\u00ebt\u00eb tubim, n\u00eb t\u00eb cilin \u00ebsht\u00eb b\u00ebr\u00eb dhe pranimi i 53 an\u00ebtar\u00ebve t\u00eb rinj n\u00eb UDSH, kan\u00eb folur dhe Luljeta Sefa, Ardian Zati, Valon Dasharami, Adnan Alibegu, Liridon Sefa dhe Selim Karamanaga. Mesazhi i tyre unik po ashtu ishte q\u00eb Unioni \u00ebsht\u00eb parti e t\u00eb rinjve.<\/p>\n<p><strong>Sh\u00ebrbimi informativ i UDSH-s\u00eb<br \/>\n<a id=\"js_11\" href=\"https:\/\/www.facebook.com\/udsh.dua\" data-hovercard=\"\/ajax\/hovercard\/page.php?id=159422204220360\">Unioni Demokratik i Shqiptareve &#8211; UDSH<\/a> &#8211; Facebook<br \/>\n<\/strong><\/p>\n\n\t\t<style type=\"text\/css\">\n\t\t\t#gallery-1 {\n\t\t\t\tmargin: auto;\n\t\t\t}\n\t\t\t#gallery-1 .gallery-item {\n\t\t\t\tfloat: left;\n\t\t\t\tmargin-top: 10px;\n\t\t\t\ttext-align: center;\n\t\t\t\twidth: 33%;\n\t\t\t}\n\t\t\t#gallery-1 img {\n\t\t\t\tborder: 2px solid #cfcfcf;\n\t\t\t}\n\t\t\t#gallery-1 .gallery-caption {\n\t\t\t\tmargin-left: 0;\n\t\t\t}\n\t\t\t\/* see gallery_shortcode() in wp-includes\/media.php *\/\n\t\t<\/style>\n\t\t<div id='gallery-1' class='gallery galleryid-77718 gallery-columns-3 gallery-size-thumbnail'><dl class='gallery-item'>\n\t\t\t<dt class='gallery-icon landscape'>\n\t\t\t\t<a href='https:\/\/www.visit-ulcinj.com\/blog\/2013\/12\/31\/udsh-ne-ulqin-shtohet-me-50-anetare-te-rinj-foto\/udsh-ne-ulqin-shtohet-me-50-anetare-1\/'><img width=\"150\" height=\"150\" src=\"https:\/\/www.visit-ulcinj.com\/blog\/wp-content\/uploads\/2013\/12\/UDSH-ne-Ulqin-shtohet-me-50-an\u00ebtar\u00eb-1-150x150.jpg\" class=\"attachment-thumbnail size-thumbnail\" alt=\"\" loading=\"lazy\" \/><\/a>\n\t\t\t<\/dt><\/dl><dl class='gallery-item'>\n\t\t\t<dt class='gallery-icon landscape'>\n\t\t\t\t<a href='https:\/\/www.visit-ulcinj.com\/blog\/2013\/12\/31\/udsh-ne-ulqin-shtohet-me-50-anetare-te-rinj-foto\/udsh-ne-ulqin-shtohet-me-50-anetare-2\/'><img width=\"150\" height=\"150\" src=\"https:\/\/www.visit-ulcinj.com\/blog\/wp-content\/uploads\/2013\/12\/UDSH-ne-Ulqin-shtohet-me-50-an\u00ebtar\u00eb-2-150x150.jpg\" class=\"attachment-thumbnail size-thumbnail\" alt=\"\" loading=\"lazy\" \/><\/a>\n\t\t\t<\/dt><\/dl><dl class='gallery-item'>\n\t\t\t<dt class='gallery-icon landscape'>\n\t\t\t\t<a href='https:\/\/www.visit-ulcinj.com\/blog\/2013\/12\/31\/udsh-ne-ulqin-shtohet-me-50-anetare-te-rinj-foto\/udsh-ne-ulqin-shtohet-me-50-anetare-3\/'><img width=\"150\" height=\"150\" src=\"https:\/\/www.visit-ulcinj.com\/blog\/wp-content\/uploads\/2013\/12\/UDSH-ne-Ulqin-shtohet-me-50-an\u00ebtar\u00eb-3-150x150.jpg\" class=\"attachment-thumbnail size-thumbnail\" alt=\"\" loading=\"lazy\" \/><\/a>\n\t\t\t<\/dt><\/dl><br style=\"clear: both\" \/><dl class='gallery-item'>\n\t\t\t<dt class='gallery-icon landscape'>\n\t\t\t\t<a href='https:\/\/www.visit-ulcinj.com\/blog\/2013\/12\/31\/udsh-ne-ulqin-shtohet-me-50-anetare-te-rinj-foto\/udsh-ne-ulqin-shtohet-me-50-anetare-4\/'><img width=\"150\" height=\"150\" src=\"https:\/\/www.visit-ulcinj.com\/blog\/wp-content\/uploads\/2013\/12\/UDSH-ne-Ulqin-shtohet-me-50-an\u00ebtar\u00eb-4-150x150.jpg\" class=\"attachment-thumbnail size-thumbnail\" alt=\"\" loading=\"lazy\" \/><\/a>\n\t\t\t<\/dt><\/dl><dl class='gallery-item'>\n\t\t\t<dt class='gallery-icon landscape'>\n\t\t\t\t<a href='https:\/\/www.visit-ulcinj.com\/blog\/2013\/12\/31\/udsh-ne-ulqin-shtohet-me-50-anetare-te-rinj-foto\/udsh-ne-ulqin-shtohet-me-50-anetare-6\/'><img width=\"150\" height=\"150\" src=\"https:\/\/www.visit-ulcinj.com\/blog\/wp-content\/uploads\/2013\/12\/UDSH-ne-Ulqin-shtohet-me-50-an\u00ebtar\u00eb-6-150x150.jpg\" class=\"attachment-thumbnail size-thumbnail\" alt=\"\" loading=\"lazy\" \/><\/a>\n\t\t\t<\/dt><\/dl><dl class='gallery-item'>\n\t\t\t<dt class='gallery-icon landscape'>\n\t\t\t\t<a href='https:\/\/www.visit-ulcinj.com\/blog\/2013\/12\/31\/udsh-ne-ulqin-shtohet-me-50-anetare-te-rinj-foto\/udsh-ne-ulqin-shtohet-me-50-anetare-7\/'><img width=\"150\" height=\"150\" src=\"https:\/\/www.visit-ulcinj.com\/blog\/wp-content\/uploads\/2013\/12\/UDSH-ne-Ulqin-shtohet-me-50-an\u00ebtar\u00eb-7-150x150.jpg\" class=\"attachment-thumbnail size-thumbnail\" alt=\"\" loading=\"lazy\" \/><\/a>\n\t\t\t<\/dt><\/dl><br style=\"clear: both\" \/><dl class='gallery-item'>\n\t\t\t<dt class='gallery-icon landscape'>\n\t\t\t\t<a href='https:\/\/www.visit-ulcinj.com\/blog\/2013\/12\/31\/udsh-ne-ulqin-shtohet-me-50-anetare-te-rinj-foto\/udsh-ne-ulqin-shtohet-me-50-anetare-8\/'><img width=\"150\" height=\"150\" src=\"https:\/\/www.visit-ulcinj.com\/blog\/wp-content\/uploads\/2013\/12\/UDSH-ne-Ulqin-shtohet-me-50-an\u00ebtar\u00eb-8-150x150.jpg\" class=\"attachment-thumbnail size-thumbnail\" alt=\"\" loading=\"lazy\" \/><\/a>\n\t\t\t<\/dt><\/dl><dl class='gallery-item'>\n\t\t\t<dt class='gallery-icon landscape'>\n\t\t\t\t<a href='https:\/\/www.visit-ulcinj.com\/blog\/2013\/12\/31\/udsh-ne-ulqin-shtohet-me-50-anetare-te-rinj-foto\/udsh-ne-ulqin-shtohet-me-50-anetare-9\/'><img width=\"150\" height=\"150\" src=\"https:\/\/www.visit-ulcinj.com\/blog\/wp-content\/uploads\/2013\/12\/UDSH-ne-Ulqin-shtohet-me-50-an\u00ebtar\u00eb-9-150x150.jpg\" class=\"attachment-thumbnail size-thumbnail\" alt=\"\" loading=\"lazy\" \/><\/a>\n\t\t\t<\/dt><\/dl><dl class='gallery-item'>\n\t\t\t<dt class='gallery-icon landscape'>\n\t\t\t\t<a href='https:\/\/www.visit-ulcinj.com\/blog\/2013\/12\/31\/udsh-ne-ulqin-shtohet-me-50-anetare-te-rinj-foto\/udsh-ne-ulqin-shtohet-me-50-anetare-10\/'><img width=\"150\" height=\"150\" src=\"https:\/\/www.visit-ulcinj.com\/blog\/wp-content\/uploads\/2013\/12\/UDSH-ne-Ulqin-shtohet-me-50-an\u00ebtar\u00eb-10-150x150.jpg\" class=\"attachment-thumbnail size-thumbnail\" alt=\"\" loading=\"lazy\" \/><\/a>\n\t\t\t<\/dt><\/dl><br style=\"clear: both\" \/>\n\t\t<\/div>\n\n","protected":false},"excerpt":{"rendered":"<p>UDSH: PRANIMI I MBI 50 AN\u00cbTAR\u00cbVE T\u00cb RINJ \u201cUnioni Demokratik i Shqiptar\u00ebve nuk d\u00ebshiron rinin e cila vazhdimisht di\u00e7ka pret, por kultivon rinin e cila pyetet, e cila prun\u00eb vendime. P\u00ebr k\u00ebt\u00eb arsye kemi besim t\u00eb plot\u00eb n\u00eb rinin ton\u00eb\u201d, tha sonte n\u00eb tubimin rinor t\u00eb k\u00ebsaj parti n\u00eb Sall\u00ebn e madhe t\u00eb mbushur plot\u00eb [&hellip;]<\/p>\n","protected":false},"author":1,"featured_media":0,"comment_status":"closed","ping_status":"closed","sticky":false,"template":"","format":"standard","meta":{"spay_email":"","jetpack_publicize_message":"","jetpack_is_tweetstorm":false,"jetpack_publicize_feature_enabled":true},"categories":[6,12],"tags":[],"jetpack_publicize_connections":[],"yoast_head":"<!-- This site is optimized with the Yoast SEO plugin v19.1 - https:\/\/yoast.com\/wordpress\/plugins\/seo\/ -->\n<title>UDSH ne Ulqin shtohet me 50 an\u00ebtar\u00eb t\u00eb rinj + Foto - Lajme nga Ulqini<\/title>\n<meta name=\"description\" content=\"UDSH: PRANIMI I MBI 50 AN\u00cbTAR\u00cbVE T\u00cb RINJ \u201cUnioni Demokratik i Shqiptar\u00ebve nuk d\u00ebshiron rinin e cila vazhdimisht di\u00e7ka pret, por kultivon rinin e cila\" \/>\n<meta name=\"robots\" content=\"index, follow, max-snippet:-1, max-image-preview:large, max-video-preview:-1\" \/>\n<link rel=\"canonical\" href=\"https:\/\/www.visit-ulcinj.com\/blog\/2013\/12\/31\/udsh-ne-ulqin-shtohet-me-50-anetare-te-rinj-foto\/\" \/>\n<meta property=\"og:locale\" content=\"en_US\" \/>\n<meta property=\"og:type\" content=\"article\" \/>\n<meta property=\"og:title\" content=\"UDSH ne Ulqin shtohet me 50 an\u00ebtar\u00eb t\u00eb rinj + Foto - Lajme nga Ulqini\" \/>\n<meta property=\"og:description\" content=\"UDSH: PRANIMI I MBI 50 AN\u00cbTAR\u00cbVE T\u00cb RINJ \u201cUnioni Demokratik i Shqiptar\u00ebve nuk d\u00ebshiron rinin e cila vazhdimisht di\u00e7ka pret, por kultivon rinin e cila\" \/>\n<meta property=\"og:url\" content=\"https:\/\/www.visit-ulcinj.com\/blog\/2013\/12\/31\/udsh-ne-ulqin-shtohet-me-50-anetare-te-rinj-foto\/\" \/>\n<meta property=\"og:site_name\" content=\"Lajme nga Ulqini\" \/>\n<meta property=\"article:published_time\" content=\"2013-12-31T10:38:15+00:00\" \/>\n<meta property=\"article:modified_time\" content=\"2013-12-31T13:10:41+00:00\" \/>\n<meta property=\"og:image\" content=\"https:\/\/www.visit-ulcinj.com\/blog\/wp-content\/uploads\/2013\/12\/UDSH-ne-Ulqin-shtohet-me-50-an\u00ebtar\u00eb-1-150x150.jpg\" \/>\n<meta name=\"twitter:label1\" content=\"Written by\" \/>\n\t<meta name=\"twitter:data1\" content=\"ulqini\" \/>\n\t<meta name=\"twitter:label2\" content=\"Est. reading time\" \/>\n\t<meta name=\"twitter:data2\" content=\"1 minute\" \/>\n<script type=\"application\/ld+json\" class=\"yoast-schema-graph\">{\"@context\":\"https:\/\/schema.org\",\"@graph\":[{\"@type\":\"WebSite\",\"@id\":\"https:\/\/www.visit-ulcinj.com\/blog\/#website\",\"url\":\"https:\/\/www.visit-ulcinj.com\/blog\/\",\"name\":\"Lajme nga Ulqini\",\"description\":\"Lajme,Vijesti,Ulqini,Ulqin,Crna Gora,Mali i Zi\",\"potentialAction\":[{\"@type\":\"SearchAction\",\"target\":{\"@type\":\"EntryPoint\",\"urlTemplate\":\"https:\/\/www.visit-ulcinj.com\/blog\/?s={search_term_string}\"},\"query-input\":\"required name=search_term_string\"}],\"inLanguage\":\"en-US\"},{\"@type\":\"WebPage\",\"@id\":\"https:\/\/www.visit-ulcinj.com\/blog\/2013\/12\/31\/udsh-ne-ulqin-shtohet-me-50-anetare-te-rinj-foto\/#webpage\",\"url\":\"https:\/\/www.visit-ulcinj.com\/blog\/2013\/12\/31\/udsh-ne-ulqin-shtohet-me-50-anetare-te-rinj-foto\/\",\"name\":\"UDSH ne Ulqin shtohet me 50 an\u00ebtar\u00eb t\u00eb rinj + Foto - Lajme nga Ulqini\",\"isPartOf\":{\"@id\":\"https:\/\/www.visit-ulcinj.com\/blog\/#website\"},\"datePublished\":\"2013-12-31T10:38:15+00:00\",\"dateModified\":\"2013-12-31T13:10:41+00:00\",\"author\":{\"@id\":\"https:\/\/www.visit-ulcinj.com\/blog\/#\/schema\/person\/dcab619c614d3038751c63bc2aadc06d\"},\"description\":\"UDSH: PRANIMI I MBI 50 AN\u00cbTAR\u00cbVE T\u00cb RINJ \u201cUnioni Demokratik i Shqiptar\u00ebve nuk d\u00ebshiron rinin e cila vazhdimisht di\u00e7ka pret, por kultivon rinin e cila\",\"breadcrumb\":{\"@id\":\"https:\/\/www.visit-ulcinj.com\/blog\/2013\/12\/31\/udsh-ne-ulqin-shtohet-me-50-anetare-te-rinj-foto\/#breadcrumb\"},\"inLanguage\":\"en-US\",\"potentialAction\":[{\"@type\":\"ReadAction\",\"target\":[\"https:\/\/www.visit-ulcinj.com\/blog\/2013\/12\/31\/udsh-ne-ulqin-shtohet-me-50-anetare-te-rinj-foto\/\"]}]},{\"@type\":\"BreadcrumbList\",\"@id\":\"https:\/\/www.visit-ulcinj.com\/blog\/2013\/12\/31\/udsh-ne-ulqin-shtohet-me-50-anetare-te-rinj-foto\/#breadcrumb\",\"itemListElement\":[{\"@type\":\"ListItem\",\"position\":1,\"name\":\"UDSH ne Ulqin shtohet me 50 an\u00ebtar\u00eb t\u00eb rinj + Foto\"}]},{\"@type\":\"Person\",\"@id\":\"https:\/\/www.visit-ulcinj.com\/blog\/#\/schema\/person\/dcab619c614d3038751c63bc2aadc06d\",\"name\":\"ulqini\",\"sameAs\":[\"http:\/\/www.visit-ulcinj.com\"],\"url\":\"https:\/\/www.visit-ulcinj.com\/blog\/author\/admin\/\"}]}<\/script>\n<!-- \/ Yoast SEO plugin. -->","yoast_head_json":{"title":"UDSH ne Ulqin shtohet me 50 an\u00ebtar\u00eb t\u00eb rinj + Foto - Lajme nga Ulqini","description":"UDSH: PRANIMI I MBI 50 AN\u00cbTAR\u00cbVE T\u00cb RINJ \u201cUnioni Demokratik i Shqiptar\u00ebve nuk d\u00ebshiron rinin e cila vazhdimisht di\u00e7ka pret, por kultivon rinin e cila","robots":{"index":"index","follow":"follow","max-snippet":"max-snippet:-1","max-image-preview":"max-image-preview:large","max-video-preview":"max-video-preview:-1"},"canonical":"https:\/\/www.visit-ulcinj.com\/blog\/2013\/12\/31\/udsh-ne-ulqin-shtohet-me-50-anetare-te-rinj-foto\/","og_locale":"en_US","og_type":"article","og_title":"UDSH ne Ulqin shtohet me 50 an\u00ebtar\u00eb t\u00eb rinj + Foto - Lajme nga Ulqini","og_description":"UDSH: PRANIMI I MBI 50 AN\u00cbTAR\u00cbVE T\u00cb RINJ \u201cUnioni Demokratik i Shqiptar\u00ebve nuk d\u00ebshiron rinin e cila vazhdimisht di\u00e7ka pret, por kultivon rinin e cila","og_url":"https:\/\/www.visit-ulcinj.com\/blog\/2013\/12\/31\/udsh-ne-ulqin-shtohet-me-50-anetare-te-rinj-foto\/","og_site_name":"Lajme nga Ulqini","article_published_time":"2013-12-31T10:38:15+00:00","article_modified_time":"2013-12-31T13:10:41+00:00","og_image":[{"url":"https:\/\/www.visit-ulcinj.com\/blog\/wp-content\/uploads\/2013\/12\/UDSH-ne-Ulqin-shtohet-me-50-an\u00ebtar\u00eb-1-150x150.jpg"}],"twitter_misc":{"Written by":"ulqini","Est. reading time":"1 minute"},"schema":{"@context":"https:\/\/schema.org","@graph":[{"@type":"WebSite","@id":"https:\/\/www.visit-ulcinj.com\/blog\/#website","url":"https:\/\/www.visit-ulcinj.com\/blog\/","name":"Lajme nga Ulqini","description":"Lajme,Vijesti,Ulqini,Ulqin,Crna Gora,Mali i Zi","potentialAction":[{"@type":"SearchAction","target":{"@type":"EntryPoint","urlTemplate":"https:\/\/www.visit-ulcinj.com\/blog\/?s={search_term_string}"},"query-input":"required name=search_term_string"}],"inLanguage":"en-US"},{"@type":"WebPage","@id":"https:\/\/www.visit-ulcinj.com\/blog\/2013\/12\/31\/udsh-ne-ulqin-shtohet-me-50-anetare-te-rinj-foto\/#webpage","url":"https:\/\/www.visit-ulcinj.com\/blog\/2013\/12\/31\/udsh-ne-ulqin-shtohet-me-50-anetare-te-rinj-foto\/","name":"UDSH ne Ulqin shtohet me 50 an\u00ebtar\u00eb t\u00eb rinj + Foto - Lajme nga Ulqini","isPartOf":{"@id":"https:\/\/www.visit-ulcinj.com\/blog\/#website"},"datePublished":"2013-12-31T10:38:15+00:00","dateModified":"2013-12-31T13:10:41+00:00","author":{"@id":"https:\/\/www.visit-ulcinj.com\/blog\/#\/schema\/person\/dcab619c614d3038751c63bc2aadc06d"},"description":"UDSH: PRANIMI I MBI 50 AN\u00cbTAR\u00cbVE T\u00cb RINJ \u201cUnioni Demokratik i Shqiptar\u00ebve nuk d\u00ebshiron rinin e cila vazhdimisht di\u00e7ka pret, por kultivon rinin e cila","breadcrumb":{"@id":"https:\/\/www.visit-ulcinj.com\/blog\/2013\/12\/31\/udsh-ne-ulqin-shtohet-me-50-anetare-te-rinj-foto\/#breadcrumb"},"inLanguage":"en-US","potentialAction":[{"@type":"ReadAction","target":["https:\/\/www.visit-ulcinj.com\/blog\/2013\/12\/31\/udsh-ne-ulqin-shtohet-me-50-anetare-te-rinj-foto\/"]}]},{"@type":"BreadcrumbList","@id":"https:\/\/www.visit-ulcinj.com\/blog\/2013\/12\/31\/udsh-ne-ulqin-shtohet-me-50-anetare-te-rinj-foto\/#breadcrumb","itemListElement":[{"@type":"ListItem","position":1,"name":"UDSH ne Ulqin shtohet me 50 an\u00ebtar\u00eb t\u00eb rinj + Foto"}]},{"@type":"Person","@id":"https:\/\/www.visit-ulcinj.com\/blog\/#\/schema\/person\/dcab619c614d3038751c63bc2aadc06d","name":"ulqini","sameAs":["http:\/\/www.visit-ulcinj.com"],"url":"https:\/\/www.visit-ulcinj.com\/blog\/author\/admin\/"}]}},"jetpack_featured_media_url":"","jetpack_sharing_enabled":true,"jetpack_shortlink":"https:\/\/wp.me\/pe6lTn-kdw","_links":{"self":[{"href":"https:\/\/www.visit-ulcinj.com\/blog\/wp-json\/wp\/v2\/posts\/77718"}],"collection":[{"href":"https:\/\/www.visit-ulcinj.com\/blog\/wp-json\/wp\/v2\/posts"}],"about":[{"href":"https:\/\/www.visit-ulcinj.com\/blog\/wp-json\/wp\/v2\/types\/post"}],"author":[{"embeddable":true,"href":"https:\/\/www.visit-ulcinj.com\/blog\/wp-json\/wp\/v2\/users\/1"}],"replies":[{"embeddable":true,"href":"https:\/\/www.visit-ulcinj.com\/blog\/wp-json\/wp\/v2\/comments?post=77718"}],"version-history":[{"count":3,"href":"https:\/\/www.visit-ulcinj.com\/blog\/wp-json\/wp\/v2\/posts\/77718\/revisions"}],"predecessor-version":[{"id":77805,"href":"https:\/\/www.visit-ulcinj.com\/blog\/wp-json\/wp\/v2\/posts\/77718\/revisions\/77805"}],"wp:attachment":[{"href":"https:\/\/www.visit-ulcinj.com\/blog\/wp-json\/wp\/v2\/media?parent=77718"}],"wp:term":[{"taxonomy":"category","embeddable":true,"href":"https:\/\/www.visit-ulcinj.com\/blog\/wp-json\/wp\/v2\/categories?post=77718"},{"taxonomy":"post_tag","embeddable":true,"href":"https:\/\/www.visit-ulcinj.com\/blog\/wp-json\/wp\/v2\/tags?post=77718"}],"curies":[{"name":"wp","href":"https:\/\/api.w.org\/{rel}","templated":true}]}}