{"id":77735,"date":"2013-12-31T11:52:06","date_gmt":"2013-12-31T10:52:06","guid":{"rendered":"http:\/\/www.visit-ulcinj.com\/blog\/?p=77735"},"modified":"2013-12-31T11:56:42","modified_gmt":"2013-12-31T10:56:42","slug":"e-gjithe-diaspora-ne-hotel-mediteran-ulqin-foto-video","status":"publish","type":"post","link":"https:\/\/www.visit-ulcinj.com\/blog\/2013\/12\/31\/e-gjithe-diaspora-ne-hotel-mediteran-ulqin-foto-video\/","title":{"rendered":"E gjith\u00eb Diaspora n\u00eb Hotel Mediteran Ulqin + Foto + Video"},"content":{"rendered":"<div><a href=\"http:\/\/www.visit-ulcinj.com\/blog\/wp-content\/uploads\/2013\/12\/Sofra-e-Shqipes-Blu-Sky-Music-Hotel-Mediteran-Ulqin-5.jpg\"><img loading=\"lazy\" class=\"alignleft  wp-image-77739\" alt=\"Sofra e Shqipes-Blu Sky Music -Hotel-Mediteran-Ulqin-5\" src=\"http:\/\/www.visit-ulcinj.com\/blog\/wp-content\/uploads\/2013\/12\/Sofra-e-Shqipes-Blu-Sky-Music-Hotel-Mediteran-Ulqin-5.jpg\" width=\"508\" height=\"360\" \/><\/a>Nj\u00eb nd\u00ebr programet \u00a0m\u00eb t\u00eb mira muzikore sic \u00ebsht\u00eb \u201dSofra e Shqipes\u201d u realizua n\u00eb Ulqin me nj\u00eb sukses t\u00eb madh. M\u00eb shum\u00eb se 450 t\u00eb mysafir\u00eb nga Diaspora an\u00eb e mban\u00eb e ndoqen spektaklin n\u00eb hap\u00ebsirat e Hotel Mediteran Ulqin.<\/div>\n<div><\/div>\n<div>\u201cSofra e Shqipes\u201d sic e kemi deklaruar n\u00eb fillim do sillte nje sukses t\u00eb garantuar me vehte. Televizioni Blu Sky Music, p\u00ebr here t\u00eb pare organizon nj\u00eb eveniment t\u00eb k\u00ebsaj audience n\u00eb Ulqin. Dhe duket se k\u00ebtij evenimenti i \u00ebsht\u00eb harmonizuar bukur muzika e mire, ambjentet mik\u00ebprit\u00ebs t\u00eb Hotelit dhe ushqimi tradicional.<\/div>\n<div><\/div>\n<div>\u201cSofra e Shqipes\u201d do mbahet mend gjat\u00eb jo vet\u00ebn nga mysafir\u00ebt q\u00eb e ndoqen evenimentin Live, por edhe nga teleshikuesit t\u00eb cil\u00ebt do t\u00eb zgjedhin TV Blu Sky p\u00ebr t\u00eb kaluar or\u00eb festive n\u00eb familjet e tyre.<\/div>\n<p>Ne jemi te k\u00ebnaqur q\u00eb tju ofrojm\u00eb mysafir\u00ebve ton\u00eb gjithmon\u00eb nj\u00eb arsye p\u00ebr t\u00eb na vizituar. Tek ne gjithmon\u00eb do jet\u00eb ai ambijenti I ngroht\u00eb dhe mik\u00ebprit\u00ebs dhe ushqimi cil\u00ebsor tradicional n\u00eb sh\u00ebrbimin tuaj, poashtu Hotel Mediteran \u00ebsht\u00eb gjithmon\u00eb n\u00eb k\u00ebrkim t\u00eb ofertave t\u00eb reja p\u00ebr ju!<\/p>\n<!--YouTube Error: bad URL entered-->\n<p><strong>M\u00eb tep\u00ebr Foto n\u00eb <a id=\"js_3\" href=\"https:\/\/www.facebook.com\/hotelmediteran.ulcinj\" data-hovercard=\"\/ajax\/hovercard\/user.php?id=100003374093959\">Hotel-Mediteran Ulcinj <\/a>Facebook<\/strong><\/p>\n\n\t\t<style type=\"text\/css\">\n\t\t\t#gallery-1 {\n\t\t\t\tmargin: auto;\n\t\t\t}\n\t\t\t#gallery-1 .gallery-item {\n\t\t\t\tfloat: left;\n\t\t\t\tmargin-top: 10px;\n\t\t\t\ttext-align: center;\n\t\t\t\twidth: 33%;\n\t\t\t}\n\t\t\t#gallery-1 img {\n\t\t\t\tborder: 2px solid #cfcfcf;\n\t\t\t}\n\t\t\t#gallery-1 .gallery-caption {\n\t\t\t\tmargin-left: 0;\n\t\t\t}\n\t\t\t\/* see gallery_shortcode() in wp-includes\/media.php *\/\n\t\t<\/style>\n\t\t<div id='gallery-1' class='gallery galleryid-77735 gallery-columns-3 gallery-size-thumbnail'><dl class='gallery-item'>\n\t\t\t<dt class='gallery-icon landscape'>\n\t\t\t\t<a href='https:\/\/www.visit-ulcinj.com\/blog\/2013\/12\/31\/e-gjithe-diaspora-ne-hotel-mediteran-ulqin-foto-video\/sofra-e-shqipes-blu-sky-music-hotel-mediteran-ulqin\/'><img width=\"150\" height=\"150\" src=\"https:\/\/www.visit-ulcinj.com\/blog\/wp-content\/uploads\/2013\/12\/Sofra-e-Shqipes-Blu-Sky-Music-Hotel-Mediteran-Ulqin-150x150.jpg\" class=\"attachment-thumbnail size-thumbnail\" alt=\"\" loading=\"lazy\" \/><\/a>\n\t\t\t<\/dt><\/dl><dl class='gallery-item'>\n\t\t\t<dt class='gallery-icon landscape'>\n\t\t\t\t<a href='https:\/\/www.visit-ulcinj.com\/blog\/2013\/12\/31\/e-gjithe-diaspora-ne-hotel-mediteran-ulqin-foto-video\/sofra-e-shqipes-blu-sky-music-hotel-mediteran-ulqin-1\/'><img width=\"150\" height=\"150\" src=\"https:\/\/www.visit-ulcinj.com\/blog\/wp-content\/uploads\/2013\/12\/Sofra-e-Shqipes-Blu-Sky-Music-Hotel-Mediteran-Ulqin-1-150x150.jpg\" class=\"attachment-thumbnail size-thumbnail\" alt=\"\" loading=\"lazy\" \/><\/a>\n\t\t\t<\/dt><\/dl><dl class='gallery-item'>\n\t\t\t<dt class='gallery-icon landscape'>\n\t\t\t\t<a href='https:\/\/www.visit-ulcinj.com\/blog\/2013\/12\/31\/e-gjithe-diaspora-ne-hotel-mediteran-ulqin-foto-video\/sofra-e-shqipes-blu-sky-music-hotel-mediteran-ulqin-2\/'><img width=\"150\" height=\"150\" src=\"https:\/\/www.visit-ulcinj.com\/blog\/wp-content\/uploads\/2013\/12\/Sofra-e-Shqipes-Blu-Sky-Music-Hotel-Mediteran-Ulqin-2-150x150.jpg\" class=\"attachment-thumbnail size-thumbnail\" alt=\"\" loading=\"lazy\" \/><\/a>\n\t\t\t<\/dt><\/dl><br style=\"clear: both\" \/><dl class='gallery-item'>\n\t\t\t<dt class='gallery-icon landscape'>\n\t\t\t\t<a href='https:\/\/www.visit-ulcinj.com\/blog\/2013\/12\/31\/e-gjithe-diaspora-ne-hotel-mediteran-ulqin-foto-video\/sofra-e-shqipes-blu-sky-music-hotel-mediteran-ulqin-3\/'><img width=\"150\" height=\"150\" src=\"https:\/\/www.visit-ulcinj.com\/blog\/wp-content\/uploads\/2013\/12\/Sofra-e-Shqipes-Blu-Sky-Music-Hotel-Mediteran-Ulqin-3-150x150.jpg\" class=\"attachment-thumbnail size-thumbnail\" alt=\"\" loading=\"lazy\" \/><\/a>\n\t\t\t<\/dt><\/dl><dl class='gallery-item'>\n\t\t\t<dt class='gallery-icon landscape'>\n\t\t\t\t<a href='https:\/\/www.visit-ulcinj.com\/blog\/2013\/12\/31\/e-gjithe-diaspora-ne-hotel-mediteran-ulqin-foto-video\/sofra-e-shqipes-blu-sky-music-hotel-mediteran-ulqin-4\/'><img width=\"150\" height=\"150\" src=\"https:\/\/www.visit-ulcinj.com\/blog\/wp-content\/uploads\/2013\/12\/Sofra-e-Shqipes-Blu-Sky-Music-Hotel-Mediteran-Ulqin-4-150x150.jpg\" class=\"attachment-thumbnail size-thumbnail\" alt=\"\" loading=\"lazy\" \/><\/a>\n\t\t\t<\/dt><\/dl><dl class='gallery-item'>\n\t\t\t<dt class='gallery-icon landscape'>\n\t\t\t\t<a href='https:\/\/www.visit-ulcinj.com\/blog\/2013\/12\/31\/e-gjithe-diaspora-ne-hotel-mediteran-ulqin-foto-video\/sofra-e-shqipes-blu-sky-music-hotel-mediteran-ulqin-6\/'><img width=\"150\" height=\"150\" src=\"https:\/\/www.visit-ulcinj.com\/blog\/wp-content\/uploads\/2013\/12\/Sofra-e-Shqipes-Blu-Sky-Music-Hotel-Mediteran-Ulqin-6-150x150.jpg\" class=\"attachment-thumbnail size-thumbnail\" alt=\"\" loading=\"lazy\" \/><\/a>\n\t\t\t<\/dt><\/dl><br style=\"clear: both\" \/><dl class='gallery-item'>\n\t\t\t<dt class='gallery-icon landscape'>\n\t\t\t\t<a href='https:\/\/www.visit-ulcinj.com\/blog\/2013\/12\/31\/e-gjithe-diaspora-ne-hotel-mediteran-ulqin-foto-video\/sofra-e-shqipes-blu-sky-music-hotel-mediteran-ulqin-7\/'><img width=\"150\" height=\"150\" src=\"https:\/\/www.visit-ulcinj.com\/blog\/wp-content\/uploads\/2013\/12\/Sofra-e-Shqipes-Blu-Sky-Music-Hotel-Mediteran-Ulqin-7-150x150.jpg\" class=\"attachment-thumbnail size-thumbnail\" alt=\"\" loading=\"lazy\" \/><\/a>\n\t\t\t<\/dt><\/dl><dl class='gallery-item'>\n\t\t\t<dt class='gallery-icon landscape'>\n\t\t\t\t<a href='https:\/\/www.visit-ulcinj.com\/blog\/2013\/12\/31\/e-gjithe-diaspora-ne-hotel-mediteran-ulqin-foto-video\/sofra-e-shqipes-blu-sky-music-hotel-mediteran-ulqin-8\/'><img width=\"150\" height=\"150\" src=\"https:\/\/www.visit-ulcinj.com\/blog\/wp-content\/uploads\/2013\/12\/Sofra-e-Shqipes-Blu-Sky-Music-Hotel-Mediteran-Ulqin-8-150x150.jpg\" class=\"attachment-thumbnail size-thumbnail\" alt=\"\" loading=\"lazy\" \/><\/a>\n\t\t\t<\/dt><\/dl><dl class='gallery-item'>\n\t\t\t<dt class='gallery-icon landscape'>\n\t\t\t\t<a href='https:\/\/www.visit-ulcinj.com\/blog\/2013\/12\/31\/e-gjithe-diaspora-ne-hotel-mediteran-ulqin-foto-video\/sofra-e-shqipes-blu-sky-music-hotel-mediteran-ulqin-9\/'><img width=\"150\" height=\"150\" src=\"https:\/\/www.visit-ulcinj.com\/blog\/wp-content\/uploads\/2013\/12\/Sofra-e-Shqipes-Blu-Sky-Music-Hotel-Mediteran-Ulqin-9-150x150.jpg\" class=\"attachment-thumbnail size-thumbnail\" alt=\"\" loading=\"lazy\" \/><\/a>\n\t\t\t<\/dt><\/dl><br style=\"clear: both\" \/>\n\t\t<\/div>\n\n","protected":false},"excerpt":{"rendered":"<p>Nj\u00eb nd\u00ebr programet \u00a0m\u00eb t\u00eb mira muzikore sic \u00ebsht\u00eb \u201dSofra e Shqipes\u201d u realizua n\u00eb Ulqin me nj\u00eb sukses t\u00eb madh. M\u00eb shum\u00eb se 450 t\u00eb mysafir\u00eb nga Diaspora an\u00eb e mban\u00eb e ndoqen spektaklin n\u00eb hap\u00ebsirat e Hotel Mediteran Ulqin. \u201cSofra e Shqipes\u201d sic e kemi deklaruar n\u00eb fillim do sillte nje sukses t\u00eb [&hellip;]<\/p>\n","protected":false},"author":1,"featured_media":0,"comment_status":"closed","ping_status":"closed","sticky":false,"template":"","format":"standard","meta":{"spay_email":"","jetpack_publicize_message":"","jetpack_is_tweetstorm":false,"jetpack_publicize_feature_enabled":true},"categories":[1],"tags":[],"jetpack_publicize_connections":[],"yoast_head":"<!-- This site is optimized with the Yoast SEO plugin v19.1 - https:\/\/yoast.com\/wordpress\/plugins\/seo\/ -->\n<title>E gjith\u00eb Diaspora n\u00eb Hotel Mediteran Ulqin + Foto + Video - Lajme nga Ulqini<\/title>\n<meta name=\"description\" content=\"Nj\u00eb nd\u00ebr programet \u00a0m\u00eb t\u00eb mira muzikore sic \u00ebsht\u00eb \u201dSofra e Shqipes\u201d u realizua n\u00eb Ulqin me nj\u00eb sukses t\u00eb madh. M\u00eb shum\u00eb se 450 t\u00eb mysafir\u00eb nga Diaspora\" \/>\n<meta name=\"robots\" content=\"index, follow, max-snippet:-1, max-image-preview:large, max-video-preview:-1\" \/>\n<link rel=\"canonical\" href=\"https:\/\/www.visit-ulcinj.com\/blog\/2013\/12\/31\/e-gjithe-diaspora-ne-hotel-mediteran-ulqin-foto-video\/\" \/>\n<meta property=\"og:locale\" content=\"en_US\" \/>\n<meta property=\"og:type\" content=\"article\" \/>\n<meta property=\"og:title\" content=\"E gjith\u00eb Diaspora n\u00eb Hotel Mediteran Ulqin + Foto + Video - Lajme nga Ulqini\" \/>\n<meta property=\"og:description\" content=\"Nj\u00eb nd\u00ebr programet \u00a0m\u00eb t\u00eb mira muzikore sic \u00ebsht\u00eb \u201dSofra e Shqipes\u201d u realizua n\u00eb Ulqin me nj\u00eb sukses t\u00eb madh. M\u00eb shum\u00eb se 450 t\u00eb mysafir\u00eb nga Diaspora\" \/>\n<meta property=\"og:url\" content=\"https:\/\/www.visit-ulcinj.com\/blog\/2013\/12\/31\/e-gjithe-diaspora-ne-hotel-mediteran-ulqin-foto-video\/\" \/>\n<meta property=\"og:site_name\" content=\"Lajme nga Ulqini\" \/>\n<meta property=\"article:published_time\" content=\"2013-12-31T10:52:06+00:00\" \/>\n<meta property=\"article:modified_time\" content=\"2013-12-31T10:56:42+00:00\" \/>\n<meta property=\"og:image\" content=\"https:\/\/www.visit-ulcinj.com\/blog\/wp-content\/uploads\/2013\/12\/Sofra-e-Shqipes-Blu-Sky-Music-Hotel-Mediteran-Ulqin-150x150.jpg\" \/>\n<meta name=\"twitter:label1\" content=\"Written by\" \/>\n\t<meta name=\"twitter:data1\" content=\"ulqini\" \/>\n\t<meta name=\"twitter:label2\" content=\"Est. reading time\" \/>\n\t<meta name=\"twitter:data2\" content=\"1 minute\" \/>\n<script type=\"application\/ld+json\" class=\"yoast-schema-graph\">{\"@context\":\"https:\/\/schema.org\",\"@graph\":[{\"@type\":\"WebSite\",\"@id\":\"https:\/\/www.visit-ulcinj.com\/blog\/#website\",\"url\":\"https:\/\/www.visit-ulcinj.com\/blog\/\",\"name\":\"Lajme nga Ulqini\",\"description\":\"Lajme,Vijesti,Ulqini,Ulqin,Crna Gora,Mali i Zi\",\"potentialAction\":[{\"@type\":\"SearchAction\",\"target\":{\"@type\":\"EntryPoint\",\"urlTemplate\":\"https:\/\/www.visit-ulcinj.com\/blog\/?s={search_term_string}\"},\"query-input\":\"required name=search_term_string\"}],\"inLanguage\":\"en-US\"},{\"@type\":\"ImageObject\",\"inLanguage\":\"en-US\",\"@id\":\"https:\/\/www.visit-ulcinj.com\/blog\/2013\/12\/31\/e-gjithe-diaspora-ne-hotel-mediteran-ulqin-foto-video\/#primaryimage\",\"url\":\"https:\/\/www.visit-ulcinj.com\/blog\/wp-content\/uploads\/2013\/12\/Sofra-e-Shqipes-Blu-Sky-Music-Hotel-Mediteran-Ulqin-5.jpg\",\"contentUrl\":\"https:\/\/www.visit-ulcinj.com\/blog\/wp-content\/uploads\/2013\/12\/Sofra-e-Shqipes-Blu-Sky-Music-Hotel-Mediteran-Ulqin-5.jpg\",\"width\":960,\"height\":720},{\"@type\":\"WebPage\",\"@id\":\"https:\/\/www.visit-ulcinj.com\/blog\/2013\/12\/31\/e-gjithe-diaspora-ne-hotel-mediteran-ulqin-foto-video\/#webpage\",\"url\":\"https:\/\/www.visit-ulcinj.com\/blog\/2013\/12\/31\/e-gjithe-diaspora-ne-hotel-mediteran-ulqin-foto-video\/\",\"name\":\"E gjith\u00eb Diaspora n\u00eb Hotel Mediteran Ulqin + Foto + Video - Lajme nga Ulqini\",\"isPartOf\":{\"@id\":\"https:\/\/www.visit-ulcinj.com\/blog\/#website\"},\"primaryImageOfPage\":{\"@id\":\"https:\/\/www.visit-ulcinj.com\/blog\/2013\/12\/31\/e-gjithe-diaspora-ne-hotel-mediteran-ulqin-foto-video\/#primaryimage\"},\"datePublished\":\"2013-12-31T10:52:06+00:00\",\"dateModified\":\"2013-12-31T10:56:42+00:00\",\"author\":{\"@id\":\"https:\/\/www.visit-ulcinj.com\/blog\/#\/schema\/person\/dcab619c614d3038751c63bc2aadc06d\"},\"description\":\"Nj\u00eb nd\u00ebr programet \u00a0m\u00eb t\u00eb mira muzikore sic \u00ebsht\u00eb \u201dSofra e Shqipes\u201d u realizua n\u00eb Ulqin me nj\u00eb sukses t\u00eb madh. M\u00eb shum\u00eb se 450 t\u00eb mysafir\u00eb nga Diaspora\",\"breadcrumb\":{\"@id\":\"https:\/\/www.visit-ulcinj.com\/blog\/2013\/12\/31\/e-gjithe-diaspora-ne-hotel-mediteran-ulqin-foto-video\/#breadcrumb\"},\"inLanguage\":\"en-US\",\"potentialAction\":[{\"@type\":\"ReadAction\",\"target\":[\"https:\/\/www.visit-ulcinj.com\/blog\/2013\/12\/31\/e-gjithe-diaspora-ne-hotel-mediteran-ulqin-foto-video\/\"]}]},{\"@type\":\"BreadcrumbList\",\"@id\":\"https:\/\/www.visit-ulcinj.com\/blog\/2013\/12\/31\/e-gjithe-diaspora-ne-hotel-mediteran-ulqin-foto-video\/#breadcrumb\",\"itemListElement\":[{\"@type\":\"ListItem\",\"position\":1,\"name\":\"E gjith\u00eb Diaspora n\u00eb Hotel Mediteran Ulqin + Foto + Video\"}]},{\"@type\":\"Person\",\"@id\":\"https:\/\/www.visit-ulcinj.com\/blog\/#\/schema\/person\/dcab619c614d3038751c63bc2aadc06d\",\"name\":\"ulqini\",\"sameAs\":[\"http:\/\/www.visit-ulcinj.com\"],\"url\":\"https:\/\/www.visit-ulcinj.com\/blog\/author\/admin\/\"}]}<\/script>\n<!-- \/ Yoast SEO plugin. -->","yoast_head_json":{"title":"E gjith\u00eb Diaspora n\u00eb Hotel Mediteran Ulqin + Foto + Video - Lajme nga Ulqini","description":"Nj\u00eb nd\u00ebr programet \u00a0m\u00eb t\u00eb mira muzikore sic \u00ebsht\u00eb \u201dSofra e Shqipes\u201d u realizua n\u00eb Ulqin me nj\u00eb sukses t\u00eb madh. M\u00eb shum\u00eb se 450 t\u00eb mysafir\u00eb nga Diaspora","robots":{"index":"index","follow":"follow","max-snippet":"max-snippet:-1","max-image-preview":"max-image-preview:large","max-video-preview":"max-video-preview:-1"},"canonical":"https:\/\/www.visit-ulcinj.com\/blog\/2013\/12\/31\/e-gjithe-diaspora-ne-hotel-mediteran-ulqin-foto-video\/","og_locale":"en_US","og_type":"article","og_title":"E gjith\u00eb Diaspora n\u00eb Hotel Mediteran Ulqin + Foto + Video - Lajme nga Ulqini","og_description":"Nj\u00eb nd\u00ebr programet \u00a0m\u00eb t\u00eb mira muzikore sic \u00ebsht\u00eb \u201dSofra e Shqipes\u201d u realizua n\u00eb Ulqin me nj\u00eb sukses t\u00eb madh. M\u00eb shum\u00eb se 450 t\u00eb mysafir\u00eb nga Diaspora","og_url":"https:\/\/www.visit-ulcinj.com\/blog\/2013\/12\/31\/e-gjithe-diaspora-ne-hotel-mediteran-ulqin-foto-video\/","og_site_name":"Lajme nga Ulqini","article_published_time":"2013-12-31T10:52:06+00:00","article_modified_time":"2013-12-31T10:56:42+00:00","og_image":[{"url":"https:\/\/www.visit-ulcinj.com\/blog\/wp-content\/uploads\/2013\/12\/Sofra-e-Shqipes-Blu-Sky-Music-Hotel-Mediteran-Ulqin-150x150.jpg"}],"twitter_misc":{"Written by":"ulqini","Est. reading time":"1 minute"},"schema":{"@context":"https:\/\/schema.org","@graph":[{"@type":"WebSite","@id":"https:\/\/www.visit-ulcinj.com\/blog\/#website","url":"https:\/\/www.visit-ulcinj.com\/blog\/","name":"Lajme nga Ulqini","description":"Lajme,Vijesti,Ulqini,Ulqin,Crna Gora,Mali i Zi","potentialAction":[{"@type":"SearchAction","target":{"@type":"EntryPoint","urlTemplate":"https:\/\/www.visit-ulcinj.com\/blog\/?s={search_term_string}"},"query-input":"required name=search_term_string"}],"inLanguage":"en-US"},{"@type":"ImageObject","inLanguage":"en-US","@id":"https:\/\/www.visit-ulcinj.com\/blog\/2013\/12\/31\/e-gjithe-diaspora-ne-hotel-mediteran-ulqin-foto-video\/#primaryimage","url":"https:\/\/www.visit-ulcinj.com\/blog\/wp-content\/uploads\/2013\/12\/Sofra-e-Shqipes-Blu-Sky-Music-Hotel-Mediteran-Ulqin-5.jpg","contentUrl":"https:\/\/www.visit-ulcinj.com\/blog\/wp-content\/uploads\/2013\/12\/Sofra-e-Shqipes-Blu-Sky-Music-Hotel-Mediteran-Ulqin-5.jpg","width":960,"height":720},{"@type":"WebPage","@id":"https:\/\/www.visit-ulcinj.com\/blog\/2013\/12\/31\/e-gjithe-diaspora-ne-hotel-mediteran-ulqin-foto-video\/#webpage","url":"https:\/\/www.visit-ulcinj.com\/blog\/2013\/12\/31\/e-gjithe-diaspora-ne-hotel-mediteran-ulqin-foto-video\/","name":"E gjith\u00eb Diaspora n\u00eb Hotel Mediteran Ulqin + Foto + Video - Lajme nga Ulqini","isPartOf":{"@id":"https:\/\/www.visit-ulcinj.com\/blog\/#website"},"primaryImageOfPage":{"@id":"https:\/\/www.visit-ulcinj.com\/blog\/2013\/12\/31\/e-gjithe-diaspora-ne-hotel-mediteran-ulqin-foto-video\/#primaryimage"},"datePublished":"2013-12-31T10:52:06+00:00","dateModified":"2013-12-31T10:56:42+00:00","author":{"@id":"https:\/\/www.visit-ulcinj.com\/blog\/#\/schema\/person\/dcab619c614d3038751c63bc2aadc06d"},"description":"Nj\u00eb nd\u00ebr programet \u00a0m\u00eb t\u00eb mira muzikore sic \u00ebsht\u00eb \u201dSofra e Shqipes\u201d u realizua n\u00eb Ulqin me nj\u00eb sukses t\u00eb madh. M\u00eb shum\u00eb se 450 t\u00eb mysafir\u00eb nga Diaspora","breadcrumb":{"@id":"https:\/\/www.visit-ulcinj.com\/blog\/2013\/12\/31\/e-gjithe-diaspora-ne-hotel-mediteran-ulqin-foto-video\/#breadcrumb"},"inLanguage":"en-US","potentialAction":[{"@type":"ReadAction","target":["https:\/\/www.visit-ulcinj.com\/blog\/2013\/12\/31\/e-gjithe-diaspora-ne-hotel-mediteran-ulqin-foto-video\/"]}]},{"@type":"BreadcrumbList","@id":"https:\/\/www.visit-ulcinj.com\/blog\/2013\/12\/31\/e-gjithe-diaspora-ne-hotel-mediteran-ulqin-foto-video\/#breadcrumb","itemListElement":[{"@type":"ListItem","position":1,"name":"E gjith\u00eb Diaspora n\u00eb Hotel Mediteran Ulqin + Foto + Video"}]},{"@type":"Person","@id":"https:\/\/www.visit-ulcinj.com\/blog\/#\/schema\/person\/dcab619c614d3038751c63bc2aadc06d","name":"ulqini","sameAs":["http:\/\/www.visit-ulcinj.com"],"url":"https:\/\/www.visit-ulcinj.com\/blog\/author\/admin\/"}]}},"jetpack_featured_media_url":"","jetpack_sharing_enabled":true,"jetpack_shortlink":"https:\/\/wp.me\/pe6lTn-kdN","_links":{"self":[{"href":"https:\/\/www.visit-ulcinj.com\/blog\/wp-json\/wp\/v2\/posts\/77735"}],"collection":[{"href":"https:\/\/www.visit-ulcinj.com\/blog\/wp-json\/wp\/v2\/posts"}],"about":[{"href":"https:\/\/www.visit-ulcinj.com\/blog\/wp-json\/wp\/v2\/types\/post"}],"author":[{"embeddable":true,"href":"https:\/\/www.visit-ulcinj.com\/blog\/wp-json\/wp\/v2\/users\/1"}],"replies":[{"embeddable":true,"href":"https:\/\/www.visit-ulcinj.com\/blog\/wp-json\/wp\/v2\/comments?post=77735"}],"version-history":[{"count":3,"href":"https:\/\/www.visit-ulcinj.com\/blog\/wp-json\/wp\/v2\/posts\/77735\/revisions"}],"predecessor-version":[{"id":77755,"href":"https:\/\/www.visit-ulcinj.com\/blog\/wp-json\/wp\/v2\/posts\/77735\/revisions\/77755"}],"wp:attachment":[{"href":"https:\/\/www.visit-ulcinj.com\/blog\/wp-json\/wp\/v2\/media?parent=77735"}],"wp:term":[{"taxonomy":"category","embeddable":true,"href":"https:\/\/www.visit-ulcinj.com\/blog\/wp-json\/wp\/v2\/categories?post=77735"},{"taxonomy":"post_tag","embeddable":true,"href":"https:\/\/www.visit-ulcinj.com\/blog\/wp-json\/wp\/v2\/tags?post=77735"}],"curies":[{"name":"wp","href":"https:\/\/api.w.org\/{rel}","templated":true}]}}