{"id":778,"date":"2008-03-06T12:35:55","date_gmt":"2008-03-06T17:35:55","guid":{"rendered":"http:\/\/www.visit-ulcinj.com\/blog\/2008\/03\/06\/ferhat-dinosa-uz-filip-vujanovica\/"},"modified":"2008-03-06T12:35:55","modified_gmt":"2008-03-06T17:35:55","slug":"ferhat-dinosa-uz-filip-vujanovica","status":"publish","type":"post","link":"https:\/\/www.visit-ulcinj.com\/blog\/2008\/03\/06\/ferhat-dinosa-uz-filip-vujanovica\/","title":{"rendered":"Ferhat Dino\u0161a uz Filip Vujanovi?a"},"content":{"rendered":"<p><a href=\"http:\/\/www.visit-ulcinj.com\/blog\/wp-content\/uploads\/2008\/03\/vujanovic_dinosa1.jpg\" rel=\"lightbox[pics-1204823931]\" title=\"Filip Vujanovi?_Ferhat Dino\u0161a\"><img loading=\"lazy\" src=\"http:\/\/www.visit-ulcinj.com\/blog\/wp-content\/uploads\/2008\/03\/vujanovic_dinosa1.thumbnail.jpg\" alt=\"Filip Vujanovi?_Ferhat Dino\u0161a\" align=\"left\" height=\"108\" width=\"200\" \/><\/a><strong>Dino\u0161a uz Filipa<\/strong><br \/>\nUlcinj &#8211; Predsjedni?ki kandidat DPS-a Filip Vujanovi? rekao je ju?e u Ulcinju da treba da obezbijedi puno ostvarenje manjinskih prava, ocjenjuju?i da Ustav i Zakon o manjinama na kvalitetan na?in tretiraju to pitanje.<br \/>\nVujanovi? je, nakon razgovora sa rukovodstvom DUA, poru?io da manjinama pripada predstavljanje u parlamentu kroz zagarantovane mandate.<br \/>\nOn je ponovio da Crna Gora ne treba ishitreno da reaguje kada je rije? o Kosovu i da treba da sa?uva stabilne odnose Srba i Albanaca.<a href=\"http:\/\/www.visit-ulcinj.com\/blog\/wp-content\/uploads\/2008\/03\/crnogorska_albanska-zastava-2.jpg\" rel=\"lightbox[pics-1204823931]\" title=\"crnogorska_albanska zastava\"><img loading=\"lazy\" src=\"http:\/\/www.visit-ulcinj.com\/blog\/wp-content\/uploads\/2008\/03\/crnogorska_albanska-zastava-2.thumbnail.jpg\" alt=\"crnogorska_albanska zastava\" align=\"right\" height=\"145\" width=\"153\" \/><\/a><br \/>\n&#8220;To je osnov na\u0161e unutra\u0161nje stabilnosti i cjelokupnog razvoja i prosperiteta&#8221;, kazao je Vujanovi?, dodaju?i da Crna Gora mora da sa?uva dobre odnose i sa Pri\u0161tinom i sa Beogradom.<br \/>\nOsvr?u?i se na su?enje u Vi\u0161em sudu u Podgorici u procesu &#8220;Orlov let&#8221; Vujanovi? je naglasio da o?ekuje punu a\u017eurnost suda i kvalitetno ispitivanje ?injenica.<br \/>\n<a href=\"http:\/\/www.visit-ulcinj.com\/blog\/wp-content\/uploads\/2008\/03\/vujanovic_dinosa.jpg\" rel=\"lightbox[pics-1204823931]\" title=\"Ferhat Dino\u0161a_Filip Vujanovi?\"><img loading=\"lazy\" src=\"http:\/\/www.visit-ulcinj.com\/blog\/wp-content\/uploads\/2008\/03\/vujanovic_dinosa.thumbnail.jpg\" alt=\"Ferhat Dino\u0161a_Filip Vujanovi?\" align=\"left\" height=\"103\" width=\"200\" \/><\/a>Lider DUA Ferhat Dino\u0161a kazao je da &#8220;ovo \u0161to se ?ulo omogu?ava DUA da javno podr\u017ei Vujanovi?a za predsjednika Crne Gore&#8221;.<br \/>\n&#8220;Tu su i raniji kontakti i izuzetno kvalitetna saradnja&#8221;, objasnio je Dino\u0161a.<br \/>\nVujanovi? se sreo sa gradona?elnikom Gzimom Hajdinagom, sekretarima op\u0161tinskih sekretarijata i direktorima javnih preduze?a. Posjetio je ulcinjske Krute, razgovarao sa ulcinjanima u centru grada i gostovao na TV Teuta.<br \/>\nU donjoj Bratici bio je i gost Nikole Nilovi?a (71) koji je &#8220;Vijestima&#8221; kazao da je sa<a href=\"http:\/\/www.visit-ulcinj.com\/blog\/wp-content\/uploads\/2008\/03\/vujanovic_nimani-2.jpg\" rel=\"lightbox[pics-1204823931]\" title=\"Vujanovic_Nimani\"><img loading=\"lazy\" src=\"http:\/\/www.visit-ulcinj.com\/blog\/wp-content\/uploads\/2008\/03\/vujanovic_nimani-2.thumbnail.jpg\" alt=\"Vujanovic_Nimani\" align=\"right\" height=\"181\" width=\"200\" \/><\/a> zadovoljstvom prihvatio ponudu ulcinjskog DPS-a da bude doma?in Vujanovi?u.<br \/>\n&#8220;Nijesam ?lan nijedne partije, ali sam simpatizer DPS-a. Svaka ?ast svima, ali bez Filipa nema evropske Crne Gore. Dobro je \u0161to se i Milo vratio na mjesto premijera&#8221;, smatra Nilovi? i dodaje da bi njegova vrata bila otvorena i za druge predsjedni?ke kandidate.<br \/>\n&#8220;Ali, to ne bi uticalo za moje opredjeljenje&#8221;, tvrdi Nilovi?.<\/p>\n<p>S.A.<br \/>\nwww.vijesti.cg.yu<\/p>\n","protected":false},"excerpt":{"rendered":"<p><img loading=\"lazy\" src=\"http:\/\/www.visit-ulcinj.com\/blog\/wp-content\/uploads\/2008\/03\/vujanovic_dinosa1.thumbnail.jpg\" alt=\"Filip Vujanovi?_Ferhat Dino\u0161a\" align=\"left\" height=\"140\" width=\"140\" \/><\/p>\n","protected":false},"author":1,"featured_media":0,"comment_status":"open","ping_status":"closed","sticky":false,"template":"","format":"standard","meta":{"spay_email":"","jetpack_publicize_message":"","jetpack_is_tweetstorm":false,"jetpack_publicize_feature_enabled":true},"categories":[12],"tags":[714,530,87,88,2085,140,2086,2088,2087],"jetpack_publicize_connections":[],"yoast_head":"<!-- This site is optimized with the Yoast SEO plugin v19.1 - https:\/\/yoast.com\/wordpress\/plugins\/seo\/ -->\n<title>Ferhat Dino\u0161a uz Filip Vujanovi?a - Lajme nga Ulqini<\/title>\n<meta name=\"robots\" content=\"index, follow, max-snippet:-1, max-image-preview:large, max-video-preview:-1\" \/>\n<link rel=\"canonical\" href=\"https:\/\/www.visit-ulcinj.com\/blog\/2008\/03\/06\/ferhat-dinosa-uz-filip-vujanovica\/\" \/>\n<meta property=\"og:locale\" content=\"en_US\" \/>\n<meta property=\"og:type\" content=\"article\" \/>\n<meta property=\"og:title\" content=\"Ferhat Dino\u0161a uz Filip Vujanovi?a - Lajme nga Ulqini\" \/>\n<meta property=\"og:url\" content=\"https:\/\/www.visit-ulcinj.com\/blog\/2008\/03\/06\/ferhat-dinosa-uz-filip-vujanovica\/\" \/>\n<meta property=\"og:site_name\" content=\"Lajme nga Ulqini\" \/>\n<meta property=\"article:published_time\" content=\"2008-03-06T17:35:55+00:00\" \/>\n<meta property=\"og:image\" content=\"http:\/\/www.visit-ulcinj.com\/blog\/wp-content\/uploads\/2008\/03\/vujanovic_dinosa1.thumbnail.jpg\" \/>\n<meta name=\"twitter:label1\" content=\"Written by\" \/>\n\t<meta name=\"twitter:data1\" content=\"ulqini\" \/>\n\t<meta name=\"twitter:label2\" content=\"Est. reading time\" \/>\n\t<meta name=\"twitter:data2\" content=\"2 minutes\" \/>\n<script type=\"application\/ld+json\" class=\"yoast-schema-graph\">{\"@context\":\"https:\/\/schema.org\",\"@graph\":[{\"@type\":\"WebSite\",\"@id\":\"https:\/\/www.visit-ulcinj.com\/blog\/#website\",\"url\":\"https:\/\/www.visit-ulcinj.com\/blog\/\",\"name\":\"Lajme nga Ulqini\",\"description\":\"Lajme,Vijesti,Ulqini,Ulqin,Crna Gora,Mali i Zi\",\"potentialAction\":[{\"@type\":\"SearchAction\",\"target\":{\"@type\":\"EntryPoint\",\"urlTemplate\":\"https:\/\/www.visit-ulcinj.com\/blog\/?s={search_term_string}\"},\"query-input\":\"required name=search_term_string\"}],\"inLanguage\":\"en-US\"},{\"@type\":\"ImageObject\",\"inLanguage\":\"en-US\",\"@id\":\"https:\/\/www.visit-ulcinj.com\/blog\/2008\/03\/06\/ferhat-dinosa-uz-filip-vujanovica\/#primaryimage\",\"url\":\"http:\/\/www.visit-ulcinj.com\/blog\/wp-content\/uploads\/2008\/03\/vujanovic_dinosa1.thumbnail.jpg\",\"contentUrl\":\"http:\/\/www.visit-ulcinj.com\/blog\/wp-content\/uploads\/2008\/03\/vujanovic_dinosa1.thumbnail.jpg\"},{\"@type\":\"WebPage\",\"@id\":\"https:\/\/www.visit-ulcinj.com\/blog\/2008\/03\/06\/ferhat-dinosa-uz-filip-vujanovica\/#webpage\",\"url\":\"https:\/\/www.visit-ulcinj.com\/blog\/2008\/03\/06\/ferhat-dinosa-uz-filip-vujanovica\/\",\"name\":\"Ferhat Dino\u0161a uz Filip Vujanovi?a - Lajme nga Ulqini\",\"isPartOf\":{\"@id\":\"https:\/\/www.visit-ulcinj.com\/blog\/#website\"},\"primaryImageOfPage\":{\"@id\":\"https:\/\/www.visit-ulcinj.com\/blog\/2008\/03\/06\/ferhat-dinosa-uz-filip-vujanovica\/#primaryimage\"},\"datePublished\":\"2008-03-06T17:35:55+00:00\",\"dateModified\":\"2008-03-06T17:35:55+00:00\",\"author\":{\"@id\":\"https:\/\/www.visit-ulcinj.com\/blog\/#\/schema\/person\/dcab619c614d3038751c63bc2aadc06d\"},\"breadcrumb\":{\"@id\":\"https:\/\/www.visit-ulcinj.com\/blog\/2008\/03\/06\/ferhat-dinosa-uz-filip-vujanovica\/#breadcrumb\"},\"inLanguage\":\"en-US\",\"potentialAction\":[{\"@type\":\"ReadAction\",\"target\":[\"https:\/\/www.visit-ulcinj.com\/blog\/2008\/03\/06\/ferhat-dinosa-uz-filip-vujanovica\/\"]}]},{\"@type\":\"BreadcrumbList\",\"@id\":\"https:\/\/www.visit-ulcinj.com\/blog\/2008\/03\/06\/ferhat-dinosa-uz-filip-vujanovica\/#breadcrumb\",\"itemListElement\":[{\"@type\":\"ListItem\",\"position\":1,\"name\":\"Ferhat Dino\u0161a uz Filip Vujanovi?a\"}]},{\"@type\":\"Person\",\"@id\":\"https:\/\/www.visit-ulcinj.com\/blog\/#\/schema\/person\/dcab619c614d3038751c63bc2aadc06d\",\"name\":\"ulqini\",\"sameAs\":[\"http:\/\/www.visit-ulcinj.com\"],\"url\":\"https:\/\/www.visit-ulcinj.com\/blog\/author\/admin\/\"}]}<\/script>\n<!-- \/ Yoast SEO plugin. -->","yoast_head_json":{"title":"Ferhat Dino\u0161a uz Filip Vujanovi?a - Lajme nga Ulqini","robots":{"index":"index","follow":"follow","max-snippet":"max-snippet:-1","max-image-preview":"max-image-preview:large","max-video-preview":"max-video-preview:-1"},"canonical":"https:\/\/www.visit-ulcinj.com\/blog\/2008\/03\/06\/ferhat-dinosa-uz-filip-vujanovica\/","og_locale":"en_US","og_type":"article","og_title":"Ferhat Dino\u0161a uz Filip Vujanovi?a - Lajme nga Ulqini","og_url":"https:\/\/www.visit-ulcinj.com\/blog\/2008\/03\/06\/ferhat-dinosa-uz-filip-vujanovica\/","og_site_name":"Lajme nga Ulqini","article_published_time":"2008-03-06T17:35:55+00:00","og_image":[{"url":"http:\/\/www.visit-ulcinj.com\/blog\/wp-content\/uploads\/2008\/03\/vujanovic_dinosa1.thumbnail.jpg"}],"twitter_misc":{"Written by":"ulqini","Est. reading time":"2 minutes"},"schema":{"@context":"https:\/\/schema.org","@graph":[{"@type":"WebSite","@id":"https:\/\/www.visit-ulcinj.com\/blog\/#website","url":"https:\/\/www.visit-ulcinj.com\/blog\/","name":"Lajme nga Ulqini","description":"Lajme,Vijesti,Ulqini,Ulqin,Crna Gora,Mali i Zi","potentialAction":[{"@type":"SearchAction","target":{"@type":"EntryPoint","urlTemplate":"https:\/\/www.visit-ulcinj.com\/blog\/?s={search_term_string}"},"query-input":"required name=search_term_string"}],"inLanguage":"en-US"},{"@type":"ImageObject","inLanguage":"en-US","@id":"https:\/\/www.visit-ulcinj.com\/blog\/2008\/03\/06\/ferhat-dinosa-uz-filip-vujanovica\/#primaryimage","url":"http:\/\/www.visit-ulcinj.com\/blog\/wp-content\/uploads\/2008\/03\/vujanovic_dinosa1.thumbnail.jpg","contentUrl":"http:\/\/www.visit-ulcinj.com\/blog\/wp-content\/uploads\/2008\/03\/vujanovic_dinosa1.thumbnail.jpg"},{"@type":"WebPage","@id":"https:\/\/www.visit-ulcinj.com\/blog\/2008\/03\/06\/ferhat-dinosa-uz-filip-vujanovica\/#webpage","url":"https:\/\/www.visit-ulcinj.com\/blog\/2008\/03\/06\/ferhat-dinosa-uz-filip-vujanovica\/","name":"Ferhat Dino\u0161a uz Filip Vujanovi?a - Lajme nga Ulqini","isPartOf":{"@id":"https:\/\/www.visit-ulcinj.com\/blog\/#website"},"primaryImageOfPage":{"@id":"https:\/\/www.visit-ulcinj.com\/blog\/2008\/03\/06\/ferhat-dinosa-uz-filip-vujanovica\/#primaryimage"},"datePublished":"2008-03-06T17:35:55+00:00","dateModified":"2008-03-06T17:35:55+00:00","author":{"@id":"https:\/\/www.visit-ulcinj.com\/blog\/#\/schema\/person\/dcab619c614d3038751c63bc2aadc06d"},"breadcrumb":{"@id":"https:\/\/www.visit-ulcinj.com\/blog\/2008\/03\/06\/ferhat-dinosa-uz-filip-vujanovica\/#breadcrumb"},"inLanguage":"en-US","potentialAction":[{"@type":"ReadAction","target":["https:\/\/www.visit-ulcinj.com\/blog\/2008\/03\/06\/ferhat-dinosa-uz-filip-vujanovica\/"]}]},{"@type":"BreadcrumbList","@id":"https:\/\/www.visit-ulcinj.com\/blog\/2008\/03\/06\/ferhat-dinosa-uz-filip-vujanovica\/#breadcrumb","itemListElement":[{"@type":"ListItem","position":1,"name":"Ferhat Dino\u0161a uz Filip Vujanovi?a"}]},{"@type":"Person","@id":"https:\/\/www.visit-ulcinj.com\/blog\/#\/schema\/person\/dcab619c614d3038751c63bc2aadc06d","name":"ulqini","sameAs":["http:\/\/www.visit-ulcinj.com"],"url":"https:\/\/www.visit-ulcinj.com\/blog\/author\/admin\/"}]}},"jetpack_featured_media_url":"","jetpack_sharing_enabled":true,"jetpack_shortlink":"https:\/\/wp.me\/pe6lTn-cy","_links":{"self":[{"href":"https:\/\/www.visit-ulcinj.com\/blog\/wp-json\/wp\/v2\/posts\/778"}],"collection":[{"href":"https:\/\/www.visit-ulcinj.com\/blog\/wp-json\/wp\/v2\/posts"}],"about":[{"href":"https:\/\/www.visit-ulcinj.com\/blog\/wp-json\/wp\/v2\/types\/post"}],"author":[{"embeddable":true,"href":"https:\/\/www.visit-ulcinj.com\/blog\/wp-json\/wp\/v2\/users\/1"}],"replies":[{"embeddable":true,"href":"https:\/\/www.visit-ulcinj.com\/blog\/wp-json\/wp\/v2\/comments?post=778"}],"version-history":[{"count":0,"href":"https:\/\/www.visit-ulcinj.com\/blog\/wp-json\/wp\/v2\/posts\/778\/revisions"}],"wp:attachment":[{"href":"https:\/\/www.visit-ulcinj.com\/blog\/wp-json\/wp\/v2\/media?parent=778"}],"wp:term":[{"taxonomy":"category","embeddable":true,"href":"https:\/\/www.visit-ulcinj.com\/blog\/wp-json\/wp\/v2\/categories?post=778"},{"taxonomy":"post_tag","embeddable":true,"href":"https:\/\/www.visit-ulcinj.com\/blog\/wp-json\/wp\/v2\/tags?post=778"}],"curies":[{"name":"wp","href":"https:\/\/api.w.org\/{rel}","templated":true}]}}