{"id":77810,"date":"2013-12-31T14:28:29","date_gmt":"2013-12-31T13:28:29","guid":{"rendered":"http:\/\/www.visit-ulcinj.com\/blog\/?p=77810"},"modified":"2013-12-31T14:28:29","modified_gmt":"2013-12-31T13:28:29","slug":"gezuar-vitin-e-ri-2014-partia-demokratike","status":"publish","type":"post","link":"https:\/\/www.visit-ulcinj.com\/blog\/2013\/12\/31\/gezuar-vitin-e-ri-2014-partia-demokratike\/","title":{"rendered":"G\u00ebzuar vitin e ri 2014 &#8211; Partia Demokratike"},"content":{"rendered":"<p><strong><a href=\"http:\/\/www.visit-ulcinj.com\/blog\/wp-content\/uploads\/2013\/12\/Gezuar-vitin-e-ri-2014_Partia-Demokratike-Ulqin_Mali-i-Zi-1.jpg\"><img loading=\"lazy\" class=\"alignleft size-full wp-image-77812\" alt=\"Gezuar-vitin-e-ri-2014_Partia-Demokratike-Ulqin_Mali-i-Zi-1\" src=\"http:\/\/www.visit-ulcinj.com\/blog\/wp-content\/uploads\/2013\/12\/Gezuar-vitin-e-ri-2014_Partia-Demokratike-Ulqin_Mali-i-Zi-1.jpg\" width=\"508\" height=\"381\" srcset=\"https:\/\/www.visit-ulcinj.com\/blog\/wp-content\/uploads\/2013\/12\/Gezuar-vitin-e-ri-2014_Partia-Demokratike-Ulqin_Mali-i-Zi-1.jpg 508w, https:\/\/www.visit-ulcinj.com\/blog\/wp-content\/uploads\/2013\/12\/Gezuar-vitin-e-ri-2014_Partia-Demokratike-Ulqin_Mali-i-Zi-1-300x224.jpg 300w\" sizes=\"(max-width: 508px) 100vw, 508px\" \/><\/a>GJEKA D\u00cbRGON URIM P\u00cbR VITIN E RI<\/strong><\/p>\n<p>&nbsp;<\/p>\n<p>Kryetari i Partis\u00eb Demokratike z. Fatmir Gjeka u ka d\u00ebrguar urimet m\u00eb t\u00eb bukura dhe m\u00eb t\u00eb p\u00ebrzem\u00ebrta an\u00ebtar\u00ebve dhe simpatizuesve t\u00eb subjektit q\u00eb drejton, an\u00ebtar\u00ebsis\u00eb s\u00eb partive n\u00eb bashk\u00ebqeverisje, si dhe t\u00eb gjith\u00eb qytetar\u00ebve,me d\u00ebshir\u00eb q\u00eb Vitin e Ri ta presin t\u00eb lumtur, n\u00eb harmoni,mbar\u00ebsi dhe t\u00eb g\u00ebzuar.<\/p>\n<p>Populli yn\u00eb fisnik,vizionar, humanist, bujar dhe pun\u00ebtor,p\u00ebrher\u00eb ka qen\u00eb optimist p\u00ebr nj\u00eb t\u00eb ardhme m\u00eb t\u00eb mir\u00eb.N\u00eb saje urtis\u00eb,men\u00e7uris\u00eb dhe qytetaris\u00eb s\u00eb tij,populli shqiptar ka arritur ta ruaj,arsimoj\u00eb dhe edukoj\u00eb familjen, duke i kontribuar k\u00ebshtu ngritjes s\u00eb komunitetit t\u00eb vet gjat\u00eb gjith\u00eb historis\u00eb son\u00eb t\u00eb bujshme ,por t\u00eb lavdishme.<\/p>\n<p>\u201cRrethanat jet\u00ebsore,ekonomike, besa edhe politike,d\u00ebshira p\u00ebr nj\u00eb p\u00ebrspektiv\u00eb m\u00eb t\u00eb sigurt ,ka ndikuar q\u00eb nj\u00eb pjes\u00eb e madhe e shqiptar\u00ebve nga trojet etnike n\u00eb Mal t\u00eb Zi,kan\u00eb ikur n\u00eb m\u00ebrgim, familjarisht.Sigurisht se g\u00ebzimi dhe hareja m\u00eb e madhe do t\u00eb ishte po t\u00eb g\u00ebzoheshin e festonin n\u00eb gjirin e tyre familjar n\u00eb vendlindje\u201d,- uron Gjeka me rastin e fest\u00ebs s\u00eb t\u00eb Vitit t\u00eb Ri, duke d\u00ebshiruarar fat,shendet dhe mbar\u00ebsi.<\/p>\n<p>&nbsp;<\/p>\n<p>Sh\u00ebrbimi p\u00ebr informim i PD<\/p>\n<p>&nbsp;<\/p>\n","protected":false},"excerpt":{"rendered":"<p>GJEKA D\u00cbRGON URIM P\u00cbR VITIN E RI &nbsp; Kryetari i Partis\u00eb Demokratike z. Fatmir Gjeka u ka d\u00ebrguar urimet m\u00eb t\u00eb bukura dhe m\u00eb t\u00eb p\u00ebrzem\u00ebrta an\u00ebtar\u00ebve dhe simpatizuesve t\u00eb subjektit q\u00eb drejton, an\u00ebtar\u00ebsis\u00eb s\u00eb partive n\u00eb bashk\u00ebqeverisje, si dhe t\u00eb gjith\u00eb qytetar\u00ebve,me d\u00ebshir\u00eb q\u00eb Vitin e Ri ta presin t\u00eb lumtur, n\u00eb harmoni,mbar\u00ebsi dhe [&hellip;]<\/p>\n","protected":false},"author":1,"featured_media":0,"comment_status":"closed","ping_status":"closed","sticky":false,"template":"","format":"standard","meta":{"spay_email":"","jetpack_publicize_message":"","jetpack_is_tweetstorm":false,"jetpack_publicize_feature_enabled":true},"categories":[2451],"tags":[],"jetpack_publicize_connections":[],"yoast_head":"<!-- This site is optimized with the Yoast SEO plugin v19.1 - https:\/\/yoast.com\/wordpress\/plugins\/seo\/ -->\n<title>G\u00ebzuar vitin e ri 2014 - Partia Demokratike - Lajme nga Ulqini<\/title>\n<meta name=\"description\" content=\"GJEKA D\u00cbRGON URIM P\u00cbR VITIN E RI &nbsp; Kryetari i Partis\u00eb Demokratike z. Fatmir Gjeka u ka d\u00ebrguar urimet m\u00eb t\u00eb bukura dhe m\u00eb t\u00eb p\u00ebrzem\u00ebrta an\u00ebtar\u00ebve dhe\" \/>\n<meta name=\"robots\" content=\"index, follow, max-snippet:-1, max-image-preview:large, max-video-preview:-1\" \/>\n<link rel=\"canonical\" href=\"https:\/\/www.visit-ulcinj.com\/blog\/2013\/12\/31\/gezuar-vitin-e-ri-2014-partia-demokratike\/\" \/>\n<meta property=\"og:locale\" content=\"en_US\" \/>\n<meta property=\"og:type\" content=\"article\" \/>\n<meta property=\"og:title\" content=\"G\u00ebzuar vitin e ri 2014 - Partia Demokratike - Lajme nga Ulqini\" \/>\n<meta property=\"og:description\" content=\"GJEKA D\u00cbRGON URIM P\u00cbR VITIN E RI &nbsp; Kryetari i Partis\u00eb Demokratike z. Fatmir Gjeka u ka d\u00ebrguar urimet m\u00eb t\u00eb bukura dhe m\u00eb t\u00eb p\u00ebrzem\u00ebrta an\u00ebtar\u00ebve dhe\" \/>\n<meta property=\"og:url\" content=\"https:\/\/www.visit-ulcinj.com\/blog\/2013\/12\/31\/gezuar-vitin-e-ri-2014-partia-demokratike\/\" \/>\n<meta property=\"og:site_name\" content=\"Lajme nga Ulqini\" \/>\n<meta property=\"article:published_time\" content=\"2013-12-31T13:28:29+00:00\" \/>\n<meta property=\"og:image\" content=\"http:\/\/www.visit-ulcinj.com\/blog\/wp-content\/uploads\/2013\/12\/Gezuar-vitin-e-ri-2014_Partia-Demokratike-Ulqin_Mali-i-Zi-1.jpg\" \/>\n<meta name=\"twitter:label1\" content=\"Written by\" \/>\n\t<meta name=\"twitter:data1\" content=\"ulqini\" \/>\n\t<meta name=\"twitter:label2\" content=\"Est. reading time\" \/>\n\t<meta name=\"twitter:data2\" content=\"1 minute\" \/>\n<script type=\"application\/ld+json\" class=\"yoast-schema-graph\">{\"@context\":\"https:\/\/schema.org\",\"@graph\":[{\"@type\":\"WebSite\",\"@id\":\"https:\/\/www.visit-ulcinj.com\/blog\/#website\",\"url\":\"https:\/\/www.visit-ulcinj.com\/blog\/\",\"name\":\"Lajme nga Ulqini\",\"description\":\"Lajme,Vijesti,Ulqini,Ulqin,Crna Gora,Mali i Zi\",\"potentialAction\":[{\"@type\":\"SearchAction\",\"target\":{\"@type\":\"EntryPoint\",\"urlTemplate\":\"https:\/\/www.visit-ulcinj.com\/blog\/?s={search_term_string}\"},\"query-input\":\"required name=search_term_string\"}],\"inLanguage\":\"en-US\"},{\"@type\":\"ImageObject\",\"inLanguage\":\"en-US\",\"@id\":\"https:\/\/www.visit-ulcinj.com\/blog\/2013\/12\/31\/gezuar-vitin-e-ri-2014-partia-demokratike\/#primaryimage\",\"url\":\"https:\/\/www.visit-ulcinj.com\/blog\/wp-content\/uploads\/2013\/12\/Gezuar-vitin-e-ri-2014_Partia-Demokratike-Ulqin_Mali-i-Zi-1.jpg\",\"contentUrl\":\"https:\/\/www.visit-ulcinj.com\/blog\/wp-content\/uploads\/2013\/12\/Gezuar-vitin-e-ri-2014_Partia-Demokratike-Ulqin_Mali-i-Zi-1.jpg\",\"width\":508,\"height\":381},{\"@type\":\"WebPage\",\"@id\":\"https:\/\/www.visit-ulcinj.com\/blog\/2013\/12\/31\/gezuar-vitin-e-ri-2014-partia-demokratike\/#webpage\",\"url\":\"https:\/\/www.visit-ulcinj.com\/blog\/2013\/12\/31\/gezuar-vitin-e-ri-2014-partia-demokratike\/\",\"name\":\"G\u00ebzuar vitin e ri 2014 - Partia Demokratike - Lajme nga Ulqini\",\"isPartOf\":{\"@id\":\"https:\/\/www.visit-ulcinj.com\/blog\/#website\"},\"primaryImageOfPage\":{\"@id\":\"https:\/\/www.visit-ulcinj.com\/blog\/2013\/12\/31\/gezuar-vitin-e-ri-2014-partia-demokratike\/#primaryimage\"},\"datePublished\":\"2013-12-31T13:28:29+00:00\",\"dateModified\":\"2013-12-31T13:28:29+00:00\",\"author\":{\"@id\":\"https:\/\/www.visit-ulcinj.com\/blog\/#\/schema\/person\/dcab619c614d3038751c63bc2aadc06d\"},\"description\":\"GJEKA D\u00cbRGON URIM P\u00cbR VITIN E RI &nbsp; Kryetari i Partis\u00eb Demokratike z. Fatmir Gjeka u ka d\u00ebrguar urimet m\u00eb t\u00eb bukura dhe m\u00eb t\u00eb p\u00ebrzem\u00ebrta an\u00ebtar\u00ebve dhe\",\"breadcrumb\":{\"@id\":\"https:\/\/www.visit-ulcinj.com\/blog\/2013\/12\/31\/gezuar-vitin-e-ri-2014-partia-demokratike\/#breadcrumb\"},\"inLanguage\":\"en-US\",\"potentialAction\":[{\"@type\":\"ReadAction\",\"target\":[\"https:\/\/www.visit-ulcinj.com\/blog\/2013\/12\/31\/gezuar-vitin-e-ri-2014-partia-demokratike\/\"]}]},{\"@type\":\"BreadcrumbList\",\"@id\":\"https:\/\/www.visit-ulcinj.com\/blog\/2013\/12\/31\/gezuar-vitin-e-ri-2014-partia-demokratike\/#breadcrumb\",\"itemListElement\":[{\"@type\":\"ListItem\",\"position\":1,\"name\":\"G\u00ebzuar vitin e ri 2014 &#8211; Partia Demokratike\"}]},{\"@type\":\"Person\",\"@id\":\"https:\/\/www.visit-ulcinj.com\/blog\/#\/schema\/person\/dcab619c614d3038751c63bc2aadc06d\",\"name\":\"ulqini\",\"sameAs\":[\"http:\/\/www.visit-ulcinj.com\"],\"url\":\"https:\/\/www.visit-ulcinj.com\/blog\/author\/admin\/\"}]}<\/script>\n<!-- \/ Yoast SEO plugin. -->","yoast_head_json":{"title":"G\u00ebzuar vitin e ri 2014 - Partia Demokratike - Lajme nga Ulqini","description":"GJEKA D\u00cbRGON URIM P\u00cbR VITIN E RI &nbsp; Kryetari i Partis\u00eb Demokratike z. Fatmir Gjeka u ka d\u00ebrguar urimet m\u00eb t\u00eb bukura dhe m\u00eb t\u00eb p\u00ebrzem\u00ebrta an\u00ebtar\u00ebve dhe","robots":{"index":"index","follow":"follow","max-snippet":"max-snippet:-1","max-image-preview":"max-image-preview:large","max-video-preview":"max-video-preview:-1"},"canonical":"https:\/\/www.visit-ulcinj.com\/blog\/2013\/12\/31\/gezuar-vitin-e-ri-2014-partia-demokratike\/","og_locale":"en_US","og_type":"article","og_title":"G\u00ebzuar vitin e ri 2014 - Partia Demokratike - Lajme nga Ulqini","og_description":"GJEKA D\u00cbRGON URIM P\u00cbR VITIN E RI &nbsp; Kryetari i Partis\u00eb Demokratike z. Fatmir Gjeka u ka d\u00ebrguar urimet m\u00eb t\u00eb bukura dhe m\u00eb t\u00eb p\u00ebrzem\u00ebrta an\u00ebtar\u00ebve dhe","og_url":"https:\/\/www.visit-ulcinj.com\/blog\/2013\/12\/31\/gezuar-vitin-e-ri-2014-partia-demokratike\/","og_site_name":"Lajme nga Ulqini","article_published_time":"2013-12-31T13:28:29+00:00","og_image":[{"url":"http:\/\/www.visit-ulcinj.com\/blog\/wp-content\/uploads\/2013\/12\/Gezuar-vitin-e-ri-2014_Partia-Demokratike-Ulqin_Mali-i-Zi-1.jpg"}],"twitter_misc":{"Written by":"ulqini","Est. reading time":"1 minute"},"schema":{"@context":"https:\/\/schema.org","@graph":[{"@type":"WebSite","@id":"https:\/\/www.visit-ulcinj.com\/blog\/#website","url":"https:\/\/www.visit-ulcinj.com\/blog\/","name":"Lajme nga Ulqini","description":"Lajme,Vijesti,Ulqini,Ulqin,Crna Gora,Mali i Zi","potentialAction":[{"@type":"SearchAction","target":{"@type":"EntryPoint","urlTemplate":"https:\/\/www.visit-ulcinj.com\/blog\/?s={search_term_string}"},"query-input":"required name=search_term_string"}],"inLanguage":"en-US"},{"@type":"ImageObject","inLanguage":"en-US","@id":"https:\/\/www.visit-ulcinj.com\/blog\/2013\/12\/31\/gezuar-vitin-e-ri-2014-partia-demokratike\/#primaryimage","url":"https:\/\/www.visit-ulcinj.com\/blog\/wp-content\/uploads\/2013\/12\/Gezuar-vitin-e-ri-2014_Partia-Demokratike-Ulqin_Mali-i-Zi-1.jpg","contentUrl":"https:\/\/www.visit-ulcinj.com\/blog\/wp-content\/uploads\/2013\/12\/Gezuar-vitin-e-ri-2014_Partia-Demokratike-Ulqin_Mali-i-Zi-1.jpg","width":508,"height":381},{"@type":"WebPage","@id":"https:\/\/www.visit-ulcinj.com\/blog\/2013\/12\/31\/gezuar-vitin-e-ri-2014-partia-demokratike\/#webpage","url":"https:\/\/www.visit-ulcinj.com\/blog\/2013\/12\/31\/gezuar-vitin-e-ri-2014-partia-demokratike\/","name":"G\u00ebzuar vitin e ri 2014 - Partia Demokratike - Lajme nga Ulqini","isPartOf":{"@id":"https:\/\/www.visit-ulcinj.com\/blog\/#website"},"primaryImageOfPage":{"@id":"https:\/\/www.visit-ulcinj.com\/blog\/2013\/12\/31\/gezuar-vitin-e-ri-2014-partia-demokratike\/#primaryimage"},"datePublished":"2013-12-31T13:28:29+00:00","dateModified":"2013-12-31T13:28:29+00:00","author":{"@id":"https:\/\/www.visit-ulcinj.com\/blog\/#\/schema\/person\/dcab619c614d3038751c63bc2aadc06d"},"description":"GJEKA D\u00cbRGON URIM P\u00cbR VITIN E RI &nbsp; Kryetari i Partis\u00eb Demokratike z. Fatmir Gjeka u ka d\u00ebrguar urimet m\u00eb t\u00eb bukura dhe m\u00eb t\u00eb p\u00ebrzem\u00ebrta an\u00ebtar\u00ebve dhe","breadcrumb":{"@id":"https:\/\/www.visit-ulcinj.com\/blog\/2013\/12\/31\/gezuar-vitin-e-ri-2014-partia-demokratike\/#breadcrumb"},"inLanguage":"en-US","potentialAction":[{"@type":"ReadAction","target":["https:\/\/www.visit-ulcinj.com\/blog\/2013\/12\/31\/gezuar-vitin-e-ri-2014-partia-demokratike\/"]}]},{"@type":"BreadcrumbList","@id":"https:\/\/www.visit-ulcinj.com\/blog\/2013\/12\/31\/gezuar-vitin-e-ri-2014-partia-demokratike\/#breadcrumb","itemListElement":[{"@type":"ListItem","position":1,"name":"G\u00ebzuar vitin e ri 2014 &#8211; Partia Demokratike"}]},{"@type":"Person","@id":"https:\/\/www.visit-ulcinj.com\/blog\/#\/schema\/person\/dcab619c614d3038751c63bc2aadc06d","name":"ulqini","sameAs":["http:\/\/www.visit-ulcinj.com"],"url":"https:\/\/www.visit-ulcinj.com\/blog\/author\/admin\/"}]}},"jetpack_featured_media_url":"","jetpack_sharing_enabled":true,"jetpack_shortlink":"https:\/\/wp.me\/pe6lTn-kf0","_links":{"self":[{"href":"https:\/\/www.visit-ulcinj.com\/blog\/wp-json\/wp\/v2\/posts\/77810"}],"collection":[{"href":"https:\/\/www.visit-ulcinj.com\/blog\/wp-json\/wp\/v2\/posts"}],"about":[{"href":"https:\/\/www.visit-ulcinj.com\/blog\/wp-json\/wp\/v2\/types\/post"}],"author":[{"embeddable":true,"href":"https:\/\/www.visit-ulcinj.com\/blog\/wp-json\/wp\/v2\/users\/1"}],"replies":[{"embeddable":true,"href":"https:\/\/www.visit-ulcinj.com\/blog\/wp-json\/wp\/v2\/comments?post=77810"}],"version-history":[{"count":1,"href":"https:\/\/www.visit-ulcinj.com\/blog\/wp-json\/wp\/v2\/posts\/77810\/revisions"}],"predecessor-version":[{"id":77813,"href":"https:\/\/www.visit-ulcinj.com\/blog\/wp-json\/wp\/v2\/posts\/77810\/revisions\/77813"}],"wp:attachment":[{"href":"https:\/\/www.visit-ulcinj.com\/blog\/wp-json\/wp\/v2\/media?parent=77810"}],"wp:term":[{"taxonomy":"category","embeddable":true,"href":"https:\/\/www.visit-ulcinj.com\/blog\/wp-json\/wp\/v2\/categories?post=77810"},{"taxonomy":"post_tag","embeddable":true,"href":"https:\/\/www.visit-ulcinj.com\/blog\/wp-json\/wp\/v2\/tags?post=77810"}],"curies":[{"name":"wp","href":"https:\/\/api.w.org\/{rel}","templated":true}]}}