{"id":7782,"date":"2008-12-27T19:29:06","date_gmt":"2008-12-27T18:29:06","guid":{"rendered":"http:\/\/www.visit-ulcinj.com\/blog\/?p=7782"},"modified":"2008-12-27T19:29:06","modified_gmt":"2008-12-27T18:29:06","slug":"krasniqi-beogradi-politike-terrori-e-genocidi","status":"publish","type":"post","link":"https:\/\/www.visit-ulcinj.com\/blog\/2008\/12\/27\/krasniqi-beogradi-politike-terrori-e-genocidi\/","title":{"rendered":"Krasniqi: Beogradi, politike terrori e genocidi"},"content":{"rendered":"<p><img loading=\"lazy\" class=\"alignleft size-full wp-image-7783\" title=\"jakup-krasniqi\" src=\"http:\/\/www.visit-ulcinj.com\/blog\/wp-content\/uploads\/2008\/12\/jakup-krasniqi.jpg\" alt=\"jakup-krasniqi\" width=\"240\" height=\"180\" \/>Kryetari i Kuvendit te Kosoves, Jakup Krasniqi, i cilesoi arrestimet e fundit ne Luginen e Presheves si brutale, ndersa akuzoi Beogradin se nuk eshte shkeputur ende nga polika e terrorit dhe e genocidit.<br \/>\n&#8220;Arrestimet e fundit jan\u00eb n\u00eb funksion t\u00eb frik\u00ebsimit t\u00eb popullsise shqiptare ne Lugine&#8221;, u shpreh Krasniqi ne nje konference per shtyp.<br \/>\nSipas tij, qellimet per zhvendosjen e njerezve nuk do te arrihen, ndersa u beri thirrje autoriteteve te Beogradit qe te tregojne pergjegjesi per keto momente historike.<br \/>\n&#8220;Ne u b\u00ebjm\u00eb thirrje autoriteteve t\u00eb Beogradit q\u00eb t\u2019i kthehen nj\u00eb politike t\u00eb fqinj\u00ebsis\u00eb s\u00eb mir\u00eb me Kosov\u00ebn dhe t\u00eb sigurojn\u00eb t\u00eb gjitha t\u00eb drejtat qytetare, njer\u00ebzore e komb\u00ebtare p\u00ebr popullsin\u00eb shqiptare n\u00eb Serbi&#8221;, u shpreh Krasniqi, duke kerkuar lirimin e 10 te arrestuarve.<br \/>\n<strong>Top Channel<\/strong><\/p>\n<p>[flv]http:\/\/shqiphost.top-channel.tv\/18754796\/flv\/kronika\/krasniqi-arrestimet.flv[\/flv]<\/p>\n","protected":false},"excerpt":{"rendered":"<p>Kryetari i Kuvendit te Kosoves, Jakup Krasniqi, i cilesoi arrestimet e fundit ne Luginen e Presheves si brutale, ndersa akuzoi Beogradin se nuk eshte shkeputur ende nga polika e terrorit dhe e genocidit. &#8220;Arrestimet e fundit jan\u00eb n\u00eb funksion t\u00eb frik\u00ebsimit t\u00eb popullsise shqiptare ne Lugine&#8221;, u shpreh Krasniqi ne nje konference per shtyp. Sipas [&hellip;]<\/p>\n","protected":false},"author":1,"featured_media":0,"comment_status":"open","ping_status":"closed","sticky":false,"template":"","format":"standard","meta":{"spay_email":"","jetpack_publicize_message":"","jetpack_is_tweetstorm":false,"jetpack_publicize_feature_enabled":true},"categories":[14],"tags":[60,49,242],"jetpack_publicize_connections":[],"yoast_head":"<!-- This site is optimized with the Yoast SEO plugin v19.1 - https:\/\/yoast.com\/wordpress\/plugins\/seo\/ -->\n<title>Krasniqi: Beogradi, politike terrori e genocidi - Lajme nga Ulqini<\/title>\n<meta name=\"description\" content=\"Kryetari i Kuvendit te Kosoves, Jakup Krasniqi, i cilesoi arrestimet e fundit ne Luginen e Presheves si brutale, ndersa akuzoi Beogradin se nuk eshte\" \/>\n<meta name=\"robots\" content=\"index, follow, max-snippet:-1, max-image-preview:large, max-video-preview:-1\" \/>\n<link rel=\"canonical\" href=\"https:\/\/www.visit-ulcinj.com\/blog\/2008\/12\/27\/krasniqi-beogradi-politike-terrori-e-genocidi\/\" \/>\n<meta property=\"og:locale\" content=\"en_US\" \/>\n<meta property=\"og:type\" content=\"article\" \/>\n<meta property=\"og:title\" content=\"Krasniqi: Beogradi, politike terrori e genocidi - Lajme nga Ulqini\" \/>\n<meta property=\"og:description\" content=\"Kryetari i Kuvendit te Kosoves, Jakup Krasniqi, i cilesoi arrestimet e fundit ne Luginen e Presheves si brutale, ndersa akuzoi Beogradin se nuk eshte\" \/>\n<meta property=\"og:url\" content=\"https:\/\/www.visit-ulcinj.com\/blog\/2008\/12\/27\/krasniqi-beogradi-politike-terrori-e-genocidi\/\" \/>\n<meta property=\"og:site_name\" content=\"Lajme nga Ulqini\" \/>\n<meta property=\"article:published_time\" content=\"2008-12-27T18:29:06+00:00\" \/>\n<meta property=\"og:image\" content=\"http:\/\/www.visit-ulcinj.com\/blog\/wp-content\/uploads\/2008\/12\/jakup-krasniqi.jpg\" \/>\n<meta name=\"twitter:label1\" content=\"Written by\" \/>\n\t<meta name=\"twitter:data1\" content=\"ulqini\" \/>\n\t<meta name=\"twitter:label2\" content=\"Est. reading time\" \/>\n\t<meta name=\"twitter:data2\" content=\"1 minute\" \/>\n<script type=\"application\/ld+json\" class=\"yoast-schema-graph\">{\"@context\":\"https:\/\/schema.org\",\"@graph\":[{\"@type\":\"WebSite\",\"@id\":\"https:\/\/www.visit-ulcinj.com\/blog\/#website\",\"url\":\"https:\/\/www.visit-ulcinj.com\/blog\/\",\"name\":\"Lajme nga Ulqini\",\"description\":\"Lajme,Vijesti,Ulqini,Ulqin,Crna Gora,Mali i Zi\",\"potentialAction\":[{\"@type\":\"SearchAction\",\"target\":{\"@type\":\"EntryPoint\",\"urlTemplate\":\"https:\/\/www.visit-ulcinj.com\/blog\/?s={search_term_string}\"},\"query-input\":\"required name=search_term_string\"}],\"inLanguage\":\"en-US\"},{\"@type\":\"ImageObject\",\"inLanguage\":\"en-US\",\"@id\":\"https:\/\/www.visit-ulcinj.com\/blog\/2008\/12\/27\/krasniqi-beogradi-politike-terrori-e-genocidi\/#primaryimage\",\"url\":\"https:\/\/www.visit-ulcinj.com\/blog\/wp-content\/uploads\/2008\/12\/jakup-krasniqi.jpg\",\"contentUrl\":\"https:\/\/www.visit-ulcinj.com\/blog\/wp-content\/uploads\/2008\/12\/jakup-krasniqi.jpg\",\"width\":\"240\",\"height\":\"180\"},{\"@type\":\"WebPage\",\"@id\":\"https:\/\/www.visit-ulcinj.com\/blog\/2008\/12\/27\/krasniqi-beogradi-politike-terrori-e-genocidi\/#webpage\",\"url\":\"https:\/\/www.visit-ulcinj.com\/blog\/2008\/12\/27\/krasniqi-beogradi-politike-terrori-e-genocidi\/\",\"name\":\"Krasniqi: Beogradi, politike terrori e genocidi - Lajme nga Ulqini\",\"isPartOf\":{\"@id\":\"https:\/\/www.visit-ulcinj.com\/blog\/#website\"},\"primaryImageOfPage\":{\"@id\":\"https:\/\/www.visit-ulcinj.com\/blog\/2008\/12\/27\/krasniqi-beogradi-politike-terrori-e-genocidi\/#primaryimage\"},\"datePublished\":\"2008-12-27T18:29:06+00:00\",\"dateModified\":\"2008-12-27T18:29:06+00:00\",\"author\":{\"@id\":\"https:\/\/www.visit-ulcinj.com\/blog\/#\/schema\/person\/dcab619c614d3038751c63bc2aadc06d\"},\"description\":\"Kryetari i Kuvendit te Kosoves, Jakup Krasniqi, i cilesoi arrestimet e fundit ne Luginen e Presheves si brutale, ndersa akuzoi Beogradin se nuk eshte\",\"breadcrumb\":{\"@id\":\"https:\/\/www.visit-ulcinj.com\/blog\/2008\/12\/27\/krasniqi-beogradi-politike-terrori-e-genocidi\/#breadcrumb\"},\"inLanguage\":\"en-US\",\"potentialAction\":[{\"@type\":\"ReadAction\",\"target\":[\"https:\/\/www.visit-ulcinj.com\/blog\/2008\/12\/27\/krasniqi-beogradi-politike-terrori-e-genocidi\/\"]}]},{\"@type\":\"BreadcrumbList\",\"@id\":\"https:\/\/www.visit-ulcinj.com\/blog\/2008\/12\/27\/krasniqi-beogradi-politike-terrori-e-genocidi\/#breadcrumb\",\"itemListElement\":[{\"@type\":\"ListItem\",\"position\":1,\"name\":\"Krasniqi: Beogradi, politike terrori e genocidi\"}]},{\"@type\":\"Person\",\"@id\":\"https:\/\/www.visit-ulcinj.com\/blog\/#\/schema\/person\/dcab619c614d3038751c63bc2aadc06d\",\"name\":\"ulqini\",\"sameAs\":[\"http:\/\/www.visit-ulcinj.com\"],\"url\":\"https:\/\/www.visit-ulcinj.com\/blog\/author\/admin\/\"}]}<\/script>\n<!-- \/ Yoast SEO plugin. -->","yoast_head_json":{"title":"Krasniqi: Beogradi, politike terrori e genocidi - Lajme nga Ulqini","description":"Kryetari i Kuvendit te Kosoves, Jakup Krasniqi, i cilesoi arrestimet e fundit ne Luginen e Presheves si brutale, ndersa akuzoi Beogradin se nuk eshte","robots":{"index":"index","follow":"follow","max-snippet":"max-snippet:-1","max-image-preview":"max-image-preview:large","max-video-preview":"max-video-preview:-1"},"canonical":"https:\/\/www.visit-ulcinj.com\/blog\/2008\/12\/27\/krasniqi-beogradi-politike-terrori-e-genocidi\/","og_locale":"en_US","og_type":"article","og_title":"Krasniqi: Beogradi, politike terrori e genocidi - Lajme nga Ulqini","og_description":"Kryetari i Kuvendit te Kosoves, Jakup Krasniqi, i cilesoi arrestimet e fundit ne Luginen e Presheves si brutale, ndersa akuzoi Beogradin se nuk eshte","og_url":"https:\/\/www.visit-ulcinj.com\/blog\/2008\/12\/27\/krasniqi-beogradi-politike-terrori-e-genocidi\/","og_site_name":"Lajme nga Ulqini","article_published_time":"2008-12-27T18:29:06+00:00","og_image":[{"url":"http:\/\/www.visit-ulcinj.com\/blog\/wp-content\/uploads\/2008\/12\/jakup-krasniqi.jpg"}],"twitter_misc":{"Written by":"ulqini","Est. reading time":"1 minute"},"schema":{"@context":"https:\/\/schema.org","@graph":[{"@type":"WebSite","@id":"https:\/\/www.visit-ulcinj.com\/blog\/#website","url":"https:\/\/www.visit-ulcinj.com\/blog\/","name":"Lajme nga Ulqini","description":"Lajme,Vijesti,Ulqini,Ulqin,Crna Gora,Mali i Zi","potentialAction":[{"@type":"SearchAction","target":{"@type":"EntryPoint","urlTemplate":"https:\/\/www.visit-ulcinj.com\/blog\/?s={search_term_string}"},"query-input":"required name=search_term_string"}],"inLanguage":"en-US"},{"@type":"ImageObject","inLanguage":"en-US","@id":"https:\/\/www.visit-ulcinj.com\/blog\/2008\/12\/27\/krasniqi-beogradi-politike-terrori-e-genocidi\/#primaryimage","url":"https:\/\/www.visit-ulcinj.com\/blog\/wp-content\/uploads\/2008\/12\/jakup-krasniqi.jpg","contentUrl":"https:\/\/www.visit-ulcinj.com\/blog\/wp-content\/uploads\/2008\/12\/jakup-krasniqi.jpg","width":"240","height":"180"},{"@type":"WebPage","@id":"https:\/\/www.visit-ulcinj.com\/blog\/2008\/12\/27\/krasniqi-beogradi-politike-terrori-e-genocidi\/#webpage","url":"https:\/\/www.visit-ulcinj.com\/blog\/2008\/12\/27\/krasniqi-beogradi-politike-terrori-e-genocidi\/","name":"Krasniqi: Beogradi, politike terrori e genocidi - Lajme nga Ulqini","isPartOf":{"@id":"https:\/\/www.visit-ulcinj.com\/blog\/#website"},"primaryImageOfPage":{"@id":"https:\/\/www.visit-ulcinj.com\/blog\/2008\/12\/27\/krasniqi-beogradi-politike-terrori-e-genocidi\/#primaryimage"},"datePublished":"2008-12-27T18:29:06+00:00","dateModified":"2008-12-27T18:29:06+00:00","author":{"@id":"https:\/\/www.visit-ulcinj.com\/blog\/#\/schema\/person\/dcab619c614d3038751c63bc2aadc06d"},"description":"Kryetari i Kuvendit te Kosoves, Jakup Krasniqi, i cilesoi arrestimet e fundit ne Luginen e Presheves si brutale, ndersa akuzoi Beogradin se nuk eshte","breadcrumb":{"@id":"https:\/\/www.visit-ulcinj.com\/blog\/2008\/12\/27\/krasniqi-beogradi-politike-terrori-e-genocidi\/#breadcrumb"},"inLanguage":"en-US","potentialAction":[{"@type":"ReadAction","target":["https:\/\/www.visit-ulcinj.com\/blog\/2008\/12\/27\/krasniqi-beogradi-politike-terrori-e-genocidi\/"]}]},{"@type":"BreadcrumbList","@id":"https:\/\/www.visit-ulcinj.com\/blog\/2008\/12\/27\/krasniqi-beogradi-politike-terrori-e-genocidi\/#breadcrumb","itemListElement":[{"@type":"ListItem","position":1,"name":"Krasniqi: Beogradi, politike terrori e genocidi"}]},{"@type":"Person","@id":"https:\/\/www.visit-ulcinj.com\/blog\/#\/schema\/person\/dcab619c614d3038751c63bc2aadc06d","name":"ulqini","sameAs":["http:\/\/www.visit-ulcinj.com"],"url":"https:\/\/www.visit-ulcinj.com\/blog\/author\/admin\/"}]}},"jetpack_featured_media_url":"","jetpack_sharing_enabled":true,"jetpack_shortlink":"https:\/\/wp.me\/pe6lTn-21w","_links":{"self":[{"href":"https:\/\/www.visit-ulcinj.com\/blog\/wp-json\/wp\/v2\/posts\/7782"}],"collection":[{"href":"https:\/\/www.visit-ulcinj.com\/blog\/wp-json\/wp\/v2\/posts"}],"about":[{"href":"https:\/\/www.visit-ulcinj.com\/blog\/wp-json\/wp\/v2\/types\/post"}],"author":[{"embeddable":true,"href":"https:\/\/www.visit-ulcinj.com\/blog\/wp-json\/wp\/v2\/users\/1"}],"replies":[{"embeddable":true,"href":"https:\/\/www.visit-ulcinj.com\/blog\/wp-json\/wp\/v2\/comments?post=7782"}],"version-history":[{"count":0,"href":"https:\/\/www.visit-ulcinj.com\/blog\/wp-json\/wp\/v2\/posts\/7782\/revisions"}],"wp:attachment":[{"href":"https:\/\/www.visit-ulcinj.com\/blog\/wp-json\/wp\/v2\/media?parent=7782"}],"wp:term":[{"taxonomy":"category","embeddable":true,"href":"https:\/\/www.visit-ulcinj.com\/blog\/wp-json\/wp\/v2\/categories?post=7782"},{"taxonomy":"post_tag","embeddable":true,"href":"https:\/\/www.visit-ulcinj.com\/blog\/wp-json\/wp\/v2\/tags?post=7782"}],"curies":[{"name":"wp","href":"https:\/\/api.w.org\/{rel}","templated":true}]}}