{"id":77821,"date":"2013-12-31T19:22:14","date_gmt":"2013-12-31T18:22:14","guid":{"rendered":"http:\/\/www.visit-ulcinj.com\/blog\/?p=77821"},"modified":"2014-01-01T01:26:00","modified_gmt":"2014-01-01T00:26:00","slug":"lista-e-kandidateve-te-forces-per-ulqin","status":"publish","type":"post","link":"https:\/\/www.visit-ulcinj.com\/blog\/2013\/12\/31\/lista-e-kandidateve-te-forces-per-ulqin\/","title":{"rendered":"Lista e kandidat\u00ebve t\u00eb Forc\u00ebs p\u00ebr Ulqin"},"content":{"rendered":"<p><a href=\"http:\/\/www.visit-ulcinj.com\/blog\/wp-content\/uploads\/2013\/12\/forca-e-re-demokratike.forca-per-zhvillim-ulqin.jpg\"><img loading=\"lazy\" class=\"alignleft  wp-image-77822\" alt=\"forca e re demokratike.forca per zhvillim-ulqin\" src=\"http:\/\/www.visit-ulcinj.com\/blog\/wp-content\/uploads\/2013\/12\/forca-e-re-demokratike.forca-per-zhvillim-ulqin.jpg\" width=\"508\" height=\"332\" \/><\/a>Sot dor\u00ebzuam list\u00ebn e kandidat\u00ebve t\u00eb FORC\u00cbS p\u00ebr zgjedhjet lokale t\u00eb 26 janarit 2014. Kjo list\u00eb p\u00ebrb\u00ebhet nga nj\u00eb grup njer\u00ebzish profesionist\u00eb, t\u00eb p\u00ebrkushtuar dhe t\u00eb ndersh\u00ebm dhe p\u00ebrmban n\u00eb vete p\u00ebrvoj\u00eb, pjekuri dhe tradit\u00eb, por edhe freski dhe risi.<\/p>\n<p>FORCA &#8211; e vetmja rrug\u00eb drejt zhvillimit!<\/p>\n<p>Lista FORCA &#8211; Nazif Cungu:<\/p>\n<p>1. Nazif Cungu<br \/>\n2. Ardijan Mavriq<br \/>\n3. Sabri Salaj<br \/>\n4. Mustafa Gorana<br \/>\n5. Xhaudet Cakuli<br \/>\n6. Genci Nimanbegu<br \/>\n7. Gani Demiri<br \/>\n8. Fuad Haxhibeti<br \/>\n9. Gjoka Gjonoviq<br \/>\n10. Arian Murati<br \/>\n11. Xhevdet Seferi<br \/>\n12. Bekim \u00c7obi<br \/>\n13. Asllan Llunji<br \/>\n14. Vjollca Lika \u00c7obaj<br \/>\n15. Kujtim Nimanbegu<br \/>\n16. Iliriana Resulbegu<br \/>\n17. Senad Kollari<br \/>\n18. Valdet Axhemi<br \/>\n19. Af\u00ebrdita Pelingu<br \/>\n20. Sabri Koleni<br \/>\n21. Sait Katana<br \/>\n22. Astrit Lajka<br \/>\n23. Arta Hoxha<br \/>\n24. Stane Lukiq<br \/>\n25. Hadile Resulbegu<br \/>\n26. Barbana Draga<br \/>\n27. Samir Peroviq<br \/>\n28. Fuad Lamoja<br \/>\n29. Ridvana Suliq<br \/>\n30. Fatbardhe Pulti<br \/>\n31. Mehmed Milla<br \/>\n32. Avdulla Dervishi<br \/>\n33. Vildana Llazorja<\/p>\n<p><a href=\"http:\/\/www.visit-ulcinj.com\/blog\/wp-content\/uploads\/2013\/12\/Lista-FORCA-Nazif-Cungu.jpg\"><img loading=\"lazy\" class=\"alignleft  wp-image-77839\" alt=\"Lista FORCA - Nazif Cungu\" src=\"http:\/\/www.visit-ulcinj.com\/blog\/wp-content\/uploads\/2013\/12\/Lista-FORCA-Nazif-Cungu.jpg\" width=\"508\" height=\"360\" \/><\/a><\/p>\n","protected":false},"excerpt":{"rendered":"<p>Sot dor\u00ebzuam list\u00ebn e kandidat\u00ebve t\u00eb FORC\u00cbS p\u00ebr zgjedhjet lokale t\u00eb 26 janarit 2014. Kjo list\u00eb p\u00ebrb\u00ebhet nga nj\u00eb grup njer\u00ebzish profesionist\u00eb, t\u00eb p\u00ebrkushtuar dhe t\u00eb ndersh\u00ebm dhe p\u00ebrmban n\u00eb vete p\u00ebrvoj\u00eb, pjekuri dhe tradit\u00eb, por edhe freski dhe risi. FORCA &#8211; e vetmja rrug\u00eb drejt zhvillimit! Lista FORCA &#8211; Nazif Cungu: 1. Nazif Cungu [&hellip;]<\/p>\n","protected":false},"author":1,"featured_media":0,"comment_status":"closed","ping_status":"closed","sticky":false,"template":"","format":"standard","meta":{"spay_email":"","jetpack_publicize_message":"","jetpack_is_tweetstorm":false,"jetpack_publicize_feature_enabled":true},"categories":[6950],"tags":[],"jetpack_publicize_connections":[],"yoast_head":"<!-- This site is optimized with the Yoast SEO plugin v19.1 - https:\/\/yoast.com\/wordpress\/plugins\/seo\/ -->\n<title>Lista e kandidat\u00ebve t\u00eb Forc\u00ebs p\u00ebr Ulqin - Lajme nga Ulqini<\/title>\n<meta name=\"description\" content=\"Sot dor\u00ebzuam list\u00ebn e kandidat\u00ebve t\u00eb FORC\u00cbS p\u00ebr zgjedhjet lokale t\u00eb 26 janarit 2014. Kjo list\u00eb p\u00ebrb\u00ebhet nga nj\u00eb grup njer\u00ebzish profesionist\u00eb, t\u00eb\" \/>\n<meta name=\"robots\" content=\"index, follow, max-snippet:-1, max-image-preview:large, max-video-preview:-1\" \/>\n<link rel=\"canonical\" href=\"https:\/\/www.visit-ulcinj.com\/blog\/2013\/12\/31\/lista-e-kandidateve-te-forces-per-ulqin\/\" \/>\n<meta property=\"og:locale\" content=\"en_US\" \/>\n<meta property=\"og:type\" content=\"article\" \/>\n<meta property=\"og:title\" content=\"Lista e kandidat\u00ebve t\u00eb Forc\u00ebs p\u00ebr Ulqin - Lajme nga Ulqini\" \/>\n<meta property=\"og:description\" content=\"Sot dor\u00ebzuam list\u00ebn e kandidat\u00ebve t\u00eb FORC\u00cbS p\u00ebr zgjedhjet lokale t\u00eb 26 janarit 2014. Kjo list\u00eb p\u00ebrb\u00ebhet nga nj\u00eb grup njer\u00ebzish profesionist\u00eb, t\u00eb\" \/>\n<meta property=\"og:url\" content=\"https:\/\/www.visit-ulcinj.com\/blog\/2013\/12\/31\/lista-e-kandidateve-te-forces-per-ulqin\/\" \/>\n<meta property=\"og:site_name\" content=\"Lajme nga Ulqini\" \/>\n<meta property=\"article:published_time\" content=\"2013-12-31T18:22:14+00:00\" \/>\n<meta property=\"article:modified_time\" content=\"2014-01-01T00:26:00+00:00\" \/>\n<meta property=\"og:image\" content=\"http:\/\/www.visit-ulcinj.com\/blog\/wp-content\/uploads\/2013\/12\/forca-e-re-demokratike.forca-per-zhvillim-ulqin.jpg\" \/>\n<meta name=\"twitter:label1\" content=\"Written by\" \/>\n\t<meta name=\"twitter:data1\" content=\"ulqini\" \/>\n\t<meta name=\"twitter:label2\" content=\"Est. reading time\" \/>\n\t<meta name=\"twitter:data2\" content=\"1 minute\" \/>\n<script type=\"application\/ld+json\" class=\"yoast-schema-graph\">{\"@context\":\"https:\/\/schema.org\",\"@graph\":[{\"@type\":\"WebSite\",\"@id\":\"https:\/\/www.visit-ulcinj.com\/blog\/#website\",\"url\":\"https:\/\/www.visit-ulcinj.com\/blog\/\",\"name\":\"Lajme nga Ulqini\",\"description\":\"Lajme,Vijesti,Ulqini,Ulqin,Crna Gora,Mali i Zi\",\"potentialAction\":[{\"@type\":\"SearchAction\",\"target\":{\"@type\":\"EntryPoint\",\"urlTemplate\":\"https:\/\/www.visit-ulcinj.com\/blog\/?s={search_term_string}\"},\"query-input\":\"required name=search_term_string\"}],\"inLanguage\":\"en-US\"},{\"@type\":\"ImageObject\",\"inLanguage\":\"en-US\",\"@id\":\"https:\/\/www.visit-ulcinj.com\/blog\/2013\/12\/31\/lista-e-kandidateve-te-forces-per-ulqin\/#primaryimage\",\"url\":\"https:\/\/www.visit-ulcinj.com\/blog\/wp-content\/uploads\/2013\/12\/forca-e-re-demokratike.forca-per-zhvillim-ulqin.jpg\",\"contentUrl\":\"https:\/\/www.visit-ulcinj.com\/blog\/wp-content\/uploads\/2013\/12\/forca-e-re-demokratike.forca-per-zhvillim-ulqin.jpg\",\"width\":960,\"height\":352},{\"@type\":\"WebPage\",\"@id\":\"https:\/\/www.visit-ulcinj.com\/blog\/2013\/12\/31\/lista-e-kandidateve-te-forces-per-ulqin\/#webpage\",\"url\":\"https:\/\/www.visit-ulcinj.com\/blog\/2013\/12\/31\/lista-e-kandidateve-te-forces-per-ulqin\/\",\"name\":\"Lista e kandidat\u00ebve t\u00eb Forc\u00ebs p\u00ebr Ulqin - Lajme nga Ulqini\",\"isPartOf\":{\"@id\":\"https:\/\/www.visit-ulcinj.com\/blog\/#website\"},\"primaryImageOfPage\":{\"@id\":\"https:\/\/www.visit-ulcinj.com\/blog\/2013\/12\/31\/lista-e-kandidateve-te-forces-per-ulqin\/#primaryimage\"},\"datePublished\":\"2013-12-31T18:22:14+00:00\",\"dateModified\":\"2014-01-01T00:26:00+00:00\",\"author\":{\"@id\":\"https:\/\/www.visit-ulcinj.com\/blog\/#\/schema\/person\/dcab619c614d3038751c63bc2aadc06d\"},\"description\":\"Sot dor\u00ebzuam list\u00ebn e kandidat\u00ebve t\u00eb FORC\u00cbS p\u00ebr zgjedhjet lokale t\u00eb 26 janarit 2014. Kjo list\u00eb p\u00ebrb\u00ebhet nga nj\u00eb grup njer\u00ebzish profesionist\u00eb, t\u00eb\",\"breadcrumb\":{\"@id\":\"https:\/\/www.visit-ulcinj.com\/blog\/2013\/12\/31\/lista-e-kandidateve-te-forces-per-ulqin\/#breadcrumb\"},\"inLanguage\":\"en-US\",\"potentialAction\":[{\"@type\":\"ReadAction\",\"target\":[\"https:\/\/www.visit-ulcinj.com\/blog\/2013\/12\/31\/lista-e-kandidateve-te-forces-per-ulqin\/\"]}]},{\"@type\":\"BreadcrumbList\",\"@id\":\"https:\/\/www.visit-ulcinj.com\/blog\/2013\/12\/31\/lista-e-kandidateve-te-forces-per-ulqin\/#breadcrumb\",\"itemListElement\":[{\"@type\":\"ListItem\",\"position\":1,\"name\":\"Lista e kandidat\u00ebve t\u00eb Forc\u00ebs p\u00ebr Ulqin\"}]},{\"@type\":\"Person\",\"@id\":\"https:\/\/www.visit-ulcinj.com\/blog\/#\/schema\/person\/dcab619c614d3038751c63bc2aadc06d\",\"name\":\"ulqini\",\"sameAs\":[\"http:\/\/www.visit-ulcinj.com\"],\"url\":\"https:\/\/www.visit-ulcinj.com\/blog\/author\/admin\/\"}]}<\/script>\n<!-- \/ Yoast SEO plugin. -->","yoast_head_json":{"title":"Lista e kandidat\u00ebve t\u00eb Forc\u00ebs p\u00ebr Ulqin - Lajme nga Ulqini","description":"Sot dor\u00ebzuam list\u00ebn e kandidat\u00ebve t\u00eb FORC\u00cbS p\u00ebr zgjedhjet lokale t\u00eb 26 janarit 2014. Kjo list\u00eb p\u00ebrb\u00ebhet nga nj\u00eb grup njer\u00ebzish profesionist\u00eb, t\u00eb","robots":{"index":"index","follow":"follow","max-snippet":"max-snippet:-1","max-image-preview":"max-image-preview:large","max-video-preview":"max-video-preview:-1"},"canonical":"https:\/\/www.visit-ulcinj.com\/blog\/2013\/12\/31\/lista-e-kandidateve-te-forces-per-ulqin\/","og_locale":"en_US","og_type":"article","og_title":"Lista e kandidat\u00ebve t\u00eb Forc\u00ebs p\u00ebr Ulqin - Lajme nga Ulqini","og_description":"Sot dor\u00ebzuam list\u00ebn e kandidat\u00ebve t\u00eb FORC\u00cbS p\u00ebr zgjedhjet lokale t\u00eb 26 janarit 2014. Kjo list\u00eb p\u00ebrb\u00ebhet nga nj\u00eb grup njer\u00ebzish profesionist\u00eb, t\u00eb","og_url":"https:\/\/www.visit-ulcinj.com\/blog\/2013\/12\/31\/lista-e-kandidateve-te-forces-per-ulqin\/","og_site_name":"Lajme nga Ulqini","article_published_time":"2013-12-31T18:22:14+00:00","article_modified_time":"2014-01-01T00:26:00+00:00","og_image":[{"url":"http:\/\/www.visit-ulcinj.com\/blog\/wp-content\/uploads\/2013\/12\/forca-e-re-demokratike.forca-per-zhvillim-ulqin.jpg"}],"twitter_misc":{"Written by":"ulqini","Est. reading time":"1 minute"},"schema":{"@context":"https:\/\/schema.org","@graph":[{"@type":"WebSite","@id":"https:\/\/www.visit-ulcinj.com\/blog\/#website","url":"https:\/\/www.visit-ulcinj.com\/blog\/","name":"Lajme nga Ulqini","description":"Lajme,Vijesti,Ulqini,Ulqin,Crna Gora,Mali i Zi","potentialAction":[{"@type":"SearchAction","target":{"@type":"EntryPoint","urlTemplate":"https:\/\/www.visit-ulcinj.com\/blog\/?s={search_term_string}"},"query-input":"required name=search_term_string"}],"inLanguage":"en-US"},{"@type":"ImageObject","inLanguage":"en-US","@id":"https:\/\/www.visit-ulcinj.com\/blog\/2013\/12\/31\/lista-e-kandidateve-te-forces-per-ulqin\/#primaryimage","url":"https:\/\/www.visit-ulcinj.com\/blog\/wp-content\/uploads\/2013\/12\/forca-e-re-demokratike.forca-per-zhvillim-ulqin.jpg","contentUrl":"https:\/\/www.visit-ulcinj.com\/blog\/wp-content\/uploads\/2013\/12\/forca-e-re-demokratike.forca-per-zhvillim-ulqin.jpg","width":960,"height":352},{"@type":"WebPage","@id":"https:\/\/www.visit-ulcinj.com\/blog\/2013\/12\/31\/lista-e-kandidateve-te-forces-per-ulqin\/#webpage","url":"https:\/\/www.visit-ulcinj.com\/blog\/2013\/12\/31\/lista-e-kandidateve-te-forces-per-ulqin\/","name":"Lista e kandidat\u00ebve t\u00eb Forc\u00ebs p\u00ebr Ulqin - Lajme nga Ulqini","isPartOf":{"@id":"https:\/\/www.visit-ulcinj.com\/blog\/#website"},"primaryImageOfPage":{"@id":"https:\/\/www.visit-ulcinj.com\/blog\/2013\/12\/31\/lista-e-kandidateve-te-forces-per-ulqin\/#primaryimage"},"datePublished":"2013-12-31T18:22:14+00:00","dateModified":"2014-01-01T00:26:00+00:00","author":{"@id":"https:\/\/www.visit-ulcinj.com\/blog\/#\/schema\/person\/dcab619c614d3038751c63bc2aadc06d"},"description":"Sot dor\u00ebzuam list\u00ebn e kandidat\u00ebve t\u00eb FORC\u00cbS p\u00ebr zgjedhjet lokale t\u00eb 26 janarit 2014. Kjo list\u00eb p\u00ebrb\u00ebhet nga nj\u00eb grup njer\u00ebzish profesionist\u00eb, t\u00eb","breadcrumb":{"@id":"https:\/\/www.visit-ulcinj.com\/blog\/2013\/12\/31\/lista-e-kandidateve-te-forces-per-ulqin\/#breadcrumb"},"inLanguage":"en-US","potentialAction":[{"@type":"ReadAction","target":["https:\/\/www.visit-ulcinj.com\/blog\/2013\/12\/31\/lista-e-kandidateve-te-forces-per-ulqin\/"]}]},{"@type":"BreadcrumbList","@id":"https:\/\/www.visit-ulcinj.com\/blog\/2013\/12\/31\/lista-e-kandidateve-te-forces-per-ulqin\/#breadcrumb","itemListElement":[{"@type":"ListItem","position":1,"name":"Lista e kandidat\u00ebve t\u00eb Forc\u00ebs p\u00ebr Ulqin"}]},{"@type":"Person","@id":"https:\/\/www.visit-ulcinj.com\/blog\/#\/schema\/person\/dcab619c614d3038751c63bc2aadc06d","name":"ulqini","sameAs":["http:\/\/www.visit-ulcinj.com"],"url":"https:\/\/www.visit-ulcinj.com\/blog\/author\/admin\/"}]}},"jetpack_featured_media_url":"","jetpack_sharing_enabled":true,"jetpack_shortlink":"https:\/\/wp.me\/pe6lTn-kfb","_links":{"self":[{"href":"https:\/\/www.visit-ulcinj.com\/blog\/wp-json\/wp\/v2\/posts\/77821"}],"collection":[{"href":"https:\/\/www.visit-ulcinj.com\/blog\/wp-json\/wp\/v2\/posts"}],"about":[{"href":"https:\/\/www.visit-ulcinj.com\/blog\/wp-json\/wp\/v2\/types\/post"}],"author":[{"embeddable":true,"href":"https:\/\/www.visit-ulcinj.com\/blog\/wp-json\/wp\/v2\/users\/1"}],"replies":[{"embeddable":true,"href":"https:\/\/www.visit-ulcinj.com\/blog\/wp-json\/wp\/v2\/comments?post=77821"}],"version-history":[{"count":4,"href":"https:\/\/www.visit-ulcinj.com\/blog\/wp-json\/wp\/v2\/posts\/77821\/revisions"}],"predecessor-version":[{"id":77840,"href":"https:\/\/www.visit-ulcinj.com\/blog\/wp-json\/wp\/v2\/posts\/77821\/revisions\/77840"}],"wp:attachment":[{"href":"https:\/\/www.visit-ulcinj.com\/blog\/wp-json\/wp\/v2\/media?parent=77821"}],"wp:term":[{"taxonomy":"category","embeddable":true,"href":"https:\/\/www.visit-ulcinj.com\/blog\/wp-json\/wp\/v2\/categories?post=77821"},{"taxonomy":"post_tag","embeddable":true,"href":"https:\/\/www.visit-ulcinj.com\/blog\/wp-json\/wp\/v2\/tags?post=77821"}],"curies":[{"name":"wp","href":"https:\/\/api.w.org\/{rel}","templated":true}]}}