{"id":77825,"date":"2013-12-31T23:08:57","date_gmt":"2013-12-31T22:08:57","guid":{"rendered":"http:\/\/www.visit-ulcinj.com\/blog\/?p=77825"},"modified":"2014-01-01T01:31:46","modified_gmt":"2014-01-01T00:31:46","slug":"gezuar-vitin-e-ri-nga-familja-mbreterore-shqiptare","status":"publish","type":"post","link":"https:\/\/www.visit-ulcinj.com\/blog\/2013\/12\/31\/gezuar-vitin-e-ri-nga-familja-mbreterore-shqiptare\/","title":{"rendered":"G\u00ebzuar Vitin E Ri nga Familja Mbret\u00ebrore Shqiptare"},"content":{"rendered":"<p>T\u00eb dashur bashkatdhetar\u00eb,<\/p>\n<p>Deshiroj t&#8217;ju uroj nga zemra Gezuar Vitin e Ri 2014! Qofte ky nje vit i deshirave te realizuara!<br \/>\nShqip\u00ebria do t\u00eb vazhdoj\u00eb t\u00eb p\u00ebrballet, edhe n\u00eb vitin q\u00eb vjen, me sfida t\u00eb nj\u00eb r\u00ebnd\u00ebsie jetike p\u00ebr t\u00eb ardhmen e saj. Viti 2014 duhet t\u00eb na gjej\u00eb t\u00eb p\u00ebrgatitur dhe t\u00eb nd\u00ebrgjegsh\u00ebm p\u00ebr potencialet dhe talentet q\u00eb kemi, si dhe p\u00ebr perspektiv\u00ebn shpredh\u00ebn\u00ebse q\u00eb na jepet nga miqt\u00eb tan\u00eb europian\u00eb.<\/p>\n<p><a href=\"http:\/\/www.visit-ulcinj.com\/blog\/wp-content\/uploads\/2013\/12\/Prince-Albania-Gezuar-NewYear-2014-2.jpg\"><img loading=\"lazy\" class=\"alignleft  wp-image-77832\" alt=\"Prince-Albania-Gezuar-NewYear-2014-2\" src=\"http:\/\/www.visit-ulcinj.com\/blog\/wp-content\/uploads\/2013\/12\/Prince-Albania-Gezuar-NewYear-2014-2.jpg\" width=\"508\" height=\"600\" \/><\/a><\/p>\n<p>N\u00eb t\u00eb v\u00ebrtet\u00eb, vendimi per shtyrjen e marrjes s\u00eb statusit kandidat n\u00eb BE p\u00ebr Shqip\u00ebrin\u00eb nuk duhet t\u00eb shihet si nj\u00eb deshtim p\u00ebr popullin shqiptar, por si nj\u00eb v\u00ebrejtje dhe thirrje nd\u00ebrgjegj\u00ebsimi ndaj politik\u00ebs n\u00eb t\u00ebr\u00ebsi. \u00cbsht\u00eb detyra e t\u00eb gjith\u00ebve, megjithat\u00eb, t\u00eb b\u00ebjm\u00eb p\u00ebrpjekjet maksimale p\u00ebr t\u00eb merituar marrjen e k\u00ebtij statusi, me bindjen q\u00eb \u00ebsht\u00eb nj\u00eb angazhim serioz, detyrues dhe i pandalsh\u00ebm p\u00ebr ne.<\/p>\n<p>Perspektiva e integrimit europian nuk duhet t\u00eb na zbeh\u00eb detyrat q\u00eb na v\u00eb historia n\u00eb l\u00ebmin delikat t\u00eb respektimit t\u00eb t\u00eb drejtave t\u00eb shqiptar\u00ebve q\u00eb jetojn\u00eb n\u00eb territoret e vendeve fqinje. N\u00ebse zgjedhjet n\u00eb Kosov\u00eb shpreh\u00ebn nj\u00eb frym\u00eb t\u00eb lart\u00eb t\u00eb vet\u00ebdijes komb\u00ebtare dhe klas\u00ebs politike, e cila doemos duhet p\u00ebrsh\u00ebndetur, problemi i Preshev\u00ebs, p\u00ebr sa i p\u00ebrket t\u00eb drejtave dhe lirive t\u00eb popullsis\u00eb shqiptare atje, duket si i anashkaluar dhe i l\u00ebn\u00eb pas dore nga aktualitetet politike t\u00eb dit\u00ebs n\u00eb Tiran\u00eb e Prishtin\u00eb.<br \/>\nGjithashtu, zbatimi i plot\u00eb i marr\u00ebveshjes s\u00eb Ohrit ende mbetet nj\u00eb problem akut p\u00ebr shqiptar\u00ebt e Maqedonis\u00eb.<br \/>\nNuk duhet harruar as \u00e7eshtja \u00e7ame, e cila, n\u00eb em\u00ebr t\u00eb marr\u00ebveshjeve nd\u00ebrshtet\u00ebrore p\u00ebr t\u00eb p\u00ebrshpejtuar dh\u00ebnien e statutit kandidat, b\u00ebhet shpesh, padashje, objekt negocimi dhe harrese mediatike.<br \/>\nFamilja mbret\u00ebrore shqiptare, e cila nderohet nga besimi q\u00eb i shfaqin bashkatdhetar\u00ebt tan\u00eb n\u00eb k\u00ebto treva, do t\u00eb q\u00ebndroj\u00eb e gatshme p\u00ebr t\u00eb dh\u00ebn\u00eb kontributin e saj moral dhe material, n\u00eb arritjen e nj\u00eb ekuilibri midis respektit t\u00eb dinjitetit t\u00eb \u00e7do fqinji dhe ruajtjten e promovimin e t\u00eb drejtave themelore t\u00eb shqiptar\u00ebve t\u00eb ndodhur n\u00eb territore jasht\u00eb kufijve tan\u00eb.<br \/>\nN\u00eb k\u00ebt\u00eb kuad\u00ebr, dhe e vet\u00ebdijshme p\u00ebr misionin e saj historik, Familja mbret\u00ebrore shqiptare do t\u00eb vazhdoj\u00eb pa ngurim t\u00eb propozoj\u00eb vizionin dhe alternativat e saj etike p\u00ebr nj\u00eb shoq\u00ebri t\u00eb p\u00ebrparuar shqiptare n\u00eb sh\u00ebrbim t\u00eb t\u00eb gjith\u00ebve.<br \/>\nV\u00ebrtet, gjate k\u00ebtij viti u vu re nj\u00eb nd\u00ebrgjegj\u00ebsim qytetar i mir\u00ebfillt\u00eb i shqiptar\u00ebve, manifestuar kjo n\u00eb ngjarje t\u00eb r\u00ebnd\u00ebsishme t\u00eb jet\u00ebs s\u00eb vendit, si\u00e7 ishin zgjedhjet parlamentare dhe debati mbi \u00e7montimin e arm\u00ebve kimike siriane n\u00eb vend. Kam shpres\u00eb se shqiptar\u00ebt, edhe k\u00ebt\u00eb vit q\u00eb vjen, do t\u00eb ken\u00eb pjekurin\u00eb p\u00ebr t\u00eb kuptuar politik\u00ebn e s\u00eb sotshmes dhe perspektivat q\u00eb ajo propozon, duke gjykuar me maturi dhe duke ndikuar, si n\u00ebp\u00ebrmjet debatit publik, po ashtu edhe n\u00ebp\u00ebrmjet institucionit t\u00eb vot\u00ebs, n\u00eb p\u00ebrpunimin e nj\u00eb strategjie t\u00eb v\u00ebrtet\u00eb progresi n\u00eb sh\u00ebrbim t\u00eb interesave publike madhore.<\/p>\n<p>Duke patur parasysh k\u00ebt\u00eb kontekst gjithp\u00ebrfshir\u00ebs, dhe megjith\u00ebse ruaj nj\u00eb konsiderat\u00eb dhe nj\u00eb mir\u00ebnjohje t\u00eb thell\u00eb p\u00ebr em\u00ebrimin tim n\u00eb postin e k\u00ebshilltarit pran\u00eb kreut t\u00eb Shtetit, funksioni i cili kulminoi rrug\u00ebtimin tim personal dhe profesional n\u00eb njohjen e administrat\u00ebs dhe shtetit, e gjej t\u00eb volitsh\u00ebm momentin p\u00ebr tu t\u00ebrhequr nga kjo detyr\u00eb dhe p\u00ebr t\u2019ju kushtuar tashm\u00eb vet\u00ebm rolit tim krejt t\u00eb ve\u00e7ant\u00eb t\u00eb kreut t\u00eb Familjes mbret\u00ebrore shqiptare.<\/p>\n<p>Ky rol paraqet p\u00ebr Shqip\u00ebrin\u00eb nj\u00eb avantazh. Ai i sh\u00ebrben gati ekskluzivisht imazhit, prestigjit dhe dinjitetit t\u00eb nj\u00eb vendi me histori dhe tradita si i yni. N\u00eb k\u00ebt\u00eb kuad\u00ebr, Familja mbret\u00ebrore shqiptare, megjith\u00ebse me mjete t\u00eb pakta, ka zhvilluar aktivitete t\u00eb shumta, duke i ofruar miqve tan\u00eb n\u00eb t\u00eb gjith\u00eb bot\u00ebn, nj\u00eb vitrin\u00eb sa m\u00eb reale, por dhe sa m\u00eb t\u00ebrheq\u00ebse t\u00eb nj\u00eb Shqip\u00ebrie q\u00eb meriton t\u00eb njihet m\u00eb mir\u00eb.<\/p>\n<p>Gjat\u00eb vitit q\u00eb po l\u00ebm\u00eb pas, kam p\u00ebrfaq\u00ebsuar Familjen mbret\u00ebrore dhe vlerat e historis\u00eb son\u00eb t\u00eb p\u00ebrbashk\u00ebt, n\u00eb shume evenimente me r\u00ebnd\u00ebsi. Me ftes\u00eb t\u00eb princit dhe mjeshtrit t\u00eb madh t\u00eb Urdh\u00ebrit Sovran t\u00eb Malt\u00ebs, isha i pranish\u00ebm n\u00eb 900 vjetorin e themelimit t\u00eb k\u00ebtij institucioni shekullor humanitar, n\u00eb bazilik\u00ebn e Sh\u00ebn Pjetrit n\u00eb Rom\u00eb, mes shum\u00eb krer\u00eb shtetesh, familjesh mbret\u00ebrore dhe Pap\u00ebs Benedikti XVI. N\u00eb mars, kumtova mbi mund\u00ebsit\u00eb e investimeve t\u00eb huaja n\u00eb Shqip\u00ebri, n\u00eb kuadrin e konferenc\u00ebs s\u00eb investitor\u00ebve t\u00eb Marmara Foundation n\u00eb Stamboll, ku ritakova dhe miqt\u00eb e mij, princesh\u00ebn Margarita dhe Princin Radu t\u00eb Rumanis\u00eb. N\u00eb qershor, pata nderin t\u00eb shoq\u00ebroj p\u00ebr homazhe n\u00eb mauzoleun e Familjes mbret\u00ebrore n\u00eb Tiran\u00eb, nj\u00eb grup deputet\u00ebsh dhe ministrash hungarez\u00eb, p\u00ebr t\u00eb celebruar k\u00ebshtu miq\u00ebsin\u00eb e vjet\u00ebr dhe t\u00eb vyer midis dy kombeve, aq simbolikisht t\u00eb mish\u00ebruar nga figura e gjyshes sime, mbret\u00ebresh\u00ebs Geraldin\u00eb. N\u00eb gusht, v\u00ebllaz\u00ebria e vjet\u00ebr shqiptaro-egjiptiane u rigjall\u00ebrua me pjesmarrjen e Familjes mbret\u00ebrore shqiptare n\u00eb martes\u00ebn e princit Muhamed-Ali, djalit t\u00eb mbretit t\u00eb fundit t\u00eb Egjiptit, Madh\u00ebris\u00eb s\u00eb Tij, Fuadit II. I shoq\u00ebruar nga e fejuara ime, Elia Zaharia dhe p\u00ebrfaq\u00ebsues t\u00eb familjeve historike shqiptare, u ftova t\u00eb merrja pjes\u00eb n\u00eb ceremonit\u00eb e 400 vjetorit t\u00eb dinastis\u00eb s\u00eb famshme Romanov. S\u00eb fundmi, pata nderin dhe k\u00ebnaq\u00ebsin\u00eb e ve\u00e7ant\u00eb t\u00eb pres n\u00eb vizit\u00eb, n\u00eb fillim t\u00eb k\u00ebtij muaji, princin Karlo t\u00eb Burbon-Dy-Sicilive, kre i Familjes mbret\u00ebrore t\u00eb Napolit, i cili erdhi n\u00eb Shqip\u00ebri p\u00ebr t\u00eb forcuar lidhjet midis dy familjeve mbret\u00ebrore dhe p\u00ebr t\u00eb celebruar bashkjetes\u00ebn fetare nd\u00ebr shqiptar\u00eb.<\/p>\n<p>N\u00eb t\u00eb gjith\u00eb k\u00ebto aktivitete, p\u00ebrfaq\u00ebsimi dinjitoz i trash\u00ebgimis\u00eb q\u00eb mish\u00ebroj dhe i imazhit t\u00eb Shqip\u00ebris\u00eb mbetet motivimi im par\u00ebsor. Si shum\u00eb personalitete, ente dhe institucione q\u00eb p\u00ebrpiqen n\u00eb m\u00ebnyr\u00eb t\u00eb lavd\u00ebrueshme p\u00ebr ngritjen e imazhit t\u00eb vendit ton\u00eb dhe q\u00eb meritojn\u00eb mir\u00ebnjohje prej t\u00eb gjith\u00eb nesh, edhe Familja mbret\u00ebrore, n\u00eb rolin e saj krejt t\u00eb ve\u00e7ant\u00eb, p\u00ebrpiqet t\u00eb nderoj\u00eb dhe t\u00eb lart\u00ebsoj\u00eb emrin e kombit dhe t\u00eb Shqip\u00ebris\u00eb e cila \u00ebsht\u00eb e mira jon\u00eb e p\u00ebrbashk\u00ebt m\u00eb e \u00e7muar.<\/p>\n<p>Vler\u00ebsoj sukses t\u00eb p\u00ebrpjekjeve tona krijimin e Fondacionit &#8220;Mbret\u00ebresha Geraldine&#8221;, i cili q\u00eb n\u00eb hapat e tij t\u00eb para restauroi plot\u00ebsisht shkoll\u00ebn fillore n\u00eb fshatin Gjalish t\u00eb Matit dhe sot vazhdon t\u00eb nd\u00ebrhyje n\u00eb shkolla t\u00eb tjera t\u00eb harruara.<\/p>\n<p>Shqiptar\u00eb, duke ju siguruar p\u00ebr devotshm\u00ebrin\u00eb time dhe t\u00eb Familjes mbret\u00ebrore ndaj t\u00eb gjith\u00ebve, ju uroj, kudo q\u00eb ndodheni, nj\u00eb Vit t\u00eb Ri, t\u00eb g\u00ebzuar, t\u00eb mbar\u00eb, t\u00eb paqt\u00eb e me suksese p\u00ebr ju e t\u00eb af\u00ebrmit. Qoft\u00eb nj\u00eb Vit i bardh\u00eb dhe i favorsh\u00ebm p\u00ebr Shqip\u00ebrin\u00eb !<\/p>\n<p>Princi Leka II I Shqiptar\u00ebve<\/p>\n","protected":false},"excerpt":{"rendered":"<p>T\u00eb dashur bashkatdhetar\u00eb, Deshiroj t&#8217;ju uroj nga zemra Gezuar Vitin e Ri 2014! Qofte ky nje vit i deshirave te realizuara! Shqip\u00ebria do t\u00eb vazhdoj\u00eb t\u00eb p\u00ebrballet, edhe n\u00eb vitin q\u00eb vjen, me sfida t\u00eb nj\u00eb r\u00ebnd\u00ebsie jetike p\u00ebr t\u00eb ardhmen e saj. Viti 2014 duhet t\u00eb na gjej\u00eb t\u00eb p\u00ebrgatitur dhe t\u00eb nd\u00ebrgjegsh\u00ebm p\u00ebr [&hellip;]<\/p>\n","protected":false},"author":1,"featured_media":0,"comment_status":"closed","ping_status":"closed","sticky":false,"template":"","format":"standard","meta":{"spay_email":"","jetpack_publicize_message":"","jetpack_is_tweetstorm":false,"jetpack_publicize_feature_enabled":true},"categories":[14],"tags":[],"jetpack_publicize_connections":[],"yoast_head":"<!-- This site is optimized with the Yoast SEO plugin v19.1 - https:\/\/yoast.com\/wordpress\/plugins\/seo\/ -->\n<title>G\u00ebzuar Vitin E Ri nga Familja Mbret\u00ebrore Shqiptare - Lajme nga Ulqini<\/title>\n<meta name=\"description\" content=\"T\u00eb dashur bashkatdhetar\u00eb, Deshiroj t&#039;ju uroj nga zemra Gezuar Vitin e Ri 2014! Qofte ky nje vit i deshirave te realizuara! Shqip\u00ebria do t\u00eb vazhdoj\u00eb t\u00eb\" \/>\n<meta name=\"robots\" content=\"index, follow, max-snippet:-1, max-image-preview:large, max-video-preview:-1\" \/>\n<link rel=\"canonical\" href=\"https:\/\/www.visit-ulcinj.com\/blog\/2013\/12\/31\/gezuar-vitin-e-ri-nga-familja-mbreterore-shqiptare\/\" \/>\n<meta property=\"og:locale\" content=\"en_US\" \/>\n<meta property=\"og:type\" content=\"article\" \/>\n<meta property=\"og:title\" content=\"G\u00ebzuar Vitin E Ri nga Familja Mbret\u00ebrore Shqiptare - Lajme nga Ulqini\" \/>\n<meta property=\"og:description\" content=\"T\u00eb dashur bashkatdhetar\u00eb, Deshiroj t&#039;ju uroj nga zemra Gezuar Vitin e Ri 2014! Qofte ky nje vit i deshirave te realizuara! Shqip\u00ebria do t\u00eb vazhdoj\u00eb t\u00eb\" \/>\n<meta property=\"og:url\" content=\"https:\/\/www.visit-ulcinj.com\/blog\/2013\/12\/31\/gezuar-vitin-e-ri-nga-familja-mbreterore-shqiptare\/\" \/>\n<meta property=\"og:site_name\" content=\"Lajme nga Ulqini\" \/>\n<meta property=\"article:published_time\" content=\"2013-12-31T22:08:57+00:00\" \/>\n<meta property=\"article:modified_time\" content=\"2014-01-01T00:31:46+00:00\" \/>\n<meta property=\"og:image\" content=\"http:\/\/www.visit-ulcinj.com\/blog\/wp-content\/uploads\/2013\/12\/Prince-Albania-Gezuar-NewYear-2014-2.jpg\" \/>\n<meta name=\"twitter:label1\" content=\"Written by\" \/>\n\t<meta name=\"twitter:data1\" content=\"ulqini\" \/>\n\t<meta name=\"twitter:label2\" content=\"Est. reading time\" \/>\n\t<meta name=\"twitter:data2\" content=\"6 minutes\" \/>\n<script type=\"application\/ld+json\" class=\"yoast-schema-graph\">{\"@context\":\"https:\/\/schema.org\",\"@graph\":[{\"@type\":\"WebSite\",\"@id\":\"https:\/\/www.visit-ulcinj.com\/blog\/#website\",\"url\":\"https:\/\/www.visit-ulcinj.com\/blog\/\",\"name\":\"Lajme nga Ulqini\",\"description\":\"Lajme,Vijesti,Ulqini,Ulqin,Crna Gora,Mali i Zi\",\"potentialAction\":[{\"@type\":\"SearchAction\",\"target\":{\"@type\":\"EntryPoint\",\"urlTemplate\":\"https:\/\/www.visit-ulcinj.com\/blog\/?s={search_term_string}\"},\"query-input\":\"required name=search_term_string\"}],\"inLanguage\":\"en-US\"},{\"@type\":\"ImageObject\",\"inLanguage\":\"en-US\",\"@id\":\"https:\/\/www.visit-ulcinj.com\/blog\/2013\/12\/31\/gezuar-vitin-e-ri-nga-familja-mbreterore-shqiptare\/#primaryimage\",\"url\":\"https:\/\/www.visit-ulcinj.com\/blog\/wp-content\/uploads\/2013\/12\/Prince-Albania-Gezuar-NewYear-2014-2.jpg\",\"contentUrl\":\"https:\/\/www.visit-ulcinj.com\/blog\/wp-content\/uploads\/2013\/12\/Prince-Albania-Gezuar-NewYear-2014-2.jpg\",\"width\":600,\"height\":1093},{\"@type\":\"WebPage\",\"@id\":\"https:\/\/www.visit-ulcinj.com\/blog\/2013\/12\/31\/gezuar-vitin-e-ri-nga-familja-mbreterore-shqiptare\/#webpage\",\"url\":\"https:\/\/www.visit-ulcinj.com\/blog\/2013\/12\/31\/gezuar-vitin-e-ri-nga-familja-mbreterore-shqiptare\/\",\"name\":\"G\u00ebzuar Vitin E Ri nga Familja Mbret\u00ebrore Shqiptare - Lajme nga Ulqini\",\"isPartOf\":{\"@id\":\"https:\/\/www.visit-ulcinj.com\/blog\/#website\"},\"primaryImageOfPage\":{\"@id\":\"https:\/\/www.visit-ulcinj.com\/blog\/2013\/12\/31\/gezuar-vitin-e-ri-nga-familja-mbreterore-shqiptare\/#primaryimage\"},\"datePublished\":\"2013-12-31T22:08:57+00:00\",\"dateModified\":\"2014-01-01T00:31:46+00:00\",\"author\":{\"@id\":\"https:\/\/www.visit-ulcinj.com\/blog\/#\/schema\/person\/dcab619c614d3038751c63bc2aadc06d\"},\"description\":\"T\u00eb dashur bashkatdhetar\u00eb, Deshiroj t'ju uroj nga zemra Gezuar Vitin e Ri 2014! Qofte ky nje vit i deshirave te realizuara! Shqip\u00ebria do t\u00eb vazhdoj\u00eb t\u00eb\",\"breadcrumb\":{\"@id\":\"https:\/\/www.visit-ulcinj.com\/blog\/2013\/12\/31\/gezuar-vitin-e-ri-nga-familja-mbreterore-shqiptare\/#breadcrumb\"},\"inLanguage\":\"en-US\",\"potentialAction\":[{\"@type\":\"ReadAction\",\"target\":[\"https:\/\/www.visit-ulcinj.com\/blog\/2013\/12\/31\/gezuar-vitin-e-ri-nga-familja-mbreterore-shqiptare\/\"]}]},{\"@type\":\"BreadcrumbList\",\"@id\":\"https:\/\/www.visit-ulcinj.com\/blog\/2013\/12\/31\/gezuar-vitin-e-ri-nga-familja-mbreterore-shqiptare\/#breadcrumb\",\"itemListElement\":[{\"@type\":\"ListItem\",\"position\":1,\"name\":\"G\u00ebzuar Vitin E Ri nga Familja Mbret\u00ebrore Shqiptare\"}]},{\"@type\":\"Person\",\"@id\":\"https:\/\/www.visit-ulcinj.com\/blog\/#\/schema\/person\/dcab619c614d3038751c63bc2aadc06d\",\"name\":\"ulqini\",\"sameAs\":[\"http:\/\/www.visit-ulcinj.com\"],\"url\":\"https:\/\/www.visit-ulcinj.com\/blog\/author\/admin\/\"}]}<\/script>\n<!-- \/ Yoast SEO plugin. -->","yoast_head_json":{"title":"G\u00ebzuar Vitin E Ri nga Familja Mbret\u00ebrore Shqiptare - Lajme nga Ulqini","description":"T\u00eb dashur bashkatdhetar\u00eb, Deshiroj t'ju uroj nga zemra Gezuar Vitin e Ri 2014! Qofte ky nje vit i deshirave te realizuara! Shqip\u00ebria do t\u00eb vazhdoj\u00eb t\u00eb","robots":{"index":"index","follow":"follow","max-snippet":"max-snippet:-1","max-image-preview":"max-image-preview:large","max-video-preview":"max-video-preview:-1"},"canonical":"https:\/\/www.visit-ulcinj.com\/blog\/2013\/12\/31\/gezuar-vitin-e-ri-nga-familja-mbreterore-shqiptare\/","og_locale":"en_US","og_type":"article","og_title":"G\u00ebzuar Vitin E Ri nga Familja Mbret\u00ebrore Shqiptare - Lajme nga Ulqini","og_description":"T\u00eb dashur bashkatdhetar\u00eb, Deshiroj t'ju uroj nga zemra Gezuar Vitin e Ri 2014! Qofte ky nje vit i deshirave te realizuara! Shqip\u00ebria do t\u00eb vazhdoj\u00eb t\u00eb","og_url":"https:\/\/www.visit-ulcinj.com\/blog\/2013\/12\/31\/gezuar-vitin-e-ri-nga-familja-mbreterore-shqiptare\/","og_site_name":"Lajme nga Ulqini","article_published_time":"2013-12-31T22:08:57+00:00","article_modified_time":"2014-01-01T00:31:46+00:00","og_image":[{"url":"http:\/\/www.visit-ulcinj.com\/blog\/wp-content\/uploads\/2013\/12\/Prince-Albania-Gezuar-NewYear-2014-2.jpg"}],"twitter_misc":{"Written by":"ulqini","Est. reading time":"6 minutes"},"schema":{"@context":"https:\/\/schema.org","@graph":[{"@type":"WebSite","@id":"https:\/\/www.visit-ulcinj.com\/blog\/#website","url":"https:\/\/www.visit-ulcinj.com\/blog\/","name":"Lajme nga Ulqini","description":"Lajme,Vijesti,Ulqini,Ulqin,Crna Gora,Mali i Zi","potentialAction":[{"@type":"SearchAction","target":{"@type":"EntryPoint","urlTemplate":"https:\/\/www.visit-ulcinj.com\/blog\/?s={search_term_string}"},"query-input":"required name=search_term_string"}],"inLanguage":"en-US"},{"@type":"ImageObject","inLanguage":"en-US","@id":"https:\/\/www.visit-ulcinj.com\/blog\/2013\/12\/31\/gezuar-vitin-e-ri-nga-familja-mbreterore-shqiptare\/#primaryimage","url":"https:\/\/www.visit-ulcinj.com\/blog\/wp-content\/uploads\/2013\/12\/Prince-Albania-Gezuar-NewYear-2014-2.jpg","contentUrl":"https:\/\/www.visit-ulcinj.com\/blog\/wp-content\/uploads\/2013\/12\/Prince-Albania-Gezuar-NewYear-2014-2.jpg","width":600,"height":1093},{"@type":"WebPage","@id":"https:\/\/www.visit-ulcinj.com\/blog\/2013\/12\/31\/gezuar-vitin-e-ri-nga-familja-mbreterore-shqiptare\/#webpage","url":"https:\/\/www.visit-ulcinj.com\/blog\/2013\/12\/31\/gezuar-vitin-e-ri-nga-familja-mbreterore-shqiptare\/","name":"G\u00ebzuar Vitin E Ri nga Familja Mbret\u00ebrore Shqiptare - Lajme nga Ulqini","isPartOf":{"@id":"https:\/\/www.visit-ulcinj.com\/blog\/#website"},"primaryImageOfPage":{"@id":"https:\/\/www.visit-ulcinj.com\/blog\/2013\/12\/31\/gezuar-vitin-e-ri-nga-familja-mbreterore-shqiptare\/#primaryimage"},"datePublished":"2013-12-31T22:08:57+00:00","dateModified":"2014-01-01T00:31:46+00:00","author":{"@id":"https:\/\/www.visit-ulcinj.com\/blog\/#\/schema\/person\/dcab619c614d3038751c63bc2aadc06d"},"description":"T\u00eb dashur bashkatdhetar\u00eb, Deshiroj t'ju uroj nga zemra Gezuar Vitin e Ri 2014! Qofte ky nje vit i deshirave te realizuara! Shqip\u00ebria do t\u00eb vazhdoj\u00eb t\u00eb","breadcrumb":{"@id":"https:\/\/www.visit-ulcinj.com\/blog\/2013\/12\/31\/gezuar-vitin-e-ri-nga-familja-mbreterore-shqiptare\/#breadcrumb"},"inLanguage":"en-US","potentialAction":[{"@type":"ReadAction","target":["https:\/\/www.visit-ulcinj.com\/blog\/2013\/12\/31\/gezuar-vitin-e-ri-nga-familja-mbreterore-shqiptare\/"]}]},{"@type":"BreadcrumbList","@id":"https:\/\/www.visit-ulcinj.com\/blog\/2013\/12\/31\/gezuar-vitin-e-ri-nga-familja-mbreterore-shqiptare\/#breadcrumb","itemListElement":[{"@type":"ListItem","position":1,"name":"G\u00ebzuar Vitin E Ri nga Familja Mbret\u00ebrore Shqiptare"}]},{"@type":"Person","@id":"https:\/\/www.visit-ulcinj.com\/blog\/#\/schema\/person\/dcab619c614d3038751c63bc2aadc06d","name":"ulqini","sameAs":["http:\/\/www.visit-ulcinj.com"],"url":"https:\/\/www.visit-ulcinj.com\/blog\/author\/admin\/"}]}},"jetpack_featured_media_url":"","jetpack_sharing_enabled":true,"jetpack_shortlink":"https:\/\/wp.me\/pe6lTn-kff","_links":{"self":[{"href":"https:\/\/www.visit-ulcinj.com\/blog\/wp-json\/wp\/v2\/posts\/77825"}],"collection":[{"href":"https:\/\/www.visit-ulcinj.com\/blog\/wp-json\/wp\/v2\/posts"}],"about":[{"href":"https:\/\/www.visit-ulcinj.com\/blog\/wp-json\/wp\/v2\/types\/post"}],"author":[{"embeddable":true,"href":"https:\/\/www.visit-ulcinj.com\/blog\/wp-json\/wp\/v2\/users\/1"}],"replies":[{"embeddable":true,"href":"https:\/\/www.visit-ulcinj.com\/blog\/wp-json\/wp\/v2\/comments?post=77825"}],"version-history":[{"count":3,"href":"https:\/\/www.visit-ulcinj.com\/blog\/wp-json\/wp\/v2\/posts\/77825\/revisions"}],"predecessor-version":[{"id":77831,"href":"https:\/\/www.visit-ulcinj.com\/blog\/wp-json\/wp\/v2\/posts\/77825\/revisions\/77831"}],"wp:attachment":[{"href":"https:\/\/www.visit-ulcinj.com\/blog\/wp-json\/wp\/v2\/media?parent=77825"}],"wp:term":[{"taxonomy":"category","embeddable":true,"href":"https:\/\/www.visit-ulcinj.com\/blog\/wp-json\/wp\/v2\/categories?post=77825"},{"taxonomy":"post_tag","embeddable":true,"href":"https:\/\/www.visit-ulcinj.com\/blog\/wp-json\/wp\/v2\/tags?post=77825"}],"curies":[{"name":"wp","href":"https:\/\/api.w.org\/{rel}","templated":true}]}}