{"id":77834,"date":"2014-01-01T01:22:11","date_gmt":"2014-01-01T00:22:11","guid":{"rendered":"http:\/\/www.visit-ulcinj.com\/blog\/?p=77834"},"modified":"2014-01-01T01:22:11","modified_gmt":"2014-01-01T00:22:11","slug":"komuna-ulqinit-kryetari-cungu-uron-qytetaret-per-vitin-e-ri-2014","status":"publish","type":"post","link":"https:\/\/www.visit-ulcinj.com\/blog\/2014\/01\/01\/komuna-ulqinit-kryetari-cungu-uron-qytetaret-per-vitin-e-ri-2014\/","title":{"rendered":"Komuna Ulqinit &#8211; Kryetari Cungu uron qytetar\u00ebt p\u00ebr Vitin e Ri 2014"},"content":{"rendered":"<p><a href=\"http:\/\/www.visit-ulcinj.com\/blog\/wp-content\/uploads\/2014\/01\/nazif-cungu-urimi.jpg\"><img loading=\"lazy\" class=\"alignleft size-full wp-image-77836\" alt=\"nazif-cungu-urimi\" src=\"http:\/\/www.visit-ulcinj.com\/blog\/wp-content\/uploads\/2014\/01\/nazif-cungu-urimi.jpg\" width=\"229\" height=\"293\" \/><\/a>T\u00eb dashur miq,<\/p>\n<p>Dua t\u2019ju uroj nga zemra p\u00ebr Vitin e Ri 2014! Uroj q\u00eb ky vit t\u2019ju sjell\u00eb sh\u00ebndet, g\u00ebzime, suksese, begati e lumturi juve dhe familjeve tuaja!<\/p>\n<p>Gjithashtu uroj q\u00eb viti i ardhsh\u00ebm t\u00eb jet\u00eb vit i mbar\u00eb p\u00ebr gjith\u00eb komunitetin ton\u00eb. Viti q\u00eb po l\u00ebm\u00eb pas ishte vit me shum\u00eb suksese, por edhe me probleme t\u00eb num\u00ebrta. Shpresoj q\u00eb qytetar\u00ebt n\u00eb prag t\u00eb vitit t\u00eb ri do t\u00eb mendojn\u00eb mbi situat\u00ebn ton\u00eb, do t\u00eb analizojn\u00eb t\u00eb gjitha faktet dhe do t\u00eb reflektojn\u00eb pjekuri dhe vlera t\u00eb cilat na karakterizojn\u00eb n\u00eb marrjen e vendimeve. Jam i bindur se rruga e vetme drejt zhvillimit \u00ebsht\u00eb n\u00ebp\u00ebrmjet<br \/>\ndijes, pun\u00ebs, p\u00ebrpjekjeve dhe p\u00ebrkushtimit t\u00eb t\u00eb gjith\u00eb neve.<\/p>\n<p><strong>G\u00ebzuar!<\/strong><\/p>\n<p>Sinqerisht juaji,<\/p>\n<p><strong>Nazif Cungu<\/strong><br \/>\nKryetar i Komun\u00ebs s\u00eb Ulqinit<br \/>\nKryetar i Forc\u00ebs s\u00eb Re Demokratike<\/p>\n","protected":false},"excerpt":{"rendered":"<p>T\u00eb dashur miq, Dua t\u2019ju uroj nga zemra p\u00ebr Vitin e Ri 2014! Uroj q\u00eb ky vit t\u2019ju sjell\u00eb sh\u00ebndet, g\u00ebzime, suksese, begati e lumturi juve dhe familjeve tuaja! Gjithashtu uroj q\u00eb viti i ardhsh\u00ebm t\u00eb jet\u00eb vit i mbar\u00eb p\u00ebr gjith\u00eb komunitetin ton\u00eb. Viti q\u00eb po l\u00ebm\u00eb pas ishte vit me shum\u00eb suksese, por [&hellip;]<\/p>\n","protected":false},"author":1,"featured_media":0,"comment_status":"closed","ping_status":"closed","sticky":false,"template":"","format":"standard","meta":{"spay_email":"","jetpack_publicize_message":"","jetpack_is_tweetstorm":false,"jetpack_publicize_feature_enabled":true},"categories":[1],"tags":[],"jetpack_publicize_connections":[],"yoast_head":"<!-- This site is optimized with the Yoast SEO plugin v19.1 - https:\/\/yoast.com\/wordpress\/plugins\/seo\/ -->\n<title>Komuna Ulqinit - Kryetari Cungu uron qytetar\u00ebt p\u00ebr Vitin e Ri 2014 - Lajme nga Ulqini<\/title>\n<meta name=\"description\" content=\"T\u00eb dashur miq, Dua t\u2019ju uroj nga zemra p\u00ebr Vitin e Ri 2014! Uroj q\u00eb ky vit t\u2019ju sjell\u00eb sh\u00ebndet, g\u00ebzime, suksese, begati e lumturi juve dhe familjeve\" \/>\n<meta name=\"robots\" content=\"index, follow, max-snippet:-1, max-image-preview:large, max-video-preview:-1\" \/>\n<link rel=\"canonical\" href=\"https:\/\/www.visit-ulcinj.com\/blog\/2014\/01\/01\/komuna-ulqinit-kryetari-cungu-uron-qytetaret-per-vitin-e-ri-2014\/\" \/>\n<meta property=\"og:locale\" content=\"en_US\" \/>\n<meta property=\"og:type\" content=\"article\" \/>\n<meta property=\"og:title\" content=\"Komuna Ulqinit - Kryetari Cungu uron qytetar\u00ebt p\u00ebr Vitin e Ri 2014 - Lajme nga Ulqini\" \/>\n<meta property=\"og:description\" content=\"T\u00eb dashur miq, Dua t\u2019ju uroj nga zemra p\u00ebr Vitin e Ri 2014! Uroj q\u00eb ky vit t\u2019ju sjell\u00eb sh\u00ebndet, g\u00ebzime, suksese, begati e lumturi juve dhe familjeve\" \/>\n<meta property=\"og:url\" content=\"https:\/\/www.visit-ulcinj.com\/blog\/2014\/01\/01\/komuna-ulqinit-kryetari-cungu-uron-qytetaret-per-vitin-e-ri-2014\/\" \/>\n<meta property=\"og:site_name\" content=\"Lajme nga Ulqini\" \/>\n<meta property=\"article:published_time\" content=\"2014-01-01T00:22:11+00:00\" \/>\n<meta property=\"og:image\" content=\"http:\/\/www.visit-ulcinj.com\/blog\/wp-content\/uploads\/2014\/01\/nazif-cungu-urimi.jpg\" \/>\n<meta name=\"twitter:label1\" content=\"Written by\" \/>\n\t<meta name=\"twitter:data1\" content=\"ulqini\" \/>\n\t<meta name=\"twitter:label2\" content=\"Est. reading time\" \/>\n\t<meta name=\"twitter:data2\" content=\"1 minute\" \/>\n<script type=\"application\/ld+json\" class=\"yoast-schema-graph\">{\"@context\":\"https:\/\/schema.org\",\"@graph\":[{\"@type\":\"WebSite\",\"@id\":\"https:\/\/www.visit-ulcinj.com\/blog\/#website\",\"url\":\"https:\/\/www.visit-ulcinj.com\/blog\/\",\"name\":\"Lajme nga Ulqini\",\"description\":\"Lajme,Vijesti,Ulqini,Ulqin,Crna Gora,Mali i Zi\",\"potentialAction\":[{\"@type\":\"SearchAction\",\"target\":{\"@type\":\"EntryPoint\",\"urlTemplate\":\"https:\/\/www.visit-ulcinj.com\/blog\/?s={search_term_string}\"},\"query-input\":\"required name=search_term_string\"}],\"inLanguage\":\"en-US\"},{\"@type\":\"ImageObject\",\"inLanguage\":\"en-US\",\"@id\":\"https:\/\/www.visit-ulcinj.com\/blog\/2014\/01\/01\/komuna-ulqinit-kryetari-cungu-uron-qytetaret-per-vitin-e-ri-2014\/#primaryimage\",\"url\":\"https:\/\/www.visit-ulcinj.com\/blog\/wp-content\/uploads\/2014\/01\/nazif-cungu-urimi.jpg\",\"contentUrl\":\"https:\/\/www.visit-ulcinj.com\/blog\/wp-content\/uploads\/2014\/01\/nazif-cungu-urimi.jpg\",\"width\":229,\"height\":293},{\"@type\":\"WebPage\",\"@id\":\"https:\/\/www.visit-ulcinj.com\/blog\/2014\/01\/01\/komuna-ulqinit-kryetari-cungu-uron-qytetaret-per-vitin-e-ri-2014\/#webpage\",\"url\":\"https:\/\/www.visit-ulcinj.com\/blog\/2014\/01\/01\/komuna-ulqinit-kryetari-cungu-uron-qytetaret-per-vitin-e-ri-2014\/\",\"name\":\"Komuna Ulqinit - Kryetari Cungu uron qytetar\u00ebt p\u00ebr Vitin e Ri 2014 - Lajme nga Ulqini\",\"isPartOf\":{\"@id\":\"https:\/\/www.visit-ulcinj.com\/blog\/#website\"},\"primaryImageOfPage\":{\"@id\":\"https:\/\/www.visit-ulcinj.com\/blog\/2014\/01\/01\/komuna-ulqinit-kryetari-cungu-uron-qytetaret-per-vitin-e-ri-2014\/#primaryimage\"},\"datePublished\":\"2014-01-01T00:22:11+00:00\",\"dateModified\":\"2014-01-01T00:22:11+00:00\",\"author\":{\"@id\":\"https:\/\/www.visit-ulcinj.com\/blog\/#\/schema\/person\/dcab619c614d3038751c63bc2aadc06d\"},\"description\":\"T\u00eb dashur miq, Dua t\u2019ju uroj nga zemra p\u00ebr Vitin e Ri 2014! Uroj q\u00eb ky vit t\u2019ju sjell\u00eb sh\u00ebndet, g\u00ebzime, suksese, begati e lumturi juve dhe familjeve\",\"breadcrumb\":{\"@id\":\"https:\/\/www.visit-ulcinj.com\/blog\/2014\/01\/01\/komuna-ulqinit-kryetari-cungu-uron-qytetaret-per-vitin-e-ri-2014\/#breadcrumb\"},\"inLanguage\":\"en-US\",\"potentialAction\":[{\"@type\":\"ReadAction\",\"target\":[\"https:\/\/www.visit-ulcinj.com\/blog\/2014\/01\/01\/komuna-ulqinit-kryetari-cungu-uron-qytetaret-per-vitin-e-ri-2014\/\"]}]},{\"@type\":\"BreadcrumbList\",\"@id\":\"https:\/\/www.visit-ulcinj.com\/blog\/2014\/01\/01\/komuna-ulqinit-kryetari-cungu-uron-qytetaret-per-vitin-e-ri-2014\/#breadcrumb\",\"itemListElement\":[{\"@type\":\"ListItem\",\"position\":1,\"name\":\"Komuna Ulqinit &#8211; Kryetari Cungu uron qytetar\u00ebt p\u00ebr Vitin e Ri 2014\"}]},{\"@type\":\"Person\",\"@id\":\"https:\/\/www.visit-ulcinj.com\/blog\/#\/schema\/person\/dcab619c614d3038751c63bc2aadc06d\",\"name\":\"ulqini\",\"sameAs\":[\"http:\/\/www.visit-ulcinj.com\"],\"url\":\"https:\/\/www.visit-ulcinj.com\/blog\/author\/admin\/\"}]}<\/script>\n<!-- \/ Yoast SEO plugin. -->","yoast_head_json":{"title":"Komuna Ulqinit - Kryetari Cungu uron qytetar\u00ebt p\u00ebr Vitin e Ri 2014 - Lajme nga Ulqini","description":"T\u00eb dashur miq, Dua t\u2019ju uroj nga zemra p\u00ebr Vitin e Ri 2014! Uroj q\u00eb ky vit t\u2019ju sjell\u00eb sh\u00ebndet, g\u00ebzime, suksese, begati e lumturi juve dhe familjeve","robots":{"index":"index","follow":"follow","max-snippet":"max-snippet:-1","max-image-preview":"max-image-preview:large","max-video-preview":"max-video-preview:-1"},"canonical":"https:\/\/www.visit-ulcinj.com\/blog\/2014\/01\/01\/komuna-ulqinit-kryetari-cungu-uron-qytetaret-per-vitin-e-ri-2014\/","og_locale":"en_US","og_type":"article","og_title":"Komuna Ulqinit - Kryetari Cungu uron qytetar\u00ebt p\u00ebr Vitin e Ri 2014 - Lajme nga Ulqini","og_description":"T\u00eb dashur miq, Dua t\u2019ju uroj nga zemra p\u00ebr Vitin e Ri 2014! Uroj q\u00eb ky vit t\u2019ju sjell\u00eb sh\u00ebndet, g\u00ebzime, suksese, begati e lumturi juve dhe familjeve","og_url":"https:\/\/www.visit-ulcinj.com\/blog\/2014\/01\/01\/komuna-ulqinit-kryetari-cungu-uron-qytetaret-per-vitin-e-ri-2014\/","og_site_name":"Lajme nga Ulqini","article_published_time":"2014-01-01T00:22:11+00:00","og_image":[{"url":"http:\/\/www.visit-ulcinj.com\/blog\/wp-content\/uploads\/2014\/01\/nazif-cungu-urimi.jpg"}],"twitter_misc":{"Written by":"ulqini","Est. reading time":"1 minute"},"schema":{"@context":"https:\/\/schema.org","@graph":[{"@type":"WebSite","@id":"https:\/\/www.visit-ulcinj.com\/blog\/#website","url":"https:\/\/www.visit-ulcinj.com\/blog\/","name":"Lajme nga Ulqini","description":"Lajme,Vijesti,Ulqini,Ulqin,Crna Gora,Mali i Zi","potentialAction":[{"@type":"SearchAction","target":{"@type":"EntryPoint","urlTemplate":"https:\/\/www.visit-ulcinj.com\/blog\/?s={search_term_string}"},"query-input":"required name=search_term_string"}],"inLanguage":"en-US"},{"@type":"ImageObject","inLanguage":"en-US","@id":"https:\/\/www.visit-ulcinj.com\/blog\/2014\/01\/01\/komuna-ulqinit-kryetari-cungu-uron-qytetaret-per-vitin-e-ri-2014\/#primaryimage","url":"https:\/\/www.visit-ulcinj.com\/blog\/wp-content\/uploads\/2014\/01\/nazif-cungu-urimi.jpg","contentUrl":"https:\/\/www.visit-ulcinj.com\/blog\/wp-content\/uploads\/2014\/01\/nazif-cungu-urimi.jpg","width":229,"height":293},{"@type":"WebPage","@id":"https:\/\/www.visit-ulcinj.com\/blog\/2014\/01\/01\/komuna-ulqinit-kryetari-cungu-uron-qytetaret-per-vitin-e-ri-2014\/#webpage","url":"https:\/\/www.visit-ulcinj.com\/blog\/2014\/01\/01\/komuna-ulqinit-kryetari-cungu-uron-qytetaret-per-vitin-e-ri-2014\/","name":"Komuna Ulqinit - Kryetari Cungu uron qytetar\u00ebt p\u00ebr Vitin e Ri 2014 - Lajme nga Ulqini","isPartOf":{"@id":"https:\/\/www.visit-ulcinj.com\/blog\/#website"},"primaryImageOfPage":{"@id":"https:\/\/www.visit-ulcinj.com\/blog\/2014\/01\/01\/komuna-ulqinit-kryetari-cungu-uron-qytetaret-per-vitin-e-ri-2014\/#primaryimage"},"datePublished":"2014-01-01T00:22:11+00:00","dateModified":"2014-01-01T00:22:11+00:00","author":{"@id":"https:\/\/www.visit-ulcinj.com\/blog\/#\/schema\/person\/dcab619c614d3038751c63bc2aadc06d"},"description":"T\u00eb dashur miq, Dua t\u2019ju uroj nga zemra p\u00ebr Vitin e Ri 2014! Uroj q\u00eb ky vit t\u2019ju sjell\u00eb sh\u00ebndet, g\u00ebzime, suksese, begati e lumturi juve dhe familjeve","breadcrumb":{"@id":"https:\/\/www.visit-ulcinj.com\/blog\/2014\/01\/01\/komuna-ulqinit-kryetari-cungu-uron-qytetaret-per-vitin-e-ri-2014\/#breadcrumb"},"inLanguage":"en-US","potentialAction":[{"@type":"ReadAction","target":["https:\/\/www.visit-ulcinj.com\/blog\/2014\/01\/01\/komuna-ulqinit-kryetari-cungu-uron-qytetaret-per-vitin-e-ri-2014\/"]}]},{"@type":"BreadcrumbList","@id":"https:\/\/www.visit-ulcinj.com\/blog\/2014\/01\/01\/komuna-ulqinit-kryetari-cungu-uron-qytetaret-per-vitin-e-ri-2014\/#breadcrumb","itemListElement":[{"@type":"ListItem","position":1,"name":"Komuna Ulqinit &#8211; Kryetari Cungu uron qytetar\u00ebt p\u00ebr Vitin e Ri 2014"}]},{"@type":"Person","@id":"https:\/\/www.visit-ulcinj.com\/blog\/#\/schema\/person\/dcab619c614d3038751c63bc2aadc06d","name":"ulqini","sameAs":["http:\/\/www.visit-ulcinj.com"],"url":"https:\/\/www.visit-ulcinj.com\/blog\/author\/admin\/"}]}},"jetpack_featured_media_url":"","jetpack_sharing_enabled":true,"jetpack_shortlink":"https:\/\/wp.me\/pe6lTn-kfo","_links":{"self":[{"href":"https:\/\/www.visit-ulcinj.com\/blog\/wp-json\/wp\/v2\/posts\/77834"}],"collection":[{"href":"https:\/\/www.visit-ulcinj.com\/blog\/wp-json\/wp\/v2\/posts"}],"about":[{"href":"https:\/\/www.visit-ulcinj.com\/blog\/wp-json\/wp\/v2\/types\/post"}],"author":[{"embeddable":true,"href":"https:\/\/www.visit-ulcinj.com\/blog\/wp-json\/wp\/v2\/users\/1"}],"replies":[{"embeddable":true,"href":"https:\/\/www.visit-ulcinj.com\/blog\/wp-json\/wp\/v2\/comments?post=77834"}],"version-history":[{"count":1,"href":"https:\/\/www.visit-ulcinj.com\/blog\/wp-json\/wp\/v2\/posts\/77834\/revisions"}],"predecessor-version":[{"id":77837,"href":"https:\/\/www.visit-ulcinj.com\/blog\/wp-json\/wp\/v2\/posts\/77834\/revisions\/77837"}],"wp:attachment":[{"href":"https:\/\/www.visit-ulcinj.com\/blog\/wp-json\/wp\/v2\/media?parent=77834"}],"wp:term":[{"taxonomy":"category","embeddable":true,"href":"https:\/\/www.visit-ulcinj.com\/blog\/wp-json\/wp\/v2\/categories?post=77834"},{"taxonomy":"post_tag","embeddable":true,"href":"https:\/\/www.visit-ulcinj.com\/blog\/wp-json\/wp\/v2\/tags?post=77834"}],"curies":[{"name":"wp","href":"https:\/\/api.w.org\/{rel}","templated":true}]}}