{"id":77855,"date":"2014-01-25T00:51:24","date_gmt":"2014-01-24T23:51:24","guid":{"rendered":"http:\/\/www.visit-ulcinj.com\/blog\/?p=77855"},"modified":"2014-01-25T13:03:29","modified_gmt":"2014-01-25T12:03:29","slug":"per-cilen-parti-do-votoni-me-26-janar-2014","status":"publish","type":"post","link":"https:\/\/www.visit-ulcinj.com\/blog\/2014\/01\/25\/per-cilen-parti-do-votoni-me-26-janar-2014\/","title":{"rendered":"Per cilen parti do votoni m\u00eb 26 janar 2014"},"content":{"rendered":"<p><a href=\"http:\/\/www.visit-ulcinj.com\/blog\/wp-content\/uploads\/2014\/01\/Per-cilen-parti-do-votoni-m\u00eb-26-janar-2014.jpg\"><img loading=\"lazy\" class=\"alignleft  wp-image-78435\" alt=\"Per cilen parti do votoni m\u00eb 26 janar 2014\" src=\"http:\/\/www.visit-ulcinj.com\/blog\/wp-content\/uploads\/2014\/01\/Per-cilen-parti-do-votoni-m\u00eb-26-janar-2014.jpg\" width=\"508\" height=\"400\" \/><\/a>Duhet cekur de deri\u00a0 tani n\u00eb Ulqin pushtetin e ushtronte Forca e re Demokratike,\u00a0 Partia Demokratike n\u00eb krye me Fatmir Gjek\u00ebn si dhe Lista Perspektiva \u2013 Amir Hollaj dhe Partia Social Demokratike.<br \/>\nPra deri mbr\u00ebm\u00eb n\u00eb ora 24, n\u00eb Komisionit zgjedhor komunal n\u00eb Ulqin jan\u00eb dor\u00ebzuar n\u00ebnt\u00eb lista me kandidat\u00ebt p\u00ebr k\u00ebshilltar p\u00ebr zgjedhjet e\u00a0 26 janarit<\/p>\n<p>Kryetari i KKZ Jakup Murati ka deklaruar se t\u00eb gjitha listat jan\u00eb konfirmuar. B\u00ebhet fjal\u00eb p\u00ebr tet\u00eb lista t\u00eb pavarura dhe nj\u00eb koalicion.<br \/>\nPra ne duhet t\u00eb kryejm\u00eb aktin m\u00eb t\u00eb natyrsh\u00ebm n\u00eb nj\u00eb shoq\u00ebri t\u00eb lir\u00eb, q\u00eb \u00ebsht\u00eb veprimi politik, qytetar, shoq\u00ebror, m\u00eb i r\u00ebnd\u00ebsish\u00ebm, q\u00eb p\u00ebrmban n\u00eb vetvete, thelbin e Demokracis\u00eb.<\/p>\n<p>T\u00eb mund\u00ebsojm\u00eb sa m\u00eb tep\u00ebr t\u00eb rinj t\u00eb votojn\u00eb, posa\u00e7\u00ebrisht ata q\u00eb votojn\u00eb p\u00ebr her\u00eb t\u00eb par\u00eb\u2026q\u00eb dita e nes\u00ebrme t\u00eb jet\u00eb nj\u00eb dit\u00eb e bukur.<\/p>\n<p>Votim t\u00eb mbar\u00eb!<\/p>\n<a name=\"pd_a_7684131\"><\/a>\n<div class=\"CSS_Poll PDS_Poll\" id=\"PDI_container7684131\" style=\"display:inline-block;\"><\/div>\n<div id=\"PD_superContainer\"><\/div>\n<script type=\"text\/javascript\" charset=\"UTF-8\" src=\"\/\/static.polldaddy.com\/p\/7684131.js\"><\/script>\n<noscript><a href=\"https:\/\/poll.fm\/7684131\">Take Our Poll<\/a><\/noscript>\n<p>&nbsp;<\/p>\n","protected":false},"excerpt":{"rendered":"<p>Duhet cekur de deri\u00a0 tani n\u00eb Ulqin pushtetin e ushtronte Forca e re Demokratike,\u00a0 Partia Demokratike n\u00eb krye me Fatmir Gjek\u00ebn si dhe Lista Perspektiva \u2013 Amir Hollaj dhe Partia Social Demokratike. Pra deri mbr\u00ebm\u00eb n\u00eb ora 24, n\u00eb Komisionit zgjedhor komunal n\u00eb Ulqin jan\u00eb dor\u00ebzuar n\u00ebnt\u00eb lista me kandidat\u00ebt p\u00ebr k\u00ebshilltar p\u00ebr zgjedhjet e\u00a0 [&hellip;]<\/p>\n","protected":false},"author":1,"featured_media":0,"comment_status":"closed","ping_status":"closed","sticky":false,"template":"","format":"standard","meta":{"spay_email":"","jetpack_publicize_message":"","jetpack_is_tweetstorm":false,"jetpack_publicize_feature_enabled":true},"categories":[1,2451],"tags":[],"jetpack_publicize_connections":[],"yoast_head":"<!-- This site is optimized with the Yoast SEO plugin v19.1 - https:\/\/yoast.com\/wordpress\/plugins\/seo\/ -->\n<title>Per cilen parti do votoni m\u00eb 26 janar 2014 - Lajme nga Ulqini<\/title>\n<meta name=\"description\" content=\"Duhet cekur de deri\u00a0 tani n\u00eb Ulqin pushtetin e ushtronte Forca e re Demokratike,\u00a0 Partia Demokratike n\u00eb krye me Fatmir Gjek\u00ebn si dhe Lista Perspektiva \u2013\" \/>\n<meta name=\"robots\" content=\"index, follow, max-snippet:-1, max-image-preview:large, max-video-preview:-1\" \/>\n<link rel=\"canonical\" href=\"https:\/\/www.visit-ulcinj.com\/blog\/2014\/01\/25\/per-cilen-parti-do-votoni-me-26-janar-2014\/\" \/>\n<meta property=\"og:locale\" content=\"en_US\" \/>\n<meta property=\"og:type\" content=\"article\" \/>\n<meta property=\"og:title\" content=\"Per cilen parti do votoni m\u00eb 26 janar 2014 - Lajme nga Ulqini\" \/>\n<meta property=\"og:description\" content=\"Duhet cekur de deri\u00a0 tani n\u00eb Ulqin pushtetin e ushtronte Forca e re Demokratike,\u00a0 Partia Demokratike n\u00eb krye me Fatmir Gjek\u00ebn si dhe Lista Perspektiva \u2013\" \/>\n<meta property=\"og:url\" content=\"https:\/\/www.visit-ulcinj.com\/blog\/2014\/01\/25\/per-cilen-parti-do-votoni-me-26-janar-2014\/\" \/>\n<meta property=\"og:site_name\" content=\"Lajme nga Ulqini\" \/>\n<meta property=\"article:published_time\" content=\"2014-01-24T23:51:24+00:00\" \/>\n<meta property=\"article:modified_time\" content=\"2014-01-25T12:03:29+00:00\" \/>\n<meta name=\"twitter:label1\" content=\"Written by\" \/>\n\t<meta name=\"twitter:data1\" content=\"ulqini\" \/>\n\t<meta name=\"twitter:label2\" content=\"Est. reading time\" \/>\n\t<meta name=\"twitter:data2\" content=\"1 minute\" \/>\n<script type=\"application\/ld+json\" class=\"yoast-schema-graph\">{\"@context\":\"https:\/\/schema.org\",\"@graph\":[{\"@type\":\"WebSite\",\"@id\":\"https:\/\/www.visit-ulcinj.com\/blog\/#website\",\"url\":\"https:\/\/www.visit-ulcinj.com\/blog\/\",\"name\":\"Lajme nga Ulqini\",\"description\":\"Lajme,Vijesti,Ulqini,Ulqin,Crna Gora,Mali i Zi\",\"potentialAction\":[{\"@type\":\"SearchAction\",\"target\":{\"@type\":\"EntryPoint\",\"urlTemplate\":\"https:\/\/www.visit-ulcinj.com\/blog\/?s={search_term_string}\"},\"query-input\":\"required name=search_term_string\"}],\"inLanguage\":\"en-US\"},{\"@type\":\"WebPage\",\"@id\":\"https:\/\/www.visit-ulcinj.com\/blog\/2014\/01\/25\/per-cilen-parti-do-votoni-me-26-janar-2014\/#webpage\",\"url\":\"https:\/\/www.visit-ulcinj.com\/blog\/2014\/01\/25\/per-cilen-parti-do-votoni-me-26-janar-2014\/\",\"name\":\"Per cilen parti do votoni m\u00eb 26 janar 2014 - Lajme nga Ulqini\",\"isPartOf\":{\"@id\":\"https:\/\/www.visit-ulcinj.com\/blog\/#website\"},\"datePublished\":\"2014-01-24T23:51:24+00:00\",\"dateModified\":\"2014-01-25T12:03:29+00:00\",\"author\":{\"@id\":\"https:\/\/www.visit-ulcinj.com\/blog\/#\/schema\/person\/dcab619c614d3038751c63bc2aadc06d\"},\"description\":\"Duhet cekur de deri\u00a0 tani n\u00eb Ulqin pushtetin e ushtronte Forca e re Demokratike,\u00a0 Partia Demokratike n\u00eb krye me Fatmir Gjek\u00ebn si dhe Lista Perspektiva \u2013\",\"breadcrumb\":{\"@id\":\"https:\/\/www.visit-ulcinj.com\/blog\/2014\/01\/25\/per-cilen-parti-do-votoni-me-26-janar-2014\/#breadcrumb\"},\"inLanguage\":\"en-US\",\"potentialAction\":[{\"@type\":\"ReadAction\",\"target\":[\"https:\/\/www.visit-ulcinj.com\/blog\/2014\/01\/25\/per-cilen-parti-do-votoni-me-26-janar-2014\/\"]}]},{\"@type\":\"BreadcrumbList\",\"@id\":\"https:\/\/www.visit-ulcinj.com\/blog\/2014\/01\/25\/per-cilen-parti-do-votoni-me-26-janar-2014\/#breadcrumb\",\"itemListElement\":[{\"@type\":\"ListItem\",\"position\":1,\"name\":\"Per cilen parti do votoni m\u00eb 26 janar 2014\"}]},{\"@type\":\"Person\",\"@id\":\"https:\/\/www.visit-ulcinj.com\/blog\/#\/schema\/person\/dcab619c614d3038751c63bc2aadc06d\",\"name\":\"ulqini\",\"sameAs\":[\"http:\/\/www.visit-ulcinj.com\"],\"url\":\"https:\/\/www.visit-ulcinj.com\/blog\/author\/admin\/\"}]}<\/script>\n<!-- \/ Yoast SEO plugin. -->","yoast_head_json":{"title":"Per cilen parti do votoni m\u00eb 26 janar 2014 - Lajme nga Ulqini","description":"Duhet cekur de deri\u00a0 tani n\u00eb Ulqin pushtetin e ushtronte Forca e re Demokratike,\u00a0 Partia Demokratike n\u00eb krye me Fatmir Gjek\u00ebn si dhe Lista Perspektiva \u2013","robots":{"index":"index","follow":"follow","max-snippet":"max-snippet:-1","max-image-preview":"max-image-preview:large","max-video-preview":"max-video-preview:-1"},"canonical":"https:\/\/www.visit-ulcinj.com\/blog\/2014\/01\/25\/per-cilen-parti-do-votoni-me-26-janar-2014\/","og_locale":"en_US","og_type":"article","og_title":"Per cilen parti do votoni m\u00eb 26 janar 2014 - Lajme nga Ulqini","og_description":"Duhet cekur de deri\u00a0 tani n\u00eb Ulqin pushtetin e ushtronte Forca e re Demokratike,\u00a0 Partia Demokratike n\u00eb krye me Fatmir Gjek\u00ebn si dhe Lista Perspektiva \u2013","og_url":"https:\/\/www.visit-ulcinj.com\/blog\/2014\/01\/25\/per-cilen-parti-do-votoni-me-26-janar-2014\/","og_site_name":"Lajme nga Ulqini","article_published_time":"2014-01-24T23:51:24+00:00","article_modified_time":"2014-01-25T12:03:29+00:00","twitter_misc":{"Written by":"ulqini","Est. reading time":"1 minute"},"schema":{"@context":"https:\/\/schema.org","@graph":[{"@type":"WebSite","@id":"https:\/\/www.visit-ulcinj.com\/blog\/#website","url":"https:\/\/www.visit-ulcinj.com\/blog\/","name":"Lajme nga Ulqini","description":"Lajme,Vijesti,Ulqini,Ulqin,Crna Gora,Mali i Zi","potentialAction":[{"@type":"SearchAction","target":{"@type":"EntryPoint","urlTemplate":"https:\/\/www.visit-ulcinj.com\/blog\/?s={search_term_string}"},"query-input":"required name=search_term_string"}],"inLanguage":"en-US"},{"@type":"WebPage","@id":"https:\/\/www.visit-ulcinj.com\/blog\/2014\/01\/25\/per-cilen-parti-do-votoni-me-26-janar-2014\/#webpage","url":"https:\/\/www.visit-ulcinj.com\/blog\/2014\/01\/25\/per-cilen-parti-do-votoni-me-26-janar-2014\/","name":"Per cilen parti do votoni m\u00eb 26 janar 2014 - Lajme nga Ulqini","isPartOf":{"@id":"https:\/\/www.visit-ulcinj.com\/blog\/#website"},"datePublished":"2014-01-24T23:51:24+00:00","dateModified":"2014-01-25T12:03:29+00:00","author":{"@id":"https:\/\/www.visit-ulcinj.com\/blog\/#\/schema\/person\/dcab619c614d3038751c63bc2aadc06d"},"description":"Duhet cekur de deri\u00a0 tani n\u00eb Ulqin pushtetin e ushtronte Forca e re Demokratike,\u00a0 Partia Demokratike n\u00eb krye me Fatmir Gjek\u00ebn si dhe Lista Perspektiva \u2013","breadcrumb":{"@id":"https:\/\/www.visit-ulcinj.com\/blog\/2014\/01\/25\/per-cilen-parti-do-votoni-me-26-janar-2014\/#breadcrumb"},"inLanguage":"en-US","potentialAction":[{"@type":"ReadAction","target":["https:\/\/www.visit-ulcinj.com\/blog\/2014\/01\/25\/per-cilen-parti-do-votoni-me-26-janar-2014\/"]}]},{"@type":"BreadcrumbList","@id":"https:\/\/www.visit-ulcinj.com\/blog\/2014\/01\/25\/per-cilen-parti-do-votoni-me-26-janar-2014\/#breadcrumb","itemListElement":[{"@type":"ListItem","position":1,"name":"Per cilen parti do votoni m\u00eb 26 janar 2014"}]},{"@type":"Person","@id":"https:\/\/www.visit-ulcinj.com\/blog\/#\/schema\/person\/dcab619c614d3038751c63bc2aadc06d","name":"ulqini","sameAs":["http:\/\/www.visit-ulcinj.com"],"url":"https:\/\/www.visit-ulcinj.com\/blog\/author\/admin\/"}]}},"jetpack_featured_media_url":"","jetpack_sharing_enabled":true,"jetpack_shortlink":"https:\/\/wp.me\/pe6lTn-kfJ","_links":{"self":[{"href":"https:\/\/www.visit-ulcinj.com\/blog\/wp-json\/wp\/v2\/posts\/77855"}],"collection":[{"href":"https:\/\/www.visit-ulcinj.com\/blog\/wp-json\/wp\/v2\/posts"}],"about":[{"href":"https:\/\/www.visit-ulcinj.com\/blog\/wp-json\/wp\/v2\/types\/post"}],"author":[{"embeddable":true,"href":"https:\/\/www.visit-ulcinj.com\/blog\/wp-json\/wp\/v2\/users\/1"}],"replies":[{"embeddable":true,"href":"https:\/\/www.visit-ulcinj.com\/blog\/wp-json\/wp\/v2\/comments?post=77855"}],"version-history":[{"count":3,"href":"https:\/\/www.visit-ulcinj.com\/blog\/wp-json\/wp\/v2\/posts\/77855\/revisions"}],"predecessor-version":[{"id":78436,"href":"https:\/\/www.visit-ulcinj.com\/blog\/wp-json\/wp\/v2\/posts\/77855\/revisions\/78436"}],"wp:attachment":[{"href":"https:\/\/www.visit-ulcinj.com\/blog\/wp-json\/wp\/v2\/media?parent=77855"}],"wp:term":[{"taxonomy":"category","embeddable":true,"href":"https:\/\/www.visit-ulcinj.com\/blog\/wp-json\/wp\/v2\/categories?post=77855"},{"taxonomy":"post_tag","embeddable":true,"href":"https:\/\/www.visit-ulcinj.com\/blog\/wp-json\/wp\/v2\/tags?post=77855"}],"curies":[{"name":"wp","href":"https:\/\/api.w.org\/{rel}","templated":true}]}}