{"id":77862,"date":"2014-01-02T08:53:32","date_gmt":"2014-01-02T07:53:32","guid":{"rendered":"http:\/\/www.visit-ulcinj.com\/blog\/?p=77862"},"modified":"2014-01-02T08:53:32","modified_gmt":"2014-01-02T07:53:32","slug":"cungu-rezultata-ima","status":"publish","type":"post","link":"https:\/\/www.visit-ulcinj.com\/blog\/2014\/01\/02\/cungu-rezultata-ima\/","title":{"rendered":"Cungu: Rezultata ima"},"content":{"rendered":"<p><a href=\"http:\/\/www.visit-ulcinj.com\/blog\/wp-content\/uploads\/2014\/01\/nazif-cungu-urimi.jpg\"><img loading=\"lazy\" class=\"alignleft  wp-image-77836\" alt=\"nazif-cungu-urimi\" src=\"http:\/\/www.visit-ulcinj.com\/blog\/wp-content\/uploads\/2014\/01\/nazif-cungu-urimi.jpg\" width=\"250\" height=\"300\" \/><\/a>Nazif Cungu tvrdi da rezultata ipak ima i da su oni vidljivi.<br \/>\n\u2013 Preko 25 godina u op\u0161tini nije donijet nijedan urabnisti\u010dki plan niti je realizovan neki zna\u010dajniji infrastrukturni projekat. Pokrenuli smo dosta toga. Uspjeli smo da vratimo optimizam. Kona\u010dno smo po\u010deli sa usvajanjem planova, koristimo sredstva iz IPA fondova, \u0161to ranije nije bio slu\u010daj, a stvorili smo uslove i za milionske projekte. Zna\u010dajno smo pove\u0107ali prihode u bud\u017eet, smanjili smo glomaznu administraciju, tro\u0161kove, a realizovali smo i nekoliko zna\u010dajnih infrastrukturnih projekata &#8211; tvrdi Cungu i dodaje da bi rezultati bili i bolji da nije bilo koncepcijskih razlika me\u0111u partijama, koje su na vlasti.<br \/>\n&#8211; Nijesmo imali iste poglede, \u0161to se ti\u010de klju\u010dnih problema. Neko je htio odmah da zapo\u0161ljava, a neko da se prvo stvore uslovi za nova radna mjesta. U nekim javnim preduze\u0107ima bilo je dosta neregularnosti po tom pitanju \u0161to je uticalo da neke koalicione \u010dlanice isceniraju sukobe, koji fakti\u010dki nijesu postojali. Sve je to ura\u0111eno kako bi se izbjegla skup\u0161tinska rasprava i donijele odluke po tom pitanju- zaklju\u010duje aktuelni predjednik op\u0161tine.<\/p>\n<p><strong>Izvor: DAN<\/strong><\/p>\n","protected":false},"excerpt":{"rendered":"<p>Nazif Cungu tvrdi da rezultata ipak ima i da su oni vidljivi. \u2013 Preko 25 godina u op\u0161tini nije donijet nijedan urabnisti\u010dki plan niti je realizovan neki zna\u010dajniji infrastrukturni projekat. Pokrenuli smo dosta toga. Uspjeli smo da vratimo optimizam. Kona\u010dno smo po\u010deli sa usvajanjem planova, koristimo sredstva iz IPA fondova, \u0161to ranije nije bio slu\u010daj, [&hellip;]<\/p>\n","protected":false},"author":1,"featured_media":0,"comment_status":"closed","ping_status":"closed","sticky":false,"template":"","format":"standard","meta":{"spay_email":"","jetpack_publicize_message":"","jetpack_is_tweetstorm":false,"jetpack_publicize_feature_enabled":true},"categories":[6950],"tags":[],"jetpack_publicize_connections":[],"yoast_head":"<!-- This site is optimized with the Yoast SEO plugin v19.1 - https:\/\/yoast.com\/wordpress\/plugins\/seo\/ -->\n<title>Cungu: Rezultata ima - Lajme nga Ulqini<\/title>\n<meta name=\"description\" content=\"Nazif Cungu tvrdi da rezultata ipak ima i da su oni vidljivi. \u2013 Preko 25 godina u op\u0161tini nije donijet nijedan urabnisti\u010dki plan niti je realizovan neki\" \/>\n<meta name=\"robots\" content=\"index, follow, max-snippet:-1, max-image-preview:large, max-video-preview:-1\" \/>\n<link rel=\"canonical\" href=\"https:\/\/www.visit-ulcinj.com\/blog\/2014\/01\/02\/cungu-rezultata-ima\/\" \/>\n<meta property=\"og:locale\" content=\"en_US\" \/>\n<meta property=\"og:type\" content=\"article\" \/>\n<meta property=\"og:title\" content=\"Cungu: Rezultata ima - Lajme nga Ulqini\" \/>\n<meta property=\"og:description\" content=\"Nazif Cungu tvrdi da rezultata ipak ima i da su oni vidljivi. \u2013 Preko 25 godina u op\u0161tini nije donijet nijedan urabnisti\u010dki plan niti je realizovan neki\" \/>\n<meta property=\"og:url\" content=\"https:\/\/www.visit-ulcinj.com\/blog\/2014\/01\/02\/cungu-rezultata-ima\/\" \/>\n<meta property=\"og:site_name\" content=\"Lajme nga Ulqini\" \/>\n<meta property=\"article:published_time\" content=\"2014-01-02T07:53:32+00:00\" \/>\n<meta property=\"og:image\" content=\"http:\/\/www.visit-ulcinj.com\/blog\/wp-content\/uploads\/2014\/01\/nazif-cungu-urimi.jpg\" \/>\n<meta name=\"twitter:label1\" content=\"Written by\" \/>\n\t<meta name=\"twitter:data1\" content=\"ulqini\" \/>\n\t<meta name=\"twitter:label2\" content=\"Est. reading time\" \/>\n\t<meta name=\"twitter:data2\" content=\"1 minute\" \/>\n<script type=\"application\/ld+json\" class=\"yoast-schema-graph\">{\"@context\":\"https:\/\/schema.org\",\"@graph\":[{\"@type\":\"WebSite\",\"@id\":\"https:\/\/www.visit-ulcinj.com\/blog\/#website\",\"url\":\"https:\/\/www.visit-ulcinj.com\/blog\/\",\"name\":\"Lajme nga Ulqini\",\"description\":\"Lajme,Vijesti,Ulqini,Ulqin,Crna Gora,Mali i Zi\",\"potentialAction\":[{\"@type\":\"SearchAction\",\"target\":{\"@type\":\"EntryPoint\",\"urlTemplate\":\"https:\/\/www.visit-ulcinj.com\/blog\/?s={search_term_string}\"},\"query-input\":\"required name=search_term_string\"}],\"inLanguage\":\"en-US\"},{\"@type\":\"ImageObject\",\"inLanguage\":\"en-US\",\"@id\":\"https:\/\/www.visit-ulcinj.com\/blog\/2014\/01\/02\/cungu-rezultata-ima\/#primaryimage\",\"url\":\"https:\/\/www.visit-ulcinj.com\/blog\/wp-content\/uploads\/2014\/01\/nazif-cungu-urimi.jpg\",\"contentUrl\":\"https:\/\/www.visit-ulcinj.com\/blog\/wp-content\/uploads\/2014\/01\/nazif-cungu-urimi.jpg\",\"width\":229,\"height\":293},{\"@type\":\"WebPage\",\"@id\":\"https:\/\/www.visit-ulcinj.com\/blog\/2014\/01\/02\/cungu-rezultata-ima\/#webpage\",\"url\":\"https:\/\/www.visit-ulcinj.com\/blog\/2014\/01\/02\/cungu-rezultata-ima\/\",\"name\":\"Cungu: Rezultata ima - Lajme nga Ulqini\",\"isPartOf\":{\"@id\":\"https:\/\/www.visit-ulcinj.com\/blog\/#website\"},\"primaryImageOfPage\":{\"@id\":\"https:\/\/www.visit-ulcinj.com\/blog\/2014\/01\/02\/cungu-rezultata-ima\/#primaryimage\"},\"datePublished\":\"2014-01-02T07:53:32+00:00\",\"dateModified\":\"2014-01-02T07:53:32+00:00\",\"author\":{\"@id\":\"https:\/\/www.visit-ulcinj.com\/blog\/#\/schema\/person\/dcab619c614d3038751c63bc2aadc06d\"},\"description\":\"Nazif Cungu tvrdi da rezultata ipak ima i da su oni vidljivi. \u2013 Preko 25 godina u op\u0161tini nije donijet nijedan urabnisti\u010dki plan niti je realizovan neki\",\"breadcrumb\":{\"@id\":\"https:\/\/www.visit-ulcinj.com\/blog\/2014\/01\/02\/cungu-rezultata-ima\/#breadcrumb\"},\"inLanguage\":\"en-US\",\"potentialAction\":[{\"@type\":\"ReadAction\",\"target\":[\"https:\/\/www.visit-ulcinj.com\/blog\/2014\/01\/02\/cungu-rezultata-ima\/\"]}]},{\"@type\":\"BreadcrumbList\",\"@id\":\"https:\/\/www.visit-ulcinj.com\/blog\/2014\/01\/02\/cungu-rezultata-ima\/#breadcrumb\",\"itemListElement\":[{\"@type\":\"ListItem\",\"position\":1,\"name\":\"Cungu: Rezultata ima\"}]},{\"@type\":\"Person\",\"@id\":\"https:\/\/www.visit-ulcinj.com\/blog\/#\/schema\/person\/dcab619c614d3038751c63bc2aadc06d\",\"name\":\"ulqini\",\"sameAs\":[\"http:\/\/www.visit-ulcinj.com\"],\"url\":\"https:\/\/www.visit-ulcinj.com\/blog\/author\/admin\/\"}]}<\/script>\n<!-- \/ Yoast SEO plugin. -->","yoast_head_json":{"title":"Cungu: Rezultata ima - Lajme nga Ulqini","description":"Nazif Cungu tvrdi da rezultata ipak ima i da su oni vidljivi. \u2013 Preko 25 godina u op\u0161tini nije donijet nijedan urabnisti\u010dki plan niti je realizovan neki","robots":{"index":"index","follow":"follow","max-snippet":"max-snippet:-1","max-image-preview":"max-image-preview:large","max-video-preview":"max-video-preview:-1"},"canonical":"https:\/\/www.visit-ulcinj.com\/blog\/2014\/01\/02\/cungu-rezultata-ima\/","og_locale":"en_US","og_type":"article","og_title":"Cungu: Rezultata ima - Lajme nga Ulqini","og_description":"Nazif Cungu tvrdi da rezultata ipak ima i da su oni vidljivi. \u2013 Preko 25 godina u op\u0161tini nije donijet nijedan urabnisti\u010dki plan niti je realizovan neki","og_url":"https:\/\/www.visit-ulcinj.com\/blog\/2014\/01\/02\/cungu-rezultata-ima\/","og_site_name":"Lajme nga Ulqini","article_published_time":"2014-01-02T07:53:32+00:00","og_image":[{"url":"http:\/\/www.visit-ulcinj.com\/blog\/wp-content\/uploads\/2014\/01\/nazif-cungu-urimi.jpg"}],"twitter_misc":{"Written by":"ulqini","Est. reading time":"1 minute"},"schema":{"@context":"https:\/\/schema.org","@graph":[{"@type":"WebSite","@id":"https:\/\/www.visit-ulcinj.com\/blog\/#website","url":"https:\/\/www.visit-ulcinj.com\/blog\/","name":"Lajme nga Ulqini","description":"Lajme,Vijesti,Ulqini,Ulqin,Crna Gora,Mali i Zi","potentialAction":[{"@type":"SearchAction","target":{"@type":"EntryPoint","urlTemplate":"https:\/\/www.visit-ulcinj.com\/blog\/?s={search_term_string}"},"query-input":"required name=search_term_string"}],"inLanguage":"en-US"},{"@type":"ImageObject","inLanguage":"en-US","@id":"https:\/\/www.visit-ulcinj.com\/blog\/2014\/01\/02\/cungu-rezultata-ima\/#primaryimage","url":"https:\/\/www.visit-ulcinj.com\/blog\/wp-content\/uploads\/2014\/01\/nazif-cungu-urimi.jpg","contentUrl":"https:\/\/www.visit-ulcinj.com\/blog\/wp-content\/uploads\/2014\/01\/nazif-cungu-urimi.jpg","width":229,"height":293},{"@type":"WebPage","@id":"https:\/\/www.visit-ulcinj.com\/blog\/2014\/01\/02\/cungu-rezultata-ima\/#webpage","url":"https:\/\/www.visit-ulcinj.com\/blog\/2014\/01\/02\/cungu-rezultata-ima\/","name":"Cungu: Rezultata ima - Lajme nga Ulqini","isPartOf":{"@id":"https:\/\/www.visit-ulcinj.com\/blog\/#website"},"primaryImageOfPage":{"@id":"https:\/\/www.visit-ulcinj.com\/blog\/2014\/01\/02\/cungu-rezultata-ima\/#primaryimage"},"datePublished":"2014-01-02T07:53:32+00:00","dateModified":"2014-01-02T07:53:32+00:00","author":{"@id":"https:\/\/www.visit-ulcinj.com\/blog\/#\/schema\/person\/dcab619c614d3038751c63bc2aadc06d"},"description":"Nazif Cungu tvrdi da rezultata ipak ima i da su oni vidljivi. \u2013 Preko 25 godina u op\u0161tini nije donijet nijedan urabnisti\u010dki plan niti je realizovan neki","breadcrumb":{"@id":"https:\/\/www.visit-ulcinj.com\/blog\/2014\/01\/02\/cungu-rezultata-ima\/#breadcrumb"},"inLanguage":"en-US","potentialAction":[{"@type":"ReadAction","target":["https:\/\/www.visit-ulcinj.com\/blog\/2014\/01\/02\/cungu-rezultata-ima\/"]}]},{"@type":"BreadcrumbList","@id":"https:\/\/www.visit-ulcinj.com\/blog\/2014\/01\/02\/cungu-rezultata-ima\/#breadcrumb","itemListElement":[{"@type":"ListItem","position":1,"name":"Cungu: Rezultata ima"}]},{"@type":"Person","@id":"https:\/\/www.visit-ulcinj.com\/blog\/#\/schema\/person\/dcab619c614d3038751c63bc2aadc06d","name":"ulqini","sameAs":["http:\/\/www.visit-ulcinj.com"],"url":"https:\/\/www.visit-ulcinj.com\/blog\/author\/admin\/"}]}},"jetpack_featured_media_url":"","jetpack_sharing_enabled":true,"jetpack_shortlink":"https:\/\/wp.me\/pe6lTn-kfQ","_links":{"self":[{"href":"https:\/\/www.visit-ulcinj.com\/blog\/wp-json\/wp\/v2\/posts\/77862"}],"collection":[{"href":"https:\/\/www.visit-ulcinj.com\/blog\/wp-json\/wp\/v2\/posts"}],"about":[{"href":"https:\/\/www.visit-ulcinj.com\/blog\/wp-json\/wp\/v2\/types\/post"}],"author":[{"embeddable":true,"href":"https:\/\/www.visit-ulcinj.com\/blog\/wp-json\/wp\/v2\/users\/1"}],"replies":[{"embeddable":true,"href":"https:\/\/www.visit-ulcinj.com\/blog\/wp-json\/wp\/v2\/comments?post=77862"}],"version-history":[{"count":1,"href":"https:\/\/www.visit-ulcinj.com\/blog\/wp-json\/wp\/v2\/posts\/77862\/revisions"}],"predecessor-version":[{"id":77863,"href":"https:\/\/www.visit-ulcinj.com\/blog\/wp-json\/wp\/v2\/posts\/77862\/revisions\/77863"}],"wp:attachment":[{"href":"https:\/\/www.visit-ulcinj.com\/blog\/wp-json\/wp\/v2\/media?parent=77862"}],"wp:term":[{"taxonomy":"category","embeddable":true,"href":"https:\/\/www.visit-ulcinj.com\/blog\/wp-json\/wp\/v2\/categories?post=77862"},{"taxonomy":"post_tag","embeddable":true,"href":"https:\/\/www.visit-ulcinj.com\/blog\/wp-json\/wp\/v2\/tags?post=77862"}],"curies":[{"name":"wp","href":"https:\/\/api.w.org\/{rel}","templated":true}]}}