{"id":77867,"date":"2014-01-02T09:09:15","date_gmt":"2014-01-02T08:09:15","guid":{"rendered":"http:\/\/www.visit-ulcinj.com\/blog\/?p=77867"},"modified":"2014-01-02T09:12:37","modified_gmt":"2014-01-02T08:12:37","slug":"kercenohet-gazetari-mustafa-canka","status":"publish","type":"post","link":"https:\/\/www.visit-ulcinj.com\/blog\/2014\/01\/02\/kercenohet-gazetari-mustafa-canka\/","title":{"rendered":"K\u00ebrc\u00ebnohet gazetari Mustafa Canka"},"content":{"rendered":"<p><strong><a href=\"http:\/\/www.visit-ulcinj.com\/blog\/wp-content\/uploads\/2014\/01\/Mustafa-Canka-Gazetar.jpg\"><img loading=\"lazy\" class=\"alignleft  wp-image-77868\" alt=\"Mustafa-Canka-Gazetar\" src=\"http:\/\/www.visit-ulcinj.com\/blog\/wp-content\/uploads\/2014\/01\/Mustafa-Canka-Gazetar.jpg\" width=\"508\" height=\"360\" \/><\/a>Mustafa Canka: FB FRIKACAK\u00cbT DHE NDOT\u00cbSIT<\/strong><\/p>\n<div>\n<p><em>a ku je mustaf canka sa i paburr je, ke mi pagu me te madhe ket cka je duke ba, mare mut mutit i keq paske qen\u2026 njeri i padifunumun, injorant, e i tana te zezave je. ne portalin e juaj e le njerz qe shajn forcen e ata qe e livdojn i hek\u2026 mir mir se jena ba nji grup qe kena me ti qit disa harrlyqe te juaja\u2026 Ruju mir se cka je duke i ba vejdid se ske me pas me kend me nejt par ke me u ba si qen i cartun<\/em><\/p>\n<p><em>Hapi syt se cka je duke ba, se per disa dite do te i publikojme disa foto, tekste edhe disa fakte qe tregojne taman se kush je ti. Vetem ti vazhdo me keto pune te pista, per disa dite ke me pase marre me dal ne qytet\u2026 Ke me marr mire vesht se kush jena na\u2026 ama as ti ske me e fshi njollen ne fytyr si kena me ta vu.<\/em><\/p>\n<p>K\u00ebto mesazhe t\u00eb ul\u00ebta i morra mbr\u00ebm\u00eb nga FB frikacak\u00ebt. Po i b\u00ebj publike n\u00eb m\u00ebnyr\u00eb q\u00eb i gjith\u00eb opinioni publik t\u00eb ket\u00eb mund\u00ebsi t\u00eb shoh k\u00ebt\u00eb frik\u00eb t\u00eb madhe, k\u00ebt\u00eb ult\u00ebsi, k\u00ebt\u00eb mjerim i cili fshihet pas profilit t\u00eb rrejsh\u00ebm t\u00eb <i>Edina Hoxha<\/i>.<\/p>\n<p>E ky \u00ebsht\u00eb vet\u00ebm nj\u00ebri nga nj\u00eb s\u00ebr\u00eb profilesh t\u00eb rrejsh\u00ebm t\u00eb cillt koh\u00ebt e fundit n\u00eb FB jan\u00eb iniciuar nga militant\u00ebt t\u00eb cil\u00ebt kryesisht jan\u00eb t\u00eb af\u00ebrt me Forc\u00ebn e re demokratike. K\u00ebt\u00eb e treguan edhe nj\u00ebfar\u00eb vjershash t\u00eb cilat filluan ti publikojn\u00eb po ashtu n\u00eb FB. Kur ju \u00ebsht\u00eb k\u00ebrc\u00ebnuar, jan\u00eb ndalur. Militant\u00ebt e Forc\u00ebs din\u00eb kush i ka shkruar k\u00ebto vargje t\u00eb neveritshme.<\/p>\n<p>N\u00ebse k\u00ebto t\u00eb pamend nuk ndalojn\u00eb me baltosjen e njer\u00ebzve q\u00eb mendojn\u00eb ndryshe n\u00eb Ulqin ndoshta do t\u00eb th\u00ebrrasim policin\u00eb t\u00eb merret pak me k\u00ebto profile t\u00eb rrejshme dhe shum\u00eb shpejt do t\u00eb dim\u00eb sakt\u00eb p\u00ebr ke b\u00ebhet fjal\u00eb. Kush jan\u00eb k\u00ebto ndot\u00ebs t\u00eb FB-hap\u00ebsir\u00ebs dhe FB-frikacak\u00ebt.<\/p>\n<p>E un\u00eb jam n\u00ebn sh\u00ebnjestr\u00ebn e tyre t\u00eb vazhdueshme. Me arsye! Jam nj\u00ebri nga t\u00eb rrall\u00ebt q\u00eb nga dit\u00ebt e para kam kritikuar k\u00ebt\u00eb pushtet n\u00eb largim, mashtrues, d\u00ebmtues dhe egoist. Por, \u00e7do her\u00eb e kam b\u00ebr\u00eb k\u00ebt\u00eb n\u00eb m\u00ebnyr\u00eb publike, me em\u00ebr dhe mbiem\u00ebr t\u00eb plot\u00eb, i bindur q\u00eb b\u00ebj pun\u00ebn e vet t\u00eb gazetarit dhe intelektualit t\u00eb angazhuar n\u00eb m\u00ebnyr\u00ebn m\u00eb t\u00eb mir\u00eb.<\/p>\n<p>Dhe p\u00ebr k\u00ebt\u00eb arsye k\u00ebto <i>pickime mizash<\/i> i kam thjesht qesharake. Por, meq\u00eb b\u00ebhet fjal\u00eb p\u00ebr grup t\u00eb organizuar t\u00eb fanatik\u00ebsh partiak, d\u00ebshiroj q\u00eb n\u00eb m\u00ebnyr\u00eb publike t\u00eb ftoj udh\u00ebheq\u00ebsin\u00eb e Forc\u00ebs t\u00eb distancohet nga k\u00ebto veprime t\u00eb turpshme! Kjo \u00ebsht\u00eb n\u00eb interesin e tyre m\u00eb t\u00eb thell\u00eb.<\/p>\n<p>Nuk \u00ebsht\u00eb dhe aq e men\u00e7ur t\u00eb sulmohen gazetar\u00ebt n\u00eb mes t\u00eb fushat\u00ebs. Sidomos jo mua! E din\u00eb k\u00ebt\u00eb t\u00eb gjith\u00eb n\u00eb Ulqin, por edhe m\u00eb gjer\u00eb, shum\u00eb mir\u00eb! Fati politik i disa ish funksionar\u00ebve tan\u00eb, them se \u00ebsht\u00eb m\u00ebsim i mjaftuesh\u00ebm. \u00cbsht\u00eb e dobishme ti p\u00ebrcillet kjo an\u00ebtar\u00ebve t\u00eb vet t\u00eb cil\u00ebt nuk jan\u00eb t\u00eb informuar, ose t\u00eb cil\u00ebt shpejt e kan\u00eb harruar t\u00eb kaluar\u00ebn e af\u00ebrt.<\/p>\n<p>Nd\u00ebrsa Portali UL-info vazhdon m\u00eb tej.<\/p>\n<p>G\u00ebzuar t\u00eb gjith\u00ebve Viti i ri 2014!<\/p>\n<p><strong>Portali UL-info<\/strong><\/p>\n<\/div>\n","protected":false},"excerpt":{"rendered":"<p>Mustafa Canka: FB FRIKACAK\u00cbT DHE NDOT\u00cbSIT a ku je mustaf canka sa i paburr je, ke mi pagu me te madhe ket cka je duke ba, mare mut mutit i keq paske qen\u2026 njeri i padifunumun, injorant, e i tana te zezave je. ne portalin e juaj e le njerz qe shajn forcen e ata [&hellip;]<\/p>\n","protected":false},"author":1,"featured_media":0,"comment_status":"closed","ping_status":"closed","sticky":false,"template":"","format":"standard","meta":{"spay_email":"","jetpack_publicize_message":"","jetpack_is_tweetstorm":false,"jetpack_publicize_feature_enabled":true},"categories":[4],"tags":[],"jetpack_publicize_connections":[],"yoast_head":"<!-- This site is optimized with the Yoast SEO plugin v19.1 - https:\/\/yoast.com\/wordpress\/plugins\/seo\/ -->\n<title>K\u00ebrc\u00ebnohet gazetari Mustafa Canka - Lajme nga Ulqini<\/title>\n<meta name=\"description\" content=\"Mustafa Canka: FB FRIKACAK\u00cbT DHE NDOT\u00cbSIT a ku je mustaf canka sa i paburr je, ke mi pagu me te madhe ket cka je duke ba, mare mut mutit i keq paske qen\u2026\" \/>\n<meta name=\"robots\" content=\"index, follow, max-snippet:-1, max-image-preview:large, max-video-preview:-1\" \/>\n<link rel=\"canonical\" href=\"https:\/\/www.visit-ulcinj.com\/blog\/2014\/01\/02\/kercenohet-gazetari-mustafa-canka\/\" \/>\n<meta property=\"og:locale\" content=\"en_US\" \/>\n<meta property=\"og:type\" content=\"article\" \/>\n<meta property=\"og:title\" content=\"K\u00ebrc\u00ebnohet gazetari Mustafa Canka - Lajme nga Ulqini\" \/>\n<meta property=\"og:description\" content=\"Mustafa Canka: FB FRIKACAK\u00cbT DHE NDOT\u00cbSIT a ku je mustaf canka sa i paburr je, ke mi pagu me te madhe ket cka je duke ba, mare mut mutit i keq paske qen\u2026\" \/>\n<meta property=\"og:url\" content=\"https:\/\/www.visit-ulcinj.com\/blog\/2014\/01\/02\/kercenohet-gazetari-mustafa-canka\/\" \/>\n<meta property=\"og:site_name\" content=\"Lajme nga Ulqini\" \/>\n<meta property=\"article:published_time\" content=\"2014-01-02T08:09:15+00:00\" \/>\n<meta property=\"article:modified_time\" content=\"2014-01-02T08:12:37+00:00\" \/>\n<meta property=\"og:image\" content=\"http:\/\/www.visit-ulcinj.com\/blog\/wp-content\/uploads\/2014\/01\/Mustafa-Canka-Gazetar.jpg\" \/>\n<meta name=\"twitter:label1\" content=\"Written by\" \/>\n\t<meta name=\"twitter:data1\" content=\"ulqini\" \/>\n\t<meta name=\"twitter:label2\" content=\"Est. reading time\" \/>\n\t<meta name=\"twitter:data2\" content=\"3 minutes\" \/>\n<script type=\"application\/ld+json\" class=\"yoast-schema-graph\">{\"@context\":\"https:\/\/schema.org\",\"@graph\":[{\"@type\":\"WebSite\",\"@id\":\"https:\/\/www.visit-ulcinj.com\/blog\/#website\",\"url\":\"https:\/\/www.visit-ulcinj.com\/blog\/\",\"name\":\"Lajme nga Ulqini\",\"description\":\"Lajme,Vijesti,Ulqini,Ulqin,Crna Gora,Mali i Zi\",\"potentialAction\":[{\"@type\":\"SearchAction\",\"target\":{\"@type\":\"EntryPoint\",\"urlTemplate\":\"https:\/\/www.visit-ulcinj.com\/blog\/?s={search_term_string}\"},\"query-input\":\"required name=search_term_string\"}],\"inLanguage\":\"en-US\"},{\"@type\":\"ImageObject\",\"inLanguage\":\"en-US\",\"@id\":\"https:\/\/www.visit-ulcinj.com\/blog\/2014\/01\/02\/kercenohet-gazetari-mustafa-canka\/#primaryimage\",\"url\":\"https:\/\/www.visit-ulcinj.com\/blog\/wp-content\/uploads\/2014\/01\/Mustafa-Canka-Gazetar.jpg\",\"contentUrl\":\"https:\/\/www.visit-ulcinj.com\/blog\/wp-content\/uploads\/2014\/01\/Mustafa-Canka-Gazetar.jpg\",\"width\":1024,\"height\":590},{\"@type\":\"WebPage\",\"@id\":\"https:\/\/www.visit-ulcinj.com\/blog\/2014\/01\/02\/kercenohet-gazetari-mustafa-canka\/#webpage\",\"url\":\"https:\/\/www.visit-ulcinj.com\/blog\/2014\/01\/02\/kercenohet-gazetari-mustafa-canka\/\",\"name\":\"K\u00ebrc\u00ebnohet gazetari Mustafa Canka - Lajme nga Ulqini\",\"isPartOf\":{\"@id\":\"https:\/\/www.visit-ulcinj.com\/blog\/#website\"},\"primaryImageOfPage\":{\"@id\":\"https:\/\/www.visit-ulcinj.com\/blog\/2014\/01\/02\/kercenohet-gazetari-mustafa-canka\/#primaryimage\"},\"datePublished\":\"2014-01-02T08:09:15+00:00\",\"dateModified\":\"2014-01-02T08:12:37+00:00\",\"author\":{\"@id\":\"https:\/\/www.visit-ulcinj.com\/blog\/#\/schema\/person\/dcab619c614d3038751c63bc2aadc06d\"},\"description\":\"Mustafa Canka: FB FRIKACAK\u00cbT DHE NDOT\u00cbSIT a ku je mustaf canka sa i paburr je, ke mi pagu me te madhe ket cka je duke ba, mare mut mutit i keq paske qen\u2026\",\"breadcrumb\":{\"@id\":\"https:\/\/www.visit-ulcinj.com\/blog\/2014\/01\/02\/kercenohet-gazetari-mustafa-canka\/#breadcrumb\"},\"inLanguage\":\"en-US\",\"potentialAction\":[{\"@type\":\"ReadAction\",\"target\":[\"https:\/\/www.visit-ulcinj.com\/blog\/2014\/01\/02\/kercenohet-gazetari-mustafa-canka\/\"]}]},{\"@type\":\"BreadcrumbList\",\"@id\":\"https:\/\/www.visit-ulcinj.com\/blog\/2014\/01\/02\/kercenohet-gazetari-mustafa-canka\/#breadcrumb\",\"itemListElement\":[{\"@type\":\"ListItem\",\"position\":1,\"name\":\"K\u00ebrc\u00ebnohet gazetari Mustafa Canka\"}]},{\"@type\":\"Person\",\"@id\":\"https:\/\/www.visit-ulcinj.com\/blog\/#\/schema\/person\/dcab619c614d3038751c63bc2aadc06d\",\"name\":\"ulqini\",\"sameAs\":[\"http:\/\/www.visit-ulcinj.com\"],\"url\":\"https:\/\/www.visit-ulcinj.com\/blog\/author\/admin\/\"}]}<\/script>\n<!-- \/ Yoast SEO plugin. -->","yoast_head_json":{"title":"K\u00ebrc\u00ebnohet gazetari Mustafa Canka - Lajme nga Ulqini","description":"Mustafa Canka: FB FRIKACAK\u00cbT DHE NDOT\u00cbSIT a ku je mustaf canka sa i paburr je, ke mi pagu me te madhe ket cka je duke ba, mare mut mutit i keq paske qen\u2026","robots":{"index":"index","follow":"follow","max-snippet":"max-snippet:-1","max-image-preview":"max-image-preview:large","max-video-preview":"max-video-preview:-1"},"canonical":"https:\/\/www.visit-ulcinj.com\/blog\/2014\/01\/02\/kercenohet-gazetari-mustafa-canka\/","og_locale":"en_US","og_type":"article","og_title":"K\u00ebrc\u00ebnohet gazetari Mustafa Canka - Lajme nga Ulqini","og_description":"Mustafa Canka: FB FRIKACAK\u00cbT DHE NDOT\u00cbSIT a ku je mustaf canka sa i paburr je, ke mi pagu me te madhe ket cka je duke ba, mare mut mutit i keq paske qen\u2026","og_url":"https:\/\/www.visit-ulcinj.com\/blog\/2014\/01\/02\/kercenohet-gazetari-mustafa-canka\/","og_site_name":"Lajme nga Ulqini","article_published_time":"2014-01-02T08:09:15+00:00","article_modified_time":"2014-01-02T08:12:37+00:00","og_image":[{"url":"http:\/\/www.visit-ulcinj.com\/blog\/wp-content\/uploads\/2014\/01\/Mustafa-Canka-Gazetar.jpg"}],"twitter_misc":{"Written by":"ulqini","Est. reading time":"3 minutes"},"schema":{"@context":"https:\/\/schema.org","@graph":[{"@type":"WebSite","@id":"https:\/\/www.visit-ulcinj.com\/blog\/#website","url":"https:\/\/www.visit-ulcinj.com\/blog\/","name":"Lajme nga Ulqini","description":"Lajme,Vijesti,Ulqini,Ulqin,Crna Gora,Mali i Zi","potentialAction":[{"@type":"SearchAction","target":{"@type":"EntryPoint","urlTemplate":"https:\/\/www.visit-ulcinj.com\/blog\/?s={search_term_string}"},"query-input":"required name=search_term_string"}],"inLanguage":"en-US"},{"@type":"ImageObject","inLanguage":"en-US","@id":"https:\/\/www.visit-ulcinj.com\/blog\/2014\/01\/02\/kercenohet-gazetari-mustafa-canka\/#primaryimage","url":"https:\/\/www.visit-ulcinj.com\/blog\/wp-content\/uploads\/2014\/01\/Mustafa-Canka-Gazetar.jpg","contentUrl":"https:\/\/www.visit-ulcinj.com\/blog\/wp-content\/uploads\/2014\/01\/Mustafa-Canka-Gazetar.jpg","width":1024,"height":590},{"@type":"WebPage","@id":"https:\/\/www.visit-ulcinj.com\/blog\/2014\/01\/02\/kercenohet-gazetari-mustafa-canka\/#webpage","url":"https:\/\/www.visit-ulcinj.com\/blog\/2014\/01\/02\/kercenohet-gazetari-mustafa-canka\/","name":"K\u00ebrc\u00ebnohet gazetari Mustafa Canka - Lajme nga Ulqini","isPartOf":{"@id":"https:\/\/www.visit-ulcinj.com\/blog\/#website"},"primaryImageOfPage":{"@id":"https:\/\/www.visit-ulcinj.com\/blog\/2014\/01\/02\/kercenohet-gazetari-mustafa-canka\/#primaryimage"},"datePublished":"2014-01-02T08:09:15+00:00","dateModified":"2014-01-02T08:12:37+00:00","author":{"@id":"https:\/\/www.visit-ulcinj.com\/blog\/#\/schema\/person\/dcab619c614d3038751c63bc2aadc06d"},"description":"Mustafa Canka: FB FRIKACAK\u00cbT DHE NDOT\u00cbSIT a ku je mustaf canka sa i paburr je, ke mi pagu me te madhe ket cka je duke ba, mare mut mutit i keq paske qen\u2026","breadcrumb":{"@id":"https:\/\/www.visit-ulcinj.com\/blog\/2014\/01\/02\/kercenohet-gazetari-mustafa-canka\/#breadcrumb"},"inLanguage":"en-US","potentialAction":[{"@type":"ReadAction","target":["https:\/\/www.visit-ulcinj.com\/blog\/2014\/01\/02\/kercenohet-gazetari-mustafa-canka\/"]}]},{"@type":"BreadcrumbList","@id":"https:\/\/www.visit-ulcinj.com\/blog\/2014\/01\/02\/kercenohet-gazetari-mustafa-canka\/#breadcrumb","itemListElement":[{"@type":"ListItem","position":1,"name":"K\u00ebrc\u00ebnohet gazetari Mustafa Canka"}]},{"@type":"Person","@id":"https:\/\/www.visit-ulcinj.com\/blog\/#\/schema\/person\/dcab619c614d3038751c63bc2aadc06d","name":"ulqini","sameAs":["http:\/\/www.visit-ulcinj.com"],"url":"https:\/\/www.visit-ulcinj.com\/blog\/author\/admin\/"}]}},"jetpack_featured_media_url":"","jetpack_sharing_enabled":true,"jetpack_shortlink":"https:\/\/wp.me\/pe6lTn-kfV","_links":{"self":[{"href":"https:\/\/www.visit-ulcinj.com\/blog\/wp-json\/wp\/v2\/posts\/77867"}],"collection":[{"href":"https:\/\/www.visit-ulcinj.com\/blog\/wp-json\/wp\/v2\/posts"}],"about":[{"href":"https:\/\/www.visit-ulcinj.com\/blog\/wp-json\/wp\/v2\/types\/post"}],"author":[{"embeddable":true,"href":"https:\/\/www.visit-ulcinj.com\/blog\/wp-json\/wp\/v2\/users\/1"}],"replies":[{"embeddable":true,"href":"https:\/\/www.visit-ulcinj.com\/blog\/wp-json\/wp\/v2\/comments?post=77867"}],"version-history":[{"count":2,"href":"https:\/\/www.visit-ulcinj.com\/blog\/wp-json\/wp\/v2\/posts\/77867\/revisions"}],"predecessor-version":[{"id":77870,"href":"https:\/\/www.visit-ulcinj.com\/blog\/wp-json\/wp\/v2\/posts\/77867\/revisions\/77870"}],"wp:attachment":[{"href":"https:\/\/www.visit-ulcinj.com\/blog\/wp-json\/wp\/v2\/media?parent=77867"}],"wp:term":[{"taxonomy":"category","embeddable":true,"href":"https:\/\/www.visit-ulcinj.com\/blog\/wp-json\/wp\/v2\/categories?post=77867"},{"taxonomy":"post_tag","embeddable":true,"href":"https:\/\/www.visit-ulcinj.com\/blog\/wp-json\/wp\/v2\/tags?post=77867"}],"curies":[{"name":"wp","href":"https:\/\/api.w.org\/{rel}","templated":true}]}}