{"id":77871,"date":"2014-01-02T17:13:33","date_gmt":"2014-01-02T16:13:33","guid":{"rendered":"http:\/\/www.visit-ulcinj.com\/blog\/?p=77871"},"modified":"2014-01-02T17:13:33","modified_gmt":"2014-01-02T16:13:33","slug":"reagim-lidhur-komentet-e-analistit-te-pavarur-z-canka","status":"publish","type":"post","link":"https:\/\/www.visit-ulcinj.com\/blog\/2014\/01\/02\/reagim-lidhur-komentet-e-analistit-te-pavarur-z-canka\/","title":{"rendered":"Reagim lidhur me komentet e \u201cAnalistit t\u00eb pavarur\u201d z. Canka"},"content":{"rendered":"<p><a href=\"http:\/\/www.visit-ulcinj.com\/blog\/wp-content\/uploads\/2013\/12\/forca-e-re-demokratike.forca-per-zhvillim-ulqin.jpg\"><img loading=\"lazy\" class=\"alignleft  wp-image-77822\" alt=\"forca e re demokratike.forca per zhvillim-ulqin\" src=\"http:\/\/www.visit-ulcinj.com\/blog\/wp-content\/uploads\/2013\/12\/forca-e-re-demokratike.forca-per-zhvillim-ulqin.jpg\" width=\"508\" height=\"300\" \/><\/a>D\u00ebshirojm\u00eb t\u00eb ftojm\u00eb t\u00eb gjith\u00eb ata q\u00eb p\u00ebrdorin profile t\u00eb rrejshme dhe gjuh\u00eb t\u00eb urrejtjes, cil\u00ebsdo parti politike q\u00eb i takojn\u00eb apo simpatizojn\u00eb, t\u00eb ndalojn\u00eb me k\u00ebto veprime t\u00eb ul\u00ebta.<\/p>\n<p>Gjithashtu d\u00ebshirojm\u00eb t\u2019i b\u00ebjm\u00eb thirrje z. Mustafa Cank\u00ebs q\u00eb t\u00eb mos nxjerr\u00eb p\u00ebrfundime dhe t\u00eb mos b\u00ebj\u00eb akuza t\u00eb pabaza, pasi q\u00eb personat t\u00eb cil\u00ebt kan\u00eb krijuar ato profile mund t\u00eb jen\u00eb nga partit\u00eb e tjera dhe n\u00eb k\u00ebt\u00eb rast akuzat e Cank\u00ebs do t\u00eb jen\u00eb shpifje.<\/p>\n<p>Forca e Re Demokratike e ka profilin zyrtar n\u00eb Facebook, si edhe kryetari, n\u00ebnkryetar\u00ebt dhe pjes\u00ebtar\u00ebt e tjer\u00eb t\u00eb udh\u00ebheq\u00ebsis\u00eb. \u00c7do gj\u00eb q\u00eb postohet nga profile t\u00eb rrejshme nuk ka t\u00eb b\u00ebj\u00eb me FORC\u00cbN dhe z. Canka nuk ka t\u00eb drejt\u00eb t\u00eb akuzoj\u00eb FORC\u00cbN p\u00ebr deklarata t\u00eb personave t\u00eb cil\u00ebt nuk e tregojn\u00eb identitetin e vet, e pastaj aty t\u00eb shfryt\u00ebzoje rastin t\u00eb na sulmoj\u00eb si\u00e7 ka koh\u00eb q\u00eb po b\u00ebn n\u00ebp\u00ebrmjet portalit t\u00eb tij.<\/p>\n<p>FORCA \u00ebsht\u00eb parti e hapur dhe transparente dhe \u00e7do deklarat\u00eb ose q\u00ebndrim q\u00eb ka e shpreh hapur e pa frik\u00eb. FORCA \u00ebsht\u00eb parti intelektual\u00ebsh t\u00eb cil\u00ebt nuk p\u00ebrdorin gjuh\u00eb t\u00eb ul\u00ebt e plot urrejtje, por t\u00eb cil\u00ebt jan\u00eb t\u00eb p\u00ebrkushtuar dhe punojn\u00eb seriozisht p\u00ebr zhvillimin e Ulqinit, Kraj\u00ebs, Tuzit, Plav\u00ebs dhe Gucis\u00eb dhe p\u00ebr p\u00ebrmir\u00ebsimin e pozit\u00ebs s\u00eb shqiptar\u00ebve n\u00eb Mal t\u00eb Zi.<\/p>\n<p>Edhe nj\u00ebh\u00ebr\u00eb, b\u00ebjm\u00eb thirrje q\u00eb t\u00eb ndalohet p\u00ebrdorimi i profileve t\u00eb rrejshme, si dhe gjuha e urrejtjes. Ne kemi raportuar profilet t\u00eb cilat i kemi identifikuar si t\u00eb rrejshme, p\u00ebrfshir\u00eb edhe at\u00eb t\u00eb cilin p\u00ebrmend z. Canka, e q\u00eb nuk \u00ebsht\u00eb i vetmi, pasi ka profile t\u00eb shumta t\u00eb cilat na sulmojn\u00eb ne si parti, por ne nuk kemi t\u00eb drejt\u00eb t\u00eb dalim e t\u00eb akuzojm\u00eb partit\u00eb e tjera pa pasur prova. Kjo \u00e7on tek nj\u00eb pyetje tjet\u00ebr, e cila \u00ebsht\u00eb se pse z. Canka nuk ka reaguar edhe p\u00ebr ato profile t\u00eb rrejshme t\u00eb cilat e sulmojn\u00eb dhe e baltosin FORC\u00cbN dhe sigurisht interesat e kujt po i mbron ai. Intelektuali dhe gazetari i pavarur (i vet\u00ebquajtur) do paraqiste t\u00eb gjitha faktet dhe nuk do sulmonte vet\u00ebm nj\u00eb parti, m\u00eb s\u00eb shpeshti me akuza t\u00eb pav\u00ebrteta.P\u00ebr m\u00eb tep\u00ebr, nuk do p\u00ebrdorte fjal\u00eb t\u00eb mbushura me aq shum\u00eb mllef pa ditur se kush n\u00eb t\u00eb v\u00ebrtet\u00eb i ka shkruar atij.<\/p>\n<p>Ne vazhdojm\u00eb me pun\u00ebn ton\u00eb transparente dhe deklaratat tona t\u00eb hapura, t\u00eb cilat jan\u00eb konform programit ton\u00eb politik.<\/p>\n<p data-ft=\"{&quot;tn&quot;:&quot;C&quot;}\"><strong><a id=\"js_32\" href=\"https:\/\/www.facebook.com\/forca.press?hc_location=timeline\" data-hovercard=\"\/ajax\/hovercard\/user.php?id=100000207225674&amp;extragetparams=%7B%22hc_location%22%3A%22timeline%22%7D\">Forca E Re Demokratike<\/a><\/strong><\/p>\n","protected":false},"excerpt":{"rendered":"<p>D\u00ebshirojm\u00eb t\u00eb ftojm\u00eb t\u00eb gjith\u00eb ata q\u00eb p\u00ebrdorin profile t\u00eb rrejshme dhe gjuh\u00eb t\u00eb urrejtjes, cil\u00ebsdo parti politike q\u00eb i takojn\u00eb apo simpatizojn\u00eb, t\u00eb ndalojn\u00eb me k\u00ebto veprime t\u00eb ul\u00ebta. Gjithashtu d\u00ebshirojm\u00eb t\u2019i b\u00ebjm\u00eb thirrje z. Mustafa Cank\u00ebs q\u00eb t\u00eb mos nxjerr\u00eb p\u00ebrfundime dhe t\u00eb mos b\u00ebj\u00eb akuza t\u00eb pabaza, pasi q\u00eb personat t\u00eb cil\u00ebt [&hellip;]<\/p>\n","protected":false},"author":1,"featured_media":0,"comment_status":"closed","ping_status":"closed","sticky":false,"template":"","format":"standard","meta":{"spay_email":"","jetpack_publicize_message":"","jetpack_is_tweetstorm":false,"jetpack_publicize_feature_enabled":true},"categories":[6],"tags":[],"jetpack_publicize_connections":[],"yoast_head":"<!-- This site is optimized with the Yoast SEO plugin v19.1 - https:\/\/yoast.com\/wordpress\/plugins\/seo\/ -->\n<title>Reagim lidhur me komentet e \u201cAnalistit t\u00eb pavarur\u201d z. Canka - Lajme nga Ulqini<\/title>\n<meta name=\"description\" content=\"D\u00ebshirojm\u00eb t\u00eb ftojm\u00eb t\u00eb gjith\u00eb ata q\u00eb p\u00ebrdorin profile t\u00eb rrejshme dhe gjuh\u00eb t\u00eb urrejtjes, cil\u00ebsdo parti politike q\u00eb i takojn\u00eb apo simpatizojn\u00eb, t\u00eb\" \/>\n<meta name=\"robots\" content=\"index, follow, max-snippet:-1, max-image-preview:large, max-video-preview:-1\" \/>\n<link rel=\"canonical\" href=\"https:\/\/www.visit-ulcinj.com\/blog\/2014\/01\/02\/reagim-lidhur-komentet-e-analistit-te-pavarur-z-canka\/\" \/>\n<meta property=\"og:locale\" content=\"en_US\" \/>\n<meta property=\"og:type\" content=\"article\" \/>\n<meta property=\"og:title\" content=\"Reagim lidhur me komentet e \u201cAnalistit t\u00eb pavarur\u201d z. Canka - Lajme nga Ulqini\" \/>\n<meta property=\"og:description\" content=\"D\u00ebshirojm\u00eb t\u00eb ftojm\u00eb t\u00eb gjith\u00eb ata q\u00eb p\u00ebrdorin profile t\u00eb rrejshme dhe gjuh\u00eb t\u00eb urrejtjes, cil\u00ebsdo parti politike q\u00eb i takojn\u00eb apo simpatizojn\u00eb, t\u00eb\" \/>\n<meta property=\"og:url\" content=\"https:\/\/www.visit-ulcinj.com\/blog\/2014\/01\/02\/reagim-lidhur-komentet-e-analistit-te-pavarur-z-canka\/\" \/>\n<meta property=\"og:site_name\" content=\"Lajme nga Ulqini\" \/>\n<meta property=\"article:published_time\" content=\"2014-01-02T16:13:33+00:00\" \/>\n<meta property=\"og:image\" content=\"http:\/\/www.visit-ulcinj.com\/blog\/wp-content\/uploads\/2013\/12\/forca-e-re-demokratike.forca-per-zhvillim-ulqin.jpg\" \/>\n<meta name=\"twitter:label1\" content=\"Written by\" \/>\n\t<meta name=\"twitter:data1\" content=\"ulqini\" \/>\n\t<meta name=\"twitter:label2\" content=\"Est. reading time\" \/>\n\t<meta name=\"twitter:data2\" content=\"2 minutes\" \/>\n<script type=\"application\/ld+json\" class=\"yoast-schema-graph\">{\"@context\":\"https:\/\/schema.org\",\"@graph\":[{\"@type\":\"WebSite\",\"@id\":\"https:\/\/www.visit-ulcinj.com\/blog\/#website\",\"url\":\"https:\/\/www.visit-ulcinj.com\/blog\/\",\"name\":\"Lajme nga Ulqini\",\"description\":\"Lajme,Vijesti,Ulqini,Ulqin,Crna Gora,Mali i Zi\",\"potentialAction\":[{\"@type\":\"SearchAction\",\"target\":{\"@type\":\"EntryPoint\",\"urlTemplate\":\"https:\/\/www.visit-ulcinj.com\/blog\/?s={search_term_string}\"},\"query-input\":\"required name=search_term_string\"}],\"inLanguage\":\"en-US\"},{\"@type\":\"ImageObject\",\"inLanguage\":\"en-US\",\"@id\":\"https:\/\/www.visit-ulcinj.com\/blog\/2014\/01\/02\/reagim-lidhur-komentet-e-analistit-te-pavarur-z-canka\/#primaryimage\",\"url\":\"https:\/\/www.visit-ulcinj.com\/blog\/wp-content\/uploads\/2013\/12\/forca-e-re-demokratike.forca-per-zhvillim-ulqin.jpg\",\"contentUrl\":\"https:\/\/www.visit-ulcinj.com\/blog\/wp-content\/uploads\/2013\/12\/forca-e-re-demokratike.forca-per-zhvillim-ulqin.jpg\",\"width\":960,\"height\":352},{\"@type\":\"WebPage\",\"@id\":\"https:\/\/www.visit-ulcinj.com\/blog\/2014\/01\/02\/reagim-lidhur-komentet-e-analistit-te-pavarur-z-canka\/#webpage\",\"url\":\"https:\/\/www.visit-ulcinj.com\/blog\/2014\/01\/02\/reagim-lidhur-komentet-e-analistit-te-pavarur-z-canka\/\",\"name\":\"Reagim lidhur me komentet e \u201cAnalistit t\u00eb pavarur\u201d z. Canka - Lajme nga Ulqini\",\"isPartOf\":{\"@id\":\"https:\/\/www.visit-ulcinj.com\/blog\/#website\"},\"primaryImageOfPage\":{\"@id\":\"https:\/\/www.visit-ulcinj.com\/blog\/2014\/01\/02\/reagim-lidhur-komentet-e-analistit-te-pavarur-z-canka\/#primaryimage\"},\"datePublished\":\"2014-01-02T16:13:33+00:00\",\"dateModified\":\"2014-01-02T16:13:33+00:00\",\"author\":{\"@id\":\"https:\/\/www.visit-ulcinj.com\/blog\/#\/schema\/person\/dcab619c614d3038751c63bc2aadc06d\"},\"description\":\"D\u00ebshirojm\u00eb t\u00eb ftojm\u00eb t\u00eb gjith\u00eb ata q\u00eb p\u00ebrdorin profile t\u00eb rrejshme dhe gjuh\u00eb t\u00eb urrejtjes, cil\u00ebsdo parti politike q\u00eb i takojn\u00eb apo simpatizojn\u00eb, t\u00eb\",\"breadcrumb\":{\"@id\":\"https:\/\/www.visit-ulcinj.com\/blog\/2014\/01\/02\/reagim-lidhur-komentet-e-analistit-te-pavarur-z-canka\/#breadcrumb\"},\"inLanguage\":\"en-US\",\"potentialAction\":[{\"@type\":\"ReadAction\",\"target\":[\"https:\/\/www.visit-ulcinj.com\/blog\/2014\/01\/02\/reagim-lidhur-komentet-e-analistit-te-pavarur-z-canka\/\"]}]},{\"@type\":\"BreadcrumbList\",\"@id\":\"https:\/\/www.visit-ulcinj.com\/blog\/2014\/01\/02\/reagim-lidhur-komentet-e-analistit-te-pavarur-z-canka\/#breadcrumb\",\"itemListElement\":[{\"@type\":\"ListItem\",\"position\":1,\"name\":\"Reagim lidhur me komentet e \u201cAnalistit t\u00eb pavarur\u201d z. Canka\"}]},{\"@type\":\"Person\",\"@id\":\"https:\/\/www.visit-ulcinj.com\/blog\/#\/schema\/person\/dcab619c614d3038751c63bc2aadc06d\",\"name\":\"ulqini\",\"sameAs\":[\"http:\/\/www.visit-ulcinj.com\"],\"url\":\"https:\/\/www.visit-ulcinj.com\/blog\/author\/admin\/\"}]}<\/script>\n<!-- \/ Yoast SEO plugin. -->","yoast_head_json":{"title":"Reagim lidhur me komentet e \u201cAnalistit t\u00eb pavarur\u201d z. Canka - Lajme nga Ulqini","description":"D\u00ebshirojm\u00eb t\u00eb ftojm\u00eb t\u00eb gjith\u00eb ata q\u00eb p\u00ebrdorin profile t\u00eb rrejshme dhe gjuh\u00eb t\u00eb urrejtjes, cil\u00ebsdo parti politike q\u00eb i takojn\u00eb apo simpatizojn\u00eb, t\u00eb","robots":{"index":"index","follow":"follow","max-snippet":"max-snippet:-1","max-image-preview":"max-image-preview:large","max-video-preview":"max-video-preview:-1"},"canonical":"https:\/\/www.visit-ulcinj.com\/blog\/2014\/01\/02\/reagim-lidhur-komentet-e-analistit-te-pavarur-z-canka\/","og_locale":"en_US","og_type":"article","og_title":"Reagim lidhur me komentet e \u201cAnalistit t\u00eb pavarur\u201d z. Canka - Lajme nga Ulqini","og_description":"D\u00ebshirojm\u00eb t\u00eb ftojm\u00eb t\u00eb gjith\u00eb ata q\u00eb p\u00ebrdorin profile t\u00eb rrejshme dhe gjuh\u00eb t\u00eb urrejtjes, cil\u00ebsdo parti politike q\u00eb i takojn\u00eb apo simpatizojn\u00eb, t\u00eb","og_url":"https:\/\/www.visit-ulcinj.com\/blog\/2014\/01\/02\/reagim-lidhur-komentet-e-analistit-te-pavarur-z-canka\/","og_site_name":"Lajme nga Ulqini","article_published_time":"2014-01-02T16:13:33+00:00","og_image":[{"url":"http:\/\/www.visit-ulcinj.com\/blog\/wp-content\/uploads\/2013\/12\/forca-e-re-demokratike.forca-per-zhvillim-ulqin.jpg"}],"twitter_misc":{"Written by":"ulqini","Est. reading time":"2 minutes"},"schema":{"@context":"https:\/\/schema.org","@graph":[{"@type":"WebSite","@id":"https:\/\/www.visit-ulcinj.com\/blog\/#website","url":"https:\/\/www.visit-ulcinj.com\/blog\/","name":"Lajme nga Ulqini","description":"Lajme,Vijesti,Ulqini,Ulqin,Crna Gora,Mali i Zi","potentialAction":[{"@type":"SearchAction","target":{"@type":"EntryPoint","urlTemplate":"https:\/\/www.visit-ulcinj.com\/blog\/?s={search_term_string}"},"query-input":"required name=search_term_string"}],"inLanguage":"en-US"},{"@type":"ImageObject","inLanguage":"en-US","@id":"https:\/\/www.visit-ulcinj.com\/blog\/2014\/01\/02\/reagim-lidhur-komentet-e-analistit-te-pavarur-z-canka\/#primaryimage","url":"https:\/\/www.visit-ulcinj.com\/blog\/wp-content\/uploads\/2013\/12\/forca-e-re-demokratike.forca-per-zhvillim-ulqin.jpg","contentUrl":"https:\/\/www.visit-ulcinj.com\/blog\/wp-content\/uploads\/2013\/12\/forca-e-re-demokratike.forca-per-zhvillim-ulqin.jpg","width":960,"height":352},{"@type":"WebPage","@id":"https:\/\/www.visit-ulcinj.com\/blog\/2014\/01\/02\/reagim-lidhur-komentet-e-analistit-te-pavarur-z-canka\/#webpage","url":"https:\/\/www.visit-ulcinj.com\/blog\/2014\/01\/02\/reagim-lidhur-komentet-e-analistit-te-pavarur-z-canka\/","name":"Reagim lidhur me komentet e \u201cAnalistit t\u00eb pavarur\u201d z. Canka - Lajme nga Ulqini","isPartOf":{"@id":"https:\/\/www.visit-ulcinj.com\/blog\/#website"},"primaryImageOfPage":{"@id":"https:\/\/www.visit-ulcinj.com\/blog\/2014\/01\/02\/reagim-lidhur-komentet-e-analistit-te-pavarur-z-canka\/#primaryimage"},"datePublished":"2014-01-02T16:13:33+00:00","dateModified":"2014-01-02T16:13:33+00:00","author":{"@id":"https:\/\/www.visit-ulcinj.com\/blog\/#\/schema\/person\/dcab619c614d3038751c63bc2aadc06d"},"description":"D\u00ebshirojm\u00eb t\u00eb ftojm\u00eb t\u00eb gjith\u00eb ata q\u00eb p\u00ebrdorin profile t\u00eb rrejshme dhe gjuh\u00eb t\u00eb urrejtjes, cil\u00ebsdo parti politike q\u00eb i takojn\u00eb apo simpatizojn\u00eb, t\u00eb","breadcrumb":{"@id":"https:\/\/www.visit-ulcinj.com\/blog\/2014\/01\/02\/reagim-lidhur-komentet-e-analistit-te-pavarur-z-canka\/#breadcrumb"},"inLanguage":"en-US","potentialAction":[{"@type":"ReadAction","target":["https:\/\/www.visit-ulcinj.com\/blog\/2014\/01\/02\/reagim-lidhur-komentet-e-analistit-te-pavarur-z-canka\/"]}]},{"@type":"BreadcrumbList","@id":"https:\/\/www.visit-ulcinj.com\/blog\/2014\/01\/02\/reagim-lidhur-komentet-e-analistit-te-pavarur-z-canka\/#breadcrumb","itemListElement":[{"@type":"ListItem","position":1,"name":"Reagim lidhur me komentet e \u201cAnalistit t\u00eb pavarur\u201d z. Canka"}]},{"@type":"Person","@id":"https:\/\/www.visit-ulcinj.com\/blog\/#\/schema\/person\/dcab619c614d3038751c63bc2aadc06d","name":"ulqini","sameAs":["http:\/\/www.visit-ulcinj.com"],"url":"https:\/\/www.visit-ulcinj.com\/blog\/author\/admin\/"}]}},"jetpack_featured_media_url":"","jetpack_sharing_enabled":true,"jetpack_shortlink":"https:\/\/wp.me\/pe6lTn-kfZ","_links":{"self":[{"href":"https:\/\/www.visit-ulcinj.com\/blog\/wp-json\/wp\/v2\/posts\/77871"}],"collection":[{"href":"https:\/\/www.visit-ulcinj.com\/blog\/wp-json\/wp\/v2\/posts"}],"about":[{"href":"https:\/\/www.visit-ulcinj.com\/blog\/wp-json\/wp\/v2\/types\/post"}],"author":[{"embeddable":true,"href":"https:\/\/www.visit-ulcinj.com\/blog\/wp-json\/wp\/v2\/users\/1"}],"replies":[{"embeddable":true,"href":"https:\/\/www.visit-ulcinj.com\/blog\/wp-json\/wp\/v2\/comments?post=77871"}],"version-history":[{"count":1,"href":"https:\/\/www.visit-ulcinj.com\/blog\/wp-json\/wp\/v2\/posts\/77871\/revisions"}],"predecessor-version":[{"id":77872,"href":"https:\/\/www.visit-ulcinj.com\/blog\/wp-json\/wp\/v2\/posts\/77871\/revisions\/77872"}],"wp:attachment":[{"href":"https:\/\/www.visit-ulcinj.com\/blog\/wp-json\/wp\/v2\/media?parent=77871"}],"wp:term":[{"taxonomy":"category","embeddable":true,"href":"https:\/\/www.visit-ulcinj.com\/blog\/wp-json\/wp\/v2\/categories?post=77871"},{"taxonomy":"post_tag","embeddable":true,"href":"https:\/\/www.visit-ulcinj.com\/blog\/wp-json\/wp\/v2\/tags?post=77871"}],"curies":[{"name":"wp","href":"https:\/\/api.w.org\/{rel}","templated":true}]}}