{"id":77873,"date":"2014-01-02T20:05:03","date_gmt":"2014-01-02T19:05:03","guid":{"rendered":"http:\/\/www.visit-ulcinj.com\/blog\/?p=77873"},"modified":"2014-01-02T20:05:03","modified_gmt":"2014-01-02T19:05:03","slug":"nika-vazhdojme-perseri-te-jemi-nen-projektin-e-nacertanies-serbe-te-ilija-garashaninit","status":"publish","type":"post","link":"https:\/\/www.visit-ulcinj.com\/blog\/2014\/01\/02\/nika-vazhdojme-perseri-te-jemi-nen-projektin-e-nacertanies-serbe-te-ilija-garashaninit\/","title":{"rendered":"Nika: A vazhdojm\u00eb, p\u00ebrs\u00ebri  t\u00eb jemi n\u00ebn projektin e Na\u00e7ertanies serbe t\u00eb Ilija Garashaninit"},"content":{"rendered":"<p><b><i><a href=\"http:\/\/www.visit-ulcinj.com\/blog\/wp-content\/uploads\/2014\/01\/Muhamet-Nika.jpg\"><img loading=\"lazy\" class=\"alignleft size-full wp-image-77875\" alt=\"Muhamet-Nika\" src=\"http:\/\/www.visit-ulcinj.com\/blog\/wp-content\/uploads\/2014\/01\/Muhamet-Nika.jpg\" width=\"302\" height=\"236\" srcset=\"https:\/\/www.visit-ulcinj.com\/blog\/wp-content\/uploads\/2014\/01\/Muhamet-Nika.jpg 302w, https:\/\/www.visit-ulcinj.com\/blog\/wp-content\/uploads\/2014\/01\/Muhamet-Nika-300x234.jpg 300w\" sizes=\"(max-width: 302px) 100vw, 302px\" \/><\/a>Si lindi \u201cNA\u00c7ERTANIA-NACRT-i\u201d- PROJEKTI serb\u00a0 i shfarosjes shqiptare\u00a0\u00a0 t\u00eb\u00a0 Ish Perandoris\u00eb Osmane?!<\/i><\/b><\/p>\n<p><b><i>\u00a0<\/i><\/b>Aty, nga shekulli i 19, kur po shihej se kish\u00a0 filluar tu sosej kandili i\u00a0 perandorive t\u00eb dikurshme, t\u00eb Ballkanit\u00a0 dhe m\u00eb gjer\u00eb, si asaj : turke , ruse dhe austriake,\u00a0 popujt sllav\u00eb q\u00eb gjendeshin n\u00ebn administrat\u00ebn e tyre\u00a0 nis\u00ebn\u00a0 trazirat dhe filluan, t\u00eb p\u00ebrpilonin\u00a0 e\u00a0 huazonin , nga nj\u00ebri tjetri , projektin(nacrt-in) e \u00e7lirimit t\u00eb vet. T\u00eb, par\u00ebt q\u00eb\u00a0 pat\u00ebn\u00a0 sukses\u00a0 t\u00eb \u00e7lirohen, duke qen\u00eb m\u00eb t\u00eb organizuar, ishin serb\u00ebt . Andaj po duket q\u00eb\u00a0 me k\u00ebt\u00eb rast, u krijua nj\u00eb bindje, q\u00eb\u00a0 atyre edhe\u00a0 iu takonte\u00a0 roli prij\u00ebs p\u00ebr \u00e7lirim i t\u00eb gjith\u00eb sllav\u00ebve t\u00eb jugut.\u00a0 N\u00eb mesin e t\u00eb\u00a0 tjer\u00ebve \u2013p\u00ebrve\u00e7 anglez\u00ebve dhe francez\u00ebve, k\u00ebshtu, mendonin edhe polak\u00ebt , t\u00eb cil\u00ebt kishin hartuar \u00a0nj\u00eb projekt t\u00eb \u00e7lirimit, t\u00eb njohur si \u201cNa\u00e7ertania\u201d . Por, ky\u00a0\u00a0\u00a0 projekt, \u201c \u00e7lirimtar\u201d i binte\u00a0 t\u00eb ishin, fatkeq\u00ebsisht ,rob\u00ebrues p\u00ebr popujt tjer\u00eb\u00a0 jo sllav\u00eb, t\u00eb k\u00ebtyre \u00a0ish-perandorive\u00a0 .\u00a0 Rasti\u00a0 i serb\u00ebve, n\u00eb raport, me shqiptar\u00ebt, n\u00eb k\u00ebt\u00eb situat\u00eb, m\u00eb s\u00eb miri e \u00a0d\u00ebshmon, q\u00eb, ai i cili, ka qen\u00eb i pushtuar, d\u00ebshiron t\u00eb\u00a0 b\u00ebhet\u00a0 pushtues. Ngjajsh\u00ebm sot ndodh, n\u00eb raport t\u00eb malazez\u00ebve, me shqiptar\u00ebt?!\u201dDuke diferencuar \u00e7\u00ebshtjen e sllav\u00ebve t\u00eb jugut, t\u00eb\u00a0 shekullit 19, shohim\u00a0 q\u00eb; Pas\u00a0 d\u00ebshtimit t\u00eb l\u00ebvizjes \u00e7lirimtare polake ndaj perandoris\u00eb, ruse &#8211; elita\u00a0 polake n\u00eb emigrim , q\u00eb jetonte n\u00eb Franc\u00eb dhe Angli , me n\u00eb krye Frantishek\u00a0 Zahun, themelon\u00a0 projektin e vet i cili parashihte , bashkimin e t\u00eb gjith\u00eb sllav\u00ebve t\u00eb jugut , n\u00eb nj\u00eb perandori t\u00eb re, duke mbytur pakicat tjera dhe k\u00ebt\u00eb projekt t\u00eb vetin , t\u00eb njohur si Na\u00e7ertania, Zahu,\u00a0 ia\u00a0 kish dor\u00ebzuar\u00a0 ministrit t\u00eb pun\u00ebve t\u00eb brendshme t\u00eb \u00a0shtetit t\u00eb ri t\u00eb Serbis\u00eb, Ilija Garashaninit, p\u00ebr zbatim&#8230;,<\/p>\n<p>Garashanini, nd\u00ebrhyri n\u00eb \u201cNa\u00e7ertanie\u201d duke i z\u00ebvend\u00ebsuar, fjal\u00ebt , bashkimi i sllav\u00ebve t\u00eb jugut- sipas Zahut, me fjal\u00ebt- bashkimi i \u00a0gjith\u00eb serb\u00ebve .Na\u00e7rtanien, \u00a0e p\u00ebrpunuar, pastaj,ai, fshehtas, ia dor\u00ebzoi qeveris\u00eb s\u00eb Karagjorgjeviqit dhe asaj t\u00eb Petroviq\u00ebve&#8230;. Thuhet, se, dy qeverit\u00eb, k\u00ebt\u00eb,\u00a0 e b\u00ebn\u00eb projekt ilegal zyrtar\u00eb\u00a0 t\u00eb politik\u00ebs s\u00eb jashtme\u00a0 t\u00eb dy \u00a0shteteve serbe. N\u00eb baz\u00eb t\u00eb ndikimit t\u00eb saj, n\u00eb em\u00ebr t\u00eb unitarizmit, me nj\u00eb kuvend t\u00eb madh popullor n\u00eb Podgoric\u00eb, u\u00a0 minua, Dinastia e Petroviq\u00ebve\u00a0 dhe u\u00a0 punua me t\u00eb madhe\u00a0 , n\u00eb p\u00ebrsosjen e projektit fam\u00ebkeq , n\u00eb d\u00ebm t\u00eb popullit shqiptar, nga i\u00a0 t\u00ebr\u00eb potencialin\u00a0 akademik sebomalazez deri n\u00eb dit\u00ebt tona. Besohet, q\u00eb asnj\u00eb qeveri e k\u00ebtyre dy shteteve, nuk ka \u00e7uar dor\u00eb dhe nuk \u00e7on dor nga zbatimi i projektit, asimilues dhe asgj\u00ebsues\u00a0 p\u00ebr popullin shqiptar\u00eb\u00a0 as sot. Edhe vet\u00eb, Krajli Nikoll\u00eb, i p\u00ebrmbysur,me njer\u00ebzit e ij, vazhdonte tu shkruante qeverive t\u00eb koh\u00ebs, q\u00eb : \u201cMali i Zi, duhej t\u00eb kthehej, n\u00eb Shkod\u00ebr, sepse, ky qytet, p\u00ebr Malin e Zi,\u00ebsht\u00eb, si sht\u00ebpia pa der\u00eb e dritare&#8230;.\u201d<\/p>\n<p><b><i>\u00a0Ja si nis, projekti \u201c Na\u00e7ertania\u201d e Garashaninit &#8230;?!<\/i><\/b><\/p>\n<div align=\"center\">\n<table border=\"0\" cellspacing=\"0\" cellpadding=\"0\">\n<tbody>\n<tr>\n<td>\u0414\u0432\u0438\u0436\u0435\u043d\u0438\u0458\u0435 \u0438 \u0442\u0430\u043b\u0430\u0441\u0430\u045a\u0435 \u043c\u0435\u0452\u0443 \u0421\u043b\u0430\u0432\u0435\u043d\u0438\u043c\u0430 \u043f\u043e\u0447\u0435\u043b\u043e \u0458\u0435 \u0432\u0435\u045b \u0438 \u0437\u0430\u0438\u0441\u0442\u0430 \u043d\u0438\u043a\u0430\u0434 \u043f\u0440\u0435\u0441\u0442\u0430\u0442\u0438 \u043d\u0435\u045b\u0435. \u0421\u0440\u0431\u0438\u0458\u0430 \u043c\u043e\u0440\u0430 \u043e\u0432\u043e \u0434\u0432\u0438\u0436\u0435\u043d\u0438\u0458\u0435 \u0430 \u0438 \u0440\u043e\u043b\u0443 \u0438\u043b\u0438 \u0437\u0430\u0434\u0430\u0442\u0430\u043a, \u043a\u043e\u0458\u0438 \u045b\u0435 \u043e\u043d\u0430 \u0443 \u0442\u043e\u043c \u0434\u0432\u0438\u0436\u0435\u043d\u0438\u0458\u0443 \u0437\u0430 \u0438\u0437\u0432\u0440\u0448\u0435\u045a\u0435 \u0438\u043c\u0430\u0442\u0438, \u0432\u0440\u043b\u043e \u0434\u043e\u0431\u0440\u043e \u0443\u043f\u043e\u0437\u043d\u0430\u0442\u0438. \u0410\u043a\u043e \u0421\u0440\u0431\u0438\u0458\u0430 \u0434\u043e\u0431\u0440\u043e \u043f\u0440\u043e\u0458\u0435\u0441\u0430\u043f\u0438 \u0448\u0442\u0430 \u0458\u0435 \u043e\u043d\u0430 \u0441\u0430\u0434? \u0443 \u043a\u0430\u043a\u0432\u043e\u043c \u0441\u0435 \u043f\u043e\u043b\u043e\u0436\u0435\u043d\u0438\u0458\u0443 \u043d\u0430\u043b\u0430\u0437\u0438? \u0438 \u043a\u0430\u043a\u0432\u0438 \u045a\u0443 \u043d\u0430\u0440\u043e\u0434\u0438 \u043e\u043a\u0440\u0443\u0436\u0430\u0432\u0430\u0458\u0443? \u0442\u043e \u0441\u0435 \u043e\u043d\u0430 \u043c\u043e\u0440\u0430 \u0443\u0432\u0435\u0440\u0438\u0442\u0438 \u043e \u0442\u043e\u043c\u0435, \u0434\u0430 \u0458\u0435 \u043e\u043d\u0430 \u0458\u043e\u0448 \u0442\u0430\u043a\u043e \u043c\u0430\u043b\u0430, \u0434\u0430 \u0443 \u043e\u0432\u043e\u043c \u0441\u0442\u0430\u045a\u0443 \u043e\u0441\u0442\u0430\u0442\u0438 \u043d\u0435 \u0441\u043c\u0435, \u0438 \u0434\u0430 \u043e\u043d\u0430 \u0441\u0430\u043c\u043e \u0443 \u0441\u043e\u0458\u0443\u0437\u0443 \u0441\u0430 \u043e\u0441\u0442\u0430\u043b\u0438\u043c \u043e\u043a\u0440\u0443\u0436\u0430\u0432\u0430\u0458\u0443\u045b\u0438\u043c \u0458\u0435 \u043d\u0430\u0440\u043e\u0434\u0438\u043c\u0430 \u0437\u0430 \u043f\u043e\u0441\u0442\u0438\u045b\u0438 \u0441\u0432\u043e\u0458\u0443 \u0431\u0443\u0434\u0443\u045b\u043d\u043e\u0441\u0442 \u0441\u0432\u043e\u0458 \u0437\u0430\u0434\u0430\u0442\u0430\u043a \u0438\u043c\u0430\u0442\u0438 \u043c\u043e\u0440\u0430. \u0418\u0437 \u043e\u0432\u043e\u0433 \u043f\u043e\u0437\u043d\u0430\u0432\u0430\u045a\u0430 \u043f\u0440\u043e\u0438\u0441\u0442\u0438\u0447\u0435 \u0447\u0435\u0440\u0442\u0430 \u0438 \u0442\u0435\u043c\u0435\u0459 \u0441\u0440\u043f\u0441\u043a\u0435 \u043f\u043e\u043b\u0438\u0442\u0438\u043a\u0435, \u0434\u0430 \u0441\u0435 \u043d\u0430 \u043d\u0435 \u043e\u0433\u0440\u0430\u043d\u0438\u0447\u0430\u0432\u0430 \u043d\u0430 \u0441\u0430\u0434\u0430\u0448\u045a\u0435 \u045a\u0435\u043d\u0435 \u0433\u0440\u0430\u043d\u0438\u0446\u0435, \u043d\u043e \u0434\u0430 \u0442\u0435\u0436\u0438 \u0441\u0435\u0431\u0438 \u043f\u0440\u0438\u0459\u0443\u0431\u0438\u0442\u0438 \u0441\u0432\u0435 \u043d\u0430\u0440\u043e\u0434\u0435 \u0441\u0440\u043f\u0441\u043a\u0435 \u043a\u043e\u0458\u0438 \u0458\u0443 \u043e\u043a\u0440\u0443\u0436\u0430\u0432\u0430\u0458\u0443.<\/td>\n<td valign=\"bottom\" width=\"42\"><\/td>\n<\/tr>\n<tr>\n<td valign=\"top\"><\/td>\n<td><\/td>\n<\/tr>\n<\/tbody>\n<\/table>\n<\/div>\n<p>P\u00ebrmes, aktivitetit propagandistik\u00a0 \u201cNa\u00e7ertania\u201d, duhej t\u00eb p\u00ebrgatiste, popullsin\u00eb e at\u00eb hershme serbe,\u00a0 q\u00eb t\u00eb futej n\u00eb Serbin\u00eb e ardhshme, duke aneksuar , pjes\u00eb t\u00eb Bosnj\u00ebs, Malit t\u00eb Zi, Dhe Shqip\u00ebrin\u00eb e Veriut, e cila , gjendej n\u00ebn Perandorin\u00eb Osmane. Projekti- Na\u00e7ertania, i bindte,\u00a0 serb\u00ebt e Kosov\u00ebs, se e drejta e bashkimit, ish nj\u00eb e drejt\u00eb e shenjt\u00eb e tyre q\u00eb buronte nga shekulli 14, i Perandoris\u00eb\u00a0 s\u00eb Car Dushanit, dhe q\u00eb\u00a0 e cila duhej t\u00eb\u00a0 p\u00ebrfshinte gjith\u00eb Shqip\u00ebrin\u00eb&#8230;.?!! Historiografia serbe, k\u00ebt\u00eb, mundohet ta njoh\u00eb si \u201cStara Serbija\u201d. Garashanini, n\u00eb projekt, porosiste, q\u00eb : \u201c Serbia, -ako dobro projesapi(e b\u00ebn\u00eb hesapin mir\u00eb)\u201d,&#8230;. duhet t\u00eb shikoj\u00eb\u00a0 se me \u00e7far\u00eb popujsh rrethohet&#8230;,q\u00eb \u00ebsht\u00eb nj\u00eb vend i vog\u00ebl&#8230;.,q\u00eb nuk\u00a0 duhet t\u00eb jet\u00eb\u00a0 ase si n\u00eb k\u00ebt\u00eb gjendje, &#8230; , q\u00eb duhet t\u00eb hartoj\u00eb nj\u00eb politik\u00eb t\u00eb saj\u00ebn , nga e cila, p\u00ebr nj\u00eb koh\u00eb t\u00eb gjat\u00eb qeverit\u00eb\u00a0 serbe, duhet ta ken\u00eb n\u00eb konsiderat\u00eb zbatimin e projektit etj&#8230; Q\u00eb tregtia ,n\u00eb jug \u00a0t\u00eb saj, sa m\u00eb par\u00eb, duhet t\u00eb b\u00ebhet p\u00ebrmes Shkodr\u00ebs e deri n\u00eb portin e Dulqinit- si rrug\u00eb e vetme&#8230;,dhe\u00a0 n\u00eb se\u00a0 nuk ndodh k\u00ebshtu , at\u00ebher\u00eb ajo do t\u00eb shkat\u00ebrrohet si nj\u00eb anije p\u00ebrfundimisht&#8230;<\/p>\n<p><a href=\"http:\/\/www.visit-ulcinj.com\/blog\/wp-content\/uploads\/2014\/01\/Krahaso-hartat-Harta-e-Serbis\u00eb-s\u00eb-Vjet\u00ebr-Harta-e-Shqip\u00ebris\u00eb-Madhe.jpg\"><img loading=\"lazy\" class=\"alignleft  wp-image-77874\" alt=\"Krahaso hartat; Harta e Serbis\u00eb s\u00eb Vjet\u00ebr - Harta e Shqip\u00ebris\u00eb Madhe\" src=\"http:\/\/www.visit-ulcinj.com\/blog\/wp-content\/uploads\/2014\/01\/Krahaso-hartat-Harta-e-Serbis\u00eb-s\u00eb-Vjet\u00ebr-Harta-e-Shqip\u00ebris\u00eb-Madhe.jpg\" width=\"508\" height=\"360\" \/><\/a><br \/>\n<strong>Krahaso hartat; Harta e Serbis\u00eb s\u00eb Vjet\u00ebr&#8230;?!!, &#8211; Harta e Shqip\u00ebris\u00eb Madhe&#8230;?!! <\/strong><\/p>\n<p><b><i>\u201cNa\u00e7ertania\u201d\u00a0 zbatohet, edhe n\u00eb planifikim hap\u00ebsinor e shitje&#8230;?!!!<\/i><\/b><\/p>\n<p>Gjithashtu, p\u00ebr fund, duhet shtuar, q\u00eb\u00a0 projektet tjer\u00eb\u00a0 t\u00eb cilat, e\u00a0 pasuan at\u00eb- madje\u00a0 deri te\u00a0 Andriqi, i cili hartoi, elaboratin, p\u00ebr shfarosjen e shqiptar\u00ebve(dhe ka \u00c7mimin Nobel)?!!! Shohim gjithher\u00eb, q\u00eb akademik\u00ebt serb, t\u00eb \u00a0porosisin, q\u00eb n\u00eb vendet e pushtuara ,\u00a0 popullsia jo sllave, bashk\u00eb me klerik\u00ebt e tyre nuk duhet\u00a0 t\u00eb respektohen , por t\u00eb\u00a0 injorohen \u00a0e\u00a0 k\u00ebrc\u00ebnohen me marrje e djegie t\u00eb pasuris\u00eb, duke\u00a0 nxitur shp\u00ebrnguljen masovike , kryesisht p\u00ebrmes nacionalizimit t\u00eb pasuris\u00eb, dhe ndarjen n\u00eb mes t\u00eb kolon\u00ebve serb\u00eb ose shitjes s\u00eb saj. Mbi baz\u00ebn e k\u00ebsaj sheme t\u00eb propagand\u00ebs, q\u00eb m\u00ebsonte , \u201c Na\u00e7ertania\u201d- u b\u00ebn\u00eb edhe luftrat e fundit n\u00eb ish \u2013jugosllavi. Serb\u00ebt , jasht\u00eb shtetit serb ishin t\u00eb indoktrinuar , nga nj\u00eb\u00a0 \u00a0luft\u00eb mediatike, kud\u00ebr t\u00eb tjer\u00ebve e p\u00ebr bashkim t\u00eb vetin?!!! T\u00eb gjitha, nacoinalizimet e pasuris\u00eb s\u00eb shqiptar\u00ebve, bashk\u00eb me privatizimin e fundtit e deri te Plani iFundit Hap\u00ebsinor\u00eb, me gjith\u00eb zon\u00ebn p\u00ebr shitje t\u00eb Pasuris\u00eb Detare, n\u00eb Ulqin, kryhen sipas projektit, t\u00eb \u201cNA\u00c7ERTANIES\u201d&#8230;.<\/p>\n","protected":false},"excerpt":{"rendered":"<p>Si lindi \u201cNA\u00c7ERTANIA-NACRT-i\u201d- PROJEKTI serb\u00a0 i shfarosjes shqiptare\u00a0\u00a0 t\u00eb\u00a0 Ish Perandoris\u00eb Osmane?! \u00a0Aty, nga shekulli i 19, kur po shihej se kish\u00a0 filluar tu sosej kandili i\u00a0 perandorive t\u00eb dikurshme, t\u00eb Ballkanit\u00a0 dhe m\u00eb gjer\u00eb, si asaj : turke , ruse dhe austriake,\u00a0 popujt sllav\u00eb q\u00eb gjendeshin n\u00ebn administrat\u00ebn e tyre\u00a0 nis\u00ebn\u00a0 trazirat dhe filluan, [&hellip;]<\/p>\n","protected":false},"author":1,"featured_media":0,"comment_status":"closed","ping_status":"closed","sticky":false,"template":"","format":"standard","meta":{"spay_email":"","jetpack_publicize_message":"","jetpack_is_tweetstorm":false,"jetpack_publicize_feature_enabled":true},"categories":[14249],"tags":[],"jetpack_publicize_connections":[],"yoast_head":"<!-- This site is optimized with the Yoast SEO plugin v19.1 - https:\/\/yoast.com\/wordpress\/plugins\/seo\/ -->\n<title>Nika: A vazhdojm\u00eb, p\u00ebrs\u00ebri t\u00eb jemi n\u00ebn projektin e Na\u00e7ertanies serbe t\u00eb Ilija Garashaninit - Lajme nga Ulqini<\/title>\n<meta name=\"description\" content=\"Si lindi \u201cNA\u00c7ERTANIA-NACRT-i\u201d- PROJEKTI serb\u00a0 i shfarosjes shqiptare\u00a0\u00a0 t\u00eb\u00a0 Ish Perandoris\u00eb Osmane?! \u00a0Aty, nga shekulli i 19, kur po shihej se kish\u00a0\" \/>\n<meta name=\"robots\" content=\"index, follow, max-snippet:-1, max-image-preview:large, max-video-preview:-1\" \/>\n<link rel=\"canonical\" href=\"https:\/\/www.visit-ulcinj.com\/blog\/2014\/01\/02\/nika-vazhdojme-perseri-te-jemi-nen-projektin-e-nacertanies-serbe-te-ilija-garashaninit\/\" \/>\n<meta property=\"og:locale\" content=\"en_US\" \/>\n<meta property=\"og:type\" content=\"article\" \/>\n<meta property=\"og:title\" content=\"Nika: A vazhdojm\u00eb, p\u00ebrs\u00ebri t\u00eb jemi n\u00ebn projektin e Na\u00e7ertanies serbe t\u00eb Ilija Garashaninit - Lajme nga Ulqini\" \/>\n<meta property=\"og:description\" content=\"Si lindi \u201cNA\u00c7ERTANIA-NACRT-i\u201d- PROJEKTI serb\u00a0 i shfarosjes shqiptare\u00a0\u00a0 t\u00eb\u00a0 Ish Perandoris\u00eb Osmane?! \u00a0Aty, nga shekulli i 19, kur po shihej se kish\u00a0\" \/>\n<meta property=\"og:url\" content=\"https:\/\/www.visit-ulcinj.com\/blog\/2014\/01\/02\/nika-vazhdojme-perseri-te-jemi-nen-projektin-e-nacertanies-serbe-te-ilija-garashaninit\/\" \/>\n<meta property=\"og:site_name\" content=\"Lajme nga Ulqini\" \/>\n<meta property=\"article:published_time\" content=\"2014-01-02T19:05:03+00:00\" \/>\n<meta property=\"og:image\" content=\"http:\/\/www.visit-ulcinj.com\/blog\/wp-content\/uploads\/2014\/01\/Muhamet-Nika.jpg\" \/>\n<meta name=\"twitter:label1\" content=\"Written by\" \/>\n\t<meta name=\"twitter:data1\" content=\"ulqini\" \/>\n\t<meta name=\"twitter:label2\" content=\"Est. reading time\" \/>\n\t<meta name=\"twitter:data2\" content=\"5 minutes\" \/>\n<script type=\"application\/ld+json\" class=\"yoast-schema-graph\">{\"@context\":\"https:\/\/schema.org\",\"@graph\":[{\"@type\":\"WebSite\",\"@id\":\"https:\/\/www.visit-ulcinj.com\/blog\/#website\",\"url\":\"https:\/\/www.visit-ulcinj.com\/blog\/\",\"name\":\"Lajme nga Ulqini\",\"description\":\"Lajme,Vijesti,Ulqini,Ulqin,Crna Gora,Mali i Zi\",\"potentialAction\":[{\"@type\":\"SearchAction\",\"target\":{\"@type\":\"EntryPoint\",\"urlTemplate\":\"https:\/\/www.visit-ulcinj.com\/blog\/?s={search_term_string}\"},\"query-input\":\"required name=search_term_string\"}],\"inLanguage\":\"en-US\"},{\"@type\":\"ImageObject\",\"inLanguage\":\"en-US\",\"@id\":\"https:\/\/www.visit-ulcinj.com\/blog\/2014\/01\/02\/nika-vazhdojme-perseri-te-jemi-nen-projektin-e-nacertanies-serbe-te-ilija-garashaninit\/#primaryimage\",\"url\":\"https:\/\/www.visit-ulcinj.com\/blog\/wp-content\/uploads\/2014\/01\/Muhamet-Nika.jpg\",\"contentUrl\":\"https:\/\/www.visit-ulcinj.com\/blog\/wp-content\/uploads\/2014\/01\/Muhamet-Nika.jpg\",\"width\":302,\"height\":236},{\"@type\":\"WebPage\",\"@id\":\"https:\/\/www.visit-ulcinj.com\/blog\/2014\/01\/02\/nika-vazhdojme-perseri-te-jemi-nen-projektin-e-nacertanies-serbe-te-ilija-garashaninit\/#webpage\",\"url\":\"https:\/\/www.visit-ulcinj.com\/blog\/2014\/01\/02\/nika-vazhdojme-perseri-te-jemi-nen-projektin-e-nacertanies-serbe-te-ilija-garashaninit\/\",\"name\":\"Nika: A vazhdojm\u00eb, p\u00ebrs\u00ebri t\u00eb jemi n\u00ebn projektin e Na\u00e7ertanies serbe t\u00eb Ilija Garashaninit - Lajme nga Ulqini\",\"isPartOf\":{\"@id\":\"https:\/\/www.visit-ulcinj.com\/blog\/#website\"},\"primaryImageOfPage\":{\"@id\":\"https:\/\/www.visit-ulcinj.com\/blog\/2014\/01\/02\/nika-vazhdojme-perseri-te-jemi-nen-projektin-e-nacertanies-serbe-te-ilija-garashaninit\/#primaryimage\"},\"datePublished\":\"2014-01-02T19:05:03+00:00\",\"dateModified\":\"2014-01-02T19:05:03+00:00\",\"author\":{\"@id\":\"https:\/\/www.visit-ulcinj.com\/blog\/#\/schema\/person\/dcab619c614d3038751c63bc2aadc06d\"},\"description\":\"Si lindi \u201cNA\u00c7ERTANIA-NACRT-i\u201d- PROJEKTI serb\u00a0 i shfarosjes shqiptare\u00a0\u00a0 t\u00eb\u00a0 Ish Perandoris\u00eb Osmane?! \u00a0Aty, nga shekulli i 19, kur po shihej se kish\u00a0\",\"breadcrumb\":{\"@id\":\"https:\/\/www.visit-ulcinj.com\/blog\/2014\/01\/02\/nika-vazhdojme-perseri-te-jemi-nen-projektin-e-nacertanies-serbe-te-ilija-garashaninit\/#breadcrumb\"},\"inLanguage\":\"en-US\",\"potentialAction\":[{\"@type\":\"ReadAction\",\"target\":[\"https:\/\/www.visit-ulcinj.com\/blog\/2014\/01\/02\/nika-vazhdojme-perseri-te-jemi-nen-projektin-e-nacertanies-serbe-te-ilija-garashaninit\/\"]}]},{\"@type\":\"BreadcrumbList\",\"@id\":\"https:\/\/www.visit-ulcinj.com\/blog\/2014\/01\/02\/nika-vazhdojme-perseri-te-jemi-nen-projektin-e-nacertanies-serbe-te-ilija-garashaninit\/#breadcrumb\",\"itemListElement\":[{\"@type\":\"ListItem\",\"position\":1,\"name\":\"Nika: A vazhdojm\u00eb, p\u00ebrs\u00ebri t\u00eb jemi n\u00ebn projektin e Na\u00e7ertanies serbe t\u00eb Ilija Garashaninit\"}]},{\"@type\":\"Person\",\"@id\":\"https:\/\/www.visit-ulcinj.com\/blog\/#\/schema\/person\/dcab619c614d3038751c63bc2aadc06d\",\"name\":\"ulqini\",\"sameAs\":[\"http:\/\/www.visit-ulcinj.com\"],\"url\":\"https:\/\/www.visit-ulcinj.com\/blog\/author\/admin\/\"}]}<\/script>\n<!-- \/ Yoast SEO plugin. -->","yoast_head_json":{"title":"Nika: A vazhdojm\u00eb, p\u00ebrs\u00ebri t\u00eb jemi n\u00ebn projektin e Na\u00e7ertanies serbe t\u00eb Ilija Garashaninit - Lajme nga Ulqini","description":"Si lindi \u201cNA\u00c7ERTANIA-NACRT-i\u201d- PROJEKTI serb\u00a0 i shfarosjes shqiptare\u00a0\u00a0 t\u00eb\u00a0 Ish Perandoris\u00eb Osmane?! \u00a0Aty, nga shekulli i 19, kur po shihej se kish\u00a0","robots":{"index":"index","follow":"follow","max-snippet":"max-snippet:-1","max-image-preview":"max-image-preview:large","max-video-preview":"max-video-preview:-1"},"canonical":"https:\/\/www.visit-ulcinj.com\/blog\/2014\/01\/02\/nika-vazhdojme-perseri-te-jemi-nen-projektin-e-nacertanies-serbe-te-ilija-garashaninit\/","og_locale":"en_US","og_type":"article","og_title":"Nika: A vazhdojm\u00eb, p\u00ebrs\u00ebri t\u00eb jemi n\u00ebn projektin e Na\u00e7ertanies serbe t\u00eb Ilija Garashaninit - Lajme nga Ulqini","og_description":"Si lindi \u201cNA\u00c7ERTANIA-NACRT-i\u201d- PROJEKTI serb\u00a0 i shfarosjes shqiptare\u00a0\u00a0 t\u00eb\u00a0 Ish Perandoris\u00eb Osmane?! \u00a0Aty, nga shekulli i 19, kur po shihej se kish\u00a0","og_url":"https:\/\/www.visit-ulcinj.com\/blog\/2014\/01\/02\/nika-vazhdojme-perseri-te-jemi-nen-projektin-e-nacertanies-serbe-te-ilija-garashaninit\/","og_site_name":"Lajme nga Ulqini","article_published_time":"2014-01-02T19:05:03+00:00","og_image":[{"url":"http:\/\/www.visit-ulcinj.com\/blog\/wp-content\/uploads\/2014\/01\/Muhamet-Nika.jpg"}],"twitter_misc":{"Written by":"ulqini","Est. reading time":"5 minutes"},"schema":{"@context":"https:\/\/schema.org","@graph":[{"@type":"WebSite","@id":"https:\/\/www.visit-ulcinj.com\/blog\/#website","url":"https:\/\/www.visit-ulcinj.com\/blog\/","name":"Lajme nga Ulqini","description":"Lajme,Vijesti,Ulqini,Ulqin,Crna Gora,Mali i Zi","potentialAction":[{"@type":"SearchAction","target":{"@type":"EntryPoint","urlTemplate":"https:\/\/www.visit-ulcinj.com\/blog\/?s={search_term_string}"},"query-input":"required name=search_term_string"}],"inLanguage":"en-US"},{"@type":"ImageObject","inLanguage":"en-US","@id":"https:\/\/www.visit-ulcinj.com\/blog\/2014\/01\/02\/nika-vazhdojme-perseri-te-jemi-nen-projektin-e-nacertanies-serbe-te-ilija-garashaninit\/#primaryimage","url":"https:\/\/www.visit-ulcinj.com\/blog\/wp-content\/uploads\/2014\/01\/Muhamet-Nika.jpg","contentUrl":"https:\/\/www.visit-ulcinj.com\/blog\/wp-content\/uploads\/2014\/01\/Muhamet-Nika.jpg","width":302,"height":236},{"@type":"WebPage","@id":"https:\/\/www.visit-ulcinj.com\/blog\/2014\/01\/02\/nika-vazhdojme-perseri-te-jemi-nen-projektin-e-nacertanies-serbe-te-ilija-garashaninit\/#webpage","url":"https:\/\/www.visit-ulcinj.com\/blog\/2014\/01\/02\/nika-vazhdojme-perseri-te-jemi-nen-projektin-e-nacertanies-serbe-te-ilija-garashaninit\/","name":"Nika: A vazhdojm\u00eb, p\u00ebrs\u00ebri t\u00eb jemi n\u00ebn projektin e Na\u00e7ertanies serbe t\u00eb Ilija Garashaninit - Lajme nga Ulqini","isPartOf":{"@id":"https:\/\/www.visit-ulcinj.com\/blog\/#website"},"primaryImageOfPage":{"@id":"https:\/\/www.visit-ulcinj.com\/blog\/2014\/01\/02\/nika-vazhdojme-perseri-te-jemi-nen-projektin-e-nacertanies-serbe-te-ilija-garashaninit\/#primaryimage"},"datePublished":"2014-01-02T19:05:03+00:00","dateModified":"2014-01-02T19:05:03+00:00","author":{"@id":"https:\/\/www.visit-ulcinj.com\/blog\/#\/schema\/person\/dcab619c614d3038751c63bc2aadc06d"},"description":"Si lindi \u201cNA\u00c7ERTANIA-NACRT-i\u201d- PROJEKTI serb\u00a0 i shfarosjes shqiptare\u00a0\u00a0 t\u00eb\u00a0 Ish Perandoris\u00eb Osmane?! \u00a0Aty, nga shekulli i 19, kur po shihej se kish\u00a0","breadcrumb":{"@id":"https:\/\/www.visit-ulcinj.com\/blog\/2014\/01\/02\/nika-vazhdojme-perseri-te-jemi-nen-projektin-e-nacertanies-serbe-te-ilija-garashaninit\/#breadcrumb"},"inLanguage":"en-US","potentialAction":[{"@type":"ReadAction","target":["https:\/\/www.visit-ulcinj.com\/blog\/2014\/01\/02\/nika-vazhdojme-perseri-te-jemi-nen-projektin-e-nacertanies-serbe-te-ilija-garashaninit\/"]}]},{"@type":"BreadcrumbList","@id":"https:\/\/www.visit-ulcinj.com\/blog\/2014\/01\/02\/nika-vazhdojme-perseri-te-jemi-nen-projektin-e-nacertanies-serbe-te-ilija-garashaninit\/#breadcrumb","itemListElement":[{"@type":"ListItem","position":1,"name":"Nika: A vazhdojm\u00eb, p\u00ebrs\u00ebri t\u00eb jemi n\u00ebn projektin e Na\u00e7ertanies serbe t\u00eb Ilija Garashaninit"}]},{"@type":"Person","@id":"https:\/\/www.visit-ulcinj.com\/blog\/#\/schema\/person\/dcab619c614d3038751c63bc2aadc06d","name":"ulqini","sameAs":["http:\/\/www.visit-ulcinj.com"],"url":"https:\/\/www.visit-ulcinj.com\/blog\/author\/admin\/"}]}},"jetpack_featured_media_url":"","jetpack_sharing_enabled":true,"jetpack_shortlink":"https:\/\/wp.me\/pe6lTn-kg1","_links":{"self":[{"href":"https:\/\/www.visit-ulcinj.com\/blog\/wp-json\/wp\/v2\/posts\/77873"}],"collection":[{"href":"https:\/\/www.visit-ulcinj.com\/blog\/wp-json\/wp\/v2\/posts"}],"about":[{"href":"https:\/\/www.visit-ulcinj.com\/blog\/wp-json\/wp\/v2\/types\/post"}],"author":[{"embeddable":true,"href":"https:\/\/www.visit-ulcinj.com\/blog\/wp-json\/wp\/v2\/users\/1"}],"replies":[{"embeddable":true,"href":"https:\/\/www.visit-ulcinj.com\/blog\/wp-json\/wp\/v2\/comments?post=77873"}],"version-history":[{"count":1,"href":"https:\/\/www.visit-ulcinj.com\/blog\/wp-json\/wp\/v2\/posts\/77873\/revisions"}],"predecessor-version":[{"id":77876,"href":"https:\/\/www.visit-ulcinj.com\/blog\/wp-json\/wp\/v2\/posts\/77873\/revisions\/77876"}],"wp:attachment":[{"href":"https:\/\/www.visit-ulcinj.com\/blog\/wp-json\/wp\/v2\/media?parent=77873"}],"wp:term":[{"taxonomy":"category","embeddable":true,"href":"https:\/\/www.visit-ulcinj.com\/blog\/wp-json\/wp\/v2\/categories?post=77873"},{"taxonomy":"post_tag","embeddable":true,"href":"https:\/\/www.visit-ulcinj.com\/blog\/wp-json\/wp\/v2\/tags?post=77873"}],"curies":[{"name":"wp","href":"https:\/\/api.w.org\/{rel}","templated":true}]}}