{"id":77877,"date":"2014-01-03T16:33:08","date_gmt":"2014-01-03T15:33:08","guid":{"rendered":"http:\/\/www.visit-ulcinj.com\/blog\/?p=77877"},"modified":"2014-01-03T16:34:09","modified_gmt":"2014-01-03T15:34:09","slug":"mustafa-canka-napadaju-militanti-iz-force","status":"publish","type":"post","link":"https:\/\/www.visit-ulcinj.com\/blog\/2014\/01\/03\/mustafa-canka-napadaju-militanti-iz-force\/","title":{"rendered":"Mustafa Canka: Napadaju me militanti iz Force"},"content":{"rendered":"<p><a href=\"http:\/\/www.visit-ulcinj.com\/blog\/wp-content\/uploads\/2014\/01\/Mustafa-Canka-Ulcinj.jpg\"><img loading=\"lazy\" class=\"alignleft  wp-image-77878\" alt=\"Mustafa-Canka-Ulcinj\" src=\"http:\/\/www.visit-ulcinj.com\/blog\/wp-content\/uploads\/2014\/01\/Mustafa-Canka-Ulcinj.jpg\" width=\"508\" height=\"360\" \/><\/a>Uvijek sam svoj posao radio javno, pod punim imenom i prezimenom, rekao je Canka<\/p>\n<p>Poznati ulcinjski i crnogorski novinar Mustafa Canka prije dvije no\u0107i primio je na svom Fejsbuk profilu nekoliko prijete\u0107ih i uvrijedljivih poruka o kojima razmi\u0161lja da i zvani\u010dno obavijesti policiju.<\/p>\n<p>\u201cMustafa Canka, kakav si ne\u010dovjek, plati\u0107e\u0161 za sve \u0161to \u010dini\u0161, g&#8230;. jedno. Formirali smo grupu koja \u0107e iznijeti javno tvoja nepo\u010dinstva. \u010cuvaj se dobro \u0161to \u010dini\u0161 sebi, jer ne\u0107e\u0161 imati s kim vi\u0161e da sjedi\u0161, bi\u0107e\u0161 kao pokvareni pas\u201d, pi\u0161e, pored ostalog, u jednoj od poruka.<\/p>\n<p>\u201cPazi dobro \u0161to radi\u0161 jer \u0107emo za nekoliko dana objaviti nekoliko fotografija, tekstova i \u010dinjenica koji \u0107e pokazati ta\u010dno ko si. Samo ti nastavi sa ovim prljavim rabotama, za nekoliko dana bi\u0107e te sram da iza\u0111e\u0161 u grad. Vidje\u0107e\u0161 dobro ko smo mi&#8230; Ali ti ne\u0107e\u0161 mo\u0107i obrisati mrlju koju smo ti stavili na lice\u201d, stajalo je u drugoj poruci.<\/p>\n<p>U svom komentaru na portalu <strong><a href=\"http:\/\/mne.ul-info.com\/\" target=\"_blank\">ul-info.com<\/a><\/strong> Canka je kazao da su u pitanju kukavice koje se kriju iza la\u017enog profila Edina Hoxha.<\/p>\n<p>\u201c\u010cinim javnim te poruke da bi cijela javnost mogla da vidi taj veliki strah, taj prostakluk i tu bijedu koja se krije iza la\u017enog profila Edina Hoxha\u201d, napisao je Canka.<\/p>\n<p>On je siguran da su u pitanju \u201cmilitanti koji su uglavnom bliski Novoj demokratskoj snagi \u2013 Forca\u201c.<\/p>\n<p>\u201cPokazale su to i nekakve pjesmice koje su po\u010deli da objavljuju tako\u0111e na FB. Kada im je priprije\u0107eno, stali su. Militanti Force znaju ko je pisao te ogavne stihove. Ukoliko ovi bezumnici ne prestanu da blate sve drugoja\u010dije misle\u0107e ljude u Ulcinju, mo\u017eda \u0107emo pozvati policiju da se malo pozabavi ovim la\u017enim profilima, pa \u0107emo ubrzo ta\u010dno svi znati o kome je rije\u010d. Ko su ti zaga\u0111iva\u010di FB-prostora i FB-kukavice\u201d, rekao je Canka.<\/p>\n<p>On je istakao \u201cda je uvijek svoj posao radio javno, pod punim imenom i prezimenom, uvjeren da radi posao novinara i anga\u017eovanog intelektualca na najbolji na\u010din\u201c: \u201cI zato su mi ovakvi ujedi muva naprosto smije\u0161ni. Ali, kako se radi o organizovanoj grupi partijskih fanatika, \u017eelim da javno pozovem rukovodstvo Force da se ogradi od ovakvih sramnih postupaka! To je u njihovom najdubljem interesu\u201d.<\/p>\n<p>Lider Force Nazif Cungu kazao je sino\u0107 \u201cVijestima\u201d da nije upoznat sa prijete\u0107im i uvrijedljivim porukama Canki.<\/p>\n<p>\u201cKo je kome prijetio? Zaista nijesam u toku\u201d, rekao je Cungu.<\/p>\n<p><a href=\"http:\/\/www.vijesti.me\/vijesti\/canka-napadaju-me-militanti-force-clanak-169620\" target=\"_blank\"><strong>Samir Adrovi\u0107<\/strong><\/a><br \/>\n<a href=\"http:\/\/www.vijesti.me\/vijesti\/canka-napadaju-me-militanti-force-clanak-169620\" target=\"_blank\"><strong>Vijesti Online<\/strong><\/a><\/p>\n","protected":false},"excerpt":{"rendered":"<p>Uvijek sam svoj posao radio javno, pod punim imenom i prezimenom, rekao je Canka Poznati ulcinjski i crnogorski novinar Mustafa Canka prije dvije no\u0107i primio je na svom Fejsbuk profilu nekoliko prijete\u0107ih i uvrijedljivih poruka o kojima razmi\u0161lja da i zvani\u010dno obavijesti policiju. \u201cMustafa Canka, kakav si ne\u010dovjek, plati\u0107e\u0161 za sve \u0161to \u010dini\u0161, g&#8230;. jedno. [&hellip;]<\/p>\n","protected":false},"author":1,"featured_media":0,"comment_status":"closed","ping_status":"closed","sticky":false,"template":"","format":"standard","meta":{"spay_email":"","jetpack_publicize_message":"","jetpack_is_tweetstorm":false,"jetpack_publicize_feature_enabled":true},"categories":[8337],"tags":[],"jetpack_publicize_connections":[],"yoast_head":"<!-- This site is optimized with the Yoast SEO plugin v19.1 - https:\/\/yoast.com\/wordpress\/plugins\/seo\/ -->\n<title>Mustafa Canka: Napadaju me militanti iz Force - Lajme nga Ulqini<\/title>\n<meta name=\"description\" content=\"Uvijek sam svoj posao radio javno, pod punim imenom i prezimenom, rekao je Canka Poznati ulcinjski i crnogorski novinar Mustafa Canka prije dvije no\u0107i\" \/>\n<meta name=\"robots\" content=\"index, follow, max-snippet:-1, max-image-preview:large, max-video-preview:-1\" \/>\n<link rel=\"canonical\" href=\"https:\/\/www.visit-ulcinj.com\/blog\/2014\/01\/03\/mustafa-canka-napadaju-militanti-iz-force\/\" \/>\n<meta property=\"og:locale\" content=\"en_US\" \/>\n<meta property=\"og:type\" content=\"article\" \/>\n<meta property=\"og:title\" content=\"Mustafa Canka: Napadaju me militanti iz Force - Lajme nga Ulqini\" \/>\n<meta property=\"og:description\" content=\"Uvijek sam svoj posao radio javno, pod punim imenom i prezimenom, rekao je Canka Poznati ulcinjski i crnogorski novinar Mustafa Canka prije dvije no\u0107i\" \/>\n<meta property=\"og:url\" content=\"https:\/\/www.visit-ulcinj.com\/blog\/2014\/01\/03\/mustafa-canka-napadaju-militanti-iz-force\/\" \/>\n<meta property=\"og:site_name\" content=\"Lajme nga Ulqini\" \/>\n<meta property=\"article:published_time\" content=\"2014-01-03T15:33:08+00:00\" \/>\n<meta property=\"article:modified_time\" content=\"2014-01-03T15:34:09+00:00\" \/>\n<meta property=\"og:image\" content=\"http:\/\/www.visit-ulcinj.com\/blog\/wp-content\/uploads\/2014\/01\/Mustafa-Canka-Ulcinj.jpg\" \/>\n<meta name=\"twitter:label1\" content=\"Written by\" \/>\n\t<meta name=\"twitter:data1\" content=\"ulqini\" \/>\n\t<meta name=\"twitter:label2\" content=\"Est. reading time\" \/>\n\t<meta name=\"twitter:data2\" content=\"2 minutes\" \/>\n<script type=\"application\/ld+json\" class=\"yoast-schema-graph\">{\"@context\":\"https:\/\/schema.org\",\"@graph\":[{\"@type\":\"WebSite\",\"@id\":\"https:\/\/www.visit-ulcinj.com\/blog\/#website\",\"url\":\"https:\/\/www.visit-ulcinj.com\/blog\/\",\"name\":\"Lajme nga Ulqini\",\"description\":\"Lajme,Vijesti,Ulqini,Ulqin,Crna Gora,Mali i Zi\",\"potentialAction\":[{\"@type\":\"SearchAction\",\"target\":{\"@type\":\"EntryPoint\",\"urlTemplate\":\"https:\/\/www.visit-ulcinj.com\/blog\/?s={search_term_string}\"},\"query-input\":\"required name=search_term_string\"}],\"inLanguage\":\"en-US\"},{\"@type\":\"ImageObject\",\"inLanguage\":\"en-US\",\"@id\":\"https:\/\/www.visit-ulcinj.com\/blog\/2014\/01\/03\/mustafa-canka-napadaju-militanti-iz-force\/#primaryimage\",\"url\":\"https:\/\/www.visit-ulcinj.com\/blog\/wp-content\/uploads\/2014\/01\/Mustafa-Canka-Ulcinj.jpg\",\"contentUrl\":\"https:\/\/www.visit-ulcinj.com\/blog\/wp-content\/uploads\/2014\/01\/Mustafa-Canka-Ulcinj.jpg\",\"width\":612,\"height\":456},{\"@type\":\"WebPage\",\"@id\":\"https:\/\/www.visit-ulcinj.com\/blog\/2014\/01\/03\/mustafa-canka-napadaju-militanti-iz-force\/#webpage\",\"url\":\"https:\/\/www.visit-ulcinj.com\/blog\/2014\/01\/03\/mustafa-canka-napadaju-militanti-iz-force\/\",\"name\":\"Mustafa Canka: Napadaju me militanti iz Force - Lajme nga Ulqini\",\"isPartOf\":{\"@id\":\"https:\/\/www.visit-ulcinj.com\/blog\/#website\"},\"primaryImageOfPage\":{\"@id\":\"https:\/\/www.visit-ulcinj.com\/blog\/2014\/01\/03\/mustafa-canka-napadaju-militanti-iz-force\/#primaryimage\"},\"datePublished\":\"2014-01-03T15:33:08+00:00\",\"dateModified\":\"2014-01-03T15:34:09+00:00\",\"author\":{\"@id\":\"https:\/\/www.visit-ulcinj.com\/blog\/#\/schema\/person\/dcab619c614d3038751c63bc2aadc06d\"},\"description\":\"Uvijek sam svoj posao radio javno, pod punim imenom i prezimenom, rekao je Canka Poznati ulcinjski i crnogorski novinar Mustafa Canka prije dvije no\u0107i\",\"breadcrumb\":{\"@id\":\"https:\/\/www.visit-ulcinj.com\/blog\/2014\/01\/03\/mustafa-canka-napadaju-militanti-iz-force\/#breadcrumb\"},\"inLanguage\":\"en-US\",\"potentialAction\":[{\"@type\":\"ReadAction\",\"target\":[\"https:\/\/www.visit-ulcinj.com\/blog\/2014\/01\/03\/mustafa-canka-napadaju-militanti-iz-force\/\"]}]},{\"@type\":\"BreadcrumbList\",\"@id\":\"https:\/\/www.visit-ulcinj.com\/blog\/2014\/01\/03\/mustafa-canka-napadaju-militanti-iz-force\/#breadcrumb\",\"itemListElement\":[{\"@type\":\"ListItem\",\"position\":1,\"name\":\"Mustafa Canka: Napadaju me militanti iz Force\"}]},{\"@type\":\"Person\",\"@id\":\"https:\/\/www.visit-ulcinj.com\/blog\/#\/schema\/person\/dcab619c614d3038751c63bc2aadc06d\",\"name\":\"ulqini\",\"sameAs\":[\"http:\/\/www.visit-ulcinj.com\"],\"url\":\"https:\/\/www.visit-ulcinj.com\/blog\/author\/admin\/\"}]}<\/script>\n<!-- \/ Yoast SEO plugin. -->","yoast_head_json":{"title":"Mustafa Canka: Napadaju me militanti iz Force - Lajme nga Ulqini","description":"Uvijek sam svoj posao radio javno, pod punim imenom i prezimenom, rekao je Canka Poznati ulcinjski i crnogorski novinar Mustafa Canka prije dvije no\u0107i","robots":{"index":"index","follow":"follow","max-snippet":"max-snippet:-1","max-image-preview":"max-image-preview:large","max-video-preview":"max-video-preview:-1"},"canonical":"https:\/\/www.visit-ulcinj.com\/blog\/2014\/01\/03\/mustafa-canka-napadaju-militanti-iz-force\/","og_locale":"en_US","og_type":"article","og_title":"Mustafa Canka: Napadaju me militanti iz Force - Lajme nga Ulqini","og_description":"Uvijek sam svoj posao radio javno, pod punim imenom i prezimenom, rekao je Canka Poznati ulcinjski i crnogorski novinar Mustafa Canka prije dvije no\u0107i","og_url":"https:\/\/www.visit-ulcinj.com\/blog\/2014\/01\/03\/mustafa-canka-napadaju-militanti-iz-force\/","og_site_name":"Lajme nga Ulqini","article_published_time":"2014-01-03T15:33:08+00:00","article_modified_time":"2014-01-03T15:34:09+00:00","og_image":[{"url":"http:\/\/www.visit-ulcinj.com\/blog\/wp-content\/uploads\/2014\/01\/Mustafa-Canka-Ulcinj.jpg"}],"twitter_misc":{"Written by":"ulqini","Est. reading time":"2 minutes"},"schema":{"@context":"https:\/\/schema.org","@graph":[{"@type":"WebSite","@id":"https:\/\/www.visit-ulcinj.com\/blog\/#website","url":"https:\/\/www.visit-ulcinj.com\/blog\/","name":"Lajme nga Ulqini","description":"Lajme,Vijesti,Ulqini,Ulqin,Crna Gora,Mali i Zi","potentialAction":[{"@type":"SearchAction","target":{"@type":"EntryPoint","urlTemplate":"https:\/\/www.visit-ulcinj.com\/blog\/?s={search_term_string}"},"query-input":"required name=search_term_string"}],"inLanguage":"en-US"},{"@type":"ImageObject","inLanguage":"en-US","@id":"https:\/\/www.visit-ulcinj.com\/blog\/2014\/01\/03\/mustafa-canka-napadaju-militanti-iz-force\/#primaryimage","url":"https:\/\/www.visit-ulcinj.com\/blog\/wp-content\/uploads\/2014\/01\/Mustafa-Canka-Ulcinj.jpg","contentUrl":"https:\/\/www.visit-ulcinj.com\/blog\/wp-content\/uploads\/2014\/01\/Mustafa-Canka-Ulcinj.jpg","width":612,"height":456},{"@type":"WebPage","@id":"https:\/\/www.visit-ulcinj.com\/blog\/2014\/01\/03\/mustafa-canka-napadaju-militanti-iz-force\/#webpage","url":"https:\/\/www.visit-ulcinj.com\/blog\/2014\/01\/03\/mustafa-canka-napadaju-militanti-iz-force\/","name":"Mustafa Canka: Napadaju me militanti iz Force - Lajme nga Ulqini","isPartOf":{"@id":"https:\/\/www.visit-ulcinj.com\/blog\/#website"},"primaryImageOfPage":{"@id":"https:\/\/www.visit-ulcinj.com\/blog\/2014\/01\/03\/mustafa-canka-napadaju-militanti-iz-force\/#primaryimage"},"datePublished":"2014-01-03T15:33:08+00:00","dateModified":"2014-01-03T15:34:09+00:00","author":{"@id":"https:\/\/www.visit-ulcinj.com\/blog\/#\/schema\/person\/dcab619c614d3038751c63bc2aadc06d"},"description":"Uvijek sam svoj posao radio javno, pod punim imenom i prezimenom, rekao je Canka Poznati ulcinjski i crnogorski novinar Mustafa Canka prije dvije no\u0107i","breadcrumb":{"@id":"https:\/\/www.visit-ulcinj.com\/blog\/2014\/01\/03\/mustafa-canka-napadaju-militanti-iz-force\/#breadcrumb"},"inLanguage":"en-US","potentialAction":[{"@type":"ReadAction","target":["https:\/\/www.visit-ulcinj.com\/blog\/2014\/01\/03\/mustafa-canka-napadaju-militanti-iz-force\/"]}]},{"@type":"BreadcrumbList","@id":"https:\/\/www.visit-ulcinj.com\/blog\/2014\/01\/03\/mustafa-canka-napadaju-militanti-iz-force\/#breadcrumb","itemListElement":[{"@type":"ListItem","position":1,"name":"Mustafa Canka: Napadaju me militanti iz Force"}]},{"@type":"Person","@id":"https:\/\/www.visit-ulcinj.com\/blog\/#\/schema\/person\/dcab619c614d3038751c63bc2aadc06d","name":"ulqini","sameAs":["http:\/\/www.visit-ulcinj.com"],"url":"https:\/\/www.visit-ulcinj.com\/blog\/author\/admin\/"}]}},"jetpack_featured_media_url":"","jetpack_sharing_enabled":true,"jetpack_shortlink":"https:\/\/wp.me\/pe6lTn-kg5","_links":{"self":[{"href":"https:\/\/www.visit-ulcinj.com\/blog\/wp-json\/wp\/v2\/posts\/77877"}],"collection":[{"href":"https:\/\/www.visit-ulcinj.com\/blog\/wp-json\/wp\/v2\/posts"}],"about":[{"href":"https:\/\/www.visit-ulcinj.com\/blog\/wp-json\/wp\/v2\/types\/post"}],"author":[{"embeddable":true,"href":"https:\/\/www.visit-ulcinj.com\/blog\/wp-json\/wp\/v2\/users\/1"}],"replies":[{"embeddable":true,"href":"https:\/\/www.visit-ulcinj.com\/blog\/wp-json\/wp\/v2\/comments?post=77877"}],"version-history":[{"count":2,"href":"https:\/\/www.visit-ulcinj.com\/blog\/wp-json\/wp\/v2\/posts\/77877\/revisions"}],"predecessor-version":[{"id":77880,"href":"https:\/\/www.visit-ulcinj.com\/blog\/wp-json\/wp\/v2\/posts\/77877\/revisions\/77880"}],"wp:attachment":[{"href":"https:\/\/www.visit-ulcinj.com\/blog\/wp-json\/wp\/v2\/media?parent=77877"}],"wp:term":[{"taxonomy":"category","embeddable":true,"href":"https:\/\/www.visit-ulcinj.com\/blog\/wp-json\/wp\/v2\/categories?post=77877"},{"taxonomy":"post_tag","embeddable":true,"href":"https:\/\/www.visit-ulcinj.com\/blog\/wp-json\/wp\/v2\/tags?post=77877"}],"curies":[{"name":"wp","href":"https:\/\/api.w.org\/{rel}","templated":true}]}}