{"id":77881,"date":"2014-01-03T16:37:50","date_gmt":"2014-01-03T15:37:50","guid":{"rendered":"http:\/\/www.visit-ulcinj.com\/blog\/?p=77881"},"modified":"2014-01-03T16:37:50","modified_gmt":"2014-01-03T15:37:50","slug":"kampanja-za-ulcinjski-parlament-moze-da-pocne","status":"publish","type":"post","link":"https:\/\/www.visit-ulcinj.com\/blog\/2014\/01\/03\/kampanja-za-ulcinjski-parlament-moze-da-pocne\/","title":{"rendered":"Kampanja za ulcinjski parlament mo\u017ee da po\u010dne"},"content":{"rendered":"<p><em>Prijavljeno je devet lista od \u010dega je jedna koaliciona. Liste su predate blagovremeno i ispunjavaju sve uslove za u\u010de\u0161\u0107e na izborima zakazanim za 26. januar. Podnosioci lista su obavije\u0161teni da mogu da predlo\u017ee kandidate za izbornu komisiju. Uskoro \u0107e se birati redoslijed izbornih lista na glasa\u010dkom listi\u0107u \u2013 rekao je Jakup Murati, predsjednik OIK<\/em><\/p>\n<p><em><strong>Pi\u0161e:\u00a0<\/strong><strong>Ana \u017divanovi\u0107<\/strong><\/em><\/p>\n<p><strong><a href=\"http:\/\/www.visit-ulcinj.com\/blog\/wp-content\/uploads\/2014\/01\/Per-te-cilen-parti-do-votoni-ne-Ulqin.jpg\"><img loading=\"lazy\" class=\"alignleft  wp-image-77856\" alt=\"Per te cilen parti do votoni ne Ulqin\" src=\"http:\/\/www.visit-ulcinj.com\/blog\/wp-content\/uploads\/2014\/01\/Per-te-cilen-parti-do-votoni-ne-Ulqin.jpg\" width=\"508\" height=\"330\" \/><\/a>ULCINJ \u2013<\/strong><strong> <\/strong><strong>Op\u0161tinskoj izbornoj komisiji u Ulcinju predato je devet lista sa kandidatima za 33 odbornika u ulcinjskom parlamentu, saop\u0161tio je Pobjedi Jakup Murati, predsjednik OIK. On je naglasio da je OIK sve liste potvrdila. <\/strong><\/p>\n<p>&#8211; Prijavljeno je 9 lista od \u010dega jedna je koaliciona. Liste su blagovremeno predate i ispunjavaju sve uslove za u\u010de\u0161\u0107e na izborima zakazanim za 26. januar. Podnosioci lista su obavije\u0161teni da mogu da predlo\u017ee kandidate za izbornu komisiju. Uskoro \u0107e se birati redoslijed izbornih lista na glasa\u010dkom listi\u0107u \u2013 rekao je Murati.<\/p>\n<p><strong>U\u010desnici izborne trke<\/strong><\/p>\n<p>Izbornu listu prva je predala Socijalisti\u010dka narodna partija. Nosilac liste \u010diji je naziv \u201eZa bolji Ulcinj \u2013 i rije\u010d i djelo\u201c je predsjednik Op\u0161tinskog odbora te stranke Andrija \u0106etkovi\u0107.<\/p>\n<p>Na \u010delu liste Pozitivne Crne Gore je mr Dritan Abazovi\u0107, a Socijaldemokratsku partiju predvodi\u0107e Selim Resulbegovi\u0107. Listu Demokratske unije Albanaca \u201eNa\u0161a rije\u010d \u2013 na\u0161a obaveza\u201c vodi Mehmed Zenka. Prvi ne listi Demokratskog fronta \u201eZa Ulcinj svih nas\u201c je prim. drMilanRolovi\u0107.<\/p>\n<p>Na \u010delu liste Demokratske partije socijalista \u201eNaprijed \u2013 da pobijedi Ulcinj \u2013 Milo \u0110ukanovi\u0107\u201c je Ljoro Nreki\u0107, a na listi Nove demokratske snage \u2013 Forca prvi je Nazif Cungu.<\/p>\n<p>Nosilac liste Bo\u0161nja\u010dke stranke je Muamer Ra\u0161\u010di\u0107. Na \u010delu liste koalicije \u00a0\u201eZajedno za budu\u0107nost Ulcinja\u201c, koju \u010dine Demokratska partija, Gra\u0111anski pokret \u201ePerspektiva\u201c i Demokratski savez u Crnoj Gori je Fatmir \u0110eka.<\/p>\n<p><strong>Kako je do\u0161lo do izbora<\/strong><\/p>\n<p>Podsje\u0107amo, do raspisivanja izbora u Ulcinju je do\u0161lo jer su ulcinjski odbornici sebi skratili mandate zbog toga \u0161to lokalni parlament du\u017ee vremena nije funkcionisao. Na vanrednoj sjednici Skup\u0161tine op\u0161tine Ulcinj u novembru jednoglasno je usvojena odluka o skra\u0107enju mandata odbornicima lokalnog parlamenta, za \u0161ta je inicijativu podnio Op\u0161tinski odbor DPS-a, a koju je podr\u017eao \u00a021 odbornik.<\/p>\n<p>Raspored mandata odbornicina nakon posljednjih\u00a0 izbora u Ulcinju, odr\u017eanih u oktobru 2010. godine, bio je sledje\u0107i: Forca 11 odborni\u010dkih mjesta, DUA-PDP 10, DPS 7, koalicija \u201eBolji Ulcinj \u2013 bolja Crna Gora\u201c 2, SDP 2 i \u201ePerspektiva\u201c 1. Za formiranje parlamentarne ve\u0107ine bilo je potrebno 17 odborni\u010dkih mjesta.<\/p>\n<p>Prvu vlast nakon oktobarskih izbora \u010dinile su partije DPS i koalicija DUA-PDP, a izdvajanjem Demokratske partije Fatmira \u0110eke iz partije Demokratske unije Albanaca, i DPS i DUA su postale opozicione stranke nakon prekompozicije vlasti koja se dogodila u avgustu 2011. Od tada su vlast u Ulcinju vr\u0161ile partije Forca, SDP, Perspektiva i\u00a0 Demokratska partija.<\/p>\n<p>Kriza u vladaju\u0107oj koaliciji javnosti je postala o\u010digledna od zasijedenja Skup\u0161tine u julu. Nakon te\u0161kih optu\u017ebi izme\u0111u \u010delnika Force Nazifa Cungua i \u010delnika ulcinjskog SDP-a Selima Resulbegovi\u0107a je postalo jasno da je do\u0161lo do raskola u vladaju\u0107oj koaliciji. Od julske sjednice, lokalni parlament nije zasijedao preko 100 dana.<\/p>\n<h2><strong>Izborne liste<\/strong><\/h2>\n<h4><strong>Demokratska partija socijalista <\/strong><strong>\u201eNaprijed \u2013 da pobijedi Ulcinj \u2013 Milo \u0110ukanovi\u0107\u201c<\/strong><strong><\/strong><\/h4>\n<p>Ljoro Nreki\u0107, Deniza Hod\u017ei\u0107, Red\u017eep Taganovi\u0107, Borislav Ba\u0161ovi\u0107, Ljui\u0111 \u0160krelja, Arjan Ljamovi\u0107, Alim Jahaj, Anton Kastrati, Sulejman Tivari, Bojan \u0110akonovi\u0107, Pranvera Sulji\u0107, Artan Osmanovi\u0107, Ned\u017ead Kolari, Rajko Hajdukovi\u0107, Majlinda Duraku, D\u017eivat Zuberovi\u0107, Vaso Radovi\u0107, Majlinda Kurt, dr Pavle Marnikovi\u0107, Muharem Be\u0107ovi\u0107, Enisa Martinovi\u0107, \u0110uro Dabovi\u0107, Ruly Filipovi\u0107, Gani Rexha, Liljana \u010covi\u0107, Samanta Gjekaj, Tomo Nikprelevi\u0107, Aleksandra \u010ca\u0111enovi\u0107, Minire Karastanovi\u0107, Vjeko Rudovi\u0107, Sadik \u010cotaj, Zoran Vu\u010deti\u0107, Mirsad Le\u0161evi\u0107.<\/p>\n<h4>SNP Ulcinj: Odborni\u010dka lista \u201eZa bolji Ulcinj \u2013 i rije\u010d i djelo\u201c<\/h4>\n<p>Andrija \u0106etkovi\u0107, Sr\u0111an Stojanovi\u0107, Biljana Kova\u010devi\u0107, Boro Kne\u017eevi\u0107, Milo Keki\u0107, Zora \u010capunovi\u0107, Vido \u0110akonovi\u0107, Stjepan Kalu\u0111erovi\u0107, Dragana Mirovi\u0107, Radislav \u0106etkovi\u0107, Irfan Mehmedovi\u0107, Vera Mar\u0111onovi\u0107, Ivo Bevenja, Zefa Niki\u0107, Brana Abramovi\u0107, Milovan Vujo\u0161evi\u0107, Aleksandar Far, Vojislav Bubanja, Mijodrag Nikoti\u0107, Ljiljana Ja\u0161ovi\u0107, Bojan Lazarevi\u0107, Danilo Peri\u0107, Branka Rudovi\u0107, Jozo Nilovi\u0107, Nikola Popovi\u0107, Petar Bo\u017eovi\u0107, Cvijeta \u017duri\u0107, Dragan \u010coguri\u0107, \u0110uro Bevenja. Boban Trivi\u0107, Bo\u0161ko Radulovi\u0107, Lidija Matunovi\u0107, Olga Mili\u0107evi\u0107.<\/p>\n<h4><strong>Socijaldemokratska partija<\/strong><\/h4>\n<p>Selim Resulbegovi\u0107, Skender Elezagi\u0107, Ardian Kasneci, Naser Resulbegovi\u0107, Vuksan Vuksanovi\u0107, \u0106azim Hod\u017ei\u0107, Arsim Cucoviq, Elvir Niko\u010devi\u0107, Merita Suba\u0161i\u0107-\u0160abanovi\u0107, \u0160efika Be\u0107iragi\u0107, Flamur Taipi, Almir Kolari, Sla\u0111ana Kne\u017eevi\u0107, Na\u0111a \u0110akonovi\u0107, Halilj Teli\u0107, Izet Kasnecoviq, Mud\u017eeima Bambur, Arb\u00ebr Haxhibrahimi, Minir Karamanaga, Muhamed Nikeziq, Nedim Hod\u017ei\u0107, Dragan Briskovi\u0107, Adilla Kurtoviq, Elvedin Zaganjor, \u0106emal Aljo\u0161evi\u0107, Indira Ad\u017eemovi\u0107-Durumba\u0161i\u0107, Dijana \u010cau\u0161i\u0107, Adem Hidri\u0107, Azra Muji\u0107, Haris Hasanagi\u0107, Indira Ibri\u0107, Fejzi Hod\u017ea, Sabri-Abo Zejnelaga.<\/p>\n<h4><strong>Demokratski front <\/strong><strong>\u201eZa Ulcinj svih nas\u201c<\/strong><\/h4>\n<p>Prim. dr Milan Rolovi\u0107, Milo\u0161 Androvi\u0107, \u00a0Marjan Bevenja, An\u0111ela \u0110ura\u0161kovi\u0107, Milo\u0161 Kopitovi\u0107, dr Nevenka Aleksi\u0107, Neboj\u0161a \u010capunovi\u0107, \u0110uro \u0110akonovi\u0107, Ivana Ziramov, Marko \u0110uri\u0161i\u0107, Mladen Lazovi\u0107, Vjera Aleksi\u0107, Miodrag Kuzman, \u017deljko Rolovi\u0107,\u00a0Ranko Brajovi\u0107, \u00a0Svetlana Kopitovi\u0107, Sanela Beserminji, Vukmir Bandovi\u0107, Milinko Stelji\u0107, Irena Giljen,\u00a0Branislav Ziramov, \u010cedomirka Kova\u010devi\u0107, Milorad Bato Stojanovi\u0107, \u00a0Tatjana \u010capunovi\u0107, Aleksandar Brajovi\u0107, \u00a0Rajka Magdelini\u0107, Sne\u017eana \u0110uki\u0107, Ivana Rolovi\u0107,\u00a0Radmila Bandovi\u0107, Zoran \u0110ura\u0161kovi\u0107.<\/p>\n<h4><strong>Pozitivna Crna Gora <\/strong><strong>\u201eSrcem za Ulcinj<\/strong><strong>\u201c<\/strong><\/h4>\n<p>Mr Dritan Abazovi\u0107, Safet Beci, Omer Bajraktari, Zdenko \u017divkovi\u0107, Arijana Kurmemovi\u0107, Ilir Harasani, D\u017eenan Mavri\u0107, Simo Dedi\u0107, Afrim Gjoni, \u00a0Aleksandar Latkovi\u0107, \u00a0Amela Kurmemovi\u0107, \u00a0Allmir Kollari, \u00a0Fuad Lame\u017eevi\u0107, \u00a0Taulant Kraja, \u00a0Aleksandar Per\u010dobi\u0107, \u00a0Arijeta Barlovi\u0107, \u00a0Nikola Batri\u0107evi\u0107, \u00a0\u0110er\u0111 Mar\u0111onovi\u0107, \u00a0Merita Kahari, Arben Dervishaga, \u00a0Diljaver Ku\u0107evi\u0107, \u00a0Marija Deli\u0107, \u00a0Nemanja Dragovi\u0107, \u00a0Shpend Gorana, \u00a0An\u0111ela Po\u010dek, \u00a0Dimtrije Kne\u017eevi\u0107, \u00a0An\u0111a Per\u010dobi\u0107, \u00a0Marina Dedi\u0107, \u00a0Bukurie Kollari, \u00a0Samir Vukovi\u0107, \u00a0Hristina Spasi\u0107-Dragovi\u0107, \u00a0Enis Bushatliq, \u00a0Mira\u0161 \u0110elo\u0161evi\u0107.<\/p>\n<h4><strong>Demokratska unija Albanaca \u201eNa\u0161a rije\u010d-na\u0161a obaveza\u201c<\/strong><\/h4>\n<p>Mehmed Zenka, Hadixha Gjoni, Dritan Alaj, Jasmina Hasa, Gazmond Kalezi\u0107, \u00a0Samir Tafili, Ardian Zati, Lulijeta Sefa, Selim Karamanaga, Skender Kaleziqi, Avdyl Alibegu, Liridon Sefa, Halil Truma, Lavdim \u00c7aushi, Premtim Nimani, Valon Dasharami, G\u00ebzim Mavriq, Selim Tula, Senad Duraku, Nuro Shata, Florinda Karamanaga, D\u017eeneta Vu\u010di\u0107, \u00a0Gjulija Hasanagiq, Arben Abazovi\u0107, Haxhija Kraja, Arijeta Zatoviq, Xhabir Gjen\u00e7iq, Valjbone Malokraja, \u00a0Nermin Gu\u010di, Besarta Sadriu, Liridon Ali\u0107, Arber Zyberi, \u00a0Edona Bakalovi\u0107.<strong><\/strong><\/p>\n<h4><strong>Nove demokratske snage \u2013 Forca<\/strong><\/h4>\n<p>Nazif Cungu, Ardijan Mavriq, Sabri Salaj, Mustafa Gorana, Xhaudet Cakuli, Genci Nimanbegu, Gani Demiri, Fuad Haxhibeti, Gjoka Gjonoviq, Arian Murati, Xhevdet Seferi, Bekim \u00c7obi, Asllan Llunji, Vjollca Lika \u00c7obaj, Kujtim Nimanbegu, Iliriana Resulbegu, Senad Kollari, Valdet Axhemi, Af\u00ebrdita Pelingu, Sabri Koleni, Sait Katana, Astrit Lajka, Arta Hoxha, Stane Lukiq, Hadile Resulbegu, Barbana Draga, Samir Peroviq, Fuad Lamoja, Ridvana Suliq, Fatbardhe Pulti, \u00a0Mehmed Milla, Avdulla Dervishi, Vildana Llazorja.<\/p>\n<p><em><strong>Izborne liste Bo\u0161nja\u010dke stranke i koalicije \u201eZajedno za budu\u0107nost Ulcinja\u201c \u0107e biti naknadno objavljene.<\/strong><\/em><\/p>\n<p><strong>Izvor: POBJEDA<\/strong><\/p>\n","protected":false},"excerpt":{"rendered":"<p>Prijavljeno je devet lista od \u010dega je jedna koaliciona. Liste su predate blagovremeno i ispunjavaju sve uslove za u\u010de\u0161\u0107e na izborima zakazanim za 26. januar. Podnosioci lista su obavije\u0161teni da mogu da predlo\u017ee kandidate za izbornu komisiju. Uskoro \u0107e se birati redoslijed izbornih lista na glasa\u010dkom listi\u0107u \u2013 rekao je Jakup Murati, predsjednik OIK Pi\u0161e:\u00a0Ana [&hellip;]<\/p>\n","protected":false},"author":1,"featured_media":0,"comment_status":"closed","ping_status":"closed","sticky":false,"template":"","format":"standard","meta":{"spay_email":"","jetpack_publicize_message":"","jetpack_is_tweetstorm":false,"jetpack_publicize_feature_enabled":true},"categories":[6950],"tags":[],"jetpack_publicize_connections":[],"yoast_head":"<!-- This site is optimized with the Yoast SEO plugin v19.1 - https:\/\/yoast.com\/wordpress\/plugins\/seo\/ -->\n<title>Kampanja za ulcinjski parlament mo\u017ee da po\u010dne - Lajme nga Ulqini<\/title>\n<meta name=\"description\" content=\"Prijavljeno je devet lista od \u010dega je jedna koaliciona. Liste su predate blagovremeno i ispunjavaju sve uslove za u\u010de\u0161\u0107e na izborima zakazanim za 26.\" \/>\n<meta name=\"robots\" content=\"index, follow, max-snippet:-1, max-image-preview:large, max-video-preview:-1\" \/>\n<link rel=\"canonical\" href=\"https:\/\/www.visit-ulcinj.com\/blog\/2014\/01\/03\/kampanja-za-ulcinjski-parlament-moze-da-pocne\/\" \/>\n<meta property=\"og:locale\" content=\"en_US\" \/>\n<meta property=\"og:type\" content=\"article\" \/>\n<meta property=\"og:title\" content=\"Kampanja za ulcinjski parlament mo\u017ee da po\u010dne - Lajme nga Ulqini\" \/>\n<meta property=\"og:description\" content=\"Prijavljeno je devet lista od \u010dega je jedna koaliciona. Liste su predate blagovremeno i ispunjavaju sve uslove za u\u010de\u0161\u0107e na izborima zakazanim za 26.\" \/>\n<meta property=\"og:url\" content=\"https:\/\/www.visit-ulcinj.com\/blog\/2014\/01\/03\/kampanja-za-ulcinjski-parlament-moze-da-pocne\/\" \/>\n<meta property=\"og:site_name\" content=\"Lajme nga Ulqini\" \/>\n<meta property=\"article:published_time\" content=\"2014-01-03T15:37:50+00:00\" \/>\n<meta property=\"og:image\" content=\"http:\/\/www.visit-ulcinj.com\/blog\/wp-content\/uploads\/2014\/01\/Per-te-cilen-parti-do-votoni-ne-Ulqin.jpg\" \/>\n<meta name=\"twitter:label1\" content=\"Written by\" \/>\n\t<meta name=\"twitter:data1\" content=\"ulqini\" \/>\n\t<meta name=\"twitter:label2\" content=\"Est. reading time\" \/>\n\t<meta name=\"twitter:data2\" content=\"6 minutes\" \/>\n<script type=\"application\/ld+json\" class=\"yoast-schema-graph\">{\"@context\":\"https:\/\/schema.org\",\"@graph\":[{\"@type\":\"WebSite\",\"@id\":\"https:\/\/www.visit-ulcinj.com\/blog\/#website\",\"url\":\"https:\/\/www.visit-ulcinj.com\/blog\/\",\"name\":\"Lajme nga Ulqini\",\"description\":\"Lajme,Vijesti,Ulqini,Ulqin,Crna Gora,Mali i Zi\",\"potentialAction\":[{\"@type\":\"SearchAction\",\"target\":{\"@type\":\"EntryPoint\",\"urlTemplate\":\"https:\/\/www.visit-ulcinj.com\/blog\/?s={search_term_string}\"},\"query-input\":\"required name=search_term_string\"}],\"inLanguage\":\"en-US\"},{\"@type\":\"ImageObject\",\"inLanguage\":\"en-US\",\"@id\":\"https:\/\/www.visit-ulcinj.com\/blog\/2014\/01\/03\/kampanja-za-ulcinjski-parlament-moze-da-pocne\/#primaryimage\",\"url\":\"https:\/\/www.visit-ulcinj.com\/blog\/wp-content\/uploads\/2014\/01\/Per-te-cilen-parti-do-votoni-ne-Ulqin.jpg\",\"contentUrl\":\"https:\/\/www.visit-ulcinj.com\/blog\/wp-content\/uploads\/2014\/01\/Per-te-cilen-parti-do-votoni-ne-Ulqin.jpg\",\"width\":400,\"height\":330},{\"@type\":\"WebPage\",\"@id\":\"https:\/\/www.visit-ulcinj.com\/blog\/2014\/01\/03\/kampanja-za-ulcinjski-parlament-moze-da-pocne\/#webpage\",\"url\":\"https:\/\/www.visit-ulcinj.com\/blog\/2014\/01\/03\/kampanja-za-ulcinjski-parlament-moze-da-pocne\/\",\"name\":\"Kampanja za ulcinjski parlament mo\u017ee da po\u010dne - Lajme nga Ulqini\",\"isPartOf\":{\"@id\":\"https:\/\/www.visit-ulcinj.com\/blog\/#website\"},\"primaryImageOfPage\":{\"@id\":\"https:\/\/www.visit-ulcinj.com\/blog\/2014\/01\/03\/kampanja-za-ulcinjski-parlament-moze-da-pocne\/#primaryimage\"},\"datePublished\":\"2014-01-03T15:37:50+00:00\",\"dateModified\":\"2014-01-03T15:37:50+00:00\",\"author\":{\"@id\":\"https:\/\/www.visit-ulcinj.com\/blog\/#\/schema\/person\/dcab619c614d3038751c63bc2aadc06d\"},\"description\":\"Prijavljeno je devet lista od \u010dega je jedna koaliciona. Liste su predate blagovremeno i ispunjavaju sve uslove za u\u010de\u0161\u0107e na izborima zakazanim za 26.\",\"breadcrumb\":{\"@id\":\"https:\/\/www.visit-ulcinj.com\/blog\/2014\/01\/03\/kampanja-za-ulcinjski-parlament-moze-da-pocne\/#breadcrumb\"},\"inLanguage\":\"en-US\",\"potentialAction\":[{\"@type\":\"ReadAction\",\"target\":[\"https:\/\/www.visit-ulcinj.com\/blog\/2014\/01\/03\/kampanja-za-ulcinjski-parlament-moze-da-pocne\/\"]}]},{\"@type\":\"BreadcrumbList\",\"@id\":\"https:\/\/www.visit-ulcinj.com\/blog\/2014\/01\/03\/kampanja-za-ulcinjski-parlament-moze-da-pocne\/#breadcrumb\",\"itemListElement\":[{\"@type\":\"ListItem\",\"position\":1,\"name\":\"Kampanja za ulcinjski parlament mo\u017ee da po\u010dne\"}]},{\"@type\":\"Person\",\"@id\":\"https:\/\/www.visit-ulcinj.com\/blog\/#\/schema\/person\/dcab619c614d3038751c63bc2aadc06d\",\"name\":\"ulqini\",\"sameAs\":[\"http:\/\/www.visit-ulcinj.com\"],\"url\":\"https:\/\/www.visit-ulcinj.com\/blog\/author\/admin\/\"}]}<\/script>\n<!-- \/ Yoast SEO plugin. -->","yoast_head_json":{"title":"Kampanja za ulcinjski parlament mo\u017ee da po\u010dne - Lajme nga Ulqini","description":"Prijavljeno je devet lista od \u010dega je jedna koaliciona. Liste su predate blagovremeno i ispunjavaju sve uslove za u\u010de\u0161\u0107e na izborima zakazanim za 26.","robots":{"index":"index","follow":"follow","max-snippet":"max-snippet:-1","max-image-preview":"max-image-preview:large","max-video-preview":"max-video-preview:-1"},"canonical":"https:\/\/www.visit-ulcinj.com\/blog\/2014\/01\/03\/kampanja-za-ulcinjski-parlament-moze-da-pocne\/","og_locale":"en_US","og_type":"article","og_title":"Kampanja za ulcinjski parlament mo\u017ee da po\u010dne - Lajme nga Ulqini","og_description":"Prijavljeno je devet lista od \u010dega je jedna koaliciona. Liste su predate blagovremeno i ispunjavaju sve uslove za u\u010de\u0161\u0107e na izborima zakazanim za 26.","og_url":"https:\/\/www.visit-ulcinj.com\/blog\/2014\/01\/03\/kampanja-za-ulcinjski-parlament-moze-da-pocne\/","og_site_name":"Lajme nga Ulqini","article_published_time":"2014-01-03T15:37:50+00:00","og_image":[{"url":"http:\/\/www.visit-ulcinj.com\/blog\/wp-content\/uploads\/2014\/01\/Per-te-cilen-parti-do-votoni-ne-Ulqin.jpg"}],"twitter_misc":{"Written by":"ulqini","Est. reading time":"6 minutes"},"schema":{"@context":"https:\/\/schema.org","@graph":[{"@type":"WebSite","@id":"https:\/\/www.visit-ulcinj.com\/blog\/#website","url":"https:\/\/www.visit-ulcinj.com\/blog\/","name":"Lajme nga Ulqini","description":"Lajme,Vijesti,Ulqini,Ulqin,Crna Gora,Mali i Zi","potentialAction":[{"@type":"SearchAction","target":{"@type":"EntryPoint","urlTemplate":"https:\/\/www.visit-ulcinj.com\/blog\/?s={search_term_string}"},"query-input":"required name=search_term_string"}],"inLanguage":"en-US"},{"@type":"ImageObject","inLanguage":"en-US","@id":"https:\/\/www.visit-ulcinj.com\/blog\/2014\/01\/03\/kampanja-za-ulcinjski-parlament-moze-da-pocne\/#primaryimage","url":"https:\/\/www.visit-ulcinj.com\/blog\/wp-content\/uploads\/2014\/01\/Per-te-cilen-parti-do-votoni-ne-Ulqin.jpg","contentUrl":"https:\/\/www.visit-ulcinj.com\/blog\/wp-content\/uploads\/2014\/01\/Per-te-cilen-parti-do-votoni-ne-Ulqin.jpg","width":400,"height":330},{"@type":"WebPage","@id":"https:\/\/www.visit-ulcinj.com\/blog\/2014\/01\/03\/kampanja-za-ulcinjski-parlament-moze-da-pocne\/#webpage","url":"https:\/\/www.visit-ulcinj.com\/blog\/2014\/01\/03\/kampanja-za-ulcinjski-parlament-moze-da-pocne\/","name":"Kampanja za ulcinjski parlament mo\u017ee da po\u010dne - Lajme nga Ulqini","isPartOf":{"@id":"https:\/\/www.visit-ulcinj.com\/blog\/#website"},"primaryImageOfPage":{"@id":"https:\/\/www.visit-ulcinj.com\/blog\/2014\/01\/03\/kampanja-za-ulcinjski-parlament-moze-da-pocne\/#primaryimage"},"datePublished":"2014-01-03T15:37:50+00:00","dateModified":"2014-01-03T15:37:50+00:00","author":{"@id":"https:\/\/www.visit-ulcinj.com\/blog\/#\/schema\/person\/dcab619c614d3038751c63bc2aadc06d"},"description":"Prijavljeno je devet lista od \u010dega je jedna koaliciona. Liste su predate blagovremeno i ispunjavaju sve uslove za u\u010de\u0161\u0107e na izborima zakazanim za 26.","breadcrumb":{"@id":"https:\/\/www.visit-ulcinj.com\/blog\/2014\/01\/03\/kampanja-za-ulcinjski-parlament-moze-da-pocne\/#breadcrumb"},"inLanguage":"en-US","potentialAction":[{"@type":"ReadAction","target":["https:\/\/www.visit-ulcinj.com\/blog\/2014\/01\/03\/kampanja-za-ulcinjski-parlament-moze-da-pocne\/"]}]},{"@type":"BreadcrumbList","@id":"https:\/\/www.visit-ulcinj.com\/blog\/2014\/01\/03\/kampanja-za-ulcinjski-parlament-moze-da-pocne\/#breadcrumb","itemListElement":[{"@type":"ListItem","position":1,"name":"Kampanja za ulcinjski parlament mo\u017ee da po\u010dne"}]},{"@type":"Person","@id":"https:\/\/www.visit-ulcinj.com\/blog\/#\/schema\/person\/dcab619c614d3038751c63bc2aadc06d","name":"ulqini","sameAs":["http:\/\/www.visit-ulcinj.com"],"url":"https:\/\/www.visit-ulcinj.com\/blog\/author\/admin\/"}]}},"jetpack_featured_media_url":"","jetpack_sharing_enabled":true,"jetpack_shortlink":"https:\/\/wp.me\/pe6lTn-kg9","_links":{"self":[{"href":"https:\/\/www.visit-ulcinj.com\/blog\/wp-json\/wp\/v2\/posts\/77881"}],"collection":[{"href":"https:\/\/www.visit-ulcinj.com\/blog\/wp-json\/wp\/v2\/posts"}],"about":[{"href":"https:\/\/www.visit-ulcinj.com\/blog\/wp-json\/wp\/v2\/types\/post"}],"author":[{"embeddable":true,"href":"https:\/\/www.visit-ulcinj.com\/blog\/wp-json\/wp\/v2\/users\/1"}],"replies":[{"embeddable":true,"href":"https:\/\/www.visit-ulcinj.com\/blog\/wp-json\/wp\/v2\/comments?post=77881"}],"version-history":[{"count":1,"href":"https:\/\/www.visit-ulcinj.com\/blog\/wp-json\/wp\/v2\/posts\/77881\/revisions"}],"predecessor-version":[{"id":77882,"href":"https:\/\/www.visit-ulcinj.com\/blog\/wp-json\/wp\/v2\/posts\/77881\/revisions\/77882"}],"wp:attachment":[{"href":"https:\/\/www.visit-ulcinj.com\/blog\/wp-json\/wp\/v2\/media?parent=77881"}],"wp:term":[{"taxonomy":"category","embeddable":true,"href":"https:\/\/www.visit-ulcinj.com\/blog\/wp-json\/wp\/v2\/categories?post=77881"},{"taxonomy":"post_tag","embeddable":true,"href":"https:\/\/www.visit-ulcinj.com\/blog\/wp-json\/wp\/v2\/tags?post=77881"}],"curies":[{"name":"wp","href":"https:\/\/api.w.org\/{rel}","templated":true}]}}